{"id":891368,"date":"2012-09-18T10:09:03","date_gmt":"2012-09-18T13:09:03","guid":{"rendered":"http:\/\/www.pm.pb.gov.br\/portal\/2012\/09\/cavalaria_apreende_terceira_arma_em_quatro_dias\/"},"modified":"2012-09-18T10:09:03","modified_gmt":"2012-09-18T13:09:03","slug":"cavalaria_apreende_terceira_arma_em_quatro_dias","status":"publish","type":"post","link":"https:\/\/www.pm.pb.gov.br\/portal\/2012\/09\/18\/cavalaria_apreende_terceira_arma_em_quatro_dias\/","title":{"rendered":"Cavalaria apreende terceira arma em quatro dias"},"content":{"rendered":"<figure style=\"width: 500px\" class=\"wp-caption alignnone\"><img decoding=\"async\" class=\"alignnone size-medium\" src=\"http:\/\/www.pm.pb.gov.br\/portal\/wp-content\/uploads\/2012\/09\/7122_8614.jpg\" title=\"Arma com seis muni\u00e7\u00f5es intactas foi apreendida em rondas realizadas no bairro do Rangel\" width=\"100%\" \/><figcaption class=\"wp-caption-text\">Arma com seis muni\u00e7\u00f5es intactas foi apreendida em rondas realizadas no bairro do Rangel<\/figcaption><\/figure>\n<div style=\"text-align: justify;\">Por volta das 21h45 desta segunda-feira (17), policiais do Regimento de Pol\u00edcia Montada da Policia Militar (RPMont) apreenderam mais uma arma de fogo, desta vez no bairro do Rangel, em Jo\u00e3o Pessoa.<\/p>\n<p>O r\u00e1dio patrulhamento do RPMont  realizava rondas no bairro quando encontraram um grupo de jovens em atitude suspeita.<br \/>\nAp\u00f3s busca pessoal, foi localizado um rev\u00f3lver calibre 32 e seis muni\u00e7\u00f5es intactas com Anderson Diego Pires de Lacerda, 24 anos. Ele foi conduzido para a 9\u00ba Delegacia distrital (DD) para ser atuado em flagrante.  A arma tamb\u00e9m foi entregue \u00e0 autoridade policial presente.<\/p>\n<p>Na \u00faltima sexta-feira (14), os policiais da Cavalariam j\u00e1 haviam apreendido dois revolveres calibre 38- sendo um no bairro do Cristo Redentor, durante um Bloqueio Policial, e outro no bairro do Rangel. Este \u00faltimo estava com quatro muni\u00e7\u00f5es intactas e duas deflagradas.<\/p>\n<p>Essas apreens\u00f5es s\u00e3o resultado da intensifica\u00e7\u00e3o das rondas e abordagens a pessoas e ve\u00edculos em toda a Para\u00edba. As a\u00e7\u00f5es seguem orienta\u00e7\u00e3o do comandante Geral da PM, coronel Euller Chaves, e tamb\u00e9m do tenente coronel Anchieta Leite \u0096 comandante da Cavalaria.<\/p>\n<p>No Sert\u00e3o<\/p>\n<p>Policiais da For\u00e7a T\u00e1tica da 5\u00aa Companhia de Policiamento Regional Metropolitano I apreenderam mais uma arma de fogo, nesta segunda-feira (17), na cidade de Imaculada (Sert\u00e3o paraibano).<\/p>\n<p>As a\u00e7\u00f5es aconteceram dentro da opera\u00e7\u00e3o Cidade Segura, que aconteceu durante toda a madrugada do domingo (16) para a segunda-feira (17).<\/p>\n<p>Foi preso o agricultor Dami\u00e3o de Oliveira Mendes, 43 anos,que estava com o rev\u00f3lver &#8216;Taurus&#8217;, calibre 38 &#8211; com seis muni\u00e7\u00f5es intactas. Ap\u00f3s o flagrante, o suspeito foi conduzido para a Delegacia local.<\/p>\n<div class=\"row\" align=\"center\"><\/div>\n<\/div>\n","protected":false},"excerpt":{"rendered":"<p>Por volta das 21h45 desta segunda-feira (17), policiais do Regimento de Pol\u00edcia Montada da Policia Militar (RPMont) apreenderam mais uma<\/p>\n","protected":false},"author":5,"featured_media":8614,"comment_status":"closed","ping_status":"closed","sticky":false,"template":"","format":"standard","meta":{"_exactmetrics_skip_tracking":false,"_exactmetrics_sitenote_active":false,"_exactmetrics_sitenote_note":"","_exactmetrics_sitenote_category":0,"footnotes":""},"categories":[4],"tags":[],"yoast_head":"<!-- This site is optimized with the Yoast SEO plugin v22.0 - https:\/\/yoast.com\/wordpress\/plugins\/seo\/ -->\n<title>Cavalaria apreende terceira arma em quatro dias - Pol\u00edcia Militar da Para\u00edba<\/title>\n<meta name=\"robots\" content=\"index, follow, max-snippet:-1, max-image-preview:large, max-video-preview:-1\" \/>\n<link rel=\"canonical\" href=\"https:\/\/www.pm.pb.gov.br\/portal\/2012\/09\/18\/cavalaria_apreende_terceira_arma_em_quatro_dias\/\" \/>\n<meta property=\"og:locale\" content=\"pt_BR\" \/>\n<meta property=\"og:type\" content=\"article\" \/>\n<meta property=\"og:title\" content=\"Cavalaria apreende terceira arma em quatro dias - Pol\u00edcia Militar da Para\u00edba\" \/>\n<meta property=\"og:description\" content=\"Por volta das 21h45 desta segunda-feira (17), policiais do Regimento de Pol\u00edcia Montada da Policia Militar (RPMont) apreenderam mais uma\" \/>\n<meta property=\"og:url\" content=\"https:\/\/www.pm.pb.gov.br\/portal\/2012\/09\/18\/cavalaria_apreende_terceira_arma_em_quatro_dias\/\" \/>\n<meta property=\"og:site_name\" content=\"Pol\u00edcia Militar da Para\u00edba\" \/>\n<meta property=\"article:published_time\" content=\"2012-09-18T13:09:03+00:00\" \/>\n<meta property=\"og:image\" content=\"https:\/\/www.pm.pb.gov.br\/portal\/wp-content\/uploads\/2012\/09\/7122_8614.jpg\" \/>\n\t<meta property=\"og:image:width\" content=\"500\" \/>\n\t<meta property=\"og:image:height\" content=\"375\" \/>\n\t<meta property=\"og:image:type\" content=\"image\/jpeg\" \/>\n<meta name=\"author\" content=\"Assessoria de Imprensa da PMPB\" \/>\n<meta name=\"twitter:card\" content=\"summary_large_image\" \/>\n<meta name=\"twitter:label1\" content=\"Escrito por\" \/>\n\t<meta name=\"twitter:data1\" content=\"Assessoria de Imprensa da PMPB\" \/>\n\t<meta name=\"twitter:label2\" content=\"Est. tempo de leitura\" \/>\n\t<meta name=\"twitter:data2\" content=\"1 minuto\" \/>\n<script type=\"application\/ld+json\" class=\"yoast-schema-graph\">{\"@context\":\"https:\/\/schema.org\",\"@graph\":[{\"@type\":\"Article\",\"@id\":\"https:\/\/www.pm.pb.gov.br\/portal\/2012\/09\/18\/cavalaria_apreende_terceira_arma_em_quatro_dias\/#article\",\"isPartOf\":{\"@id\":\"https:\/\/www.pm.pb.gov.br\/portal\/2012\/09\/18\/cavalaria_apreende_terceira_arma_em_quatro_dias\/\"},\"author\":{\"name\":\"Assessoria de Imprensa da PMPB\",\"@id\":\"https:\/\/www.pm.pb.gov.br\/portal\/#\/schema\/person\/e8454f46651c3ecf0e1ba3c1666d9947\"},\"headline\":\"Cavalaria apreende terceira arma em quatro dias\",\"datePublished\":\"2012-09-18T13:09:03+00:00\",\"dateModified\":\"2012-09-18T13:09:03+00:00\",\"mainEntityOfPage\":{\"@id\":\"https:\/\/www.pm.pb.gov.br\/portal\/2012\/09\/18\/cavalaria_apreende_terceira_arma_em_quatro_dias\/\"},\"wordCount\":302,\"publisher\":{\"@id\":\"https:\/\/www.pm.pb.gov.br\/portal\/#organization\"},\"articleSection\":[\"A\u00e7\u00f5es Policiais\"],\"inLanguage\":\"pt-BR\"},{\"@type\":\"WebPage\",\"@id\":\"https:\/\/www.pm.pb.gov.br\/portal\/2012\/09\/18\/cavalaria_apreende_terceira_arma_em_quatro_dias\/\",\"url\":\"https:\/\/www.pm.pb.gov.br\/portal\/2012\/09\/18\/cavalaria_apreende_terceira_arma_em_quatro_dias\/\",\"name\":\"Cavalaria apreende terceira arma em quatro dias - Pol\u00edcia Militar da Para\u00edba\",\"isPartOf\":{\"@id\":\"https:\/\/www.pm.pb.gov.br\/portal\/#website\"},\"datePublished\":\"2012-09-18T13:09:03+00:00\",\"dateModified\":\"2012-09-18T13:09:03+00:00\",\"breadcrumb\":{\"@id\":\"https:\/\/www.pm.pb.gov.br\/portal\/2012\/09\/18\/cavalaria_apreende_terceira_arma_em_quatro_dias\/#breadcrumb\"},\"inLanguage\":\"pt-BR\",\"potentialAction\":[{\"@type\":\"ReadAction\",\"target\":[\"https:\/\/www.pm.pb.gov.br\/portal\/2012\/09\/18\/cavalaria_apreende_terceira_arma_em_quatro_dias\/\"]}]},{\"@type\":\"BreadcrumbList\",\"@id\":\"https:\/\/www.pm.pb.gov.br\/portal\/2012\/09\/18\/cavalaria_apreende_terceira_arma_em_quatro_dias\/#breadcrumb\",\"itemListElement\":[{\"@type\":\"ListItem\",\"position\":1,\"name\":\"In\u00edcio\",\"item\":\"https:\/\/www.pm.pb.gov.br\/portal\/\"},{\"@type\":\"ListItem\",\"position\":2,\"name\":\"Cavalaria apreende terceira arma em quatro dias\"}]},{\"@type\":\"WebSite\",\"@id\":\"https:\/\/www.pm.pb.gov.br\/portal\/#website\",\"url\":\"https:\/\/www.pm.pb.gov.br\/portal\/\",\"name\":\"Pol\u00edcia Militar da Para\u00edba\",\"description\":\"\",\"publisher\":{\"@id\":\"https:\/\/www.pm.pb.gov.br\/portal\/#organization\"},\"potentialAction\":[{\"@type\":\"SearchAction\",\"target\":{\"@type\":\"EntryPoint\",\"urlTemplate\":\"https:\/\/www.pm.pb.gov.br\/portal\/?s={search_term_string}\"},\"query-input\":\"required name=search_term_string\"}],\"inLanguage\":\"pt-BR\"},{\"@type\":\"Organization\",\"@id\":\"https:\/\/www.pm.pb.gov.br\/portal\/#organization\",\"name\":\"Pol\u00edcia Militar da Para\u00edba\",\"url\":\"https:\/\/www.pm.pb.gov.br\/portal\/\",\"logo\":{\"@type\":\"ImageObject\",\"inLanguage\":\"pt-BR\",\"@id\":\"https:\/\/www.pm.pb.gov.br\/portal\/#\/schema\/logo\/image\/\",\"url\":\"https:\/\/www.pm.pb.gov.br\/portal\/wp-content\/uploads\/2025\/03\/cropped-logo-site-mag2-1.png\",\"contentUrl\":\"https:\/\/www.pm.pb.gov.br\/portal\/wp-content\/uploads\/2025\/03\/cropped-logo-site-mag2-1.png\",\"width\":320,\"height\":90,\"caption\":\"Pol\u00edcia Militar da Para\u00edba\"},\"image\":{\"@id\":\"https:\/\/www.pm.pb.gov.br\/portal\/#\/schema\/logo\/image\/\"}},{\"@type\":\"Person\",\"@id\":\"https:\/\/www.pm.pb.gov.br\/portal\/#\/schema\/person\/e8454f46651c3ecf0e1ba3c1666d9947\",\"name\":\"Assessoria de Imprensa da PMPB\",\"image\":{\"@type\":\"ImageObject\",\"inLanguage\":\"pt-BR\",\"@id\":\"https:\/\/www.pm.pb.gov.br\/portal\/#\/schema\/person\/image\/\",\"url\":\"https:\/\/secure.gravatar.com\/avatar\/2efe197438265d1e90bd98c4c8e1acf8?s=96&d=mm&r=g\",\"contentUrl\":\"https:\/\/secure.gravatar.com\/avatar\/2efe197438265d1e90bd98c4c8e1acf8?s=96&d=mm&r=g\",\"caption\":\"Assessoria de Imprensa da PMPB\"},\"url\":\"https:\/\/www.pm.pb.gov.br\/portal\/author\/assessoria\/\"}]}<\/script>\n<!-- \/ Yoast SEO plugin. -->","yoast_head_json":{"title":"Cavalaria apreende terceira arma em quatro dias - Pol\u00edcia Militar da Para\u00edba","robots":{"index":"index","follow":"follow","max-snippet":"max-snippet:-1","max-image-preview":"max-image-preview:large","max-video-preview":"max-video-preview:-1"},"canonical":"https:\/\/www.pm.pb.gov.br\/portal\/2012\/09\/18\/cavalaria_apreende_terceira_arma_em_quatro_dias\/","og_locale":"pt_BR","og_type":"article","og_title":"Cavalaria apreende terceira arma em quatro dias - Pol\u00edcia Militar da Para\u00edba","og_description":"Por volta das 21h45 desta segunda-feira (17), policiais do Regimento de Pol\u00edcia Montada da Policia Militar (RPMont) apreenderam mais uma","og_url":"https:\/\/www.pm.pb.gov.br\/portal\/2012\/09\/18\/cavalaria_apreende_terceira_arma_em_quatro_dias\/","og_site_name":"Pol\u00edcia Militar da Para\u00edba","article_published_time":"2012-09-18T13:09:03+00:00","og_image":[{"width":500,"height":375,"url":"https:\/\/www.pm.pb.gov.br\/portal\/wp-content\/uploads\/2012\/09\/7122_8614.jpg","type":"image\/jpeg"}],"author":"Assessoria de Imprensa da PMPB","twitter_card":"summary_large_image","twitter_misc":{"Escrito por":"Assessoria de Imprensa da PMPB","Est. tempo de leitura":"1 minuto"},"schema":{"@context":"https:\/\/schema.org","@graph":[{"@type":"Article","@id":"https:\/\/www.pm.pb.gov.br\/portal\/2012\/09\/18\/cavalaria_apreende_terceira_arma_em_quatro_dias\/#article","isPartOf":{"@id":"https:\/\/www.pm.pb.gov.br\/portal\/2012\/09\/18\/cavalaria_apreende_terceira_arma_em_quatro_dias\/"},"author":{"name":"Assessoria de Imprensa da PMPB","@id":"https:\/\/www.pm.pb.gov.br\/portal\/#\/schema\/person\/e8454f46651c3ecf0e1ba3c1666d9947"},"headline":"Cavalaria apreende terceira arma em quatro dias","datePublished":"2012-09-18T13:09:03+00:00","dateModified":"2012-09-18T13:09:03+00:00","mainEntityOfPage":{"@id":"https:\/\/www.pm.pb.gov.br\/portal\/2012\/09\/18\/cavalaria_apreende_terceira_arma_em_quatro_dias\/"},"wordCount":302,"publisher":{"@id":"https:\/\/www.pm.pb.gov.br\/portal\/#organization"},"articleSection":["A\u00e7\u00f5es Policiais"],"inLanguage":"pt-BR"},{"@type":"WebPage","@id":"https:\/\/www.pm.pb.gov.br\/portal\/2012\/09\/18\/cavalaria_apreende_terceira_arma_em_quatro_dias\/","url":"https:\/\/www.pm.pb.gov.br\/portal\/2012\/09\/18\/cavalaria_apreende_terceira_arma_em_quatro_dias\/","name":"Cavalaria apreende terceira arma em quatro dias - Pol\u00edcia Militar da Para\u00edba","isPartOf":{"@id":"https:\/\/www.pm.pb.gov.br\/portal\/#website"},"datePublished":"2012-09-18T13:09:03+00:00","dateModified":"2012-09-18T13:09:03+00:00","breadcrumb":{"@id":"https:\/\/www.pm.pb.gov.br\/portal\/2012\/09\/18\/cavalaria_apreende_terceira_arma_em_quatro_dias\/#breadcrumb"},"inLanguage":"pt-BR","potentialAction":[{"@type":"ReadAction","target":["https:\/\/www.pm.pb.gov.br\/portal\/2012\/09\/18\/cavalaria_apreende_terceira_arma_em_quatro_dias\/"]}]},{"@type":"BreadcrumbList","@id":"https:\/\/www.pm.pb.gov.br\/portal\/2012\/09\/18\/cavalaria_apreende_terceira_arma_em_quatro_dias\/#breadcrumb","itemListElement":[{"@type":"ListItem","position":1,"name":"In\u00edcio","item":"https:\/\/www.pm.pb.gov.br\/portal\/"},{"@type":"ListItem","position":2,"name":"Cavalaria apreende terceira arma em quatro dias"}]},{"@type":"WebSite","@id":"https:\/\/www.pm.pb.gov.br\/portal\/#website","url":"https:\/\/www.pm.pb.gov.br\/portal\/","name":"Pol\u00edcia Militar da Para\u00edba","description":"","publisher":{"@id":"https:\/\/www.pm.pb.gov.br\/portal\/#organization"},"potentialAction":[{"@type":"SearchAction","target":{"@type":"EntryPoint","urlTemplate":"https:\/\/www.pm.pb.gov.br\/portal\/?s={search_term_string}"},"query-input":"required name=search_term_string"}],"inLanguage":"pt-BR"},{"@type":"Organization","@id":"https:\/\/www.pm.pb.gov.br\/portal\/#organization","name":"Pol\u00edcia Militar da Para\u00edba","url":"https:\/\/www.pm.pb.gov.br\/portal\/","logo":{"@type":"ImageObject","inLanguage":"pt-BR","@id":"https:\/\/www.pm.pb.gov.br\/portal\/#\/schema\/logo\/image\/","url":"https:\/\/www.pm.pb.gov.br\/portal\/wp-content\/uploads\/2025\/03\/cropped-logo-site-mag2-1.png","contentUrl":"https:\/\/www.pm.pb.gov.br\/portal\/wp-content\/uploads\/2025\/03\/cropped-logo-site-mag2-1.png","width":320,"height":90,"caption":"Pol\u00edcia Militar da Para\u00edba"},"image":{"@id":"https:\/\/www.pm.pb.gov.br\/portal\/#\/schema\/logo\/image\/"}},{"@type":"Person","@id":"https:\/\/www.pm.pb.gov.br\/portal\/#\/schema\/person\/e8454f46651c3ecf0e1ba3c1666d9947","name":"Assessoria de Imprensa da PMPB","image":{"@type":"ImageObject","inLanguage":"pt-BR","@id":"https:\/\/www.pm.pb.gov.br\/portal\/#\/schema\/person\/image\/","url":"https:\/\/secure.gravatar.com\/avatar\/2efe197438265d1e90bd98c4c8e1acf8?s=96&d=mm&r=g","contentUrl":"https:\/\/secure.gravatar.com\/avatar\/2efe197438265d1e90bd98c4c8e1acf8?s=96&d=mm&r=g","caption":"Assessoria de Imprensa da PMPB"},"url":"https:\/\/www.pm.pb.gov.br\/portal\/author\/assessoria\/"}]}},"_links":{"self":[{"href":"https:\/\/www.pm.pb.gov.br\/portal\/wp-json\/wp\/v2\/posts\/891368"}],"collection":[{"href":"https:\/\/www.pm.pb.gov.br\/portal\/wp-json\/wp\/v2\/posts"}],"about":[{"href":"https:\/\/www.pm.pb.gov.br\/portal\/wp-json\/wp\/v2\/types\/post"}],"author":[{"embeddable":true,"href":"https:\/\/www.pm.pb.gov.br\/portal\/wp-json\/wp\/v2\/users\/5"}],"replies":[{"embeddable":true,"href":"https:\/\/www.pm.pb.gov.br\/portal\/wp-json\/wp\/v2\/comments?post=891368"}],"version-history":[{"count":0,"href":"https:\/\/www.pm.pb.gov.br\/portal\/wp-json\/wp\/v2\/posts\/891368\/revisions"}],"wp:featuredmedia":[{"embeddable":true,"href":"https:\/\/www.pm.pb.gov.br\/portal\/wp-json\/wp\/v2\/media\/8614"}],"wp:attachment":[{"href":"https:\/\/www.pm.pb.gov.br\/portal\/wp-json\/wp\/v2\/media?parent=891368"}],"wp:term":[{"taxonomy":"category","embeddable":true,"href":"https:\/\/www.pm.pb.gov.br\/portal\/wp-json\/wp\/v2\/categories?post=891368"},{"taxonomy":"post_tag","embeddable":true,"href":"https:\/\/www.pm.pb.gov.br\/portal\/wp-json\/wp\/v2\/tags?post=891368"}],"curies":[{"name":"wp","href":"https:\/\/api.w.org\/{rel}","templated":true}]}}