{"id":891336,"date":"2012-09-04T11:09:56","date_gmt":"2012-09-04T14:09:56","guid":{"rendered":"http:\/\/www.pm.pb.gov.br\/portal\/2012\/09\/policia_militar_prende_dois_por_trafico_de_drogas\/"},"modified":"2012-09-04T11:09:56","modified_gmt":"2012-09-04T14:09:56","slug":"policia_militar_prende_dois_por_trafico_de_drogas","status":"publish","type":"post","link":"https:\/\/www.pm.pb.gov.br\/portal\/2012\/09\/04\/policia_militar_prende_dois_por_trafico_de_drogas\/","title":{"rendered":"Pol\u00edcia Militar prende dois por tr\u00e1fico de drogas"},"content":{"rendered":"<figure style=\"width: 500px\" class=\"wp-caption alignnone\"><img decoding=\"async\" class=\"alignnone size-medium\" src=\"http:\/\/www.pm.pb.gov.br\/portal\/wp-content\/uploads\/2012\/09\/7082_8558.jpg\" title=\"Em Campina Grande, vigilante foi preso com 780 gramas de maconha\" width=\"100%\" \/><figcaption class=\"wp-caption-text\">Em Campina Grande, vigilante foi preso com 780 gramas de maconha<\/figcaption><\/figure>\n<div style=\"text-align: justify;\">O policiamento ostensivo da Pol\u00edcia Militar da Para\u00edba apreendeu, na noite desta segunda-feira (03), 60 pedras de crack que estavam em poder de tr\u00eas suspeitos \u0096 na Grande Jo\u00e3o Pessoa. A primeira a\u00e7\u00e3o ocorreu \u00e0s 19h30, no Mercado Central, no Centro da capital.<\/p>\n<p>Atrav\u00e9s de rondas feitas no local, a guarni\u00e7\u00e3o visualizou dois indiv\u00edduos em atitude suspeita, que foram de imediato abordados. Com Jair dos Santos Silva, de 18 anos, e um adolescente de 16 anos foram encontradas 60 pedras de crack e uma quantia de R$ 50.<\/p>\n<p>O primeiro suspeito foi levado para a 2\u00ba Delegacia Distrital e autuado em flagrante por tr\u00e1fico de entorpecente. O adolescente em conflito com a lei foi encaminhado para a Delegacia da Inf\u00e2ncia e Juventude para ser autuado pelo ato infracional.<\/p>\n<p>Cerca de 15 minutos depois da primeira apreens\u00e3o, guarni\u00e7\u00f5es da PM de Bayeux prenderam F\u00e1bio Carneiro da Silva, que estava no Centro da Cidade, com cinco pedras de crack. Os policiais ainda foram at\u00e9 a casa do suspeito e realizaram uma busca, resultando na apreens\u00e3o de uma balan\u00e7a de precis\u00e3o, duas pedras de crack, quatro celulares e R$ 833,60 em esp\u00e9cie. O indiv\u00edduo foi levado para a 6\u00ba Delegacia Distrital.<\/p>\n<p>Campina Grande<\/p>\n<p>Equipe da For\u00e7a T\u00e1tica do 2\u00ba Batalh\u00e3o de Pol\u00edcia Militar (2\u00baBPM), em Campina Grande, prendeu o vigilante Emerson Vicente Junino, 39 anos, na noite desta segunda-feira (03).<\/p>\n<p>Com ele foram encontrados 780 gramas de uma subst\u00e2ncia semelhante \u00e0 maconha, no bairro do Jos\u00e9 Pinheiro. Segundo as primeiras informa\u00e7\u00f5es repassadas pela popula\u00e7\u00e3o, Emerson Vicente havia recebido uma sacola possivelmente com entorpecente de um homem conhecido como \u0091Nem da Gl\u00f3ria\u0092 \u0096 suspeito de traficar na regi\u00e3o.<\/p>\n<p>As equipes que realizavam rondas no local localizaram Emerson Vicente e verificaram que a den\u00fancia era procedente. Ele ainda reagiu \u00e0 abordagem, mas foi contido pelos policiais e levado \u00e0 Central de Pol\u00edcia local. O suspeito tamb\u00e9m j\u00e1 respondeu pelos crimes de porte ilegal de armas, agress\u00e3o a mulher (pela Lei Maria da Penha), desobedi\u00eancia e resist\u00eancia \u00e0 pris\u00e3o.<\/p>\n<div class=\"row\" align=\"center\"><\/div>\n<\/div>\n","protected":false},"excerpt":{"rendered":"<p>O policiamento ostensivo da Pol\u00edcia Militar da Para\u00edba apreendeu, na noite desta segunda-feira (03), 60 pedras de crack que estavam<\/p>\n","protected":false},"author":5,"featured_media":8558,"comment_status":"closed","ping_status":"closed","sticky":false,"template":"","format":"standard","meta":{"_exactmetrics_skip_tracking":false,"_exactmetrics_sitenote_active":false,"_exactmetrics_sitenote_note":"","_exactmetrics_sitenote_category":0,"footnotes":""},"categories":[4],"tags":[],"yoast_head":"<!-- This site is optimized with the Yoast SEO plugin v22.0 - https:\/\/yoast.com\/wordpress\/plugins\/seo\/ -->\n<title>Pol\u00edcia Militar prende dois por tr\u00e1fico de drogas - Pol\u00edcia Militar da Para\u00edba<\/title>\n<meta name=\"robots\" content=\"index, follow, max-snippet:-1, max-image-preview:large, max-video-preview:-1\" \/>\n<link rel=\"canonical\" href=\"https:\/\/www.pm.pb.gov.br\/portal\/2012\/09\/04\/policia_militar_prende_dois_por_trafico_de_drogas\/\" \/>\n<meta property=\"og:locale\" content=\"pt_BR\" \/>\n<meta property=\"og:type\" content=\"article\" \/>\n<meta property=\"og:title\" content=\"Pol\u00edcia Militar prende dois por tr\u00e1fico de drogas - Pol\u00edcia Militar da Para\u00edba\" \/>\n<meta property=\"og:description\" content=\"O policiamento ostensivo da Pol\u00edcia Militar da Para\u00edba apreendeu, na noite desta segunda-feira (03), 60 pedras de crack que estavam\" \/>\n<meta property=\"og:url\" content=\"https:\/\/www.pm.pb.gov.br\/portal\/2012\/09\/04\/policia_militar_prende_dois_por_trafico_de_drogas\/\" \/>\n<meta property=\"og:site_name\" content=\"Pol\u00edcia Militar da Para\u00edba\" \/>\n<meta property=\"article:published_time\" content=\"2012-09-04T14:09:56+00:00\" \/>\n<meta property=\"og:image\" content=\"https:\/\/www.pm.pb.gov.br\/portal\/wp-content\/uploads\/2012\/09\/7082_8558.jpg\" \/>\n\t<meta property=\"og:image:width\" content=\"500\" \/>\n\t<meta property=\"og:image:height\" content=\"666\" \/>\n\t<meta property=\"og:image:type\" content=\"image\/jpeg\" \/>\n<meta name=\"author\" content=\"Assessoria de Imprensa da PMPB\" \/>\n<meta name=\"twitter:card\" content=\"summary_large_image\" \/>\n<meta name=\"twitter:label1\" content=\"Escrito por\" \/>\n\t<meta name=\"twitter:data1\" content=\"Assessoria de Imprensa da PMPB\" \/>\n\t<meta name=\"twitter:label2\" content=\"Est. tempo de leitura\" \/>\n\t<meta name=\"twitter:data2\" content=\"2 minutos\" \/>\n<script type=\"application\/ld+json\" class=\"yoast-schema-graph\">{\"@context\":\"https:\/\/schema.org\",\"@graph\":[{\"@type\":\"Article\",\"@id\":\"https:\/\/www.pm.pb.gov.br\/portal\/2012\/09\/04\/policia_militar_prende_dois_por_trafico_de_drogas\/#article\",\"isPartOf\":{\"@id\":\"https:\/\/www.pm.pb.gov.br\/portal\/2012\/09\/04\/policia_militar_prende_dois_por_trafico_de_drogas\/\"},\"author\":{\"name\":\"Assessoria de Imprensa da PMPB\",\"@id\":\"https:\/\/www.pm.pb.gov.br\/portal\/#\/schema\/person\/e8454f46651c3ecf0e1ba3c1666d9947\"},\"headline\":\"Pol\u00edcia Militar prende dois por tr\u00e1fico de drogas\",\"datePublished\":\"2012-09-04T14:09:56+00:00\",\"dateModified\":\"2012-09-04T14:09:56+00:00\",\"mainEntityOfPage\":{\"@id\":\"https:\/\/www.pm.pb.gov.br\/portal\/2012\/09\/04\/policia_militar_prende_dois_por_trafico_de_drogas\/\"},\"wordCount\":373,\"publisher\":{\"@id\":\"https:\/\/www.pm.pb.gov.br\/portal\/#organization\"},\"articleSection\":[\"A\u00e7\u00f5es Policiais\"],\"inLanguage\":\"pt-BR\"},{\"@type\":\"WebPage\",\"@id\":\"https:\/\/www.pm.pb.gov.br\/portal\/2012\/09\/04\/policia_militar_prende_dois_por_trafico_de_drogas\/\",\"url\":\"https:\/\/www.pm.pb.gov.br\/portal\/2012\/09\/04\/policia_militar_prende_dois_por_trafico_de_drogas\/\",\"name\":\"Pol\u00edcia Militar prende dois por tr\u00e1fico de drogas - Pol\u00edcia Militar da Para\u00edba\",\"isPartOf\":{\"@id\":\"https:\/\/www.pm.pb.gov.br\/portal\/#website\"},\"datePublished\":\"2012-09-04T14:09:56+00:00\",\"dateModified\":\"2012-09-04T14:09:56+00:00\",\"breadcrumb\":{\"@id\":\"https:\/\/www.pm.pb.gov.br\/portal\/2012\/09\/04\/policia_militar_prende_dois_por_trafico_de_drogas\/#breadcrumb\"},\"inLanguage\":\"pt-BR\",\"potentialAction\":[{\"@type\":\"ReadAction\",\"target\":[\"https:\/\/www.pm.pb.gov.br\/portal\/2012\/09\/04\/policia_militar_prende_dois_por_trafico_de_drogas\/\"]}]},{\"@type\":\"BreadcrumbList\",\"@id\":\"https:\/\/www.pm.pb.gov.br\/portal\/2012\/09\/04\/policia_militar_prende_dois_por_trafico_de_drogas\/#breadcrumb\",\"itemListElement\":[{\"@type\":\"ListItem\",\"position\":1,\"name\":\"In\u00edcio\",\"item\":\"https:\/\/www.pm.pb.gov.br\/portal\/\"},{\"@type\":\"ListItem\",\"position\":2,\"name\":\"Pol\u00edcia Militar prende dois por tr\u00e1fico de drogas\"}]},{\"@type\":\"WebSite\",\"@id\":\"https:\/\/www.pm.pb.gov.br\/portal\/#website\",\"url\":\"https:\/\/www.pm.pb.gov.br\/portal\/\",\"name\":\"Pol\u00edcia Militar da Para\u00edba\",\"description\":\"\",\"publisher\":{\"@id\":\"https:\/\/www.pm.pb.gov.br\/portal\/#organization\"},\"potentialAction\":[{\"@type\":\"SearchAction\",\"target\":{\"@type\":\"EntryPoint\",\"urlTemplate\":\"https:\/\/www.pm.pb.gov.br\/portal\/?s={search_term_string}\"},\"query-input\":\"required name=search_term_string\"}],\"inLanguage\":\"pt-BR\"},{\"@type\":\"Organization\",\"@id\":\"https:\/\/www.pm.pb.gov.br\/portal\/#organization\",\"name\":\"Pol\u00edcia Militar da Para\u00edba\",\"url\":\"https:\/\/www.pm.pb.gov.br\/portal\/\",\"logo\":{\"@type\":\"ImageObject\",\"inLanguage\":\"pt-BR\",\"@id\":\"https:\/\/www.pm.pb.gov.br\/portal\/#\/schema\/logo\/image\/\",\"url\":\"https:\/\/www.pm.pb.gov.br\/portal\/wp-content\/uploads\/2025\/03\/cropped-logo-site-mag2-1.png\",\"contentUrl\":\"https:\/\/www.pm.pb.gov.br\/portal\/wp-content\/uploads\/2025\/03\/cropped-logo-site-mag2-1.png\",\"width\":320,\"height\":90,\"caption\":\"Pol\u00edcia Militar da Para\u00edba\"},\"image\":{\"@id\":\"https:\/\/www.pm.pb.gov.br\/portal\/#\/schema\/logo\/image\/\"}},{\"@type\":\"Person\",\"@id\":\"https:\/\/www.pm.pb.gov.br\/portal\/#\/schema\/person\/e8454f46651c3ecf0e1ba3c1666d9947\",\"name\":\"Assessoria de Imprensa da PMPB\",\"image\":{\"@type\":\"ImageObject\",\"inLanguage\":\"pt-BR\",\"@id\":\"https:\/\/www.pm.pb.gov.br\/portal\/#\/schema\/person\/image\/\",\"url\":\"https:\/\/secure.gravatar.com\/avatar\/2efe197438265d1e90bd98c4c8e1acf8?s=96&d=mm&r=g\",\"contentUrl\":\"https:\/\/secure.gravatar.com\/avatar\/2efe197438265d1e90bd98c4c8e1acf8?s=96&d=mm&r=g\",\"caption\":\"Assessoria de Imprensa da PMPB\"},\"url\":\"https:\/\/www.pm.pb.gov.br\/portal\/author\/assessoria\/\"}]}<\/script>\n<!-- \/ Yoast SEO plugin. -->","yoast_head_json":{"title":"Pol\u00edcia Militar prende dois por tr\u00e1fico de drogas - Pol\u00edcia Militar da Para\u00edba","robots":{"index":"index","follow":"follow","max-snippet":"max-snippet:-1","max-image-preview":"max-image-preview:large","max-video-preview":"max-video-preview:-1"},"canonical":"https:\/\/www.pm.pb.gov.br\/portal\/2012\/09\/04\/policia_militar_prende_dois_por_trafico_de_drogas\/","og_locale":"pt_BR","og_type":"article","og_title":"Pol\u00edcia Militar prende dois por tr\u00e1fico de drogas - Pol\u00edcia Militar da Para\u00edba","og_description":"O policiamento ostensivo da Pol\u00edcia Militar da Para\u00edba apreendeu, na noite desta segunda-feira (03), 60 pedras de crack que estavam","og_url":"https:\/\/www.pm.pb.gov.br\/portal\/2012\/09\/04\/policia_militar_prende_dois_por_trafico_de_drogas\/","og_site_name":"Pol\u00edcia Militar da Para\u00edba","article_published_time":"2012-09-04T14:09:56+00:00","og_image":[{"width":500,"height":666,"url":"https:\/\/www.pm.pb.gov.br\/portal\/wp-content\/uploads\/2012\/09\/7082_8558.jpg","type":"image\/jpeg"}],"author":"Assessoria de Imprensa da PMPB","twitter_card":"summary_large_image","twitter_misc":{"Escrito por":"Assessoria de Imprensa da PMPB","Est. tempo de leitura":"2 minutos"},"schema":{"@context":"https:\/\/schema.org","@graph":[{"@type":"Article","@id":"https:\/\/www.pm.pb.gov.br\/portal\/2012\/09\/04\/policia_militar_prende_dois_por_trafico_de_drogas\/#article","isPartOf":{"@id":"https:\/\/www.pm.pb.gov.br\/portal\/2012\/09\/04\/policia_militar_prende_dois_por_trafico_de_drogas\/"},"author":{"name":"Assessoria de Imprensa da PMPB","@id":"https:\/\/www.pm.pb.gov.br\/portal\/#\/schema\/person\/e8454f46651c3ecf0e1ba3c1666d9947"},"headline":"Pol\u00edcia Militar prende dois por tr\u00e1fico de drogas","datePublished":"2012-09-04T14:09:56+00:00","dateModified":"2012-09-04T14:09:56+00:00","mainEntityOfPage":{"@id":"https:\/\/www.pm.pb.gov.br\/portal\/2012\/09\/04\/policia_militar_prende_dois_por_trafico_de_drogas\/"},"wordCount":373,"publisher":{"@id":"https:\/\/www.pm.pb.gov.br\/portal\/#organization"},"articleSection":["A\u00e7\u00f5es Policiais"],"inLanguage":"pt-BR"},{"@type":"WebPage","@id":"https:\/\/www.pm.pb.gov.br\/portal\/2012\/09\/04\/policia_militar_prende_dois_por_trafico_de_drogas\/","url":"https:\/\/www.pm.pb.gov.br\/portal\/2012\/09\/04\/policia_militar_prende_dois_por_trafico_de_drogas\/","name":"Pol\u00edcia Militar prende dois por tr\u00e1fico de drogas - Pol\u00edcia Militar da Para\u00edba","isPartOf":{"@id":"https:\/\/www.pm.pb.gov.br\/portal\/#website"},"datePublished":"2012-09-04T14:09:56+00:00","dateModified":"2012-09-04T14:09:56+00:00","breadcrumb":{"@id":"https:\/\/www.pm.pb.gov.br\/portal\/2012\/09\/04\/policia_militar_prende_dois_por_trafico_de_drogas\/#breadcrumb"},"inLanguage":"pt-BR","potentialAction":[{"@type":"ReadAction","target":["https:\/\/www.pm.pb.gov.br\/portal\/2012\/09\/04\/policia_militar_prende_dois_por_trafico_de_drogas\/"]}]},{"@type":"BreadcrumbList","@id":"https:\/\/www.pm.pb.gov.br\/portal\/2012\/09\/04\/policia_militar_prende_dois_por_trafico_de_drogas\/#breadcrumb","itemListElement":[{"@type":"ListItem","position":1,"name":"In\u00edcio","item":"https:\/\/www.pm.pb.gov.br\/portal\/"},{"@type":"ListItem","position":2,"name":"Pol\u00edcia Militar prende dois por tr\u00e1fico de drogas"}]},{"@type":"WebSite","@id":"https:\/\/www.pm.pb.gov.br\/portal\/#website","url":"https:\/\/www.pm.pb.gov.br\/portal\/","name":"Pol\u00edcia Militar da Para\u00edba","description":"","publisher":{"@id":"https:\/\/www.pm.pb.gov.br\/portal\/#organization"},"potentialAction":[{"@type":"SearchAction","target":{"@type":"EntryPoint","urlTemplate":"https:\/\/www.pm.pb.gov.br\/portal\/?s={search_term_string}"},"query-input":"required name=search_term_string"}],"inLanguage":"pt-BR"},{"@type":"Organization","@id":"https:\/\/www.pm.pb.gov.br\/portal\/#organization","name":"Pol\u00edcia Militar da Para\u00edba","url":"https:\/\/www.pm.pb.gov.br\/portal\/","logo":{"@type":"ImageObject","inLanguage":"pt-BR","@id":"https:\/\/www.pm.pb.gov.br\/portal\/#\/schema\/logo\/image\/","url":"https:\/\/www.pm.pb.gov.br\/portal\/wp-content\/uploads\/2025\/03\/cropped-logo-site-mag2-1.png","contentUrl":"https:\/\/www.pm.pb.gov.br\/portal\/wp-content\/uploads\/2025\/03\/cropped-logo-site-mag2-1.png","width":320,"height":90,"caption":"Pol\u00edcia Militar da Para\u00edba"},"image":{"@id":"https:\/\/www.pm.pb.gov.br\/portal\/#\/schema\/logo\/image\/"}},{"@type":"Person","@id":"https:\/\/www.pm.pb.gov.br\/portal\/#\/schema\/person\/e8454f46651c3ecf0e1ba3c1666d9947","name":"Assessoria de Imprensa da PMPB","image":{"@type":"ImageObject","inLanguage":"pt-BR","@id":"https:\/\/www.pm.pb.gov.br\/portal\/#\/schema\/person\/image\/","url":"https:\/\/secure.gravatar.com\/avatar\/2efe197438265d1e90bd98c4c8e1acf8?s=96&d=mm&r=g","contentUrl":"https:\/\/secure.gravatar.com\/avatar\/2efe197438265d1e90bd98c4c8e1acf8?s=96&d=mm&r=g","caption":"Assessoria de Imprensa da PMPB"},"url":"https:\/\/www.pm.pb.gov.br\/portal\/author\/assessoria\/"}]}},"_links":{"self":[{"href":"https:\/\/www.pm.pb.gov.br\/portal\/wp-json\/wp\/v2\/posts\/891336"}],"collection":[{"href":"https:\/\/www.pm.pb.gov.br\/portal\/wp-json\/wp\/v2\/posts"}],"about":[{"href":"https:\/\/www.pm.pb.gov.br\/portal\/wp-json\/wp\/v2\/types\/post"}],"author":[{"embeddable":true,"href":"https:\/\/www.pm.pb.gov.br\/portal\/wp-json\/wp\/v2\/users\/5"}],"replies":[{"embeddable":true,"href":"https:\/\/www.pm.pb.gov.br\/portal\/wp-json\/wp\/v2\/comments?post=891336"}],"version-history":[{"count":0,"href":"https:\/\/www.pm.pb.gov.br\/portal\/wp-json\/wp\/v2\/posts\/891336\/revisions"}],"wp:featuredmedia":[{"embeddable":true,"href":"https:\/\/www.pm.pb.gov.br\/portal\/wp-json\/wp\/v2\/media\/8558"}],"wp:attachment":[{"href":"https:\/\/www.pm.pb.gov.br\/portal\/wp-json\/wp\/v2\/media?parent=891336"}],"wp:term":[{"taxonomy":"category","embeddable":true,"href":"https:\/\/www.pm.pb.gov.br\/portal\/wp-json\/wp\/v2\/categories?post=891336"},{"taxonomy":"post_tag","embeddable":true,"href":"https:\/\/www.pm.pb.gov.br\/portal\/wp-json\/wp\/v2\/tags?post=891336"}],"curies":[{"name":"wp","href":"https:\/\/api.w.org\/{rel}","templated":true}]}}