{"id":891328,"date":"2012-09-04T08:09:46","date_gmt":"2012-09-04T11:09:46","guid":{"rendered":"http:\/\/www.pm.pb.gov.br\/portal\/2012\/09\/policia_militar_define_esquema_de_seguranca_para_eleicoes_municipais\/"},"modified":"2012-09-04T08:09:46","modified_gmt":"2012-09-04T11:09:46","slug":"policia_militar_define_esquema_de_seguranca_para_eleicoes_municipais","status":"publish","type":"post","link":"https:\/\/www.pm.pb.gov.br\/portal\/2012\/09\/04\/policia_militar_define_esquema_de_seguranca_para_eleicoes_municipais\/","title":{"rendered":"Pol\u00edcia Militar define esquema de seguran\u00e7a para elei\u00e7\u00f5es municipais"},"content":{"rendered":"<figure style=\"width: 500px\" class=\"wp-caption alignnone\"><img decoding=\"async\" class=\"alignnone size-medium\" src=\"http:\/\/www.pm.pb.gov.br\/portal\/wp-content\/uploads\/2012\/09\/7076_8547.jpg\" title=\"Encontro na sede do TRE contou com a presen\u00e7a do comandante geral da PM, coronel Euller Chaves, e outras autoridades policiais (Foto: Werneck Moreno)\" width=\"100%\" \/><figcaption class=\"wp-caption-text\">Encontro na sede do TRE contou com a presen\u00e7a do comandante geral da PM, coronel Euller Chaves, e outras autoridades policiais (Foto: Werneck Moreno)<\/figcaption><\/figure>\n<div style=\"text-align: justify;\">A Pol\u00edcia Militar da Para\u00edba (PMPB) est\u00e1 pronta para garantir a seguran\u00e7a dos eleitores e a integridade das urnas durante as elei\u00e7\u00f5es deste ano. Em reuni\u00e3o realizada na sede do Tribunal Regional Eleitoral da Para\u00edba (TRE \u0096PB) &#8211; em Jo\u00e3o Pessoa, nesta segunda-feira (03) &#8211; para discutir a log\u00edstica do pleito, o esquema de policiamento integrado foi apresentado ao presidente do TRE, desembargador Marcos Cavalcanti.<\/p>\n<p>O documento foi entregue pelo comandante geral da PM, coronel Euller Chaves, o coordenador de Planejamento do Estado Maior Estrat\u00e9gico do Comando Geral da PM, Tenente Coronel Onivam Elias \u0096 al\u00e9m de representantes da Secretaria de Estado da Seguran\u00e7a e Defesa Social (Seds) &#8211; o Assessor de A\u00e7\u00f5es Estrat\u00e9gicas da Seds, delegado Isaias Gualberto, e a Delegada Geral de Pol\u00edcia Civil, Ivanisa Ol\u00edmpio.<\/p>\n<p>Tamb\u00e9m participaram do encontro enviados da Pol\u00edcia Rodovi\u00e1ria Federal (PRF), Pol\u00edcia Federal (PF) e do ex\u00e9rcito. A estrat\u00e9gia apresentada na reuni\u00e3o estabelece a descentraliza\u00e7\u00e3o da fiscaliza\u00e7\u00e3o durante o primeiro turno das elei\u00e7\u00f5es (no dia sete de outubro), com a instala\u00e7\u00e3o de tr\u00eas sedes em cidades polos (Patos, Jo\u00e3o Pessoa e Campina Grande), que concentrar\u00e3o as ocorr\u00eancias das suas respectivas microrregi\u00f5es. Cada unidade de comando contar\u00e1 com a presen\u00e7a de um delegado da Pol\u00edcia Civil e oficiais da Pol\u00edcia Militar \u0096 al\u00e9m do refor\u00e7o de outras corpora\u00e7\u00e3o.<\/p>\n<p>S\u00f3 a PM ter\u00e1 cerca de sete mil homens garantido a tranquilidade das elei\u00e7\u00f5es em toda a Para\u00edba, sendo pelo menos dois em cada um dos 1.741 locais que receber\u00e3o as urnas eletr\u00f4nicas. Alguns pontos tamb\u00e9m receber\u00e3o refor\u00e7o, durante a noite, dos c\u00e3es adestrados do canil da PM.<\/p>\n<p>\u0093A institui\u00e7\u00e3o de Centros Integrados Regionais \u00e9 de fundamental import\u00e2ncia para articular e otimizar as a\u00e7\u00f5es dos \u00f3rg\u00e3os envolvidos no pleito eleitoral. A Pol\u00edcia Militar vai continuar cumprindo durante o processo eleitoral seu papel essencialmente preventivo, atrav\u00e9s do policiamento ostensivo &#8211; contando com o suporte do setor de intelig\u00eancia\u0094, afirmou o coronel Euller.<\/p>\n<p>Na ocasi\u00e3o, o presidente do TRE-PB, desembargador Marcos Cavalcanti, elogiou o trabalho preventivo realizado pela Pol\u00edcia Militar da Para\u00edba, que vem garantido a tranquilidade do per\u00edodo que antecede o pleito em todo o Estado.<\/p>\n<p>\u0093O coronel Euller, sempre muito atencioso, tem nos atendido de imediato, de forma que n\u00e3o tivemos grandes problemas no per\u00edodo de registro de candidaturas nem nesta etapa de campanha. As Pol\u00edcia Militar e Civil est\u00e3o presentes em todo o Estado e isso traz seguran\u00e7a para o processo eleitoral\u0094, apontou o desembargador.<\/p>\n<p>Ele enfatizou, ainda, que a estrat\u00e9gia apresentada \u00e9 nova e aprimora a log\u00edstica das elei\u00e7\u00f5es no que tange a seguran\u00e7a p\u00fablica. \u0093O comando geral e a Secretaria de Seguran\u00e7a P\u00fablica est\u00e3o de parab\u00e9ns. A organiza\u00e7\u00e3o de n\u00facleos nas tr\u00eas principais cidades do Estado \u00e9 uma novidade muito boa, que vem agregar ao trabalho preventivo que vem sendo feito a muito tempo e mostrando \u00f3timos resultados. A estrutura de policiamento est\u00e1 muito boa\u0094, resumiu o desembargador, ao acrescentar que todas as zonas eleitorais, no que tange aos servi\u00e7os do TRE, tamb\u00e9m est\u00e3o preparadas para realizar o trabalho eleitoral.<\/p>\n<p>Orienta\u00e7\u00e3o<\/p>\n<p>Para nortear e unificar o trabalho da Pol\u00edcia Militar em todo o Estado, foi elaborada uma cartilha educacional com 22 situa\u00e7\u00f5es hipot\u00e9ticas delituosas que os policiais podem deparar-se durante as elei\u00e7\u00f5es. O material ser\u00e1 distribu\u00eddo nos pr\u00f3ximos dias em todos os batalh\u00f5es e disponibilizado no site da institui\u00e7\u00e3o (pm.pb.gov.br).<\/p>\n<p>Al\u00e9m disso, no pr\u00f3ximo dia 13, o efetivo participar\u00e1 de uma simula\u00e7\u00e3o do que vai acontecer no dia das elei\u00e7\u00f5es. Ser\u00e3o montadas duas escalas de servi\u00e7o, nos moldes das que ser\u00e3o executadas no dia sete de outubro, e ao final do dia ser\u00e3o elaborados relat\u00f3rios locais detalhados de cada zona eleitoral.<\/p>\n<p>Os documentos dar\u00e3o uma an\u00e1lise geopol\u00edtica do ambiente de trabalho que ser\u00e1 encontrado durante o pleito. Uma semana antes da vota\u00e7\u00e3o, tamb\u00e9m haver\u00e1 a distribui\u00e7\u00e3o das escalas finais de trabalho. \u0093Tudo isso faz parte de um conjunto de esfor\u00e7os para fazer uma a\u00e7\u00e3o a mais proativa poss\u00edvel\u0094, frisou o comandante geral, coronel Euller Chaves.<\/p>\n<div class=\"row\" align=\"center\"><\/div>\n<\/div>\n","protected":false},"excerpt":{"rendered":"<p>A Pol\u00edcia Militar da Para\u00edba (PMPB) est\u00e1 pronta para garantir a seguran\u00e7a dos eleitores e a integridade das urnas durante<\/p>\n","protected":false},"author":5,"featured_media":8547,"comment_status":"closed","ping_status":"closed","sticky":false,"template":"","format":"standard","meta":{"_exactmetrics_skip_tracking":false,"_exactmetrics_sitenote_active":false,"_exactmetrics_sitenote_note":"","_exactmetrics_sitenote_category":0,"footnotes":""},"categories":[21],"tags":[],"yoast_head":"<!-- This site is optimized with the Yoast SEO plugin v22.0 - https:\/\/yoast.com\/wordpress\/plugins\/seo\/ -->\n<title>Pol\u00edcia Militar define esquema de seguran\u00e7a para elei\u00e7\u00f5es municipais - Pol\u00edcia Militar da Para\u00edba<\/title>\n<meta name=\"robots\" content=\"index, follow, max-snippet:-1, max-image-preview:large, max-video-preview:-1\" \/>\n<link rel=\"canonical\" href=\"https:\/\/www.pm.pb.gov.br\/portal\/2012\/09\/04\/policia_militar_define_esquema_de_seguranca_para_eleicoes_municipais\/\" \/>\n<meta property=\"og:locale\" content=\"pt_BR\" \/>\n<meta property=\"og:type\" content=\"article\" \/>\n<meta property=\"og:title\" content=\"Pol\u00edcia Militar define esquema de seguran\u00e7a para elei\u00e7\u00f5es municipais - Pol\u00edcia Militar da Para\u00edba\" \/>\n<meta property=\"og:description\" content=\"A Pol\u00edcia Militar da Para\u00edba (PMPB) est\u00e1 pronta para garantir a seguran\u00e7a dos eleitores e a integridade das urnas durante\" \/>\n<meta property=\"og:url\" content=\"https:\/\/www.pm.pb.gov.br\/portal\/2012\/09\/04\/policia_militar_define_esquema_de_seguranca_para_eleicoes_municipais\/\" \/>\n<meta property=\"og:site_name\" content=\"Pol\u00edcia Militar da Para\u00edba\" \/>\n<meta property=\"article:published_time\" content=\"2012-09-04T11:09:46+00:00\" \/>\n<meta property=\"og:image\" content=\"https:\/\/www.pm.pb.gov.br\/portal\/wp-content\/uploads\/2012\/09\/7076_8547.jpg\" \/>\n\t<meta property=\"og:image:width\" content=\"500\" \/>\n\t<meta property=\"og:image:height\" content=\"333\" \/>\n\t<meta property=\"og:image:type\" content=\"image\/jpeg\" \/>\n<meta name=\"author\" content=\"Assessoria de Imprensa da PMPB\" \/>\n<meta name=\"twitter:card\" content=\"summary_large_image\" \/>\n<meta name=\"twitter:label1\" content=\"Escrito por\" \/>\n\t<meta name=\"twitter:data1\" content=\"Assessoria de Imprensa da PMPB\" \/>\n\t<meta name=\"twitter:label2\" content=\"Est. tempo de leitura\" \/>\n\t<meta name=\"twitter:data2\" content=\"4 minutos\" \/>\n<script type=\"application\/ld+json\" class=\"yoast-schema-graph\">{\"@context\":\"https:\/\/schema.org\",\"@graph\":[{\"@type\":\"Article\",\"@id\":\"https:\/\/www.pm.pb.gov.br\/portal\/2012\/09\/04\/policia_militar_define_esquema_de_seguranca_para_eleicoes_municipais\/#article\",\"isPartOf\":{\"@id\":\"https:\/\/www.pm.pb.gov.br\/portal\/2012\/09\/04\/policia_militar_define_esquema_de_seguranca_para_eleicoes_municipais\/\"},\"author\":{\"name\":\"Assessoria de Imprensa da PMPB\",\"@id\":\"https:\/\/www.pm.pb.gov.br\/portal\/#\/schema\/person\/e8454f46651c3ecf0e1ba3c1666d9947\"},\"headline\":\"Pol\u00edcia Militar define esquema de seguran\u00e7a para elei\u00e7\u00f5es municipais\",\"datePublished\":\"2012-09-04T11:09:46+00:00\",\"dateModified\":\"2012-09-04T11:09:46+00:00\",\"mainEntityOfPage\":{\"@id\":\"https:\/\/www.pm.pb.gov.br\/portal\/2012\/09\/04\/policia_militar_define_esquema_de_seguranca_para_eleicoes_municipais\/\"},\"wordCount\":792,\"publisher\":{\"@id\":\"https:\/\/www.pm.pb.gov.br\/portal\/#organization\"},\"articleSection\":[\"Not\u00edcia\"],\"inLanguage\":\"pt-BR\"},{\"@type\":\"WebPage\",\"@id\":\"https:\/\/www.pm.pb.gov.br\/portal\/2012\/09\/04\/policia_militar_define_esquema_de_seguranca_para_eleicoes_municipais\/\",\"url\":\"https:\/\/www.pm.pb.gov.br\/portal\/2012\/09\/04\/policia_militar_define_esquema_de_seguranca_para_eleicoes_municipais\/\",\"name\":\"Pol\u00edcia Militar define esquema de seguran\u00e7a para elei\u00e7\u00f5es municipais - Pol\u00edcia Militar da Para\u00edba\",\"isPartOf\":{\"@id\":\"https:\/\/www.pm.pb.gov.br\/portal\/#website\"},\"datePublished\":\"2012-09-04T11:09:46+00:00\",\"dateModified\":\"2012-09-04T11:09:46+00:00\",\"breadcrumb\":{\"@id\":\"https:\/\/www.pm.pb.gov.br\/portal\/2012\/09\/04\/policia_militar_define_esquema_de_seguranca_para_eleicoes_municipais\/#breadcrumb\"},\"inLanguage\":\"pt-BR\",\"potentialAction\":[{\"@type\":\"ReadAction\",\"target\":[\"https:\/\/www.pm.pb.gov.br\/portal\/2012\/09\/04\/policia_militar_define_esquema_de_seguranca_para_eleicoes_municipais\/\"]}]},{\"@type\":\"BreadcrumbList\",\"@id\":\"https:\/\/www.pm.pb.gov.br\/portal\/2012\/09\/04\/policia_militar_define_esquema_de_seguranca_para_eleicoes_municipais\/#breadcrumb\",\"itemListElement\":[{\"@type\":\"ListItem\",\"position\":1,\"name\":\"In\u00edcio\",\"item\":\"https:\/\/www.pm.pb.gov.br\/portal\/\"},{\"@type\":\"ListItem\",\"position\":2,\"name\":\"Pol\u00edcia Militar define esquema de seguran\u00e7a para elei\u00e7\u00f5es municipais\"}]},{\"@type\":\"WebSite\",\"@id\":\"https:\/\/www.pm.pb.gov.br\/portal\/#website\",\"url\":\"https:\/\/www.pm.pb.gov.br\/portal\/\",\"name\":\"Pol\u00edcia Militar da Para\u00edba\",\"description\":\"\",\"publisher\":{\"@id\":\"https:\/\/www.pm.pb.gov.br\/portal\/#organization\"},\"potentialAction\":[{\"@type\":\"SearchAction\",\"target\":{\"@type\":\"EntryPoint\",\"urlTemplate\":\"https:\/\/www.pm.pb.gov.br\/portal\/?s={search_term_string}\"},\"query-input\":\"required name=search_term_string\"}],\"inLanguage\":\"pt-BR\"},{\"@type\":\"Organization\",\"@id\":\"https:\/\/www.pm.pb.gov.br\/portal\/#organization\",\"name\":\"Pol\u00edcia Militar da Para\u00edba\",\"url\":\"https:\/\/www.pm.pb.gov.br\/portal\/\",\"logo\":{\"@type\":\"ImageObject\",\"inLanguage\":\"pt-BR\",\"@id\":\"https:\/\/www.pm.pb.gov.br\/portal\/#\/schema\/logo\/image\/\",\"url\":\"https:\/\/www.pm.pb.gov.br\/portal\/wp-content\/uploads\/2025\/03\/cropped-logo-site-mag2-1.png\",\"contentUrl\":\"https:\/\/www.pm.pb.gov.br\/portal\/wp-content\/uploads\/2025\/03\/cropped-logo-site-mag2-1.png\",\"width\":320,\"height\":90,\"caption\":\"Pol\u00edcia Militar da Para\u00edba\"},\"image\":{\"@id\":\"https:\/\/www.pm.pb.gov.br\/portal\/#\/schema\/logo\/image\/\"}},{\"@type\":\"Person\",\"@id\":\"https:\/\/www.pm.pb.gov.br\/portal\/#\/schema\/person\/e8454f46651c3ecf0e1ba3c1666d9947\",\"name\":\"Assessoria de Imprensa da PMPB\",\"image\":{\"@type\":\"ImageObject\",\"inLanguage\":\"pt-BR\",\"@id\":\"https:\/\/www.pm.pb.gov.br\/portal\/#\/schema\/person\/image\/\",\"url\":\"https:\/\/secure.gravatar.com\/avatar\/2efe197438265d1e90bd98c4c8e1acf8?s=96&d=mm&r=g\",\"contentUrl\":\"https:\/\/secure.gravatar.com\/avatar\/2efe197438265d1e90bd98c4c8e1acf8?s=96&d=mm&r=g\",\"caption\":\"Assessoria de Imprensa da PMPB\"},\"url\":\"https:\/\/www.pm.pb.gov.br\/portal\/author\/assessoria\/\"}]}<\/script>\n<!-- \/ Yoast SEO plugin. -->","yoast_head_json":{"title":"Pol\u00edcia Militar define esquema de seguran\u00e7a para elei\u00e7\u00f5es municipais - Pol\u00edcia Militar da Para\u00edba","robots":{"index":"index","follow":"follow","max-snippet":"max-snippet:-1","max-image-preview":"max-image-preview:large","max-video-preview":"max-video-preview:-1"},"canonical":"https:\/\/www.pm.pb.gov.br\/portal\/2012\/09\/04\/policia_militar_define_esquema_de_seguranca_para_eleicoes_municipais\/","og_locale":"pt_BR","og_type":"article","og_title":"Pol\u00edcia Militar define esquema de seguran\u00e7a para elei\u00e7\u00f5es municipais - Pol\u00edcia Militar da Para\u00edba","og_description":"A Pol\u00edcia Militar da Para\u00edba (PMPB) est\u00e1 pronta para garantir a seguran\u00e7a dos eleitores e a integridade das urnas durante","og_url":"https:\/\/www.pm.pb.gov.br\/portal\/2012\/09\/04\/policia_militar_define_esquema_de_seguranca_para_eleicoes_municipais\/","og_site_name":"Pol\u00edcia Militar da Para\u00edba","article_published_time":"2012-09-04T11:09:46+00:00","og_image":[{"width":500,"height":333,"url":"https:\/\/www.pm.pb.gov.br\/portal\/wp-content\/uploads\/2012\/09\/7076_8547.jpg","type":"image\/jpeg"}],"author":"Assessoria de Imprensa da PMPB","twitter_card":"summary_large_image","twitter_misc":{"Escrito por":"Assessoria de Imprensa da PMPB","Est. tempo de leitura":"4 minutos"},"schema":{"@context":"https:\/\/schema.org","@graph":[{"@type":"Article","@id":"https:\/\/www.pm.pb.gov.br\/portal\/2012\/09\/04\/policia_militar_define_esquema_de_seguranca_para_eleicoes_municipais\/#article","isPartOf":{"@id":"https:\/\/www.pm.pb.gov.br\/portal\/2012\/09\/04\/policia_militar_define_esquema_de_seguranca_para_eleicoes_municipais\/"},"author":{"name":"Assessoria de Imprensa da PMPB","@id":"https:\/\/www.pm.pb.gov.br\/portal\/#\/schema\/person\/e8454f46651c3ecf0e1ba3c1666d9947"},"headline":"Pol\u00edcia Militar define esquema de seguran\u00e7a para elei\u00e7\u00f5es municipais","datePublished":"2012-09-04T11:09:46+00:00","dateModified":"2012-09-04T11:09:46+00:00","mainEntityOfPage":{"@id":"https:\/\/www.pm.pb.gov.br\/portal\/2012\/09\/04\/policia_militar_define_esquema_de_seguranca_para_eleicoes_municipais\/"},"wordCount":792,"publisher":{"@id":"https:\/\/www.pm.pb.gov.br\/portal\/#organization"},"articleSection":["Not\u00edcia"],"inLanguage":"pt-BR"},{"@type":"WebPage","@id":"https:\/\/www.pm.pb.gov.br\/portal\/2012\/09\/04\/policia_militar_define_esquema_de_seguranca_para_eleicoes_municipais\/","url":"https:\/\/www.pm.pb.gov.br\/portal\/2012\/09\/04\/policia_militar_define_esquema_de_seguranca_para_eleicoes_municipais\/","name":"Pol\u00edcia Militar define esquema de seguran\u00e7a para elei\u00e7\u00f5es municipais - Pol\u00edcia Militar da Para\u00edba","isPartOf":{"@id":"https:\/\/www.pm.pb.gov.br\/portal\/#website"},"datePublished":"2012-09-04T11:09:46+00:00","dateModified":"2012-09-04T11:09:46+00:00","breadcrumb":{"@id":"https:\/\/www.pm.pb.gov.br\/portal\/2012\/09\/04\/policia_militar_define_esquema_de_seguranca_para_eleicoes_municipais\/#breadcrumb"},"inLanguage":"pt-BR","potentialAction":[{"@type":"ReadAction","target":["https:\/\/www.pm.pb.gov.br\/portal\/2012\/09\/04\/policia_militar_define_esquema_de_seguranca_para_eleicoes_municipais\/"]}]},{"@type":"BreadcrumbList","@id":"https:\/\/www.pm.pb.gov.br\/portal\/2012\/09\/04\/policia_militar_define_esquema_de_seguranca_para_eleicoes_municipais\/#breadcrumb","itemListElement":[{"@type":"ListItem","position":1,"name":"In\u00edcio","item":"https:\/\/www.pm.pb.gov.br\/portal\/"},{"@type":"ListItem","position":2,"name":"Pol\u00edcia Militar define esquema de seguran\u00e7a para elei\u00e7\u00f5es municipais"}]},{"@type":"WebSite","@id":"https:\/\/www.pm.pb.gov.br\/portal\/#website","url":"https:\/\/www.pm.pb.gov.br\/portal\/","name":"Pol\u00edcia Militar da Para\u00edba","description":"","publisher":{"@id":"https:\/\/www.pm.pb.gov.br\/portal\/#organization"},"potentialAction":[{"@type":"SearchAction","target":{"@type":"EntryPoint","urlTemplate":"https:\/\/www.pm.pb.gov.br\/portal\/?s={search_term_string}"},"query-input":"required name=search_term_string"}],"inLanguage":"pt-BR"},{"@type":"Organization","@id":"https:\/\/www.pm.pb.gov.br\/portal\/#organization","name":"Pol\u00edcia Militar da Para\u00edba","url":"https:\/\/www.pm.pb.gov.br\/portal\/","logo":{"@type":"ImageObject","inLanguage":"pt-BR","@id":"https:\/\/www.pm.pb.gov.br\/portal\/#\/schema\/logo\/image\/","url":"https:\/\/www.pm.pb.gov.br\/portal\/wp-content\/uploads\/2025\/03\/cropped-logo-site-mag2-1.png","contentUrl":"https:\/\/www.pm.pb.gov.br\/portal\/wp-content\/uploads\/2025\/03\/cropped-logo-site-mag2-1.png","width":320,"height":90,"caption":"Pol\u00edcia Militar da Para\u00edba"},"image":{"@id":"https:\/\/www.pm.pb.gov.br\/portal\/#\/schema\/logo\/image\/"}},{"@type":"Person","@id":"https:\/\/www.pm.pb.gov.br\/portal\/#\/schema\/person\/e8454f46651c3ecf0e1ba3c1666d9947","name":"Assessoria de Imprensa da PMPB","image":{"@type":"ImageObject","inLanguage":"pt-BR","@id":"https:\/\/www.pm.pb.gov.br\/portal\/#\/schema\/person\/image\/","url":"https:\/\/secure.gravatar.com\/avatar\/2efe197438265d1e90bd98c4c8e1acf8?s=96&d=mm&r=g","contentUrl":"https:\/\/secure.gravatar.com\/avatar\/2efe197438265d1e90bd98c4c8e1acf8?s=96&d=mm&r=g","caption":"Assessoria de Imprensa da PMPB"},"url":"https:\/\/www.pm.pb.gov.br\/portal\/author\/assessoria\/"}]}},"_links":{"self":[{"href":"https:\/\/www.pm.pb.gov.br\/portal\/wp-json\/wp\/v2\/posts\/891328"}],"collection":[{"href":"https:\/\/www.pm.pb.gov.br\/portal\/wp-json\/wp\/v2\/posts"}],"about":[{"href":"https:\/\/www.pm.pb.gov.br\/portal\/wp-json\/wp\/v2\/types\/post"}],"author":[{"embeddable":true,"href":"https:\/\/www.pm.pb.gov.br\/portal\/wp-json\/wp\/v2\/users\/5"}],"replies":[{"embeddable":true,"href":"https:\/\/www.pm.pb.gov.br\/portal\/wp-json\/wp\/v2\/comments?post=891328"}],"version-history":[{"count":0,"href":"https:\/\/www.pm.pb.gov.br\/portal\/wp-json\/wp\/v2\/posts\/891328\/revisions"}],"wp:featuredmedia":[{"embeddable":true,"href":"https:\/\/www.pm.pb.gov.br\/portal\/wp-json\/wp\/v2\/media\/8547"}],"wp:attachment":[{"href":"https:\/\/www.pm.pb.gov.br\/portal\/wp-json\/wp\/v2\/media?parent=891328"}],"wp:term":[{"taxonomy":"category","embeddable":true,"href":"https:\/\/www.pm.pb.gov.br\/portal\/wp-json\/wp\/v2\/categories?post=891328"},{"taxonomy":"post_tag","embeddable":true,"href":"https:\/\/www.pm.pb.gov.br\/portal\/wp-json\/wp\/v2\/tags?post=891328"}],"curies":[{"name":"wp","href":"https:\/\/api.w.org\/{rel}","templated":true}]}}