{"id":891327,"date":"2012-09-03T11:09:48","date_gmt":"2012-09-03T14:09:48","guid":{"rendered":"http:\/\/www.pm.pb.gov.br\/portal\/2012\/09\/operacao_nomade_recupera_duas_motos_roubadas_em_campina_grande\/"},"modified":"2012-09-03T11:09:48","modified_gmt":"2012-09-03T14:09:48","slug":"operacao_nomade_recupera_duas_motos_roubadas_em_campina_grande","status":"publish","type":"post","link":"https:\/\/www.pm.pb.gov.br\/portal\/2012\/09\/03\/operacao_nomade_recupera_duas_motos_roubadas_em_campina_grande\/","title":{"rendered":"Opera\u00e7\u00e3o N\u00f4made recupera duas motos roubadas em Campina Grande"},"content":{"rendered":"<figure style=\"width: 500px\" class=\"wp-caption alignnone\"><img decoding=\"async\" class=\"alignnone size-medium\" src=\"http:\/\/www.pm.pb.gov.br\/portal\/wp-content\/uploads\/2012\/09\/7075_8546.jpg\" title=\"Uma das motos recuperadas estava com um adolescente de 16 anos\" width=\"100%\" \/><figcaption class=\"wp-caption-text\">Uma das motos recuperadas estava com um adolescente de 16 anos<\/figcaption><\/figure>\n<div style=\"text-align: justify;\">Em menos de tr\u00eas horas, neste domingo (02), duas motos roubadas foram recuperadas pelo policiamento do 2\u00ba Batalh\u00e3o de Pol\u00edcia Militar (2\u00ba BPM), em Campina Grande. As a\u00e7\u00f5es aconteceram dentro da Opera\u00e7\u00e3o N\u00f4made, que vem contribuindo consideravelmente para a redu\u00e7\u00e3o dos \u00edndices de criminalidade na Regi\u00e3o Metropolitana de Campina.<\/p>\n<p>Segundo o comandante do 2\u00ba BPM, Tenente Coronel Souza Neto, a primeira moto foi encontrada no bairro do Tambor, com um adolescente de 16 anos. Ele foi apreendido e encaminhado para a delegacia especializada para ser autuado pelo ato infracional.<\/p>\n<p>O outro ve\u00edculo, que havia sido roubado no munic\u00edpio de Queimadas (no Agreste paraibano), foi recuperado no bairro do Catol\u00e9, com Iuri Bruno de Almeida Silva, 23 anos. \u0093Ele possui tr\u00eas mandados de pris\u00e3o em abertos por assalto \u00e0 m\u00e3o armada em Campina Grande e a inten\u00e7\u00e3o dele era usar a moto roubada para realizar novos assaltos na cidade\u0094, informou Souza Neto.<\/p>\n<p>Ele enfatizou que a Opera\u00e7\u00e3o N\u00f4made vem reduzindo m\u00eas a m\u00eas o \u00edndice de criminalidade da regi\u00e3o \u0096 sobretudo o n\u00famero de homic\u00eddios. Nesse tipo de delito, no \u00faltimo m\u00eas de agosto, a diminui\u00e7\u00e3o chegou a 57%, em rela\u00e7\u00e3o ao mesmo per\u00edodo do ano passado.<\/p>\n<p>A\u00e7\u00f5es<\/p>\n<p>A Opera\u00e7\u00e3o N\u00f4made acontece todo fim de semana, simultaneamente em toda a Para\u00edba. Na Regi\u00e3o Metropolitana de Campina, em torno de quatro bairros recebem, por dia, o refor\u00e7o ostensivo de todas as modalidades de policiamento da Pol\u00edcia Militar. Cerca de 25 homens participaram das a\u00e7\u00f5es em Campina Grande. <\/p>\n<div class=\"row\" align=\"center\"><\/div>\n<\/div>\n","protected":false},"excerpt":{"rendered":"<p>Em menos de tr\u00eas horas, neste domingo (02), duas motos roubadas foram recuperadas pelo policiamento do 2\u00ba Batalh\u00e3o de Pol\u00edcia<\/p>\n","protected":false},"author":5,"featured_media":8546,"comment_status":"closed","ping_status":"closed","sticky":false,"template":"","format":"standard","meta":{"_exactmetrics_skip_tracking":false,"_exactmetrics_sitenote_active":false,"_exactmetrics_sitenote_note":"","_exactmetrics_sitenote_category":0,"footnotes":""},"categories":[4],"tags":[],"yoast_head":"<!-- This site is optimized with the Yoast SEO plugin v22.0 - https:\/\/yoast.com\/wordpress\/plugins\/seo\/ -->\n<title>Opera\u00e7\u00e3o N\u00f4made recupera duas motos roubadas em Campina Grande - Pol\u00edcia Militar da Para\u00edba<\/title>\n<meta name=\"robots\" content=\"index, follow, max-snippet:-1, max-image-preview:large, max-video-preview:-1\" \/>\n<link rel=\"canonical\" href=\"https:\/\/www.pm.pb.gov.br\/portal\/2012\/09\/03\/operacao_nomade_recupera_duas_motos_roubadas_em_campina_grande\/\" \/>\n<meta property=\"og:locale\" content=\"pt_BR\" \/>\n<meta property=\"og:type\" content=\"article\" \/>\n<meta property=\"og:title\" content=\"Opera\u00e7\u00e3o N\u00f4made recupera duas motos roubadas em Campina Grande - Pol\u00edcia Militar da Para\u00edba\" \/>\n<meta property=\"og:description\" content=\"Em menos de tr\u00eas horas, neste domingo (02), duas motos roubadas foram recuperadas pelo policiamento do 2\u00ba Batalh\u00e3o de Pol\u00edcia\" \/>\n<meta property=\"og:url\" content=\"https:\/\/www.pm.pb.gov.br\/portal\/2012\/09\/03\/operacao_nomade_recupera_duas_motos_roubadas_em_campina_grande\/\" \/>\n<meta property=\"og:site_name\" content=\"Pol\u00edcia Militar da Para\u00edba\" \/>\n<meta property=\"article:published_time\" content=\"2012-09-03T14:09:48+00:00\" \/>\n<meta property=\"og:image\" content=\"https:\/\/www.pm.pb.gov.br\/portal\/wp-content\/uploads\/2012\/09\/7075_8546.jpg\" \/>\n\t<meta property=\"og:image:width\" content=\"500\" \/>\n\t<meta property=\"og:image:height\" content=\"666\" \/>\n\t<meta property=\"og:image:type\" content=\"image\/jpeg\" \/>\n<meta name=\"author\" content=\"Assessoria de Imprensa da PMPB\" \/>\n<meta name=\"twitter:card\" content=\"summary_large_image\" \/>\n<meta name=\"twitter:label1\" content=\"Escrito por\" \/>\n\t<meta name=\"twitter:data1\" content=\"Assessoria de Imprensa da PMPB\" \/>\n\t<meta name=\"twitter:label2\" content=\"Est. tempo de leitura\" \/>\n\t<meta name=\"twitter:data2\" content=\"1 minuto\" \/>\n<script type=\"application\/ld+json\" class=\"yoast-schema-graph\">{\"@context\":\"https:\/\/schema.org\",\"@graph\":[{\"@type\":\"Article\",\"@id\":\"https:\/\/www.pm.pb.gov.br\/portal\/2012\/09\/03\/operacao_nomade_recupera_duas_motos_roubadas_em_campina_grande\/#article\",\"isPartOf\":{\"@id\":\"https:\/\/www.pm.pb.gov.br\/portal\/2012\/09\/03\/operacao_nomade_recupera_duas_motos_roubadas_em_campina_grande\/\"},\"author\":{\"name\":\"Assessoria de Imprensa da PMPB\",\"@id\":\"https:\/\/www.pm.pb.gov.br\/portal\/#\/schema\/person\/e8454f46651c3ecf0e1ba3c1666d9947\"},\"headline\":\"Opera\u00e7\u00e3o N\u00f4made recupera duas motos roubadas em Campina Grande\",\"datePublished\":\"2012-09-03T14:09:48+00:00\",\"dateModified\":\"2012-09-03T14:09:48+00:00\",\"mainEntityOfPage\":{\"@id\":\"https:\/\/www.pm.pb.gov.br\/portal\/2012\/09\/03\/operacao_nomade_recupera_duas_motos_roubadas_em_campina_grande\/\"},\"wordCount\":295,\"publisher\":{\"@id\":\"https:\/\/www.pm.pb.gov.br\/portal\/#organization\"},\"articleSection\":[\"A\u00e7\u00f5es Policiais\"],\"inLanguage\":\"pt-BR\"},{\"@type\":\"WebPage\",\"@id\":\"https:\/\/www.pm.pb.gov.br\/portal\/2012\/09\/03\/operacao_nomade_recupera_duas_motos_roubadas_em_campina_grande\/\",\"url\":\"https:\/\/www.pm.pb.gov.br\/portal\/2012\/09\/03\/operacao_nomade_recupera_duas_motos_roubadas_em_campina_grande\/\",\"name\":\"Opera\u00e7\u00e3o N\u00f4made recupera duas motos roubadas em Campina Grande - Pol\u00edcia Militar da Para\u00edba\",\"isPartOf\":{\"@id\":\"https:\/\/www.pm.pb.gov.br\/portal\/#website\"},\"datePublished\":\"2012-09-03T14:09:48+00:00\",\"dateModified\":\"2012-09-03T14:09:48+00:00\",\"breadcrumb\":{\"@id\":\"https:\/\/www.pm.pb.gov.br\/portal\/2012\/09\/03\/operacao_nomade_recupera_duas_motos_roubadas_em_campina_grande\/#breadcrumb\"},\"inLanguage\":\"pt-BR\",\"potentialAction\":[{\"@type\":\"ReadAction\",\"target\":[\"https:\/\/www.pm.pb.gov.br\/portal\/2012\/09\/03\/operacao_nomade_recupera_duas_motos_roubadas_em_campina_grande\/\"]}]},{\"@type\":\"BreadcrumbList\",\"@id\":\"https:\/\/www.pm.pb.gov.br\/portal\/2012\/09\/03\/operacao_nomade_recupera_duas_motos_roubadas_em_campina_grande\/#breadcrumb\",\"itemListElement\":[{\"@type\":\"ListItem\",\"position\":1,\"name\":\"In\u00edcio\",\"item\":\"https:\/\/www.pm.pb.gov.br\/portal\/\"},{\"@type\":\"ListItem\",\"position\":2,\"name\":\"Opera\u00e7\u00e3o N\u00f4made recupera duas motos roubadas em Campina Grande\"}]},{\"@type\":\"WebSite\",\"@id\":\"https:\/\/www.pm.pb.gov.br\/portal\/#website\",\"url\":\"https:\/\/www.pm.pb.gov.br\/portal\/\",\"name\":\"Pol\u00edcia Militar da Para\u00edba\",\"description\":\"\",\"publisher\":{\"@id\":\"https:\/\/www.pm.pb.gov.br\/portal\/#organization\"},\"potentialAction\":[{\"@type\":\"SearchAction\",\"target\":{\"@type\":\"EntryPoint\",\"urlTemplate\":\"https:\/\/www.pm.pb.gov.br\/portal\/?s={search_term_string}\"},\"query-input\":\"required name=search_term_string\"}],\"inLanguage\":\"pt-BR\"},{\"@type\":\"Organization\",\"@id\":\"https:\/\/www.pm.pb.gov.br\/portal\/#organization\",\"name\":\"Pol\u00edcia Militar da Para\u00edba\",\"url\":\"https:\/\/www.pm.pb.gov.br\/portal\/\",\"logo\":{\"@type\":\"ImageObject\",\"inLanguage\":\"pt-BR\",\"@id\":\"https:\/\/www.pm.pb.gov.br\/portal\/#\/schema\/logo\/image\/\",\"url\":\"https:\/\/www.pm.pb.gov.br\/portal\/wp-content\/uploads\/2025\/03\/cropped-logo-site-mag2-1.png\",\"contentUrl\":\"https:\/\/www.pm.pb.gov.br\/portal\/wp-content\/uploads\/2025\/03\/cropped-logo-site-mag2-1.png\",\"width\":320,\"height\":90,\"caption\":\"Pol\u00edcia Militar da Para\u00edba\"},\"image\":{\"@id\":\"https:\/\/www.pm.pb.gov.br\/portal\/#\/schema\/logo\/image\/\"}},{\"@type\":\"Person\",\"@id\":\"https:\/\/www.pm.pb.gov.br\/portal\/#\/schema\/person\/e8454f46651c3ecf0e1ba3c1666d9947\",\"name\":\"Assessoria de Imprensa da PMPB\",\"image\":{\"@type\":\"ImageObject\",\"inLanguage\":\"pt-BR\",\"@id\":\"https:\/\/www.pm.pb.gov.br\/portal\/#\/schema\/person\/image\/\",\"url\":\"https:\/\/secure.gravatar.com\/avatar\/2efe197438265d1e90bd98c4c8e1acf8?s=96&d=mm&r=g\",\"contentUrl\":\"https:\/\/secure.gravatar.com\/avatar\/2efe197438265d1e90bd98c4c8e1acf8?s=96&d=mm&r=g\",\"caption\":\"Assessoria de Imprensa da PMPB\"},\"url\":\"https:\/\/www.pm.pb.gov.br\/portal\/author\/assessoria\/\"}]}<\/script>\n<!-- \/ Yoast SEO plugin. -->","yoast_head_json":{"title":"Opera\u00e7\u00e3o N\u00f4made recupera duas motos roubadas em Campina Grande - Pol\u00edcia Militar da Para\u00edba","robots":{"index":"index","follow":"follow","max-snippet":"max-snippet:-1","max-image-preview":"max-image-preview:large","max-video-preview":"max-video-preview:-1"},"canonical":"https:\/\/www.pm.pb.gov.br\/portal\/2012\/09\/03\/operacao_nomade_recupera_duas_motos_roubadas_em_campina_grande\/","og_locale":"pt_BR","og_type":"article","og_title":"Opera\u00e7\u00e3o N\u00f4made recupera duas motos roubadas em Campina Grande - Pol\u00edcia Militar da Para\u00edba","og_description":"Em menos de tr\u00eas horas, neste domingo (02), duas motos roubadas foram recuperadas pelo policiamento do 2\u00ba Batalh\u00e3o de Pol\u00edcia","og_url":"https:\/\/www.pm.pb.gov.br\/portal\/2012\/09\/03\/operacao_nomade_recupera_duas_motos_roubadas_em_campina_grande\/","og_site_name":"Pol\u00edcia Militar da Para\u00edba","article_published_time":"2012-09-03T14:09:48+00:00","og_image":[{"width":500,"height":666,"url":"https:\/\/www.pm.pb.gov.br\/portal\/wp-content\/uploads\/2012\/09\/7075_8546.jpg","type":"image\/jpeg"}],"author":"Assessoria de Imprensa da PMPB","twitter_card":"summary_large_image","twitter_misc":{"Escrito por":"Assessoria de Imprensa da PMPB","Est. tempo de leitura":"1 minuto"},"schema":{"@context":"https:\/\/schema.org","@graph":[{"@type":"Article","@id":"https:\/\/www.pm.pb.gov.br\/portal\/2012\/09\/03\/operacao_nomade_recupera_duas_motos_roubadas_em_campina_grande\/#article","isPartOf":{"@id":"https:\/\/www.pm.pb.gov.br\/portal\/2012\/09\/03\/operacao_nomade_recupera_duas_motos_roubadas_em_campina_grande\/"},"author":{"name":"Assessoria de Imprensa da PMPB","@id":"https:\/\/www.pm.pb.gov.br\/portal\/#\/schema\/person\/e8454f46651c3ecf0e1ba3c1666d9947"},"headline":"Opera\u00e7\u00e3o N\u00f4made recupera duas motos roubadas em Campina Grande","datePublished":"2012-09-03T14:09:48+00:00","dateModified":"2012-09-03T14:09:48+00:00","mainEntityOfPage":{"@id":"https:\/\/www.pm.pb.gov.br\/portal\/2012\/09\/03\/operacao_nomade_recupera_duas_motos_roubadas_em_campina_grande\/"},"wordCount":295,"publisher":{"@id":"https:\/\/www.pm.pb.gov.br\/portal\/#organization"},"articleSection":["A\u00e7\u00f5es Policiais"],"inLanguage":"pt-BR"},{"@type":"WebPage","@id":"https:\/\/www.pm.pb.gov.br\/portal\/2012\/09\/03\/operacao_nomade_recupera_duas_motos_roubadas_em_campina_grande\/","url":"https:\/\/www.pm.pb.gov.br\/portal\/2012\/09\/03\/operacao_nomade_recupera_duas_motos_roubadas_em_campina_grande\/","name":"Opera\u00e7\u00e3o N\u00f4made recupera duas motos roubadas em Campina Grande - Pol\u00edcia Militar da Para\u00edba","isPartOf":{"@id":"https:\/\/www.pm.pb.gov.br\/portal\/#website"},"datePublished":"2012-09-03T14:09:48+00:00","dateModified":"2012-09-03T14:09:48+00:00","breadcrumb":{"@id":"https:\/\/www.pm.pb.gov.br\/portal\/2012\/09\/03\/operacao_nomade_recupera_duas_motos_roubadas_em_campina_grande\/#breadcrumb"},"inLanguage":"pt-BR","potentialAction":[{"@type":"ReadAction","target":["https:\/\/www.pm.pb.gov.br\/portal\/2012\/09\/03\/operacao_nomade_recupera_duas_motos_roubadas_em_campina_grande\/"]}]},{"@type":"BreadcrumbList","@id":"https:\/\/www.pm.pb.gov.br\/portal\/2012\/09\/03\/operacao_nomade_recupera_duas_motos_roubadas_em_campina_grande\/#breadcrumb","itemListElement":[{"@type":"ListItem","position":1,"name":"In\u00edcio","item":"https:\/\/www.pm.pb.gov.br\/portal\/"},{"@type":"ListItem","position":2,"name":"Opera\u00e7\u00e3o N\u00f4made recupera duas motos roubadas em Campina Grande"}]},{"@type":"WebSite","@id":"https:\/\/www.pm.pb.gov.br\/portal\/#website","url":"https:\/\/www.pm.pb.gov.br\/portal\/","name":"Pol\u00edcia Militar da Para\u00edba","description":"","publisher":{"@id":"https:\/\/www.pm.pb.gov.br\/portal\/#organization"},"potentialAction":[{"@type":"SearchAction","target":{"@type":"EntryPoint","urlTemplate":"https:\/\/www.pm.pb.gov.br\/portal\/?s={search_term_string}"},"query-input":"required name=search_term_string"}],"inLanguage":"pt-BR"},{"@type":"Organization","@id":"https:\/\/www.pm.pb.gov.br\/portal\/#organization","name":"Pol\u00edcia Militar da Para\u00edba","url":"https:\/\/www.pm.pb.gov.br\/portal\/","logo":{"@type":"ImageObject","inLanguage":"pt-BR","@id":"https:\/\/www.pm.pb.gov.br\/portal\/#\/schema\/logo\/image\/","url":"https:\/\/www.pm.pb.gov.br\/portal\/wp-content\/uploads\/2025\/03\/cropped-logo-site-mag2-1.png","contentUrl":"https:\/\/www.pm.pb.gov.br\/portal\/wp-content\/uploads\/2025\/03\/cropped-logo-site-mag2-1.png","width":320,"height":90,"caption":"Pol\u00edcia Militar da Para\u00edba"},"image":{"@id":"https:\/\/www.pm.pb.gov.br\/portal\/#\/schema\/logo\/image\/"}},{"@type":"Person","@id":"https:\/\/www.pm.pb.gov.br\/portal\/#\/schema\/person\/e8454f46651c3ecf0e1ba3c1666d9947","name":"Assessoria de Imprensa da PMPB","image":{"@type":"ImageObject","inLanguage":"pt-BR","@id":"https:\/\/www.pm.pb.gov.br\/portal\/#\/schema\/person\/image\/","url":"https:\/\/secure.gravatar.com\/avatar\/2efe197438265d1e90bd98c4c8e1acf8?s=96&d=mm&r=g","contentUrl":"https:\/\/secure.gravatar.com\/avatar\/2efe197438265d1e90bd98c4c8e1acf8?s=96&d=mm&r=g","caption":"Assessoria de Imprensa da PMPB"},"url":"https:\/\/www.pm.pb.gov.br\/portal\/author\/assessoria\/"}]}},"_links":{"self":[{"href":"https:\/\/www.pm.pb.gov.br\/portal\/wp-json\/wp\/v2\/posts\/891327"}],"collection":[{"href":"https:\/\/www.pm.pb.gov.br\/portal\/wp-json\/wp\/v2\/posts"}],"about":[{"href":"https:\/\/www.pm.pb.gov.br\/portal\/wp-json\/wp\/v2\/types\/post"}],"author":[{"embeddable":true,"href":"https:\/\/www.pm.pb.gov.br\/portal\/wp-json\/wp\/v2\/users\/5"}],"replies":[{"embeddable":true,"href":"https:\/\/www.pm.pb.gov.br\/portal\/wp-json\/wp\/v2\/comments?post=891327"}],"version-history":[{"count":0,"href":"https:\/\/www.pm.pb.gov.br\/portal\/wp-json\/wp\/v2\/posts\/891327\/revisions"}],"wp:featuredmedia":[{"embeddable":true,"href":"https:\/\/www.pm.pb.gov.br\/portal\/wp-json\/wp\/v2\/media\/8546"}],"wp:attachment":[{"href":"https:\/\/www.pm.pb.gov.br\/portal\/wp-json\/wp\/v2\/media?parent=891327"}],"wp:term":[{"taxonomy":"category","embeddable":true,"href":"https:\/\/www.pm.pb.gov.br\/portal\/wp-json\/wp\/v2\/categories?post=891327"},{"taxonomy":"post_tag","embeddable":true,"href":"https:\/\/www.pm.pb.gov.br\/portal\/wp-json\/wp\/v2\/tags?post=891327"}],"curies":[{"name":"wp","href":"https:\/\/api.w.org\/{rel}","templated":true}]}}