{"id":891326,"date":"2012-09-03T11:09:51","date_gmt":"2012-09-03T14:09:51","guid":{"rendered":"http:\/\/www.pm.pb.gov.br\/portal\/2012\/09\/pm_participa_de_projeto_social_em_mandacaru\/"},"modified":"2012-09-03T11:09:51","modified_gmt":"2012-09-03T14:09:51","slug":"pm_participa_de_projeto_social_em_mandacaru","status":"publish","type":"post","link":"https:\/\/www.pm.pb.gov.br\/portal\/2012\/09\/03\/pm_participa_de_projeto_social_em_mandacaru\/","title":{"rendered":"PM participa de projeto social em Mandacaru"},"content":{"rendered":"<figure style=\"width: 500px\" class=\"wp-caption alignnone\"><img decoding=\"async\" class=\"alignnone size-medium\" src=\"http:\/\/www.pm.pb.gov.br\/portal\/wp-content\/uploads\/2012\/09\/7074_8544.jpg\" title=\"Evento teve a participa\u00e7\u00e3o de todas as modalidades de policiamento, a exemplo da Cavalaria\" width=\"100%\" \/><figcaption class=\"wp-caption-text\">Evento teve a participa\u00e7\u00e3o de todas as modalidades de policiamento, a exemplo da Cavalaria<\/figcaption><\/figure>\n<div style=\"text-align: justify;\">A Pol\u00edcia Militar da Para\u00edba participou, nessa sexta-feira (31), da comemora\u00e7\u00e3o do primeiro anivers\u00e1rio do projeto social \u0091uma nota musical que salva\u0092 \u0096 que busca prevenir o uso de drogas por adolescentes do bairro de mandacaru, atrav\u00e9s da m\u00fasica e teatro. O Evento aconteceu em algumas ruas do bairro de Mandacaru e foi aberto com a participa\u00e7\u00e3o do pr\u00f3prio comandante da pol\u00edcia militar da Para\u00edba, Coronel Euller Chaves.<\/p>\n<p>Na comemora\u00e7\u00e3o os moradores puderam participar das atividades de presta\u00e7\u00e3o de servi\u00e7o que foram oferecidas, como verifica\u00e7\u00e3o de press\u00e3o e de glicemia, educa\u00e7\u00e3o alimentar e um stand sobre educa\u00e7\u00e3o no tr\u00e2nsito. A Banda da pol\u00edcia militar abrilhantou o evento \u0096 que contou com policiais de diversas unidades, entre elas, da cavalaria e do canil da PM &#8211; com a presen\u00e7a dos c\u00e3es adestrados para este tipo de evento, o que fez a alegria dos jovens que puderam brincar com eles.<\/p>\n<p>Para o Comandante Geral da PM, Coronel Euller Chaves, a participa\u00e7\u00e3o da pol\u00edcia nesses eventos reflete a efetiva\u00e7\u00e3o da filosofia de trabalho que a pol\u00edcia militar da Para\u00edba adotou. \u0093A pol\u00edcia est\u00e1 cada vez mais pr\u00f3xima e integrada com os moradores, vivenciando suas conquistas e garantindo sua tranq\u00fcilidade, esse \u00e9 nosso papel e nosso dever enquanto promotores da paz social\u0094, comentou o comandante.<\/p>\n<p>A presidente do projeto social \u0091uma nota musical que salva\u0092, Lauric\u00e9ia Rodrigues, destacou a participa\u00e7\u00e3o da pol\u00edcia nesse trabalho de preven\u00e7\u00e3o voltado para os jovens da comunidade. \u0093A pol\u00edcia militar tem participado sempre que precisamos, seja prestando socorro e solidariedade aos moradores ou mesmo fazendo por onde acontecer projetos como esse nosso. Isso tem sido muito importante, principalmente, porque hoje a popula\u00e7\u00e3o de Mandacaru j\u00e1 v\u00ea a pol\u00edcia com outros olhos\u0094, declarou a presidente.<\/p>\n<p>As atividades aconteceram durante todo o dia e foram encerradas com uma apresenta\u00e7\u00e3o de teatro encenada pelos jovens do projeto. Um show gospel, ao final, proporcionou louvor e adora\u00e7\u00e3o aos moradores, marcando o agradecimento pelo 1\u00ba anivers\u00e1rio do projeto social que vem afastando as crian\u00e7as do bairro de Mandacaru das drogas.<\/p>\n<p>Comemorando o sucesso do evento, a presidente do conselho de seguran\u00e7a p\u00fablica da Para\u00edba, Abimadabe Vieira, classificou como um avan\u00e7o a aproxima\u00e7\u00e3o que a pol\u00edcia vem tendo com os moradores dos bairros. &#8220;Porque a popula\u00e7\u00e3o est\u00e1 gostando, est\u00e1 participando e est\u00e1 admirando o trabalho da pol\u00edcia militar, que nada mais \u00e9 do que parte de n\u00f3s, da sociedade civil da Para\u00edba&#8220;, finalizou.<\/p>\n<p>Uma Nota Musical que Salva<\/p>\n<p>\u00c9 uma organiza\u00e7\u00e3o n\u00e3o governamental (ONG) que trabalha a inclus\u00e3o social junto a crian\u00e7as e adolescentes filhos de fam\u00edlias de baixa renda no bairro Mandacaru, em Jo\u00e3o Pessoa. Sua principal miss\u00e3o \u00e9 evitar que a \u0091garotada\u0092 seja v\u00edtima das drogas como usu\u00e1rio ou que um dia se envolva com o tr\u00e1fico. A ONG funciona na resid\u00eancia do casal fundador,  Severino e Lauriceia, na rua general Barros Rego, 294, Mandacaru. O projeto atende mais de 64 crian\u00e7as e adolescentes, com aulas de m\u00fasica, culin\u00e1ria e canto.<\/p>\n<div class=\"row\" align=\"center\"><a href=\"http:\/\/www.pm.pb.gov.br\/portal\/wp-content\/uploads\/2012\/09\/7074_8545.jpg\"><figure style=\"width: 500px\" class=\"wp-caption alignnone\"><img decoding=\"async\" class=\"image-responsive\" src=\"http:\/\/www.pm.pb.gov.br\/portal\/wp-content\/uploads\/2012\/09\/7074_8545.jpg\" title=\"C\u00e3es adestrados do canil da PM alegraram a crian\u00e7ada\" width=\"100%\" \/><figcaption class=\"wp-caption-text\">C\u00e3es adestrados do canil da PM alegraram a crian\u00e7ada<\/figcaption><\/figure><\/a><\/div>\n<\/div>\n","protected":false},"excerpt":{"rendered":"<p>A Pol\u00edcia Militar da Para\u00edba participou, nessa sexta-feira (31), da comemora\u00e7\u00e3o do primeiro anivers\u00e1rio do projeto social \u0091uma nota musical<\/p>\n","protected":false},"author":5,"featured_media":8544,"comment_status":"closed","ping_status":"closed","sticky":false,"template":"","format":"standard","meta":{"_exactmetrics_skip_tracking":false,"_exactmetrics_sitenote_active":false,"_exactmetrics_sitenote_note":"","_exactmetrics_sitenote_category":0,"footnotes":""},"categories":[9],"tags":[],"yoast_head":"<!-- This site is optimized with the Yoast SEO plugin v22.0 - https:\/\/yoast.com\/wordpress\/plugins\/seo\/ -->\n<title>PM participa de projeto social em Mandacaru - Pol\u00edcia Militar da Para\u00edba<\/title>\n<meta name=\"robots\" content=\"index, follow, max-snippet:-1, max-image-preview:large, max-video-preview:-1\" \/>\n<link rel=\"canonical\" href=\"https:\/\/www.pm.pb.gov.br\/portal\/2012\/09\/03\/pm_participa_de_projeto_social_em_mandacaru\/\" \/>\n<meta property=\"og:locale\" content=\"pt_BR\" \/>\n<meta property=\"og:type\" content=\"article\" \/>\n<meta property=\"og:title\" content=\"PM participa de projeto social em Mandacaru - Pol\u00edcia Militar da Para\u00edba\" \/>\n<meta property=\"og:description\" content=\"A Pol\u00edcia Militar da Para\u00edba participou, nessa sexta-feira (31), da comemora\u00e7\u00e3o do primeiro anivers\u00e1rio do projeto social \u0091uma nota musical\" \/>\n<meta property=\"og:url\" content=\"https:\/\/www.pm.pb.gov.br\/portal\/2012\/09\/03\/pm_participa_de_projeto_social_em_mandacaru\/\" \/>\n<meta property=\"og:site_name\" content=\"Pol\u00edcia Militar da Para\u00edba\" \/>\n<meta property=\"article:published_time\" content=\"2012-09-03T14:09:51+00:00\" \/>\n<meta property=\"og:image\" content=\"https:\/\/www.pm.pb.gov.br\/portal\/wp-content\/uploads\/2012\/09\/7074_8544.jpg\" \/>\n\t<meta property=\"og:image:width\" content=\"500\" \/>\n\t<meta property=\"og:image:height\" content=\"333\" \/>\n\t<meta property=\"og:image:type\" content=\"image\/jpeg\" \/>\n<meta name=\"author\" content=\"Assessoria de Imprensa da PMPB\" \/>\n<meta name=\"twitter:card\" content=\"summary_large_image\" \/>\n<meta name=\"twitter:label1\" content=\"Escrito por\" \/>\n\t<meta name=\"twitter:data1\" content=\"Assessoria de Imprensa da PMPB\" \/>\n\t<meta name=\"twitter:label2\" content=\"Est. tempo de leitura\" \/>\n\t<meta name=\"twitter:data2\" content=\"3 minutos\" \/>\n<script type=\"application\/ld+json\" class=\"yoast-schema-graph\">{\"@context\":\"https:\/\/schema.org\",\"@graph\":[{\"@type\":\"Article\",\"@id\":\"https:\/\/www.pm.pb.gov.br\/portal\/2012\/09\/03\/pm_participa_de_projeto_social_em_mandacaru\/#article\",\"isPartOf\":{\"@id\":\"https:\/\/www.pm.pb.gov.br\/portal\/2012\/09\/03\/pm_participa_de_projeto_social_em_mandacaru\/\"},\"author\":{\"name\":\"Assessoria de Imprensa da PMPB\",\"@id\":\"https:\/\/www.pm.pb.gov.br\/portal\/#\/schema\/person\/e8454f46651c3ecf0e1ba3c1666d9947\"},\"headline\":\"PM participa de projeto social em Mandacaru\",\"datePublished\":\"2012-09-03T14:09:51+00:00\",\"dateModified\":\"2012-09-03T14:09:51+00:00\",\"mainEntityOfPage\":{\"@id\":\"https:\/\/www.pm.pb.gov.br\/portal\/2012\/09\/03\/pm_participa_de_projeto_social_em_mandacaru\/\"},\"wordCount\":587,\"publisher\":{\"@id\":\"https:\/\/www.pm.pb.gov.br\/portal\/#organization\"},\"articleSection\":[\"Eventos\"],\"inLanguage\":\"pt-BR\"},{\"@type\":\"WebPage\",\"@id\":\"https:\/\/www.pm.pb.gov.br\/portal\/2012\/09\/03\/pm_participa_de_projeto_social_em_mandacaru\/\",\"url\":\"https:\/\/www.pm.pb.gov.br\/portal\/2012\/09\/03\/pm_participa_de_projeto_social_em_mandacaru\/\",\"name\":\"PM participa de projeto social em Mandacaru - Pol\u00edcia Militar da Para\u00edba\",\"isPartOf\":{\"@id\":\"https:\/\/www.pm.pb.gov.br\/portal\/#website\"},\"datePublished\":\"2012-09-03T14:09:51+00:00\",\"dateModified\":\"2012-09-03T14:09:51+00:00\",\"breadcrumb\":{\"@id\":\"https:\/\/www.pm.pb.gov.br\/portal\/2012\/09\/03\/pm_participa_de_projeto_social_em_mandacaru\/#breadcrumb\"},\"inLanguage\":\"pt-BR\",\"potentialAction\":[{\"@type\":\"ReadAction\",\"target\":[\"https:\/\/www.pm.pb.gov.br\/portal\/2012\/09\/03\/pm_participa_de_projeto_social_em_mandacaru\/\"]}]},{\"@type\":\"BreadcrumbList\",\"@id\":\"https:\/\/www.pm.pb.gov.br\/portal\/2012\/09\/03\/pm_participa_de_projeto_social_em_mandacaru\/#breadcrumb\",\"itemListElement\":[{\"@type\":\"ListItem\",\"position\":1,\"name\":\"In\u00edcio\",\"item\":\"https:\/\/www.pm.pb.gov.br\/portal\/\"},{\"@type\":\"ListItem\",\"position\":2,\"name\":\"PM participa de projeto social em Mandacaru\"}]},{\"@type\":\"WebSite\",\"@id\":\"https:\/\/www.pm.pb.gov.br\/portal\/#website\",\"url\":\"https:\/\/www.pm.pb.gov.br\/portal\/\",\"name\":\"Pol\u00edcia Militar da Para\u00edba\",\"description\":\"\",\"publisher\":{\"@id\":\"https:\/\/www.pm.pb.gov.br\/portal\/#organization\"},\"potentialAction\":[{\"@type\":\"SearchAction\",\"target\":{\"@type\":\"EntryPoint\",\"urlTemplate\":\"https:\/\/www.pm.pb.gov.br\/portal\/?s={search_term_string}\"},\"query-input\":\"required name=search_term_string\"}],\"inLanguage\":\"pt-BR\"},{\"@type\":\"Organization\",\"@id\":\"https:\/\/www.pm.pb.gov.br\/portal\/#organization\",\"name\":\"Pol\u00edcia Militar da Para\u00edba\",\"url\":\"https:\/\/www.pm.pb.gov.br\/portal\/\",\"logo\":{\"@type\":\"ImageObject\",\"inLanguage\":\"pt-BR\",\"@id\":\"https:\/\/www.pm.pb.gov.br\/portal\/#\/schema\/logo\/image\/\",\"url\":\"https:\/\/www.pm.pb.gov.br\/portal\/wp-content\/uploads\/2025\/03\/cropped-logo-site-mag2-1.png\",\"contentUrl\":\"https:\/\/www.pm.pb.gov.br\/portal\/wp-content\/uploads\/2025\/03\/cropped-logo-site-mag2-1.png\",\"width\":320,\"height\":90,\"caption\":\"Pol\u00edcia Militar da Para\u00edba\"},\"image\":{\"@id\":\"https:\/\/www.pm.pb.gov.br\/portal\/#\/schema\/logo\/image\/\"}},{\"@type\":\"Person\",\"@id\":\"https:\/\/www.pm.pb.gov.br\/portal\/#\/schema\/person\/e8454f46651c3ecf0e1ba3c1666d9947\",\"name\":\"Assessoria de Imprensa da PMPB\",\"image\":{\"@type\":\"ImageObject\",\"inLanguage\":\"pt-BR\",\"@id\":\"https:\/\/www.pm.pb.gov.br\/portal\/#\/schema\/person\/image\/\",\"url\":\"https:\/\/secure.gravatar.com\/avatar\/2efe197438265d1e90bd98c4c8e1acf8?s=96&d=mm&r=g\",\"contentUrl\":\"https:\/\/secure.gravatar.com\/avatar\/2efe197438265d1e90bd98c4c8e1acf8?s=96&d=mm&r=g\",\"caption\":\"Assessoria de Imprensa da PMPB\"},\"url\":\"https:\/\/www.pm.pb.gov.br\/portal\/author\/assessoria\/\"}]}<\/script>\n<!-- \/ Yoast SEO plugin. -->","yoast_head_json":{"title":"PM participa de projeto social em Mandacaru - Pol\u00edcia Militar da Para\u00edba","robots":{"index":"index","follow":"follow","max-snippet":"max-snippet:-1","max-image-preview":"max-image-preview:large","max-video-preview":"max-video-preview:-1"},"canonical":"https:\/\/www.pm.pb.gov.br\/portal\/2012\/09\/03\/pm_participa_de_projeto_social_em_mandacaru\/","og_locale":"pt_BR","og_type":"article","og_title":"PM participa de projeto social em Mandacaru - Pol\u00edcia Militar da Para\u00edba","og_description":"A Pol\u00edcia Militar da Para\u00edba participou, nessa sexta-feira (31), da comemora\u00e7\u00e3o do primeiro anivers\u00e1rio do projeto social \u0091uma nota musical","og_url":"https:\/\/www.pm.pb.gov.br\/portal\/2012\/09\/03\/pm_participa_de_projeto_social_em_mandacaru\/","og_site_name":"Pol\u00edcia Militar da Para\u00edba","article_published_time":"2012-09-03T14:09:51+00:00","og_image":[{"width":500,"height":333,"url":"https:\/\/www.pm.pb.gov.br\/portal\/wp-content\/uploads\/2012\/09\/7074_8544.jpg","type":"image\/jpeg"}],"author":"Assessoria de Imprensa da PMPB","twitter_card":"summary_large_image","twitter_misc":{"Escrito por":"Assessoria de Imprensa da PMPB","Est. tempo de leitura":"3 minutos"},"schema":{"@context":"https:\/\/schema.org","@graph":[{"@type":"Article","@id":"https:\/\/www.pm.pb.gov.br\/portal\/2012\/09\/03\/pm_participa_de_projeto_social_em_mandacaru\/#article","isPartOf":{"@id":"https:\/\/www.pm.pb.gov.br\/portal\/2012\/09\/03\/pm_participa_de_projeto_social_em_mandacaru\/"},"author":{"name":"Assessoria de Imprensa da PMPB","@id":"https:\/\/www.pm.pb.gov.br\/portal\/#\/schema\/person\/e8454f46651c3ecf0e1ba3c1666d9947"},"headline":"PM participa de projeto social em Mandacaru","datePublished":"2012-09-03T14:09:51+00:00","dateModified":"2012-09-03T14:09:51+00:00","mainEntityOfPage":{"@id":"https:\/\/www.pm.pb.gov.br\/portal\/2012\/09\/03\/pm_participa_de_projeto_social_em_mandacaru\/"},"wordCount":587,"publisher":{"@id":"https:\/\/www.pm.pb.gov.br\/portal\/#organization"},"articleSection":["Eventos"],"inLanguage":"pt-BR"},{"@type":"WebPage","@id":"https:\/\/www.pm.pb.gov.br\/portal\/2012\/09\/03\/pm_participa_de_projeto_social_em_mandacaru\/","url":"https:\/\/www.pm.pb.gov.br\/portal\/2012\/09\/03\/pm_participa_de_projeto_social_em_mandacaru\/","name":"PM participa de projeto social em Mandacaru - Pol\u00edcia Militar da Para\u00edba","isPartOf":{"@id":"https:\/\/www.pm.pb.gov.br\/portal\/#website"},"datePublished":"2012-09-03T14:09:51+00:00","dateModified":"2012-09-03T14:09:51+00:00","breadcrumb":{"@id":"https:\/\/www.pm.pb.gov.br\/portal\/2012\/09\/03\/pm_participa_de_projeto_social_em_mandacaru\/#breadcrumb"},"inLanguage":"pt-BR","potentialAction":[{"@type":"ReadAction","target":["https:\/\/www.pm.pb.gov.br\/portal\/2012\/09\/03\/pm_participa_de_projeto_social_em_mandacaru\/"]}]},{"@type":"BreadcrumbList","@id":"https:\/\/www.pm.pb.gov.br\/portal\/2012\/09\/03\/pm_participa_de_projeto_social_em_mandacaru\/#breadcrumb","itemListElement":[{"@type":"ListItem","position":1,"name":"In\u00edcio","item":"https:\/\/www.pm.pb.gov.br\/portal\/"},{"@type":"ListItem","position":2,"name":"PM participa de projeto social em Mandacaru"}]},{"@type":"WebSite","@id":"https:\/\/www.pm.pb.gov.br\/portal\/#website","url":"https:\/\/www.pm.pb.gov.br\/portal\/","name":"Pol\u00edcia Militar da Para\u00edba","description":"","publisher":{"@id":"https:\/\/www.pm.pb.gov.br\/portal\/#organization"},"potentialAction":[{"@type":"SearchAction","target":{"@type":"EntryPoint","urlTemplate":"https:\/\/www.pm.pb.gov.br\/portal\/?s={search_term_string}"},"query-input":"required name=search_term_string"}],"inLanguage":"pt-BR"},{"@type":"Organization","@id":"https:\/\/www.pm.pb.gov.br\/portal\/#organization","name":"Pol\u00edcia Militar da Para\u00edba","url":"https:\/\/www.pm.pb.gov.br\/portal\/","logo":{"@type":"ImageObject","inLanguage":"pt-BR","@id":"https:\/\/www.pm.pb.gov.br\/portal\/#\/schema\/logo\/image\/","url":"https:\/\/www.pm.pb.gov.br\/portal\/wp-content\/uploads\/2025\/03\/cropped-logo-site-mag2-1.png","contentUrl":"https:\/\/www.pm.pb.gov.br\/portal\/wp-content\/uploads\/2025\/03\/cropped-logo-site-mag2-1.png","width":320,"height":90,"caption":"Pol\u00edcia Militar da Para\u00edba"},"image":{"@id":"https:\/\/www.pm.pb.gov.br\/portal\/#\/schema\/logo\/image\/"}},{"@type":"Person","@id":"https:\/\/www.pm.pb.gov.br\/portal\/#\/schema\/person\/e8454f46651c3ecf0e1ba3c1666d9947","name":"Assessoria de Imprensa da PMPB","image":{"@type":"ImageObject","inLanguage":"pt-BR","@id":"https:\/\/www.pm.pb.gov.br\/portal\/#\/schema\/person\/image\/","url":"https:\/\/secure.gravatar.com\/avatar\/2efe197438265d1e90bd98c4c8e1acf8?s=96&d=mm&r=g","contentUrl":"https:\/\/secure.gravatar.com\/avatar\/2efe197438265d1e90bd98c4c8e1acf8?s=96&d=mm&r=g","caption":"Assessoria de Imprensa da PMPB"},"url":"https:\/\/www.pm.pb.gov.br\/portal\/author\/assessoria\/"}]}},"_links":{"self":[{"href":"https:\/\/www.pm.pb.gov.br\/portal\/wp-json\/wp\/v2\/posts\/891326"}],"collection":[{"href":"https:\/\/www.pm.pb.gov.br\/portal\/wp-json\/wp\/v2\/posts"}],"about":[{"href":"https:\/\/www.pm.pb.gov.br\/portal\/wp-json\/wp\/v2\/types\/post"}],"author":[{"embeddable":true,"href":"https:\/\/www.pm.pb.gov.br\/portal\/wp-json\/wp\/v2\/users\/5"}],"replies":[{"embeddable":true,"href":"https:\/\/www.pm.pb.gov.br\/portal\/wp-json\/wp\/v2\/comments?post=891326"}],"version-history":[{"count":0,"href":"https:\/\/www.pm.pb.gov.br\/portal\/wp-json\/wp\/v2\/posts\/891326\/revisions"}],"wp:featuredmedia":[{"embeddable":true,"href":"https:\/\/www.pm.pb.gov.br\/portal\/wp-json\/wp\/v2\/media\/8544"}],"wp:attachment":[{"href":"https:\/\/www.pm.pb.gov.br\/portal\/wp-json\/wp\/v2\/media?parent=891326"}],"wp:term":[{"taxonomy":"category","embeddable":true,"href":"https:\/\/www.pm.pb.gov.br\/portal\/wp-json\/wp\/v2\/categories?post=891326"},{"taxonomy":"post_tag","embeddable":true,"href":"https:\/\/www.pm.pb.gov.br\/portal\/wp-json\/wp\/v2\/tags?post=891326"}],"curies":[{"name":"wp","href":"https:\/\/api.w.org\/{rel}","templated":true}]}}