{"id":891292,"date":"2012-08-24T13:08:22","date_gmt":"2012-08-24T16:08:22","guid":{"rendered":"http:\/\/www.pm.pb.gov.br\/portal\/2012\/08\/pm_tira_mais_duas_armas_de_circulacao_em_mandacaru\/"},"modified":"2012-08-24T13:08:22","modified_gmt":"2012-08-24T16:08:22","slug":"pm_tira_mais_duas_armas_de_circulacao_em_mandacaru","status":"publish","type":"post","link":"https:\/\/www.pm.pb.gov.br\/portal\/2012\/08\/24\/pm_tira_mais_duas_armas_de_circulacao_em_mandacaru\/","title":{"rendered":"PM tira mais duas armas de circula\u00e7\u00e3o em Mandacaru"},"content":{"rendered":"<figure style=\"width: 500px\" class=\"wp-caption alignnone\"><img decoding=\"async\" class=\"alignnone size-medium\" src=\"http:\/\/www.pm.pb.gov.br\/portal\/wp-content\/uploads\/2012\/08\/7012_8376.jpg\" title=\"Armas e Muni\u00e7\u00f5es apreendidas\" width=\"100%\" \/><figcaption class=\"wp-caption-text\">Armas e Muni\u00e7\u00f5es apreendidas<\/figcaption><\/figure>\n<div style=\"text-align: justify;\">Policiais da For\u00e7a T\u00e1tica do 1\u00ba Batalh\u00e3o de Pol\u00edcia Militar apreenderam duas armas, no come\u00e7o da tarde dessa quarta-feira (22), que estavam sendo utilizadas por dois adolescentes suspeitos de planejar um homic\u00eddio no Porto de Jo\u00e3o Tota, em Mandacaru, na Capital. Segundo os policiais que realizaram a pris\u00e3o, os jovens, um de 16 e outro de 15 anos, foram encontrados a caminho da casa da suposta v\u00edtima.<\/p>\n<p>A apreens\u00e3o aconteceu no momento em que policiais do motopatrulhamento t\u00e1tico realizavam rondas pelo beco da &#8220;baleeira&#8221;, no bairro, e se depararam com os jovens de armas j\u00e1 em punho. Os suspeitos tentaram fugir e entraram em uma casa assim que perceberam a presen\u00e7a dos policiais, mas foram perseguidos e pegos pela pol\u00edcia. Os adolescentes foram encaminhados a Unidade de Pol\u00edcia Solid\u00e1ria (UPS) de Mandacaru e em seguida levados para a delegacia da inf\u00e2ncia e juventude.<\/p>\n<p>O bairro de Mandacaru n\u00e3o registrou nenhum homic\u00eddio neste m\u00eas de agosto. J\u00e1 s\u00e3o 3 armas apreendidas em 5 dias. Para o Cabo Galv\u00e3o, um dos respons\u00e1veis pela apreens\u00e3o de hoje, esse resultado se deve as diversas modalidades de policiamento que existem no bairro. \u0093A apreens\u00e3o de hoje s\u00f3 aconteceu gra\u00e7as a facilidade de acesso que o policiamento feito com as motos possuem. Assim que vimos os adolescentes com a arma na m\u00e3o, eles tentaram fugir, mas conseguimos persegui-los pelo beco e chegar r\u00e1pido at\u00e9 eles\u0094, contou.<\/p>\n<p>O comandante da Unidade de Pol\u00edcia Solid\u00e1ria de Mandacaru ressalta a presen\u00e7a da pol\u00edcia no bairro como respons\u00e1vel por devolver a tranquilidade aos moradores de Mandacaru. \u0093A chegada da UPS no bairro foi muito importante para promover uma maior Seguran\u00e7a aos moradores. Antes a pol\u00edcia vinha no bairro, atendia a ocorr\u00eancia (que muitas vezes era de homic\u00eddio) e depois ia embora. Agora n\u00e3o, a pol\u00edcia est\u00e1 aqui convivendo 24h com os moradores que podem se queixar de algo antes que um poss\u00edvel crime aconte\u00e7a\u0094, lembrou.<\/p>\n<p>Ao comentar sobre os resultados da diminui\u00e7\u00e3o da criminalidade no bairro, o tenente confessa que a localiza\u00e7\u00e3o da UPS inibe bastante a a\u00e7\u00e3o dos bandidos. \u0093Os assaltos quase n\u00e3o acontecem mais. Antes os criminosos realizavam assaltos no bairro dos Estados, 13 de Maio, e vinham correndo com a arma na m\u00e3o em dire\u00e7\u00e3o a Mandacaru. Hoje isso n\u00e3o existe mais, pois estamos na principal entrada do bairro, em um local alto com boa visibilidade e com acesso f\u00e1cil e r\u00e1pido a todos os pontos do bairro de Mandacaru, o que inibe bastante a a\u00e7\u00e3o de quem pretende cometer algum crime\u0094, finalizou.<\/p>\n<p>No Fim de Semana<\/p>\n<p>Policiais da Unidade de Pol\u00edcia Solid\u00e1ria (UPS) de Mandacaru apreenderam, no \u00faltimo s\u00e1bado (18), uma arma de fogo que estava com um albergado que bebia em um bar na comunidade Jardim Mangueira, em Mandacaru.  Os policiais chegaram at\u00e9 o acusado ap\u00f3s receberem informa\u00e7\u00f5es de que o albergado estava bebendo e mostrando a arma para outros clientes do bar. A pol\u00edcia foi at\u00e9 o local e realizou a pris\u00e3o. O acusado ainda tentou jogar a arma quando percebeu a presen\u00e7a da pol\u00edcia, mas os policiais localizaram a arma. Ele foi encaminhado ao Distrito Integrado de Seguran\u00e7a P\u00fablica (DISP) de Mana\u00edra, onde foi apresentado \u00e0 autoridade policial.<\/p>\n<p>Dados<\/p>\n<p>Em um ano e dois meses que Mandacaru recebeu a Unidade de Pol\u00edcia Solid\u00e1ria, o bairro apresentou resultados de redu\u00e7\u00e3o da criminalidade, o que fez com quem houvesse uma queda em 6 posi\u00e7\u00f5es no ranking dos bairros com mais n\u00fameros de homic\u00eddios. Este m\u00eas n\u00e3o foi registrado nenhum homic\u00eddio em Mandacaru, n\u00famero que mant\u00e9m a m\u00e9dia do mesmo per\u00edodo do ano passado, quando tamb\u00e9m n\u00e3o houve homic\u00eddio na regi\u00e3o.<\/p>\n<p>O Trabalho da UPS<\/p>\n<p>Assim que a UPS de Mandacaru foi instalada houve um trabalho de capacita\u00e7\u00e3o dos policiais que passaram a atuar no policiamento do bairro e tamb\u00e9m de l\u00edderes comunit\u00e1rios que juntos receberam o curso de promotor de pol\u00edcia comunit\u00e1ria. Hoje 95% dos policiais que atuam na UPS de Mandacaru possuem o curso de promotor de pol\u00edcia comunit\u00e1ria. Diariamente \u00e9 feito um trabalho de conscientiza\u00e7\u00e3o com os moradores para mostrar a import\u00e2ncia do trabalho integrado da pol\u00edcia com a comunidade, pois um precisa e depende do outro.<\/p>\n<p>Linha Solid\u00e1ria<\/p>\n<p>Outro servi\u00e7o oferecido aos moradores de Mandacaru \u00e9 a \u0093linha solid\u00e1ria\u0094 &#8211; que \u00e9 um n\u00famero que atrav\u00e9s dele \u00e9 poss\u00edvel falar diretamente com as viaturas que fazem o policiamento no bairro. Na UPS de Mandacaru o telefone que atende a \u00e1rea \u00e9 o 8619-2213.<\/p>\n<div class=\"row\" align=\"center\"><a href=\"http:\/\/www.pm.pb.gov.br\/exportacao\/fotos_noticias\/7012_8377.jpg\"><figure style=\"width: 500px\" class=\"wp-caption alignnone\"><img decoding=\"async\" class=\"image-responsive\" src=\"http:\/\/www.pm.pb.gov.br\/exportacao\/fotos_noticias\/7012_8377.jpg\" title=\"Apreens\u00e3o foi feita pela for\u00e7a t\u00e1tica do 1BPM\" width=\"100%\" \/><figcaption class=\"wp-caption-text\">Apreens\u00e3o foi feita pela for\u00e7a t\u00e1tica do 1BPM<\/figcaption><\/figure><\/a><a href=\"http:\/\/www.pm.pb.gov.br\/exportacao\/fotos_noticias\/7012_8378.jpg\"><figure style=\"width: 500px\" class=\"wp-caption alignnone\"><img decoding=\"async\" class=\"image-responsive\" src=\"http:\/\/www.pm.pb.gov.br\/exportacao\/fotos_noticias\/7012_8378.jpg\" title=\"Arma apreendida no s\u00e1bado\" width=\"100%\" \/><figcaption class=\"wp-caption-text\">Arma apreendida no s\u00e1bado<\/figcaption><\/figure><\/a><a href=\"http:\/\/www.pm.pb.gov.br\/portal\/wp-content\/uploads\/2012\/08\/7012_8379.jpg\"><figure style=\"width: 500px\" class=\"wp-caption alignnone\"><img decoding=\"async\" class=\"image-responsive\" src=\"http:\/\/www.pm.pb.gov.br\/portal\/wp-content\/uploads\/2012\/08\/7012_8379.jpg\" title=\"UPS de Mandacaru\" width=\"100%\" \/><figcaption class=\"wp-caption-text\">UPS de Mandacaru<\/figcaption><\/figure><\/a><\/div>\n<\/div>\n","protected":false},"excerpt":{"rendered":"<p>Policiais da For\u00e7a T\u00e1tica do 1\u00ba Batalh\u00e3o de Pol\u00edcia Militar apreenderam duas armas, no come\u00e7o da tarde dessa quarta-feira (22),<\/p>\n","protected":false},"author":5,"featured_media":8376,"comment_status":"closed","ping_status":"closed","sticky":false,"template":"","format":"standard","meta":{"_exactmetrics_skip_tracking":false,"_exactmetrics_sitenote_active":false,"_exactmetrics_sitenote_note":"","_exactmetrics_sitenote_category":0,"footnotes":""},"categories":[4],"tags":[],"yoast_head":"<!-- This site is optimized with the Yoast SEO plugin v22.0 - https:\/\/yoast.com\/wordpress\/plugins\/seo\/ -->\n<title>PM tira mais duas armas de circula\u00e7\u00e3o em Mandacaru - Pol\u00edcia Militar da Para\u00edba<\/title>\n<meta name=\"robots\" content=\"index, follow, max-snippet:-1, max-image-preview:large, max-video-preview:-1\" \/>\n<link rel=\"canonical\" href=\"https:\/\/www.pm.pb.gov.br\/portal\/2012\/08\/24\/pm_tira_mais_duas_armas_de_circulacao_em_mandacaru\/\" \/>\n<meta property=\"og:locale\" content=\"pt_BR\" \/>\n<meta property=\"og:type\" content=\"article\" \/>\n<meta property=\"og:title\" content=\"PM tira mais duas armas de circula\u00e7\u00e3o em Mandacaru - Pol\u00edcia Militar da Para\u00edba\" \/>\n<meta property=\"og:description\" content=\"Policiais da For\u00e7a T\u00e1tica do 1\u00ba Batalh\u00e3o de Pol\u00edcia Militar apreenderam duas armas, no come\u00e7o da tarde dessa quarta-feira (22),\" \/>\n<meta property=\"og:url\" content=\"https:\/\/www.pm.pb.gov.br\/portal\/2012\/08\/24\/pm_tira_mais_duas_armas_de_circulacao_em_mandacaru\/\" \/>\n<meta property=\"og:site_name\" content=\"Pol\u00edcia Militar da Para\u00edba\" \/>\n<meta property=\"article:published_time\" content=\"2012-08-24T16:08:22+00:00\" \/>\n<meta property=\"og:image\" content=\"https:\/\/www.pm.pb.gov.br\/portal\/wp-content\/uploads\/2012\/08\/7012_8376.jpg\" \/>\n\t<meta property=\"og:image:width\" content=\"500\" \/>\n\t<meta property=\"og:image:height\" content=\"333\" \/>\n\t<meta property=\"og:image:type\" content=\"image\/jpeg\" \/>\n<meta name=\"author\" content=\"Assessoria de Imprensa da PMPB\" \/>\n<meta name=\"twitter:card\" content=\"summary_large_image\" \/>\n<meta name=\"twitter:label1\" content=\"Escrito por\" \/>\n\t<meta name=\"twitter:data1\" content=\"Assessoria de Imprensa da PMPB\" \/>\n\t<meta name=\"twitter:label2\" content=\"Est. tempo de leitura\" \/>\n\t<meta name=\"twitter:data2\" content=\"4 minutos\" \/>\n<script type=\"application\/ld+json\" class=\"yoast-schema-graph\">{\"@context\":\"https:\/\/schema.org\",\"@graph\":[{\"@type\":\"Article\",\"@id\":\"https:\/\/www.pm.pb.gov.br\/portal\/2012\/08\/24\/pm_tira_mais_duas_armas_de_circulacao_em_mandacaru\/#article\",\"isPartOf\":{\"@id\":\"https:\/\/www.pm.pb.gov.br\/portal\/2012\/08\/24\/pm_tira_mais_duas_armas_de_circulacao_em_mandacaru\/\"},\"author\":{\"name\":\"Assessoria de Imprensa da PMPB\",\"@id\":\"https:\/\/www.pm.pb.gov.br\/portal\/#\/schema\/person\/e8454f46651c3ecf0e1ba3c1666d9947\"},\"headline\":\"PM tira mais duas armas de circula\u00e7\u00e3o em Mandacaru\",\"datePublished\":\"2012-08-24T16:08:22+00:00\",\"dateModified\":\"2012-08-24T16:08:22+00:00\",\"mainEntityOfPage\":{\"@id\":\"https:\/\/www.pm.pb.gov.br\/portal\/2012\/08\/24\/pm_tira_mais_duas_armas_de_circulacao_em_mandacaru\/\"},\"wordCount\":869,\"publisher\":{\"@id\":\"https:\/\/www.pm.pb.gov.br\/portal\/#organization\"},\"articleSection\":[\"A\u00e7\u00f5es Policiais\"],\"inLanguage\":\"pt-BR\"},{\"@type\":\"WebPage\",\"@id\":\"https:\/\/www.pm.pb.gov.br\/portal\/2012\/08\/24\/pm_tira_mais_duas_armas_de_circulacao_em_mandacaru\/\",\"url\":\"https:\/\/www.pm.pb.gov.br\/portal\/2012\/08\/24\/pm_tira_mais_duas_armas_de_circulacao_em_mandacaru\/\",\"name\":\"PM tira mais duas armas de circula\u00e7\u00e3o em Mandacaru - Pol\u00edcia Militar da Para\u00edba\",\"isPartOf\":{\"@id\":\"https:\/\/www.pm.pb.gov.br\/portal\/#website\"},\"datePublished\":\"2012-08-24T16:08:22+00:00\",\"dateModified\":\"2012-08-24T16:08:22+00:00\",\"breadcrumb\":{\"@id\":\"https:\/\/www.pm.pb.gov.br\/portal\/2012\/08\/24\/pm_tira_mais_duas_armas_de_circulacao_em_mandacaru\/#breadcrumb\"},\"inLanguage\":\"pt-BR\",\"potentialAction\":[{\"@type\":\"ReadAction\",\"target\":[\"https:\/\/www.pm.pb.gov.br\/portal\/2012\/08\/24\/pm_tira_mais_duas_armas_de_circulacao_em_mandacaru\/\"]}]},{\"@type\":\"BreadcrumbList\",\"@id\":\"https:\/\/www.pm.pb.gov.br\/portal\/2012\/08\/24\/pm_tira_mais_duas_armas_de_circulacao_em_mandacaru\/#breadcrumb\",\"itemListElement\":[{\"@type\":\"ListItem\",\"position\":1,\"name\":\"In\u00edcio\",\"item\":\"https:\/\/www.pm.pb.gov.br\/portal\/\"},{\"@type\":\"ListItem\",\"position\":2,\"name\":\"PM tira mais duas armas de circula\u00e7\u00e3o em Mandacaru\"}]},{\"@type\":\"WebSite\",\"@id\":\"https:\/\/www.pm.pb.gov.br\/portal\/#website\",\"url\":\"https:\/\/www.pm.pb.gov.br\/portal\/\",\"name\":\"Pol\u00edcia Militar da Para\u00edba\",\"description\":\"\",\"publisher\":{\"@id\":\"https:\/\/www.pm.pb.gov.br\/portal\/#organization\"},\"potentialAction\":[{\"@type\":\"SearchAction\",\"target\":{\"@type\":\"EntryPoint\",\"urlTemplate\":\"https:\/\/www.pm.pb.gov.br\/portal\/?s={search_term_string}\"},\"query-input\":\"required name=search_term_string\"}],\"inLanguage\":\"pt-BR\"},{\"@type\":\"Organization\",\"@id\":\"https:\/\/www.pm.pb.gov.br\/portal\/#organization\",\"name\":\"Pol\u00edcia Militar da Para\u00edba\",\"url\":\"https:\/\/www.pm.pb.gov.br\/portal\/\",\"logo\":{\"@type\":\"ImageObject\",\"inLanguage\":\"pt-BR\",\"@id\":\"https:\/\/www.pm.pb.gov.br\/portal\/#\/schema\/logo\/image\/\",\"url\":\"https:\/\/www.pm.pb.gov.br\/portal\/wp-content\/uploads\/2025\/03\/cropped-logo-site-mag2-1.png\",\"contentUrl\":\"https:\/\/www.pm.pb.gov.br\/portal\/wp-content\/uploads\/2025\/03\/cropped-logo-site-mag2-1.png\",\"width\":320,\"height\":90,\"caption\":\"Pol\u00edcia Militar da Para\u00edba\"},\"image\":{\"@id\":\"https:\/\/www.pm.pb.gov.br\/portal\/#\/schema\/logo\/image\/\"}},{\"@type\":\"Person\",\"@id\":\"https:\/\/www.pm.pb.gov.br\/portal\/#\/schema\/person\/e8454f46651c3ecf0e1ba3c1666d9947\",\"name\":\"Assessoria de Imprensa da PMPB\",\"image\":{\"@type\":\"ImageObject\",\"inLanguage\":\"pt-BR\",\"@id\":\"https:\/\/www.pm.pb.gov.br\/portal\/#\/schema\/person\/image\/\",\"url\":\"https:\/\/secure.gravatar.com\/avatar\/2efe197438265d1e90bd98c4c8e1acf8?s=96&d=mm&r=g\",\"contentUrl\":\"https:\/\/secure.gravatar.com\/avatar\/2efe197438265d1e90bd98c4c8e1acf8?s=96&d=mm&r=g\",\"caption\":\"Assessoria de Imprensa da PMPB\"},\"url\":\"https:\/\/www.pm.pb.gov.br\/portal\/author\/assessoria\/\"}]}<\/script>\n<!-- \/ Yoast SEO plugin. -->","yoast_head_json":{"title":"PM tira mais duas armas de circula\u00e7\u00e3o em Mandacaru - Pol\u00edcia Militar da Para\u00edba","robots":{"index":"index","follow":"follow","max-snippet":"max-snippet:-1","max-image-preview":"max-image-preview:large","max-video-preview":"max-video-preview:-1"},"canonical":"https:\/\/www.pm.pb.gov.br\/portal\/2012\/08\/24\/pm_tira_mais_duas_armas_de_circulacao_em_mandacaru\/","og_locale":"pt_BR","og_type":"article","og_title":"PM tira mais duas armas de circula\u00e7\u00e3o em Mandacaru - Pol\u00edcia Militar da Para\u00edba","og_description":"Policiais da For\u00e7a T\u00e1tica do 1\u00ba Batalh\u00e3o de Pol\u00edcia Militar apreenderam duas armas, no come\u00e7o da tarde dessa quarta-feira (22),","og_url":"https:\/\/www.pm.pb.gov.br\/portal\/2012\/08\/24\/pm_tira_mais_duas_armas_de_circulacao_em_mandacaru\/","og_site_name":"Pol\u00edcia Militar da Para\u00edba","article_published_time":"2012-08-24T16:08:22+00:00","og_image":[{"width":500,"height":333,"url":"https:\/\/www.pm.pb.gov.br\/portal\/wp-content\/uploads\/2012\/08\/7012_8376.jpg","type":"image\/jpeg"}],"author":"Assessoria de Imprensa da PMPB","twitter_card":"summary_large_image","twitter_misc":{"Escrito por":"Assessoria de Imprensa da PMPB","Est. tempo de leitura":"4 minutos"},"schema":{"@context":"https:\/\/schema.org","@graph":[{"@type":"Article","@id":"https:\/\/www.pm.pb.gov.br\/portal\/2012\/08\/24\/pm_tira_mais_duas_armas_de_circulacao_em_mandacaru\/#article","isPartOf":{"@id":"https:\/\/www.pm.pb.gov.br\/portal\/2012\/08\/24\/pm_tira_mais_duas_armas_de_circulacao_em_mandacaru\/"},"author":{"name":"Assessoria de Imprensa da PMPB","@id":"https:\/\/www.pm.pb.gov.br\/portal\/#\/schema\/person\/e8454f46651c3ecf0e1ba3c1666d9947"},"headline":"PM tira mais duas armas de circula\u00e7\u00e3o em Mandacaru","datePublished":"2012-08-24T16:08:22+00:00","dateModified":"2012-08-24T16:08:22+00:00","mainEntityOfPage":{"@id":"https:\/\/www.pm.pb.gov.br\/portal\/2012\/08\/24\/pm_tira_mais_duas_armas_de_circulacao_em_mandacaru\/"},"wordCount":869,"publisher":{"@id":"https:\/\/www.pm.pb.gov.br\/portal\/#organization"},"articleSection":["A\u00e7\u00f5es Policiais"],"inLanguage":"pt-BR"},{"@type":"WebPage","@id":"https:\/\/www.pm.pb.gov.br\/portal\/2012\/08\/24\/pm_tira_mais_duas_armas_de_circulacao_em_mandacaru\/","url":"https:\/\/www.pm.pb.gov.br\/portal\/2012\/08\/24\/pm_tira_mais_duas_armas_de_circulacao_em_mandacaru\/","name":"PM tira mais duas armas de circula\u00e7\u00e3o em Mandacaru - Pol\u00edcia Militar da Para\u00edba","isPartOf":{"@id":"https:\/\/www.pm.pb.gov.br\/portal\/#website"},"datePublished":"2012-08-24T16:08:22+00:00","dateModified":"2012-08-24T16:08:22+00:00","breadcrumb":{"@id":"https:\/\/www.pm.pb.gov.br\/portal\/2012\/08\/24\/pm_tira_mais_duas_armas_de_circulacao_em_mandacaru\/#breadcrumb"},"inLanguage":"pt-BR","potentialAction":[{"@type":"ReadAction","target":["https:\/\/www.pm.pb.gov.br\/portal\/2012\/08\/24\/pm_tira_mais_duas_armas_de_circulacao_em_mandacaru\/"]}]},{"@type":"BreadcrumbList","@id":"https:\/\/www.pm.pb.gov.br\/portal\/2012\/08\/24\/pm_tira_mais_duas_armas_de_circulacao_em_mandacaru\/#breadcrumb","itemListElement":[{"@type":"ListItem","position":1,"name":"In\u00edcio","item":"https:\/\/www.pm.pb.gov.br\/portal\/"},{"@type":"ListItem","position":2,"name":"PM tira mais duas armas de circula\u00e7\u00e3o em Mandacaru"}]},{"@type":"WebSite","@id":"https:\/\/www.pm.pb.gov.br\/portal\/#website","url":"https:\/\/www.pm.pb.gov.br\/portal\/","name":"Pol\u00edcia Militar da Para\u00edba","description":"","publisher":{"@id":"https:\/\/www.pm.pb.gov.br\/portal\/#organization"},"potentialAction":[{"@type":"SearchAction","target":{"@type":"EntryPoint","urlTemplate":"https:\/\/www.pm.pb.gov.br\/portal\/?s={search_term_string}"},"query-input":"required name=search_term_string"}],"inLanguage":"pt-BR"},{"@type":"Organization","@id":"https:\/\/www.pm.pb.gov.br\/portal\/#organization","name":"Pol\u00edcia Militar da Para\u00edba","url":"https:\/\/www.pm.pb.gov.br\/portal\/","logo":{"@type":"ImageObject","inLanguage":"pt-BR","@id":"https:\/\/www.pm.pb.gov.br\/portal\/#\/schema\/logo\/image\/","url":"https:\/\/www.pm.pb.gov.br\/portal\/wp-content\/uploads\/2025\/03\/cropped-logo-site-mag2-1.png","contentUrl":"https:\/\/www.pm.pb.gov.br\/portal\/wp-content\/uploads\/2025\/03\/cropped-logo-site-mag2-1.png","width":320,"height":90,"caption":"Pol\u00edcia Militar da Para\u00edba"},"image":{"@id":"https:\/\/www.pm.pb.gov.br\/portal\/#\/schema\/logo\/image\/"}},{"@type":"Person","@id":"https:\/\/www.pm.pb.gov.br\/portal\/#\/schema\/person\/e8454f46651c3ecf0e1ba3c1666d9947","name":"Assessoria de Imprensa da PMPB","image":{"@type":"ImageObject","inLanguage":"pt-BR","@id":"https:\/\/www.pm.pb.gov.br\/portal\/#\/schema\/person\/image\/","url":"https:\/\/secure.gravatar.com\/avatar\/2efe197438265d1e90bd98c4c8e1acf8?s=96&d=mm&r=g","contentUrl":"https:\/\/secure.gravatar.com\/avatar\/2efe197438265d1e90bd98c4c8e1acf8?s=96&d=mm&r=g","caption":"Assessoria de Imprensa da PMPB"},"url":"https:\/\/www.pm.pb.gov.br\/portal\/author\/assessoria\/"}]}},"_links":{"self":[{"href":"https:\/\/www.pm.pb.gov.br\/portal\/wp-json\/wp\/v2\/posts\/891292"}],"collection":[{"href":"https:\/\/www.pm.pb.gov.br\/portal\/wp-json\/wp\/v2\/posts"}],"about":[{"href":"https:\/\/www.pm.pb.gov.br\/portal\/wp-json\/wp\/v2\/types\/post"}],"author":[{"embeddable":true,"href":"https:\/\/www.pm.pb.gov.br\/portal\/wp-json\/wp\/v2\/users\/5"}],"replies":[{"embeddable":true,"href":"https:\/\/www.pm.pb.gov.br\/portal\/wp-json\/wp\/v2\/comments?post=891292"}],"version-history":[{"count":0,"href":"https:\/\/www.pm.pb.gov.br\/portal\/wp-json\/wp\/v2\/posts\/891292\/revisions"}],"wp:featuredmedia":[{"embeddable":true,"href":"https:\/\/www.pm.pb.gov.br\/portal\/wp-json\/wp\/v2\/media\/8376"}],"wp:attachment":[{"href":"https:\/\/www.pm.pb.gov.br\/portal\/wp-json\/wp\/v2\/media?parent=891292"}],"wp:term":[{"taxonomy":"category","embeddable":true,"href":"https:\/\/www.pm.pb.gov.br\/portal\/wp-json\/wp\/v2\/categories?post=891292"},{"taxonomy":"post_tag","embeddable":true,"href":"https:\/\/www.pm.pb.gov.br\/portal\/wp-json\/wp\/v2\/tags?post=891292"}],"curies":[{"name":"wp","href":"https:\/\/api.w.org\/{rel}","templated":true}]}}