{"id":891275,"date":"2012-08-17T08:08:31","date_gmt":"2012-08-17T11:08:31","guid":{"rendered":"http:\/\/www.pm.pb.gov.br\/portal\/2012\/08\/pm_prende_acusado_de_assalto_e_recupera_objetos_roubados\/"},"modified":"2012-08-17T08:08:31","modified_gmt":"2012-08-17T11:08:31","slug":"pm_prende_acusado_de_assalto_e_recupera_objetos_roubados","status":"publish","type":"post","link":"https:\/\/www.pm.pb.gov.br\/portal\/2012\/08\/17\/pm_prende_acusado_de_assalto_e_recupera_objetos_roubados\/","title":{"rendered":"PM prende acusado de assalto e recupera objetos roubados"},"content":{"rendered":"<figure style=\"width: 500px\" class=\"wp-caption alignnone\"><img decoding=\"async\" class=\"alignnone size-medium\" src=\"http:\/\/www.pm.pb.gov.br\/portal\/wp-content\/uploads\/2012\/08\/6988_8340.jpg\" title=\"Pris\u00e3o foi feita pela for\u00e7a t\u00e1tica\" width=\"100%\" \/><figcaption class=\"wp-caption-text\">Pris\u00e3o foi feita pela for\u00e7a t\u00e1tica<\/figcaption><\/figure>\n<div style=\"text-align: justify;\">Policiais da For\u00e7a T\u00e1tica do 5\u00ba Batalh\u00e3o de Pol\u00edcia Militar prenderam, no final da tarde dessa quinta-feira (16), um homem acusado de praticar dois assaltos na zona oeste de Jo\u00e3o Pessoa. Jos\u00e9 Luiz da Silva Neto, de 22 anos, foi preso em um carro quando seguia em dire\u00e7\u00e3o ao conjunto Colinas do Sul, em Jo\u00e3o Pessoa. Ele havia roubado uma bicicleta e, poucos minutos depois, assaltou um mercadinho no bairro do Costa e Silva.<\/p>\n<p>A pris\u00e3o aconteceu ap\u00f3s familiar de uma das v\u00edtimas reconhecer o acusado no banco do carona do carro e avisar aos policiais, atrav\u00e9s do servi\u00e7o \u0093linha direta\u0094. A viatura conseguiu interceptar o ve\u00edculo na entrada do conjunto Colinas do Sul e encontrou os objetos do roubo e uma quantidade em dinheiro com o acusado. Uma mulher tamb\u00e9m estava no carro. Segundo ela, ele estava pegando uma \u0093corrida\u0094, j\u00e1 que ela fazia transporte alternativo.<\/p>\n<p>Os dois foram levados para a 8\u00aa Delegacia Distrital, no Bairro das Ind\u00fastrias. Segundo o acusado, ele praticou os assaltos com uma carteira por baixo da camisa, simulando uma arma, mas a pol\u00edcia est\u00e1 investigando se ele possui alguma arma de fogo.<\/p>\n<div class=\"row\" align=\"center\"><\/div>\n<\/div>\n","protected":false},"excerpt":{"rendered":"<p>Policiais da For\u00e7a T\u00e1tica do 5\u00ba Batalh\u00e3o de Pol\u00edcia Militar prenderam, no final da tarde dessa quinta-feira (16), um homem<\/p>\n","protected":false},"author":5,"featured_media":8340,"comment_status":"closed","ping_status":"closed","sticky":false,"template":"","format":"standard","meta":{"_exactmetrics_skip_tracking":false,"_exactmetrics_sitenote_active":false,"_exactmetrics_sitenote_note":"","_exactmetrics_sitenote_category":0,"footnotes":""},"categories":[4],"tags":[],"yoast_head":"<!-- This site is optimized with the Yoast SEO plugin v22.0 - https:\/\/yoast.com\/wordpress\/plugins\/seo\/ -->\n<title>PM prende acusado de assalto e recupera objetos roubados - Pol\u00edcia Militar da Para\u00edba<\/title>\n<meta name=\"robots\" content=\"index, follow, max-snippet:-1, max-image-preview:large, max-video-preview:-1\" \/>\n<link rel=\"canonical\" href=\"https:\/\/www.pm.pb.gov.br\/portal\/2012\/08\/17\/pm_prende_acusado_de_assalto_e_recupera_objetos_roubados\/\" \/>\n<meta property=\"og:locale\" content=\"pt_BR\" \/>\n<meta property=\"og:type\" content=\"article\" \/>\n<meta property=\"og:title\" content=\"PM prende acusado de assalto e recupera objetos roubados - Pol\u00edcia Militar da Para\u00edba\" \/>\n<meta property=\"og:description\" content=\"Policiais da For\u00e7a T\u00e1tica do 5\u00ba Batalh\u00e3o de Pol\u00edcia Militar prenderam, no final da tarde dessa quinta-feira (16), um homem\" \/>\n<meta property=\"og:url\" content=\"https:\/\/www.pm.pb.gov.br\/portal\/2012\/08\/17\/pm_prende_acusado_de_assalto_e_recupera_objetos_roubados\/\" \/>\n<meta property=\"og:site_name\" content=\"Pol\u00edcia Militar da Para\u00edba\" \/>\n<meta property=\"article:published_time\" content=\"2012-08-17T11:08:31+00:00\" \/>\n<meta property=\"og:image\" content=\"https:\/\/www.pm.pb.gov.br\/portal\/wp-content\/uploads\/2012\/08\/6988_8340.jpg\" \/>\n\t<meta property=\"og:image:width\" content=\"500\" \/>\n\t<meta property=\"og:image:height\" content=\"496\" \/>\n\t<meta property=\"og:image:type\" content=\"image\/jpeg\" \/>\n<meta name=\"author\" content=\"Assessoria de Imprensa da PMPB\" \/>\n<meta name=\"twitter:card\" content=\"summary_large_image\" \/>\n<meta name=\"twitter:label1\" content=\"Escrito por\" \/>\n\t<meta name=\"twitter:data1\" content=\"Assessoria de Imprensa da PMPB\" \/>\n\t<meta name=\"twitter:label2\" content=\"Est. tempo de leitura\" \/>\n\t<meta name=\"twitter:data2\" content=\"1 minuto\" \/>\n<script type=\"application\/ld+json\" class=\"yoast-schema-graph\">{\"@context\":\"https:\/\/schema.org\",\"@graph\":[{\"@type\":\"Article\",\"@id\":\"https:\/\/www.pm.pb.gov.br\/portal\/2012\/08\/17\/pm_prende_acusado_de_assalto_e_recupera_objetos_roubados\/#article\",\"isPartOf\":{\"@id\":\"https:\/\/www.pm.pb.gov.br\/portal\/2012\/08\/17\/pm_prende_acusado_de_assalto_e_recupera_objetos_roubados\/\"},\"author\":{\"name\":\"Assessoria de Imprensa da PMPB\",\"@id\":\"https:\/\/www.pm.pb.gov.br\/portal\/#\/schema\/person\/e8454f46651c3ecf0e1ba3c1666d9947\"},\"headline\":\"PM prende acusado de assalto e recupera objetos roubados\",\"datePublished\":\"2012-08-17T11:08:31+00:00\",\"dateModified\":\"2012-08-17T11:08:31+00:00\",\"mainEntityOfPage\":{\"@id\":\"https:\/\/www.pm.pb.gov.br\/portal\/2012\/08\/17\/pm_prende_acusado_de_assalto_e_recupera_objetos_roubados\/\"},\"wordCount\":225,\"publisher\":{\"@id\":\"https:\/\/www.pm.pb.gov.br\/portal\/#organization\"},\"articleSection\":[\"A\u00e7\u00f5es Policiais\"],\"inLanguage\":\"pt-BR\"},{\"@type\":\"WebPage\",\"@id\":\"https:\/\/www.pm.pb.gov.br\/portal\/2012\/08\/17\/pm_prende_acusado_de_assalto_e_recupera_objetos_roubados\/\",\"url\":\"https:\/\/www.pm.pb.gov.br\/portal\/2012\/08\/17\/pm_prende_acusado_de_assalto_e_recupera_objetos_roubados\/\",\"name\":\"PM prende acusado de assalto e recupera objetos roubados - Pol\u00edcia Militar da Para\u00edba\",\"isPartOf\":{\"@id\":\"https:\/\/www.pm.pb.gov.br\/portal\/#website\"},\"datePublished\":\"2012-08-17T11:08:31+00:00\",\"dateModified\":\"2012-08-17T11:08:31+00:00\",\"breadcrumb\":{\"@id\":\"https:\/\/www.pm.pb.gov.br\/portal\/2012\/08\/17\/pm_prende_acusado_de_assalto_e_recupera_objetos_roubados\/#breadcrumb\"},\"inLanguage\":\"pt-BR\",\"potentialAction\":[{\"@type\":\"ReadAction\",\"target\":[\"https:\/\/www.pm.pb.gov.br\/portal\/2012\/08\/17\/pm_prende_acusado_de_assalto_e_recupera_objetos_roubados\/\"]}]},{\"@type\":\"BreadcrumbList\",\"@id\":\"https:\/\/www.pm.pb.gov.br\/portal\/2012\/08\/17\/pm_prende_acusado_de_assalto_e_recupera_objetos_roubados\/#breadcrumb\",\"itemListElement\":[{\"@type\":\"ListItem\",\"position\":1,\"name\":\"In\u00edcio\",\"item\":\"https:\/\/www.pm.pb.gov.br\/portal\/\"},{\"@type\":\"ListItem\",\"position\":2,\"name\":\"PM prende acusado de assalto e recupera objetos roubados\"}]},{\"@type\":\"WebSite\",\"@id\":\"https:\/\/www.pm.pb.gov.br\/portal\/#website\",\"url\":\"https:\/\/www.pm.pb.gov.br\/portal\/\",\"name\":\"Pol\u00edcia Militar da Para\u00edba\",\"description\":\"\",\"publisher\":{\"@id\":\"https:\/\/www.pm.pb.gov.br\/portal\/#organization\"},\"potentialAction\":[{\"@type\":\"SearchAction\",\"target\":{\"@type\":\"EntryPoint\",\"urlTemplate\":\"https:\/\/www.pm.pb.gov.br\/portal\/?s={search_term_string}\"},\"query-input\":\"required name=search_term_string\"}],\"inLanguage\":\"pt-BR\"},{\"@type\":\"Organization\",\"@id\":\"https:\/\/www.pm.pb.gov.br\/portal\/#organization\",\"name\":\"Pol\u00edcia Militar da Para\u00edba\",\"url\":\"https:\/\/www.pm.pb.gov.br\/portal\/\",\"logo\":{\"@type\":\"ImageObject\",\"inLanguage\":\"pt-BR\",\"@id\":\"https:\/\/www.pm.pb.gov.br\/portal\/#\/schema\/logo\/image\/\",\"url\":\"https:\/\/www.pm.pb.gov.br\/portal\/wp-content\/uploads\/2025\/03\/cropped-logo-site-mag2-1.png\",\"contentUrl\":\"https:\/\/www.pm.pb.gov.br\/portal\/wp-content\/uploads\/2025\/03\/cropped-logo-site-mag2-1.png\",\"width\":320,\"height\":90,\"caption\":\"Pol\u00edcia Militar da Para\u00edba\"},\"image\":{\"@id\":\"https:\/\/www.pm.pb.gov.br\/portal\/#\/schema\/logo\/image\/\"}},{\"@type\":\"Person\",\"@id\":\"https:\/\/www.pm.pb.gov.br\/portal\/#\/schema\/person\/e8454f46651c3ecf0e1ba3c1666d9947\",\"name\":\"Assessoria de Imprensa da PMPB\",\"image\":{\"@type\":\"ImageObject\",\"inLanguage\":\"pt-BR\",\"@id\":\"https:\/\/www.pm.pb.gov.br\/portal\/#\/schema\/person\/image\/\",\"url\":\"https:\/\/secure.gravatar.com\/avatar\/2efe197438265d1e90bd98c4c8e1acf8?s=96&d=mm&r=g\",\"contentUrl\":\"https:\/\/secure.gravatar.com\/avatar\/2efe197438265d1e90bd98c4c8e1acf8?s=96&d=mm&r=g\",\"caption\":\"Assessoria de Imprensa da PMPB\"},\"url\":\"https:\/\/www.pm.pb.gov.br\/portal\/author\/assessoria\/\"}]}<\/script>\n<!-- \/ Yoast SEO plugin. -->","yoast_head_json":{"title":"PM prende acusado de assalto e recupera objetos roubados - Pol\u00edcia Militar da Para\u00edba","robots":{"index":"index","follow":"follow","max-snippet":"max-snippet:-1","max-image-preview":"max-image-preview:large","max-video-preview":"max-video-preview:-1"},"canonical":"https:\/\/www.pm.pb.gov.br\/portal\/2012\/08\/17\/pm_prende_acusado_de_assalto_e_recupera_objetos_roubados\/","og_locale":"pt_BR","og_type":"article","og_title":"PM prende acusado de assalto e recupera objetos roubados - Pol\u00edcia Militar da Para\u00edba","og_description":"Policiais da For\u00e7a T\u00e1tica do 5\u00ba Batalh\u00e3o de Pol\u00edcia Militar prenderam, no final da tarde dessa quinta-feira (16), um homem","og_url":"https:\/\/www.pm.pb.gov.br\/portal\/2012\/08\/17\/pm_prende_acusado_de_assalto_e_recupera_objetos_roubados\/","og_site_name":"Pol\u00edcia Militar da Para\u00edba","article_published_time":"2012-08-17T11:08:31+00:00","og_image":[{"width":500,"height":496,"url":"https:\/\/www.pm.pb.gov.br\/portal\/wp-content\/uploads\/2012\/08\/6988_8340.jpg","type":"image\/jpeg"}],"author":"Assessoria de Imprensa da PMPB","twitter_card":"summary_large_image","twitter_misc":{"Escrito por":"Assessoria de Imprensa da PMPB","Est. tempo de leitura":"1 minuto"},"schema":{"@context":"https:\/\/schema.org","@graph":[{"@type":"Article","@id":"https:\/\/www.pm.pb.gov.br\/portal\/2012\/08\/17\/pm_prende_acusado_de_assalto_e_recupera_objetos_roubados\/#article","isPartOf":{"@id":"https:\/\/www.pm.pb.gov.br\/portal\/2012\/08\/17\/pm_prende_acusado_de_assalto_e_recupera_objetos_roubados\/"},"author":{"name":"Assessoria de Imprensa da PMPB","@id":"https:\/\/www.pm.pb.gov.br\/portal\/#\/schema\/person\/e8454f46651c3ecf0e1ba3c1666d9947"},"headline":"PM prende acusado de assalto e recupera objetos roubados","datePublished":"2012-08-17T11:08:31+00:00","dateModified":"2012-08-17T11:08:31+00:00","mainEntityOfPage":{"@id":"https:\/\/www.pm.pb.gov.br\/portal\/2012\/08\/17\/pm_prende_acusado_de_assalto_e_recupera_objetos_roubados\/"},"wordCount":225,"publisher":{"@id":"https:\/\/www.pm.pb.gov.br\/portal\/#organization"},"articleSection":["A\u00e7\u00f5es Policiais"],"inLanguage":"pt-BR"},{"@type":"WebPage","@id":"https:\/\/www.pm.pb.gov.br\/portal\/2012\/08\/17\/pm_prende_acusado_de_assalto_e_recupera_objetos_roubados\/","url":"https:\/\/www.pm.pb.gov.br\/portal\/2012\/08\/17\/pm_prende_acusado_de_assalto_e_recupera_objetos_roubados\/","name":"PM prende acusado de assalto e recupera objetos roubados - Pol\u00edcia Militar da Para\u00edba","isPartOf":{"@id":"https:\/\/www.pm.pb.gov.br\/portal\/#website"},"datePublished":"2012-08-17T11:08:31+00:00","dateModified":"2012-08-17T11:08:31+00:00","breadcrumb":{"@id":"https:\/\/www.pm.pb.gov.br\/portal\/2012\/08\/17\/pm_prende_acusado_de_assalto_e_recupera_objetos_roubados\/#breadcrumb"},"inLanguage":"pt-BR","potentialAction":[{"@type":"ReadAction","target":["https:\/\/www.pm.pb.gov.br\/portal\/2012\/08\/17\/pm_prende_acusado_de_assalto_e_recupera_objetos_roubados\/"]}]},{"@type":"BreadcrumbList","@id":"https:\/\/www.pm.pb.gov.br\/portal\/2012\/08\/17\/pm_prende_acusado_de_assalto_e_recupera_objetos_roubados\/#breadcrumb","itemListElement":[{"@type":"ListItem","position":1,"name":"In\u00edcio","item":"https:\/\/www.pm.pb.gov.br\/portal\/"},{"@type":"ListItem","position":2,"name":"PM prende acusado de assalto e recupera objetos roubados"}]},{"@type":"WebSite","@id":"https:\/\/www.pm.pb.gov.br\/portal\/#website","url":"https:\/\/www.pm.pb.gov.br\/portal\/","name":"Pol\u00edcia Militar da Para\u00edba","description":"","publisher":{"@id":"https:\/\/www.pm.pb.gov.br\/portal\/#organization"},"potentialAction":[{"@type":"SearchAction","target":{"@type":"EntryPoint","urlTemplate":"https:\/\/www.pm.pb.gov.br\/portal\/?s={search_term_string}"},"query-input":"required name=search_term_string"}],"inLanguage":"pt-BR"},{"@type":"Organization","@id":"https:\/\/www.pm.pb.gov.br\/portal\/#organization","name":"Pol\u00edcia Militar da Para\u00edba","url":"https:\/\/www.pm.pb.gov.br\/portal\/","logo":{"@type":"ImageObject","inLanguage":"pt-BR","@id":"https:\/\/www.pm.pb.gov.br\/portal\/#\/schema\/logo\/image\/","url":"https:\/\/www.pm.pb.gov.br\/portal\/wp-content\/uploads\/2025\/03\/cropped-logo-site-mag2-1.png","contentUrl":"https:\/\/www.pm.pb.gov.br\/portal\/wp-content\/uploads\/2025\/03\/cropped-logo-site-mag2-1.png","width":320,"height":90,"caption":"Pol\u00edcia Militar da Para\u00edba"},"image":{"@id":"https:\/\/www.pm.pb.gov.br\/portal\/#\/schema\/logo\/image\/"}},{"@type":"Person","@id":"https:\/\/www.pm.pb.gov.br\/portal\/#\/schema\/person\/e8454f46651c3ecf0e1ba3c1666d9947","name":"Assessoria de Imprensa da PMPB","image":{"@type":"ImageObject","inLanguage":"pt-BR","@id":"https:\/\/www.pm.pb.gov.br\/portal\/#\/schema\/person\/image\/","url":"https:\/\/secure.gravatar.com\/avatar\/2efe197438265d1e90bd98c4c8e1acf8?s=96&d=mm&r=g","contentUrl":"https:\/\/secure.gravatar.com\/avatar\/2efe197438265d1e90bd98c4c8e1acf8?s=96&d=mm&r=g","caption":"Assessoria de Imprensa da PMPB"},"url":"https:\/\/www.pm.pb.gov.br\/portal\/author\/assessoria\/"}]}},"_links":{"self":[{"href":"https:\/\/www.pm.pb.gov.br\/portal\/wp-json\/wp\/v2\/posts\/891275"}],"collection":[{"href":"https:\/\/www.pm.pb.gov.br\/portal\/wp-json\/wp\/v2\/posts"}],"about":[{"href":"https:\/\/www.pm.pb.gov.br\/portal\/wp-json\/wp\/v2\/types\/post"}],"author":[{"embeddable":true,"href":"https:\/\/www.pm.pb.gov.br\/portal\/wp-json\/wp\/v2\/users\/5"}],"replies":[{"embeddable":true,"href":"https:\/\/www.pm.pb.gov.br\/portal\/wp-json\/wp\/v2\/comments?post=891275"}],"version-history":[{"count":0,"href":"https:\/\/www.pm.pb.gov.br\/portal\/wp-json\/wp\/v2\/posts\/891275\/revisions"}],"wp:featuredmedia":[{"embeddable":true,"href":"https:\/\/www.pm.pb.gov.br\/portal\/wp-json\/wp\/v2\/media\/8340"}],"wp:attachment":[{"href":"https:\/\/www.pm.pb.gov.br\/portal\/wp-json\/wp\/v2\/media?parent=891275"}],"wp:term":[{"taxonomy":"category","embeddable":true,"href":"https:\/\/www.pm.pb.gov.br\/portal\/wp-json\/wp\/v2\/categories?post=891275"},{"taxonomy":"post_tag","embeddable":true,"href":"https:\/\/www.pm.pb.gov.br\/portal\/wp-json\/wp\/v2\/tags?post=891275"}],"curies":[{"name":"wp","href":"https:\/\/api.w.org\/{rel}","templated":true}]}}