{"id":891273,"date":"2012-08-16T11:08:56","date_gmt":"2012-08-16T14:08:56","guid":{"rendered":"http:\/\/www.pm.pb.gov.br\/portal\/2012\/08\/policiais_frustam_assalto_a_agencia_do_bb_no_cariri\/"},"modified":"2012-08-16T11:08:56","modified_gmt":"2012-08-16T14:08:56","slug":"policiais_frustam_assalto_a_agencia_do_bb_no_cariri","status":"publish","type":"post","link":"https:\/\/www.pm.pb.gov.br\/portal\/2012\/08\/16\/policiais_frustam_assalto_a_agencia_do_bb_no_cariri\/","title":{"rendered":"Policiais frustam assalto a ag\u00eancia do BB no cariri"},"content":{"rendered":"<figure style=\"width: 500px\" class=\"wp-caption alignnone\"><img decoding=\"async\" class=\"alignnone size-medium\" src=\"http:\/\/www.pm.pb.gov.br\/portal\/wp-content\/uploads\/2012\/08\/6985_8327.jpg\" title=\"Os policiais militares agiram r\u00e1pido para evitar o assalto\" width=\"100%\" \/><figcaption class=\"wp-caption-text\">Os policiais militares agiram r\u00e1pido para evitar o assalto<\/figcaption><\/figure>\n<div style=\"text-align: justify;\">\nGra\u00e7as \u00e0 a\u00e7\u00e3o r\u00e1pida de policiais militares, um bando fortemente armado n\u00e3o conseguiu levar o dinheiro do cofre central da ag\u00eancia do Banco do Brasil de Serra Branca, no Cariri Paraibano. Na madrugada de hoje (16), bandidos explodiram a ag\u00eancia que fica no centro da cidade e ao perceberem a presen\u00e7a da pol\u00edcia, fugiram sem conseguir levar nada.<\/p>\n<p>Segundo os moradores, cerca de dez homens chegaram em dois ve\u00edculos e uma moto, renderam os vigilantes e explodiram com dinamites o cofre central. A pol\u00edcia foi r\u00e1pido at\u00e9 o local, o que fez com que os bandidos fugissem sem obter \u00eaxito no roubo.<\/p>\n<p>Desde cedo v\u00e1rias viaturas do 11\u00ba BPM realizam rondas para localizar os bandidos. Uma equipe de policiais tamb\u00e9m est\u00e1 colhendo informa\u00e7\u00f5es para identificar os acusados.<\/p>\n<div class=\"row\" align=\"center\"><\/div>\n<\/div>\n","protected":false},"excerpt":{"rendered":"<p>Gra\u00e7as \u00e0 a\u00e7\u00e3o r\u00e1pida de policiais militares, um bando fortemente armado n\u00e3o conseguiu levar o dinheiro do cofre central da<\/p>\n","protected":false},"author":5,"featured_media":8327,"comment_status":"closed","ping_status":"closed","sticky":false,"template":"","format":"standard","meta":{"_exactmetrics_skip_tracking":false,"_exactmetrics_sitenote_active":false,"_exactmetrics_sitenote_note":"","_exactmetrics_sitenote_category":0,"footnotes":""},"categories":[4],"tags":[],"yoast_head":"<!-- This site is optimized with the Yoast SEO plugin v22.0 - https:\/\/yoast.com\/wordpress\/plugins\/seo\/ -->\n<title>Policiais frustam assalto a ag\u00eancia do BB no cariri - Pol\u00edcia Militar da Para\u00edba<\/title>\n<meta name=\"robots\" content=\"index, follow, max-snippet:-1, max-image-preview:large, max-video-preview:-1\" \/>\n<link rel=\"canonical\" href=\"https:\/\/www.pm.pb.gov.br\/portal\/2012\/08\/16\/policiais_frustam_assalto_a_agencia_do_bb_no_cariri\/\" \/>\n<meta property=\"og:locale\" content=\"pt_BR\" \/>\n<meta property=\"og:type\" content=\"article\" \/>\n<meta property=\"og:title\" content=\"Policiais frustam assalto a ag\u00eancia do BB no cariri - Pol\u00edcia Militar da Para\u00edba\" \/>\n<meta property=\"og:description\" content=\"Gra\u00e7as \u00e0 a\u00e7\u00e3o r\u00e1pida de policiais militares, um bando fortemente armado n\u00e3o conseguiu levar o dinheiro do cofre central da\" \/>\n<meta property=\"og:url\" content=\"https:\/\/www.pm.pb.gov.br\/portal\/2012\/08\/16\/policiais_frustam_assalto_a_agencia_do_bb_no_cariri\/\" \/>\n<meta property=\"og:site_name\" content=\"Pol\u00edcia Militar da Para\u00edba\" \/>\n<meta property=\"article:published_time\" content=\"2012-08-16T14:08:56+00:00\" \/>\n<meta property=\"og:image\" content=\"https:\/\/www.pm.pb.gov.br\/portal\/wp-content\/uploads\/2012\/08\/6985_8327.jpg\" \/>\n\t<meta property=\"og:image:width\" content=\"500\" \/>\n\t<meta property=\"og:image:height\" content=\"333\" \/>\n\t<meta property=\"og:image:type\" content=\"image\/jpeg\" \/>\n<meta name=\"author\" content=\"Assessoria de Imprensa da PMPB\" \/>\n<meta name=\"twitter:card\" content=\"summary_large_image\" \/>\n<meta name=\"twitter:label1\" content=\"Escrito por\" \/>\n\t<meta name=\"twitter:data1\" content=\"Assessoria de Imprensa da PMPB\" \/>\n\t<meta name=\"twitter:label2\" content=\"Est. tempo de leitura\" \/>\n\t<meta name=\"twitter:data2\" content=\"1 minuto\" \/>\n<script type=\"application\/ld+json\" class=\"yoast-schema-graph\">{\"@context\":\"https:\/\/schema.org\",\"@graph\":[{\"@type\":\"Article\",\"@id\":\"https:\/\/www.pm.pb.gov.br\/portal\/2012\/08\/16\/policiais_frustam_assalto_a_agencia_do_bb_no_cariri\/#article\",\"isPartOf\":{\"@id\":\"https:\/\/www.pm.pb.gov.br\/portal\/2012\/08\/16\/policiais_frustam_assalto_a_agencia_do_bb_no_cariri\/\"},\"author\":{\"name\":\"Assessoria de Imprensa da PMPB\",\"@id\":\"https:\/\/www.pm.pb.gov.br\/portal\/#\/schema\/person\/e8454f46651c3ecf0e1ba3c1666d9947\"},\"headline\":\"Policiais frustam assalto a ag\u00eancia do BB no cariri\",\"datePublished\":\"2012-08-16T14:08:56+00:00\",\"dateModified\":\"2012-08-16T14:08:56+00:00\",\"mainEntityOfPage\":{\"@id\":\"https:\/\/www.pm.pb.gov.br\/portal\/2012\/08\/16\/policiais_frustam_assalto_a_agencia_do_bb_no_cariri\/\"},\"wordCount\":164,\"publisher\":{\"@id\":\"https:\/\/www.pm.pb.gov.br\/portal\/#organization\"},\"articleSection\":[\"A\u00e7\u00f5es Policiais\"],\"inLanguage\":\"pt-BR\"},{\"@type\":\"WebPage\",\"@id\":\"https:\/\/www.pm.pb.gov.br\/portal\/2012\/08\/16\/policiais_frustam_assalto_a_agencia_do_bb_no_cariri\/\",\"url\":\"https:\/\/www.pm.pb.gov.br\/portal\/2012\/08\/16\/policiais_frustam_assalto_a_agencia_do_bb_no_cariri\/\",\"name\":\"Policiais frustam assalto a ag\u00eancia do BB no cariri - Pol\u00edcia Militar da Para\u00edba\",\"isPartOf\":{\"@id\":\"https:\/\/www.pm.pb.gov.br\/portal\/#website\"},\"datePublished\":\"2012-08-16T14:08:56+00:00\",\"dateModified\":\"2012-08-16T14:08:56+00:00\",\"breadcrumb\":{\"@id\":\"https:\/\/www.pm.pb.gov.br\/portal\/2012\/08\/16\/policiais_frustam_assalto_a_agencia_do_bb_no_cariri\/#breadcrumb\"},\"inLanguage\":\"pt-BR\",\"potentialAction\":[{\"@type\":\"ReadAction\",\"target\":[\"https:\/\/www.pm.pb.gov.br\/portal\/2012\/08\/16\/policiais_frustam_assalto_a_agencia_do_bb_no_cariri\/\"]}]},{\"@type\":\"BreadcrumbList\",\"@id\":\"https:\/\/www.pm.pb.gov.br\/portal\/2012\/08\/16\/policiais_frustam_assalto_a_agencia_do_bb_no_cariri\/#breadcrumb\",\"itemListElement\":[{\"@type\":\"ListItem\",\"position\":1,\"name\":\"In\u00edcio\",\"item\":\"https:\/\/www.pm.pb.gov.br\/portal\/\"},{\"@type\":\"ListItem\",\"position\":2,\"name\":\"Policiais frustam assalto a ag\u00eancia do BB no cariri\"}]},{\"@type\":\"WebSite\",\"@id\":\"https:\/\/www.pm.pb.gov.br\/portal\/#website\",\"url\":\"https:\/\/www.pm.pb.gov.br\/portal\/\",\"name\":\"Pol\u00edcia Militar da Para\u00edba\",\"description\":\"\",\"publisher\":{\"@id\":\"https:\/\/www.pm.pb.gov.br\/portal\/#organization\"},\"potentialAction\":[{\"@type\":\"SearchAction\",\"target\":{\"@type\":\"EntryPoint\",\"urlTemplate\":\"https:\/\/www.pm.pb.gov.br\/portal\/?s={search_term_string}\"},\"query-input\":\"required name=search_term_string\"}],\"inLanguage\":\"pt-BR\"},{\"@type\":\"Organization\",\"@id\":\"https:\/\/www.pm.pb.gov.br\/portal\/#organization\",\"name\":\"Pol\u00edcia Militar da Para\u00edba\",\"url\":\"https:\/\/www.pm.pb.gov.br\/portal\/\",\"logo\":{\"@type\":\"ImageObject\",\"inLanguage\":\"pt-BR\",\"@id\":\"https:\/\/www.pm.pb.gov.br\/portal\/#\/schema\/logo\/image\/\",\"url\":\"https:\/\/www.pm.pb.gov.br\/portal\/wp-content\/uploads\/2025\/03\/cropped-logo-site-mag2-1.png\",\"contentUrl\":\"https:\/\/www.pm.pb.gov.br\/portal\/wp-content\/uploads\/2025\/03\/cropped-logo-site-mag2-1.png\",\"width\":320,\"height\":90,\"caption\":\"Pol\u00edcia Militar da Para\u00edba\"},\"image\":{\"@id\":\"https:\/\/www.pm.pb.gov.br\/portal\/#\/schema\/logo\/image\/\"}},{\"@type\":\"Person\",\"@id\":\"https:\/\/www.pm.pb.gov.br\/portal\/#\/schema\/person\/e8454f46651c3ecf0e1ba3c1666d9947\",\"name\":\"Assessoria de Imprensa da PMPB\",\"image\":{\"@type\":\"ImageObject\",\"inLanguage\":\"pt-BR\",\"@id\":\"https:\/\/www.pm.pb.gov.br\/portal\/#\/schema\/person\/image\/\",\"url\":\"https:\/\/secure.gravatar.com\/avatar\/2efe197438265d1e90bd98c4c8e1acf8?s=96&d=mm&r=g\",\"contentUrl\":\"https:\/\/secure.gravatar.com\/avatar\/2efe197438265d1e90bd98c4c8e1acf8?s=96&d=mm&r=g\",\"caption\":\"Assessoria de Imprensa da PMPB\"},\"url\":\"https:\/\/www.pm.pb.gov.br\/portal\/author\/assessoria\/\"}]}<\/script>\n<!-- \/ Yoast SEO plugin. -->","yoast_head_json":{"title":"Policiais frustam assalto a ag\u00eancia do BB no cariri - Pol\u00edcia Militar da Para\u00edba","robots":{"index":"index","follow":"follow","max-snippet":"max-snippet:-1","max-image-preview":"max-image-preview:large","max-video-preview":"max-video-preview:-1"},"canonical":"https:\/\/www.pm.pb.gov.br\/portal\/2012\/08\/16\/policiais_frustam_assalto_a_agencia_do_bb_no_cariri\/","og_locale":"pt_BR","og_type":"article","og_title":"Policiais frustam assalto a ag\u00eancia do BB no cariri - Pol\u00edcia Militar da Para\u00edba","og_description":"Gra\u00e7as \u00e0 a\u00e7\u00e3o r\u00e1pida de policiais militares, um bando fortemente armado n\u00e3o conseguiu levar o dinheiro do cofre central da","og_url":"https:\/\/www.pm.pb.gov.br\/portal\/2012\/08\/16\/policiais_frustam_assalto_a_agencia_do_bb_no_cariri\/","og_site_name":"Pol\u00edcia Militar da Para\u00edba","article_published_time":"2012-08-16T14:08:56+00:00","og_image":[{"width":500,"height":333,"url":"https:\/\/www.pm.pb.gov.br\/portal\/wp-content\/uploads\/2012\/08\/6985_8327.jpg","type":"image\/jpeg"}],"author":"Assessoria de Imprensa da PMPB","twitter_card":"summary_large_image","twitter_misc":{"Escrito por":"Assessoria de Imprensa da PMPB","Est. tempo de leitura":"1 minuto"},"schema":{"@context":"https:\/\/schema.org","@graph":[{"@type":"Article","@id":"https:\/\/www.pm.pb.gov.br\/portal\/2012\/08\/16\/policiais_frustam_assalto_a_agencia_do_bb_no_cariri\/#article","isPartOf":{"@id":"https:\/\/www.pm.pb.gov.br\/portal\/2012\/08\/16\/policiais_frustam_assalto_a_agencia_do_bb_no_cariri\/"},"author":{"name":"Assessoria de Imprensa da PMPB","@id":"https:\/\/www.pm.pb.gov.br\/portal\/#\/schema\/person\/e8454f46651c3ecf0e1ba3c1666d9947"},"headline":"Policiais frustam assalto a ag\u00eancia do BB no cariri","datePublished":"2012-08-16T14:08:56+00:00","dateModified":"2012-08-16T14:08:56+00:00","mainEntityOfPage":{"@id":"https:\/\/www.pm.pb.gov.br\/portal\/2012\/08\/16\/policiais_frustam_assalto_a_agencia_do_bb_no_cariri\/"},"wordCount":164,"publisher":{"@id":"https:\/\/www.pm.pb.gov.br\/portal\/#organization"},"articleSection":["A\u00e7\u00f5es Policiais"],"inLanguage":"pt-BR"},{"@type":"WebPage","@id":"https:\/\/www.pm.pb.gov.br\/portal\/2012\/08\/16\/policiais_frustam_assalto_a_agencia_do_bb_no_cariri\/","url":"https:\/\/www.pm.pb.gov.br\/portal\/2012\/08\/16\/policiais_frustam_assalto_a_agencia_do_bb_no_cariri\/","name":"Policiais frustam assalto a ag\u00eancia do BB no cariri - Pol\u00edcia Militar da Para\u00edba","isPartOf":{"@id":"https:\/\/www.pm.pb.gov.br\/portal\/#website"},"datePublished":"2012-08-16T14:08:56+00:00","dateModified":"2012-08-16T14:08:56+00:00","breadcrumb":{"@id":"https:\/\/www.pm.pb.gov.br\/portal\/2012\/08\/16\/policiais_frustam_assalto_a_agencia_do_bb_no_cariri\/#breadcrumb"},"inLanguage":"pt-BR","potentialAction":[{"@type":"ReadAction","target":["https:\/\/www.pm.pb.gov.br\/portal\/2012\/08\/16\/policiais_frustam_assalto_a_agencia_do_bb_no_cariri\/"]}]},{"@type":"BreadcrumbList","@id":"https:\/\/www.pm.pb.gov.br\/portal\/2012\/08\/16\/policiais_frustam_assalto_a_agencia_do_bb_no_cariri\/#breadcrumb","itemListElement":[{"@type":"ListItem","position":1,"name":"In\u00edcio","item":"https:\/\/www.pm.pb.gov.br\/portal\/"},{"@type":"ListItem","position":2,"name":"Policiais frustam assalto a ag\u00eancia do BB no cariri"}]},{"@type":"WebSite","@id":"https:\/\/www.pm.pb.gov.br\/portal\/#website","url":"https:\/\/www.pm.pb.gov.br\/portal\/","name":"Pol\u00edcia Militar da Para\u00edba","description":"","publisher":{"@id":"https:\/\/www.pm.pb.gov.br\/portal\/#organization"},"potentialAction":[{"@type":"SearchAction","target":{"@type":"EntryPoint","urlTemplate":"https:\/\/www.pm.pb.gov.br\/portal\/?s={search_term_string}"},"query-input":"required name=search_term_string"}],"inLanguage":"pt-BR"},{"@type":"Organization","@id":"https:\/\/www.pm.pb.gov.br\/portal\/#organization","name":"Pol\u00edcia Militar da Para\u00edba","url":"https:\/\/www.pm.pb.gov.br\/portal\/","logo":{"@type":"ImageObject","inLanguage":"pt-BR","@id":"https:\/\/www.pm.pb.gov.br\/portal\/#\/schema\/logo\/image\/","url":"https:\/\/www.pm.pb.gov.br\/portal\/wp-content\/uploads\/2025\/03\/cropped-logo-site-mag2-1.png","contentUrl":"https:\/\/www.pm.pb.gov.br\/portal\/wp-content\/uploads\/2025\/03\/cropped-logo-site-mag2-1.png","width":320,"height":90,"caption":"Pol\u00edcia Militar da Para\u00edba"},"image":{"@id":"https:\/\/www.pm.pb.gov.br\/portal\/#\/schema\/logo\/image\/"}},{"@type":"Person","@id":"https:\/\/www.pm.pb.gov.br\/portal\/#\/schema\/person\/e8454f46651c3ecf0e1ba3c1666d9947","name":"Assessoria de Imprensa da PMPB","image":{"@type":"ImageObject","inLanguage":"pt-BR","@id":"https:\/\/www.pm.pb.gov.br\/portal\/#\/schema\/person\/image\/","url":"https:\/\/secure.gravatar.com\/avatar\/2efe197438265d1e90bd98c4c8e1acf8?s=96&d=mm&r=g","contentUrl":"https:\/\/secure.gravatar.com\/avatar\/2efe197438265d1e90bd98c4c8e1acf8?s=96&d=mm&r=g","caption":"Assessoria de Imprensa da PMPB"},"url":"https:\/\/www.pm.pb.gov.br\/portal\/author\/assessoria\/"}]}},"_links":{"self":[{"href":"https:\/\/www.pm.pb.gov.br\/portal\/wp-json\/wp\/v2\/posts\/891273"}],"collection":[{"href":"https:\/\/www.pm.pb.gov.br\/portal\/wp-json\/wp\/v2\/posts"}],"about":[{"href":"https:\/\/www.pm.pb.gov.br\/portal\/wp-json\/wp\/v2\/types\/post"}],"author":[{"embeddable":true,"href":"https:\/\/www.pm.pb.gov.br\/portal\/wp-json\/wp\/v2\/users\/5"}],"replies":[{"embeddable":true,"href":"https:\/\/www.pm.pb.gov.br\/portal\/wp-json\/wp\/v2\/comments?post=891273"}],"version-history":[{"count":0,"href":"https:\/\/www.pm.pb.gov.br\/portal\/wp-json\/wp\/v2\/posts\/891273\/revisions"}],"wp:featuredmedia":[{"embeddable":true,"href":"https:\/\/www.pm.pb.gov.br\/portal\/wp-json\/wp\/v2\/media\/8327"}],"wp:attachment":[{"href":"https:\/\/www.pm.pb.gov.br\/portal\/wp-json\/wp\/v2\/media?parent=891273"}],"wp:term":[{"taxonomy":"category","embeddable":true,"href":"https:\/\/www.pm.pb.gov.br\/portal\/wp-json\/wp\/v2\/categories?post=891273"},{"taxonomy":"post_tag","embeddable":true,"href":"https:\/\/www.pm.pb.gov.br\/portal\/wp-json\/wp\/v2\/tags?post=891273"}],"curies":[{"name":"wp","href":"https:\/\/api.w.org\/{rel}","templated":true}]}}