{"id":891209,"date":"2012-08-02T12:08:51","date_gmt":"2012-08-02T15:08:51","guid":{"rendered":"http:\/\/www.pm.pb.gov.br\/portal\/2012\/08\/pm_cumpri_mais_uma_decisao_judicial_em_caapora\/"},"modified":"2012-08-02T12:08:51","modified_gmt":"2012-08-02T15:08:51","slug":"pm_cumpri_mais_uma_decisao_judicial_em_caapora","status":"publish","type":"post","link":"https:\/\/www.pm.pb.gov.br\/portal\/2012\/08\/02\/pm_cumpri_mais_uma_decisao_judicial_em_caapora\/","title":{"rendered":"PM cumpri mais uma decis\u00e3o judicial em Caapor\u00e3"},"content":{"rendered":"<figure style=\"width: 500px\" class=\"wp-caption alignnone\"><img decoding=\"async\" class=\"alignnone size-medium\" src=\"http:\/\/www.pm.pb.gov.br\/portal\/wp-content\/uploads\/2012\/08\/6923_8261.jpg\" title=\"A retirada foi pac\u00edfica \" width=\"100%\" \/><figcaption class=\"wp-caption-text\">A retirada foi pac\u00edfica<\/figcaption><\/figure>\n<div style=\"text-align: justify;\">\nA Pol\u00edcia Militar no dia 30.07.2012, cumpriu mais uma decis\u00e3o judicial de Reintegra\u00e7\u00e3o de Posse, processo n\u00ba 002.2012.000.815- 2, oriundo da Comarca de Caapor\u00e3\/PB, da lavra da MM. Ju\u00edza de Direiro, Dr\u00aa. Daniere Ferreira de Souza. tendo como promovente a Usina Cruangi S\/A, e como promovido o Movimento dos Sem Terra &#8211; MST, tendo sido procedida a reintegra\u00e7\u00e3o de posse do Im\u00f3vel descrito<br \/>\nna exordial.<\/p>\n<p>A desocupa\u00e7\u00e3o do im\u00f3vel rural denominado de Engenho<br \/>\nRetirada, localizado no munic\u00edpio de Caaapor\u00e3\/PB, transcorreu de forma mansa, cautelosa, amig\u00e1vel e pac\u00edfica.<\/p>\n<p>O Comando da Opera\u00e7\u00e3o ficou a cargo do Coronel Josman<br \/>\nLacerda de Albuquerque, Coordenador Adjunto do Estado-Maior<br \/>\nEstrat\u00e9gico, do Tenente Coronel Severino do Ramo Ger\u00f4nimo de<br \/>\nAra\u00fajo, Coordenador de Gerenciamento de Crises e do Major Marcos Ant\u00f4nio Benevides Pessoa J\u00fanior, Comandante da 3\u00aa Companhia do 5\u00ba Batalh\u00e3o de Pol\u00edcia Militar, em cumprimento a ordem emanada nos autos do Mandado de Reintegra\u00e7\u00e3o de Posse.<\/p>\n<p>Estavam presentes no curso do ato, os Oficiais de Justi\u00e7a<br \/>\nAvaliadores, Sor\u00e1ya Fran\u00e7a dos Anjos e Alan C\u00e9sar de Oliveira Batista, o Ouvidor Agr\u00e1rio Regional, do INCRA\/PB, Dr. Varlindo N\u00f3brega Carneiro, o Sr. Dorival Fernandes da Divis\u00e3o de Obten\u00e7\u00e3o de Terras do INCRA\/PB, a Dr\u00aa Fl\u00e1via Renata Faria Assaad, Delegada de Pol\u00edcia Civil daquele munic\u00edpio, as senhoras Eliane Balbino de Lima e Josiane Pereira da Silva, Presidenta e Membro do Conselho<br \/>\nTutelar de Caapor\u00e3-PB, respectivamente, do Dr. Ricardo Mendes, Gerente Agr\u00edcola da Usina Cruangi S\/A e da Sr\u00aa. T\u00e2nia, Coordenadora da Comiss\u00e3o Pastoral da Terra &#8211; CPT.<\/p>\n<div class=\"row\" align=\"center\"><a href=\"http:\/\/www.pm.pb.gov.br\/portal\/wp-content\/uploads\/2012\/08\/6923_8262.jpg\"><figure style=\"width: 500px\" class=\"wp-caption alignnone\"><img decoding=\"async\" class=\"image-responsive\" src=\"http:\/\/www.pm.pb.gov.br\/portal\/wp-content\/uploads\/2012\/08\/6923_8262.jpg\" title=\"A decis\u00e3o foi cumprida \" width=\"100%\" \/><figcaption class=\"wp-caption-text\">A decis\u00e3o foi cumprida<\/figcaption><\/figure><\/a><\/div>\n<\/div>\n","protected":false},"excerpt":{"rendered":"<p>A Pol\u00edcia Militar no dia 30.07.2012, cumpriu mais uma decis\u00e3o judicial de Reintegra\u00e7\u00e3o de Posse, processo n\u00ba 002.2012.000.815- 2, oriundo<\/p>\n","protected":false},"author":5,"featured_media":8261,"comment_status":"closed","ping_status":"closed","sticky":false,"template":"","format":"standard","meta":{"_exactmetrics_skip_tracking":false,"_exactmetrics_sitenote_active":false,"_exactmetrics_sitenote_note":"","_exactmetrics_sitenote_category":0,"footnotes":""},"categories":[4],"tags":[],"yoast_head":"<!-- This site is optimized with the Yoast SEO plugin v22.0 - https:\/\/yoast.com\/wordpress\/plugins\/seo\/ -->\n<title>PM cumpri mais uma decis\u00e3o judicial em Caapor\u00e3 - Pol\u00edcia Militar da Para\u00edba<\/title>\n<meta name=\"robots\" content=\"index, follow, max-snippet:-1, max-image-preview:large, max-video-preview:-1\" \/>\n<link rel=\"canonical\" href=\"https:\/\/www.pm.pb.gov.br\/portal\/2012\/08\/02\/pm_cumpri_mais_uma_decisao_judicial_em_caapora\/\" \/>\n<meta property=\"og:locale\" content=\"pt_BR\" \/>\n<meta property=\"og:type\" content=\"article\" \/>\n<meta property=\"og:title\" content=\"PM cumpri mais uma decis\u00e3o judicial em Caapor\u00e3 - Pol\u00edcia Militar da Para\u00edba\" \/>\n<meta property=\"og:description\" content=\"A Pol\u00edcia Militar no dia 30.07.2012, cumpriu mais uma decis\u00e3o judicial de Reintegra\u00e7\u00e3o de Posse, processo n\u00ba 002.2012.000.815- 2, oriundo\" \/>\n<meta property=\"og:url\" content=\"https:\/\/www.pm.pb.gov.br\/portal\/2012\/08\/02\/pm_cumpri_mais_uma_decisao_judicial_em_caapora\/\" \/>\n<meta property=\"og:site_name\" content=\"Pol\u00edcia Militar da Para\u00edba\" \/>\n<meta property=\"article:published_time\" content=\"2012-08-02T15:08:51+00:00\" \/>\n<meta property=\"og:image\" content=\"https:\/\/www.pm.pb.gov.br\/portal\/wp-content\/uploads\/2012\/08\/6923_8261.jpg\" \/>\n\t<meta property=\"og:image:width\" content=\"500\" \/>\n\t<meta property=\"og:image:height\" content=\"375\" \/>\n\t<meta property=\"og:image:type\" content=\"image\/jpeg\" \/>\n<meta name=\"author\" content=\"Assessoria de Imprensa da PMPB\" \/>\n<meta name=\"twitter:card\" content=\"summary_large_image\" \/>\n<meta name=\"twitter:label1\" content=\"Escrito por\" \/>\n\t<meta name=\"twitter:data1\" content=\"Assessoria de Imprensa da PMPB\" \/>\n\t<meta name=\"twitter:label2\" content=\"Est. tempo de leitura\" \/>\n\t<meta name=\"twitter:data2\" content=\"2 minutos\" \/>\n<script type=\"application\/ld+json\" class=\"yoast-schema-graph\">{\"@context\":\"https:\/\/schema.org\",\"@graph\":[{\"@type\":\"Article\",\"@id\":\"https:\/\/www.pm.pb.gov.br\/portal\/2012\/08\/02\/pm_cumpri_mais_uma_decisao_judicial_em_caapora\/#article\",\"isPartOf\":{\"@id\":\"https:\/\/www.pm.pb.gov.br\/portal\/2012\/08\/02\/pm_cumpri_mais_uma_decisao_judicial_em_caapora\/\"},\"author\":{\"name\":\"Assessoria de Imprensa da PMPB\",\"@id\":\"https:\/\/www.pm.pb.gov.br\/portal\/#\/schema\/person\/e8454f46651c3ecf0e1ba3c1666d9947\"},\"headline\":\"PM cumpri mais uma decis\u00e3o judicial em Caapor\u00e3\",\"datePublished\":\"2012-08-02T15:08:51+00:00\",\"dateModified\":\"2012-08-02T15:08:51+00:00\",\"mainEntityOfPage\":{\"@id\":\"https:\/\/www.pm.pb.gov.br\/portal\/2012\/08\/02\/pm_cumpri_mais_uma_decisao_judicial_em_caapora\/\"},\"wordCount\":315,\"publisher\":{\"@id\":\"https:\/\/www.pm.pb.gov.br\/portal\/#organization\"},\"articleSection\":[\"A\u00e7\u00f5es Policiais\"],\"inLanguage\":\"pt-BR\"},{\"@type\":\"WebPage\",\"@id\":\"https:\/\/www.pm.pb.gov.br\/portal\/2012\/08\/02\/pm_cumpri_mais_uma_decisao_judicial_em_caapora\/\",\"url\":\"https:\/\/www.pm.pb.gov.br\/portal\/2012\/08\/02\/pm_cumpri_mais_uma_decisao_judicial_em_caapora\/\",\"name\":\"PM cumpri mais uma decis\u00e3o judicial em Caapor\u00e3 - Pol\u00edcia Militar da Para\u00edba\",\"isPartOf\":{\"@id\":\"https:\/\/www.pm.pb.gov.br\/portal\/#website\"},\"datePublished\":\"2012-08-02T15:08:51+00:00\",\"dateModified\":\"2012-08-02T15:08:51+00:00\",\"breadcrumb\":{\"@id\":\"https:\/\/www.pm.pb.gov.br\/portal\/2012\/08\/02\/pm_cumpri_mais_uma_decisao_judicial_em_caapora\/#breadcrumb\"},\"inLanguage\":\"pt-BR\",\"potentialAction\":[{\"@type\":\"ReadAction\",\"target\":[\"https:\/\/www.pm.pb.gov.br\/portal\/2012\/08\/02\/pm_cumpri_mais_uma_decisao_judicial_em_caapora\/\"]}]},{\"@type\":\"BreadcrumbList\",\"@id\":\"https:\/\/www.pm.pb.gov.br\/portal\/2012\/08\/02\/pm_cumpri_mais_uma_decisao_judicial_em_caapora\/#breadcrumb\",\"itemListElement\":[{\"@type\":\"ListItem\",\"position\":1,\"name\":\"In\u00edcio\",\"item\":\"https:\/\/www.pm.pb.gov.br\/portal\/\"},{\"@type\":\"ListItem\",\"position\":2,\"name\":\"PM cumpri mais uma decis\u00e3o judicial em Caapor\u00e3\"}]},{\"@type\":\"WebSite\",\"@id\":\"https:\/\/www.pm.pb.gov.br\/portal\/#website\",\"url\":\"https:\/\/www.pm.pb.gov.br\/portal\/\",\"name\":\"Pol\u00edcia Militar da Para\u00edba\",\"description\":\"\",\"publisher\":{\"@id\":\"https:\/\/www.pm.pb.gov.br\/portal\/#organization\"},\"potentialAction\":[{\"@type\":\"SearchAction\",\"target\":{\"@type\":\"EntryPoint\",\"urlTemplate\":\"https:\/\/www.pm.pb.gov.br\/portal\/?s={search_term_string}\"},\"query-input\":\"required name=search_term_string\"}],\"inLanguage\":\"pt-BR\"},{\"@type\":\"Organization\",\"@id\":\"https:\/\/www.pm.pb.gov.br\/portal\/#organization\",\"name\":\"Pol\u00edcia Militar da Para\u00edba\",\"url\":\"https:\/\/www.pm.pb.gov.br\/portal\/\",\"logo\":{\"@type\":\"ImageObject\",\"inLanguage\":\"pt-BR\",\"@id\":\"https:\/\/www.pm.pb.gov.br\/portal\/#\/schema\/logo\/image\/\",\"url\":\"https:\/\/www.pm.pb.gov.br\/portal\/wp-content\/uploads\/2025\/03\/cropped-logo-site-mag2-1.png\",\"contentUrl\":\"https:\/\/www.pm.pb.gov.br\/portal\/wp-content\/uploads\/2025\/03\/cropped-logo-site-mag2-1.png\",\"width\":320,\"height\":90,\"caption\":\"Pol\u00edcia Militar da Para\u00edba\"},\"image\":{\"@id\":\"https:\/\/www.pm.pb.gov.br\/portal\/#\/schema\/logo\/image\/\"}},{\"@type\":\"Person\",\"@id\":\"https:\/\/www.pm.pb.gov.br\/portal\/#\/schema\/person\/e8454f46651c3ecf0e1ba3c1666d9947\",\"name\":\"Assessoria de Imprensa da PMPB\",\"image\":{\"@type\":\"ImageObject\",\"inLanguage\":\"pt-BR\",\"@id\":\"https:\/\/www.pm.pb.gov.br\/portal\/#\/schema\/person\/image\/\",\"url\":\"https:\/\/secure.gravatar.com\/avatar\/2efe197438265d1e90bd98c4c8e1acf8?s=96&d=mm&r=g\",\"contentUrl\":\"https:\/\/secure.gravatar.com\/avatar\/2efe197438265d1e90bd98c4c8e1acf8?s=96&d=mm&r=g\",\"caption\":\"Assessoria de Imprensa da PMPB\"},\"url\":\"https:\/\/www.pm.pb.gov.br\/portal\/author\/assessoria\/\"}]}<\/script>\n<!-- \/ Yoast SEO plugin. -->","yoast_head_json":{"title":"PM cumpri mais uma decis\u00e3o judicial em Caapor\u00e3 - Pol\u00edcia Militar da Para\u00edba","robots":{"index":"index","follow":"follow","max-snippet":"max-snippet:-1","max-image-preview":"max-image-preview:large","max-video-preview":"max-video-preview:-1"},"canonical":"https:\/\/www.pm.pb.gov.br\/portal\/2012\/08\/02\/pm_cumpri_mais_uma_decisao_judicial_em_caapora\/","og_locale":"pt_BR","og_type":"article","og_title":"PM cumpri mais uma decis\u00e3o judicial em Caapor\u00e3 - Pol\u00edcia Militar da Para\u00edba","og_description":"A Pol\u00edcia Militar no dia 30.07.2012, cumpriu mais uma decis\u00e3o judicial de Reintegra\u00e7\u00e3o de Posse, processo n\u00ba 002.2012.000.815- 2, oriundo","og_url":"https:\/\/www.pm.pb.gov.br\/portal\/2012\/08\/02\/pm_cumpri_mais_uma_decisao_judicial_em_caapora\/","og_site_name":"Pol\u00edcia Militar da Para\u00edba","article_published_time":"2012-08-02T15:08:51+00:00","og_image":[{"width":500,"height":375,"url":"https:\/\/www.pm.pb.gov.br\/portal\/wp-content\/uploads\/2012\/08\/6923_8261.jpg","type":"image\/jpeg"}],"author":"Assessoria de Imprensa da PMPB","twitter_card":"summary_large_image","twitter_misc":{"Escrito por":"Assessoria de Imprensa da PMPB","Est. tempo de leitura":"2 minutos"},"schema":{"@context":"https:\/\/schema.org","@graph":[{"@type":"Article","@id":"https:\/\/www.pm.pb.gov.br\/portal\/2012\/08\/02\/pm_cumpri_mais_uma_decisao_judicial_em_caapora\/#article","isPartOf":{"@id":"https:\/\/www.pm.pb.gov.br\/portal\/2012\/08\/02\/pm_cumpri_mais_uma_decisao_judicial_em_caapora\/"},"author":{"name":"Assessoria de Imprensa da PMPB","@id":"https:\/\/www.pm.pb.gov.br\/portal\/#\/schema\/person\/e8454f46651c3ecf0e1ba3c1666d9947"},"headline":"PM cumpri mais uma decis\u00e3o judicial em Caapor\u00e3","datePublished":"2012-08-02T15:08:51+00:00","dateModified":"2012-08-02T15:08:51+00:00","mainEntityOfPage":{"@id":"https:\/\/www.pm.pb.gov.br\/portal\/2012\/08\/02\/pm_cumpri_mais_uma_decisao_judicial_em_caapora\/"},"wordCount":315,"publisher":{"@id":"https:\/\/www.pm.pb.gov.br\/portal\/#organization"},"articleSection":["A\u00e7\u00f5es Policiais"],"inLanguage":"pt-BR"},{"@type":"WebPage","@id":"https:\/\/www.pm.pb.gov.br\/portal\/2012\/08\/02\/pm_cumpri_mais_uma_decisao_judicial_em_caapora\/","url":"https:\/\/www.pm.pb.gov.br\/portal\/2012\/08\/02\/pm_cumpri_mais_uma_decisao_judicial_em_caapora\/","name":"PM cumpri mais uma decis\u00e3o judicial em Caapor\u00e3 - Pol\u00edcia Militar da Para\u00edba","isPartOf":{"@id":"https:\/\/www.pm.pb.gov.br\/portal\/#website"},"datePublished":"2012-08-02T15:08:51+00:00","dateModified":"2012-08-02T15:08:51+00:00","breadcrumb":{"@id":"https:\/\/www.pm.pb.gov.br\/portal\/2012\/08\/02\/pm_cumpri_mais_uma_decisao_judicial_em_caapora\/#breadcrumb"},"inLanguage":"pt-BR","potentialAction":[{"@type":"ReadAction","target":["https:\/\/www.pm.pb.gov.br\/portal\/2012\/08\/02\/pm_cumpri_mais_uma_decisao_judicial_em_caapora\/"]}]},{"@type":"BreadcrumbList","@id":"https:\/\/www.pm.pb.gov.br\/portal\/2012\/08\/02\/pm_cumpri_mais_uma_decisao_judicial_em_caapora\/#breadcrumb","itemListElement":[{"@type":"ListItem","position":1,"name":"In\u00edcio","item":"https:\/\/www.pm.pb.gov.br\/portal\/"},{"@type":"ListItem","position":2,"name":"PM cumpri mais uma decis\u00e3o judicial em Caapor\u00e3"}]},{"@type":"WebSite","@id":"https:\/\/www.pm.pb.gov.br\/portal\/#website","url":"https:\/\/www.pm.pb.gov.br\/portal\/","name":"Pol\u00edcia Militar da Para\u00edba","description":"","publisher":{"@id":"https:\/\/www.pm.pb.gov.br\/portal\/#organization"},"potentialAction":[{"@type":"SearchAction","target":{"@type":"EntryPoint","urlTemplate":"https:\/\/www.pm.pb.gov.br\/portal\/?s={search_term_string}"},"query-input":"required name=search_term_string"}],"inLanguage":"pt-BR"},{"@type":"Organization","@id":"https:\/\/www.pm.pb.gov.br\/portal\/#organization","name":"Pol\u00edcia Militar da Para\u00edba","url":"https:\/\/www.pm.pb.gov.br\/portal\/","logo":{"@type":"ImageObject","inLanguage":"pt-BR","@id":"https:\/\/www.pm.pb.gov.br\/portal\/#\/schema\/logo\/image\/","url":"https:\/\/www.pm.pb.gov.br\/portal\/wp-content\/uploads\/2025\/03\/cropped-logo-site-mag2-1.png","contentUrl":"https:\/\/www.pm.pb.gov.br\/portal\/wp-content\/uploads\/2025\/03\/cropped-logo-site-mag2-1.png","width":320,"height":90,"caption":"Pol\u00edcia Militar da Para\u00edba"},"image":{"@id":"https:\/\/www.pm.pb.gov.br\/portal\/#\/schema\/logo\/image\/"}},{"@type":"Person","@id":"https:\/\/www.pm.pb.gov.br\/portal\/#\/schema\/person\/e8454f46651c3ecf0e1ba3c1666d9947","name":"Assessoria de Imprensa da PMPB","image":{"@type":"ImageObject","inLanguage":"pt-BR","@id":"https:\/\/www.pm.pb.gov.br\/portal\/#\/schema\/person\/image\/","url":"https:\/\/secure.gravatar.com\/avatar\/2efe197438265d1e90bd98c4c8e1acf8?s=96&d=mm&r=g","contentUrl":"https:\/\/secure.gravatar.com\/avatar\/2efe197438265d1e90bd98c4c8e1acf8?s=96&d=mm&r=g","caption":"Assessoria de Imprensa da PMPB"},"url":"https:\/\/www.pm.pb.gov.br\/portal\/author\/assessoria\/"}]}},"_links":{"self":[{"href":"https:\/\/www.pm.pb.gov.br\/portal\/wp-json\/wp\/v2\/posts\/891209"}],"collection":[{"href":"https:\/\/www.pm.pb.gov.br\/portal\/wp-json\/wp\/v2\/posts"}],"about":[{"href":"https:\/\/www.pm.pb.gov.br\/portal\/wp-json\/wp\/v2\/types\/post"}],"author":[{"embeddable":true,"href":"https:\/\/www.pm.pb.gov.br\/portal\/wp-json\/wp\/v2\/users\/5"}],"replies":[{"embeddable":true,"href":"https:\/\/www.pm.pb.gov.br\/portal\/wp-json\/wp\/v2\/comments?post=891209"}],"version-history":[{"count":0,"href":"https:\/\/www.pm.pb.gov.br\/portal\/wp-json\/wp\/v2\/posts\/891209\/revisions"}],"wp:featuredmedia":[{"embeddable":true,"href":"https:\/\/www.pm.pb.gov.br\/portal\/wp-json\/wp\/v2\/media\/8261"}],"wp:attachment":[{"href":"https:\/\/www.pm.pb.gov.br\/portal\/wp-json\/wp\/v2\/media?parent=891209"}],"wp:term":[{"taxonomy":"category","embeddable":true,"href":"https:\/\/www.pm.pb.gov.br\/portal\/wp-json\/wp\/v2\/categories?post=891209"},{"taxonomy":"post_tag","embeddable":true,"href":"https:\/\/www.pm.pb.gov.br\/portal\/wp-json\/wp\/v2\/tags?post=891209"}],"curies":[{"name":"wp","href":"https:\/\/api.w.org\/{rel}","templated":true}]}}