{"id":891207,"date":"2012-08-01T12:08:04","date_gmt":"2012-08-01T15:08:04","guid":{"rendered":"http:\/\/www.pm.pb.gov.br\/portal\/2012\/08\/pernambucanos_sao_presos_apos_assalto_no_geisel\/"},"modified":"2012-08-01T12:08:04","modified_gmt":"2012-08-01T15:08:04","slug":"pernambucanos_sao_presos_apos_assalto_no_geisel","status":"publish","type":"post","link":"https:\/\/www.pm.pb.gov.br\/portal\/2012\/08\/01\/pernambucanos_sao_presos_apos_assalto_no_geisel\/","title":{"rendered":"Pernambucanos s\u00e3o presos ap\u00f3s assalto no Geisel"},"content":{"rendered":"<div style=\"text-align: justify;\">Assaltantes s\u00e3o perseguidos, trocam tiros com PMs, mas acabam presos<\/p>\n<p>A pol\u00edcia est\u00e1 fazendo levantamento na tentativa de descobrir se os dois pernambucanos, Josemar Jos\u00e9 da Silva, 37 anos e Edgleison Pereira da Silva, 28 j\u00e1 praticaram outros assaltos em Jo\u00e3o Pessoa ou em outras regi\u00f5es da Para\u00edba.<\/p>\n<p>Os dois foram presos nessa ter\u00e7a-feira, 31, no bairro Ernesto Geisel por policiais do servi\u00e7o de R\u00e1dio Patrulha ap\u00f3s serem perseguidos pelo major Ferreira, sub comandante do Batalh\u00e3o de Opera\u00e7\u00f5es Especiais da PM paraibana.<\/p>\n<p>Segundo consta de informa\u00e7\u00f5es repassadas pela pol\u00edcia, por volta das 9h30 de ontem uma mulher de 45 anos, que pediu para n\u00e3o ter o nome divulgado, foi abordada pela dupla que tomaram seu ve\u00edculo Kia Cerato placas MOQ-4073-PB por tr\u00e1s do Col\u00e9gio Leonel Brizola, na rua Saffa Said Abel da Cunha, bairro de tambauzinho, na Capital.<\/p>\n<p>Mas, para azar dos bandidos, o assalto foi visto por dois motoqueiros que abordaram o major Ferreira e comunicaram o fato. Como estava sozinho o militar solicitou apoio de guarni\u00e7\u00f5es da PM e passou a perseguir os bandidos, j\u00e1 com o carro da mulher.<\/p>\n<p>Houve persegui\u00e7\u00e3o por parte de guarni\u00e7\u00f5es da PM sendo o ve\u00edculo localizado nas proximidades do Viaduto Sorrisal. Os policiais tentaram abordar o autom\u00f3vel por tr\u00e1s da loja Caraj\u00e1s, no Ernesto Geisel, onde houve troca de tiros, atingido um Corsa que estava estacionado.<\/p>\n<p>Os dois bandidos foram presos e com eles apreendidos um rev\u00f3lver com Josemar e uma pistola cal 380 com Edgleison. O ve\u00edculo Kia Cerato de placas MOQ-4073-PB foi recuperado e entregue a propriet\u00e1ria com todos os pertences dela que estavam dentro do carro. Os assaltantes foram levados para a Delegacia de Roubos e Furtos de Ve\u00edculos, sendo apresentados a delegada Ilmara Bezerra.<\/p>\n<div class=\"row\" align=\"center\"><\/div>\n<\/div>\n","protected":false},"excerpt":{"rendered":"<p>Assaltantes s\u00e3o perseguidos, trocam tiros com PMs, mas acabam presos A pol\u00edcia est\u00e1 fazendo levantamento na tentativa de descobrir se<\/p>\n","protected":false},"author":5,"featured_media":891230,"comment_status":"closed","ping_status":"closed","sticky":false,"template":"","format":"standard","meta":{"_exactmetrics_skip_tracking":false,"_exactmetrics_sitenote_active":false,"_exactmetrics_sitenote_note":"","_exactmetrics_sitenote_category":0,"footnotes":""},"categories":[4],"tags":[],"yoast_head":"<!-- This site is optimized with the Yoast SEO plugin v22.0 - https:\/\/yoast.com\/wordpress\/plugins\/seo\/ -->\n<title>Pernambucanos s\u00e3o presos ap\u00f3s assalto no Geisel - Pol\u00edcia Militar da Para\u00edba<\/title>\n<meta name=\"robots\" content=\"index, follow, max-snippet:-1, max-image-preview:large, max-video-preview:-1\" \/>\n<link rel=\"canonical\" href=\"https:\/\/www.pm.pb.gov.br\/portal\/2012\/08\/01\/pernambucanos_sao_presos_apos_assalto_no_geisel\/\" \/>\n<meta property=\"og:locale\" content=\"pt_BR\" \/>\n<meta property=\"og:type\" content=\"article\" \/>\n<meta property=\"og:title\" content=\"Pernambucanos s\u00e3o presos ap\u00f3s assalto no Geisel - Pol\u00edcia Militar da Para\u00edba\" \/>\n<meta property=\"og:description\" content=\"Assaltantes s\u00e3o perseguidos, trocam tiros com PMs, mas acabam presos A pol\u00edcia est\u00e1 fazendo levantamento na tentativa de descobrir se\" \/>\n<meta property=\"og:url\" content=\"https:\/\/www.pm.pb.gov.br\/portal\/2012\/08\/01\/pernambucanos_sao_presos_apos_assalto_no_geisel\/\" \/>\n<meta property=\"og:site_name\" content=\"Pol\u00edcia Militar da Para\u00edba\" \/>\n<meta property=\"article:published_time\" content=\"2012-08-01T15:08:04+00:00\" \/>\n<meta property=\"og:image\" content=\"https:\/\/www.pm.pb.gov.br\/portal\/wp-content\/uploads\/2012\/08\/foto_brasao-13.jpg\" \/>\n\t<meta property=\"og:image:width\" content=\"620\" \/>\n\t<meta property=\"og:image:height\" content=\"411\" \/>\n\t<meta property=\"og:image:type\" content=\"image\/jpeg\" \/>\n<meta name=\"author\" content=\"Assessoria de Imprensa da PMPB\" \/>\n<meta name=\"twitter:card\" content=\"summary_large_image\" \/>\n<meta name=\"twitter:label1\" content=\"Escrito por\" \/>\n\t<meta name=\"twitter:data1\" content=\"Assessoria de Imprensa da PMPB\" \/>\n\t<meta name=\"twitter:label2\" content=\"Est. tempo de leitura\" \/>\n\t<meta name=\"twitter:data2\" content=\"2 minutos\" \/>\n<script type=\"application\/ld+json\" class=\"yoast-schema-graph\">{\"@context\":\"https:\/\/schema.org\",\"@graph\":[{\"@type\":\"Article\",\"@id\":\"https:\/\/www.pm.pb.gov.br\/portal\/2012\/08\/01\/pernambucanos_sao_presos_apos_assalto_no_geisel\/#article\",\"isPartOf\":{\"@id\":\"https:\/\/www.pm.pb.gov.br\/portal\/2012\/08\/01\/pernambucanos_sao_presos_apos_assalto_no_geisel\/\"},\"author\":{\"name\":\"Assessoria de Imprensa da PMPB\",\"@id\":\"https:\/\/www.pm.pb.gov.br\/portal\/#\/schema\/person\/e8454f46651c3ecf0e1ba3c1666d9947\"},\"headline\":\"Pernambucanos s\u00e3o presos ap\u00f3s assalto no Geisel\",\"datePublished\":\"2012-08-01T15:08:04+00:00\",\"dateModified\":\"2012-08-01T15:08:04+00:00\",\"mainEntityOfPage\":{\"@id\":\"https:\/\/www.pm.pb.gov.br\/portal\/2012\/08\/01\/pernambucanos_sao_presos_apos_assalto_no_geisel\/\"},\"wordCount\":320,\"publisher\":{\"@id\":\"https:\/\/www.pm.pb.gov.br\/portal\/#organization\"},\"articleSection\":[\"A\u00e7\u00f5es Policiais\"],\"inLanguage\":\"pt-BR\"},{\"@type\":\"WebPage\",\"@id\":\"https:\/\/www.pm.pb.gov.br\/portal\/2012\/08\/01\/pernambucanos_sao_presos_apos_assalto_no_geisel\/\",\"url\":\"https:\/\/www.pm.pb.gov.br\/portal\/2012\/08\/01\/pernambucanos_sao_presos_apos_assalto_no_geisel\/\",\"name\":\"Pernambucanos s\u00e3o presos ap\u00f3s assalto no Geisel - Pol\u00edcia Militar da Para\u00edba\",\"isPartOf\":{\"@id\":\"https:\/\/www.pm.pb.gov.br\/portal\/#website\"},\"datePublished\":\"2012-08-01T15:08:04+00:00\",\"dateModified\":\"2012-08-01T15:08:04+00:00\",\"breadcrumb\":{\"@id\":\"https:\/\/www.pm.pb.gov.br\/portal\/2012\/08\/01\/pernambucanos_sao_presos_apos_assalto_no_geisel\/#breadcrumb\"},\"inLanguage\":\"pt-BR\",\"potentialAction\":[{\"@type\":\"ReadAction\",\"target\":[\"https:\/\/www.pm.pb.gov.br\/portal\/2012\/08\/01\/pernambucanos_sao_presos_apos_assalto_no_geisel\/\"]}]},{\"@type\":\"BreadcrumbList\",\"@id\":\"https:\/\/www.pm.pb.gov.br\/portal\/2012\/08\/01\/pernambucanos_sao_presos_apos_assalto_no_geisel\/#breadcrumb\",\"itemListElement\":[{\"@type\":\"ListItem\",\"position\":1,\"name\":\"In\u00edcio\",\"item\":\"https:\/\/www.pm.pb.gov.br\/portal\/\"},{\"@type\":\"ListItem\",\"position\":2,\"name\":\"Pernambucanos s\u00e3o presos ap\u00f3s assalto no Geisel\"}]},{\"@type\":\"WebSite\",\"@id\":\"https:\/\/www.pm.pb.gov.br\/portal\/#website\",\"url\":\"https:\/\/www.pm.pb.gov.br\/portal\/\",\"name\":\"Pol\u00edcia Militar da Para\u00edba\",\"description\":\"\",\"publisher\":{\"@id\":\"https:\/\/www.pm.pb.gov.br\/portal\/#organization\"},\"potentialAction\":[{\"@type\":\"SearchAction\",\"target\":{\"@type\":\"EntryPoint\",\"urlTemplate\":\"https:\/\/www.pm.pb.gov.br\/portal\/?s={search_term_string}\"},\"query-input\":\"required name=search_term_string\"}],\"inLanguage\":\"pt-BR\"},{\"@type\":\"Organization\",\"@id\":\"https:\/\/www.pm.pb.gov.br\/portal\/#organization\",\"name\":\"Pol\u00edcia Militar da Para\u00edba\",\"url\":\"https:\/\/www.pm.pb.gov.br\/portal\/\",\"logo\":{\"@type\":\"ImageObject\",\"inLanguage\":\"pt-BR\",\"@id\":\"https:\/\/www.pm.pb.gov.br\/portal\/#\/schema\/logo\/image\/\",\"url\":\"https:\/\/www.pm.pb.gov.br\/portal\/wp-content\/uploads\/2025\/03\/cropped-logo-site-mag2-1.png\",\"contentUrl\":\"https:\/\/www.pm.pb.gov.br\/portal\/wp-content\/uploads\/2025\/03\/cropped-logo-site-mag2-1.png\",\"width\":320,\"height\":90,\"caption\":\"Pol\u00edcia Militar da Para\u00edba\"},\"image\":{\"@id\":\"https:\/\/www.pm.pb.gov.br\/portal\/#\/schema\/logo\/image\/\"}},{\"@type\":\"Person\",\"@id\":\"https:\/\/www.pm.pb.gov.br\/portal\/#\/schema\/person\/e8454f46651c3ecf0e1ba3c1666d9947\",\"name\":\"Assessoria de Imprensa da PMPB\",\"image\":{\"@type\":\"ImageObject\",\"inLanguage\":\"pt-BR\",\"@id\":\"https:\/\/www.pm.pb.gov.br\/portal\/#\/schema\/person\/image\/\",\"url\":\"https:\/\/secure.gravatar.com\/avatar\/2efe197438265d1e90bd98c4c8e1acf8?s=96&d=mm&r=g\",\"contentUrl\":\"https:\/\/secure.gravatar.com\/avatar\/2efe197438265d1e90bd98c4c8e1acf8?s=96&d=mm&r=g\",\"caption\":\"Assessoria de Imprensa da PMPB\"},\"url\":\"https:\/\/www.pm.pb.gov.br\/portal\/author\/assessoria\/\"}]}<\/script>\n<!-- \/ Yoast SEO plugin. -->","yoast_head_json":{"title":"Pernambucanos s\u00e3o presos ap\u00f3s assalto no Geisel - Pol\u00edcia Militar da Para\u00edba","robots":{"index":"index","follow":"follow","max-snippet":"max-snippet:-1","max-image-preview":"max-image-preview:large","max-video-preview":"max-video-preview:-1"},"canonical":"https:\/\/www.pm.pb.gov.br\/portal\/2012\/08\/01\/pernambucanos_sao_presos_apos_assalto_no_geisel\/","og_locale":"pt_BR","og_type":"article","og_title":"Pernambucanos s\u00e3o presos ap\u00f3s assalto no Geisel - Pol\u00edcia Militar da Para\u00edba","og_description":"Assaltantes s\u00e3o perseguidos, trocam tiros com PMs, mas acabam presos A pol\u00edcia est\u00e1 fazendo levantamento na tentativa de descobrir se","og_url":"https:\/\/www.pm.pb.gov.br\/portal\/2012\/08\/01\/pernambucanos_sao_presos_apos_assalto_no_geisel\/","og_site_name":"Pol\u00edcia Militar da Para\u00edba","article_published_time":"2012-08-01T15:08:04+00:00","og_image":[{"width":620,"height":411,"url":"https:\/\/www.pm.pb.gov.br\/portal\/wp-content\/uploads\/2012\/08\/foto_brasao-13.jpg","type":"image\/jpeg"}],"author":"Assessoria de Imprensa da PMPB","twitter_card":"summary_large_image","twitter_misc":{"Escrito por":"Assessoria de Imprensa da PMPB","Est. tempo de leitura":"2 minutos"},"schema":{"@context":"https:\/\/schema.org","@graph":[{"@type":"Article","@id":"https:\/\/www.pm.pb.gov.br\/portal\/2012\/08\/01\/pernambucanos_sao_presos_apos_assalto_no_geisel\/#article","isPartOf":{"@id":"https:\/\/www.pm.pb.gov.br\/portal\/2012\/08\/01\/pernambucanos_sao_presos_apos_assalto_no_geisel\/"},"author":{"name":"Assessoria de Imprensa da PMPB","@id":"https:\/\/www.pm.pb.gov.br\/portal\/#\/schema\/person\/e8454f46651c3ecf0e1ba3c1666d9947"},"headline":"Pernambucanos s\u00e3o presos ap\u00f3s assalto no Geisel","datePublished":"2012-08-01T15:08:04+00:00","dateModified":"2012-08-01T15:08:04+00:00","mainEntityOfPage":{"@id":"https:\/\/www.pm.pb.gov.br\/portal\/2012\/08\/01\/pernambucanos_sao_presos_apos_assalto_no_geisel\/"},"wordCount":320,"publisher":{"@id":"https:\/\/www.pm.pb.gov.br\/portal\/#organization"},"articleSection":["A\u00e7\u00f5es Policiais"],"inLanguage":"pt-BR"},{"@type":"WebPage","@id":"https:\/\/www.pm.pb.gov.br\/portal\/2012\/08\/01\/pernambucanos_sao_presos_apos_assalto_no_geisel\/","url":"https:\/\/www.pm.pb.gov.br\/portal\/2012\/08\/01\/pernambucanos_sao_presos_apos_assalto_no_geisel\/","name":"Pernambucanos s\u00e3o presos ap\u00f3s assalto no Geisel - Pol\u00edcia Militar da Para\u00edba","isPartOf":{"@id":"https:\/\/www.pm.pb.gov.br\/portal\/#website"},"datePublished":"2012-08-01T15:08:04+00:00","dateModified":"2012-08-01T15:08:04+00:00","breadcrumb":{"@id":"https:\/\/www.pm.pb.gov.br\/portal\/2012\/08\/01\/pernambucanos_sao_presos_apos_assalto_no_geisel\/#breadcrumb"},"inLanguage":"pt-BR","potentialAction":[{"@type":"ReadAction","target":["https:\/\/www.pm.pb.gov.br\/portal\/2012\/08\/01\/pernambucanos_sao_presos_apos_assalto_no_geisel\/"]}]},{"@type":"BreadcrumbList","@id":"https:\/\/www.pm.pb.gov.br\/portal\/2012\/08\/01\/pernambucanos_sao_presos_apos_assalto_no_geisel\/#breadcrumb","itemListElement":[{"@type":"ListItem","position":1,"name":"In\u00edcio","item":"https:\/\/www.pm.pb.gov.br\/portal\/"},{"@type":"ListItem","position":2,"name":"Pernambucanos s\u00e3o presos ap\u00f3s assalto no Geisel"}]},{"@type":"WebSite","@id":"https:\/\/www.pm.pb.gov.br\/portal\/#website","url":"https:\/\/www.pm.pb.gov.br\/portal\/","name":"Pol\u00edcia Militar da Para\u00edba","description":"","publisher":{"@id":"https:\/\/www.pm.pb.gov.br\/portal\/#organization"},"potentialAction":[{"@type":"SearchAction","target":{"@type":"EntryPoint","urlTemplate":"https:\/\/www.pm.pb.gov.br\/portal\/?s={search_term_string}"},"query-input":"required name=search_term_string"}],"inLanguage":"pt-BR"},{"@type":"Organization","@id":"https:\/\/www.pm.pb.gov.br\/portal\/#organization","name":"Pol\u00edcia Militar da Para\u00edba","url":"https:\/\/www.pm.pb.gov.br\/portal\/","logo":{"@type":"ImageObject","inLanguage":"pt-BR","@id":"https:\/\/www.pm.pb.gov.br\/portal\/#\/schema\/logo\/image\/","url":"https:\/\/www.pm.pb.gov.br\/portal\/wp-content\/uploads\/2025\/03\/cropped-logo-site-mag2-1.png","contentUrl":"https:\/\/www.pm.pb.gov.br\/portal\/wp-content\/uploads\/2025\/03\/cropped-logo-site-mag2-1.png","width":320,"height":90,"caption":"Pol\u00edcia Militar da Para\u00edba"},"image":{"@id":"https:\/\/www.pm.pb.gov.br\/portal\/#\/schema\/logo\/image\/"}},{"@type":"Person","@id":"https:\/\/www.pm.pb.gov.br\/portal\/#\/schema\/person\/e8454f46651c3ecf0e1ba3c1666d9947","name":"Assessoria de Imprensa da PMPB","image":{"@type":"ImageObject","inLanguage":"pt-BR","@id":"https:\/\/www.pm.pb.gov.br\/portal\/#\/schema\/person\/image\/","url":"https:\/\/secure.gravatar.com\/avatar\/2efe197438265d1e90bd98c4c8e1acf8?s=96&d=mm&r=g","contentUrl":"https:\/\/secure.gravatar.com\/avatar\/2efe197438265d1e90bd98c4c8e1acf8?s=96&d=mm&r=g","caption":"Assessoria de Imprensa da PMPB"},"url":"https:\/\/www.pm.pb.gov.br\/portal\/author\/assessoria\/"}]}},"_links":{"self":[{"href":"https:\/\/www.pm.pb.gov.br\/portal\/wp-json\/wp\/v2\/posts\/891207"}],"collection":[{"href":"https:\/\/www.pm.pb.gov.br\/portal\/wp-json\/wp\/v2\/posts"}],"about":[{"href":"https:\/\/www.pm.pb.gov.br\/portal\/wp-json\/wp\/v2\/types\/post"}],"author":[{"embeddable":true,"href":"https:\/\/www.pm.pb.gov.br\/portal\/wp-json\/wp\/v2\/users\/5"}],"replies":[{"embeddable":true,"href":"https:\/\/www.pm.pb.gov.br\/portal\/wp-json\/wp\/v2\/comments?post=891207"}],"version-history":[{"count":0,"href":"https:\/\/www.pm.pb.gov.br\/portal\/wp-json\/wp\/v2\/posts\/891207\/revisions"}],"wp:featuredmedia":[{"embeddable":true,"href":"https:\/\/www.pm.pb.gov.br\/portal\/wp-json\/wp\/v2\/media\/891230"}],"wp:attachment":[{"href":"https:\/\/www.pm.pb.gov.br\/portal\/wp-json\/wp\/v2\/media?parent=891207"}],"wp:term":[{"taxonomy":"category","embeddable":true,"href":"https:\/\/www.pm.pb.gov.br\/portal\/wp-json\/wp\/v2\/categories?post=891207"},{"taxonomy":"post_tag","embeddable":true,"href":"https:\/\/www.pm.pb.gov.br\/portal\/wp-json\/wp\/v2\/tags?post=891207"}],"curies":[{"name":"wp","href":"https:\/\/api.w.org\/{rel}","templated":true}]}}