{"id":891191,"date":"2012-08-01T09:08:51","date_gmt":"2012-08-01T12:08:51","guid":{"rendered":"http:\/\/www.pm.pb.gov.br\/portal\/2012\/08\/8_batalhao_recebe_novas_viaturas_e_equipamentos_operacionais\/"},"modified":"2012-08-01T09:08:51","modified_gmt":"2012-08-01T12:08:51","slug":"8_batalhao_recebe_novas_viaturas_e_equipamentos_operacionais","status":"publish","type":"post","link":"https:\/\/www.pm.pb.gov.br\/portal\/2012\/08\/01\/8_batalhao_recebe_novas_viaturas_e_equipamentos_operacionais\/","title":{"rendered":"8\u00ba Batalh\u00e3o recebe novas viaturas e equipamentos operacionais"},"content":{"rendered":"<figure style=\"width: 500px\" class=\"wp-caption alignnone\"><img decoding=\"async\" class=\"alignnone size-medium\" src=\"http:\/\/www.pm.pb.gov.br\/portal\/wp-content\/uploads\/2012\/08\/6911_8251.jpg\" title=\"Novas viaturas \" width=\"100%\" \/><figcaption class=\"wp-caption-text\">Novas viaturas<\/figcaption><\/figure>\n<div style=\"text-align: justify;\">\nO 8\u00ba Batalh\u00e3o de Pol\u00edcia Militar apresentou mais sete novas viaturas que foram entregues pelo Governo do Estado. As VTRs ser\u00e3o destinadas ao servi\u00e7o operacional de todas as cidades polo da Unidade que ser\u00e3o contempladas com novas viaturas, como: Itabaiana, Caldas Brand\u00e3o,<br \/>\nIng\u00e1, Pedras de Fogo e Gurinh\u00e9m.<\/p>\n<p>S\u00e3o ao todo cinco ve\u00edculos modelo Ranger cabine dupla, 4\u00d74, motor 3.0 turbo e 10 modelo Palio Weekend, motor 1.6. A pot\u00eancia dos ve\u00edculos foi pensada com o intuito de facilitar o trabalho policial, sobretudo durante persegui\u00e7\u00f5es e dilig\u00eancias.<\/p>\n<p>Ao realizar a entrega das novas viaturas e dos equipamentos, o comandante do 8\u00ba Batalh\u00e3o, Tc Linhares, disse que todas as a\u00e7\u00f5es como: abordagens, blitz e fiscaliza\u00e7\u00e3o do tr\u00e2nsito, ter\u00e3o continuidades, e o foco principal ainda continua sendo o combate ao tr\u00e1fico de drogas e aos crimes de maior potencial ofensivo naquela regi\u00e3o.<\/p>\n<p>Ele lembrou Lembrou tamb\u00e9m que todo o seu efetivo est\u00e1 condicionado a utilizar os novos armamentos, j\u00e1 que<br \/>\npassaram por um treinamento rigoroso na Academia de Pol\u00edcia Militar, em Jo\u00e3o Pessoa.<\/p>\n<p>Vale salientar o trabalho que o Batalh\u00e3o j\u00e1 vem desenvolvendo como a opera\u00e7\u00e3o satura\u00e7\u00e3o nas a\u00e7\u00f5es no combate ao estouro de caixas eletr\u00f4nicos, intensificando<br \/>\nas dilig\u00eancias no hor\u00e1rio da madrugada.<\/p>\n<p>Com essas novas aquisi\u00e7\u00f5es o 8\u00ba BPM visa oferecer um servi\u00e7o ainda mais eficaz a popula\u00e7\u00e3o do agreste paraibano e melhores condi\u00e7\u00f5es de trabalho para os militares dessa Unidade.<\/p>\n<div class=\"row\" align=\"center\"><\/div>\n<\/div>\n","protected":false},"excerpt":{"rendered":"<p>O 8\u00ba Batalh\u00e3o de Pol\u00edcia Militar apresentou mais sete novas viaturas que foram entregues pelo Governo do Estado. As VTRs<\/p>\n","protected":false},"author":5,"featured_media":8251,"comment_status":"closed","ping_status":"closed","sticky":false,"template":"","format":"standard","meta":{"_exactmetrics_skip_tracking":false,"_exactmetrics_sitenote_active":false,"_exactmetrics_sitenote_note":"","_exactmetrics_sitenote_category":0,"footnotes":""},"categories":[4],"tags":[],"yoast_head":"<!-- This site is optimized with the Yoast SEO plugin v22.0 - https:\/\/yoast.com\/wordpress\/plugins\/seo\/ -->\n<title>8\u00ba Batalh\u00e3o recebe novas viaturas e equipamentos operacionais - Pol\u00edcia Militar da Para\u00edba<\/title>\n<meta name=\"robots\" content=\"index, follow, max-snippet:-1, max-image-preview:large, max-video-preview:-1\" \/>\n<link rel=\"canonical\" href=\"https:\/\/www.pm.pb.gov.br\/portal\/2012\/08\/01\/8_batalhao_recebe_novas_viaturas_e_equipamentos_operacionais\/\" \/>\n<meta property=\"og:locale\" content=\"pt_BR\" \/>\n<meta property=\"og:type\" content=\"article\" \/>\n<meta property=\"og:title\" content=\"8\u00ba Batalh\u00e3o recebe novas viaturas e equipamentos operacionais - Pol\u00edcia Militar da Para\u00edba\" \/>\n<meta property=\"og:description\" content=\"O 8\u00ba Batalh\u00e3o de Pol\u00edcia Militar apresentou mais sete novas viaturas que foram entregues pelo Governo do Estado. As VTRs\" \/>\n<meta property=\"og:url\" content=\"https:\/\/www.pm.pb.gov.br\/portal\/2012\/08\/01\/8_batalhao_recebe_novas_viaturas_e_equipamentos_operacionais\/\" \/>\n<meta property=\"og:site_name\" content=\"Pol\u00edcia Militar da Para\u00edba\" \/>\n<meta property=\"article:published_time\" content=\"2012-08-01T12:08:51+00:00\" \/>\n<meta property=\"og:image\" content=\"https:\/\/www.pm.pb.gov.br\/portal\/wp-content\/uploads\/2012\/08\/6911_8251.jpg\" \/>\n\t<meta property=\"og:image:width\" content=\"500\" \/>\n\t<meta property=\"og:image:height\" content=\"375\" \/>\n\t<meta property=\"og:image:type\" content=\"image\/jpeg\" \/>\n<meta name=\"author\" content=\"Assessoria de Imprensa da PMPB\" \/>\n<meta name=\"twitter:card\" content=\"summary_large_image\" \/>\n<meta name=\"twitter:label1\" content=\"Escrito por\" \/>\n\t<meta name=\"twitter:data1\" content=\"Assessoria de Imprensa da PMPB\" \/>\n\t<meta name=\"twitter:label2\" content=\"Est. tempo de leitura\" \/>\n\t<meta name=\"twitter:data2\" content=\"1 minuto\" \/>\n<script type=\"application\/ld+json\" class=\"yoast-schema-graph\">{\"@context\":\"https:\/\/schema.org\",\"@graph\":[{\"@type\":\"Article\",\"@id\":\"https:\/\/www.pm.pb.gov.br\/portal\/2012\/08\/01\/8_batalhao_recebe_novas_viaturas_e_equipamentos_operacionais\/#article\",\"isPartOf\":{\"@id\":\"https:\/\/www.pm.pb.gov.br\/portal\/2012\/08\/01\/8_batalhao_recebe_novas_viaturas_e_equipamentos_operacionais\/\"},\"author\":{\"name\":\"Assessoria de Imprensa da PMPB\",\"@id\":\"https:\/\/www.pm.pb.gov.br\/portal\/#\/schema\/person\/e8454f46651c3ecf0e1ba3c1666d9947\"},\"headline\":\"8\u00ba Batalh\u00e3o recebe novas viaturas e equipamentos operacionais\",\"datePublished\":\"2012-08-01T12:08:51+00:00\",\"dateModified\":\"2012-08-01T12:08:51+00:00\",\"mainEntityOfPage\":{\"@id\":\"https:\/\/www.pm.pb.gov.br\/portal\/2012\/08\/01\/8_batalhao_recebe_novas_viaturas_e_equipamentos_operacionais\/\"},\"wordCount\":273,\"publisher\":{\"@id\":\"https:\/\/www.pm.pb.gov.br\/portal\/#organization\"},\"articleSection\":[\"A\u00e7\u00f5es Policiais\"],\"inLanguage\":\"pt-BR\"},{\"@type\":\"WebPage\",\"@id\":\"https:\/\/www.pm.pb.gov.br\/portal\/2012\/08\/01\/8_batalhao_recebe_novas_viaturas_e_equipamentos_operacionais\/\",\"url\":\"https:\/\/www.pm.pb.gov.br\/portal\/2012\/08\/01\/8_batalhao_recebe_novas_viaturas_e_equipamentos_operacionais\/\",\"name\":\"8\u00ba Batalh\u00e3o recebe novas viaturas e equipamentos operacionais - Pol\u00edcia Militar da Para\u00edba\",\"isPartOf\":{\"@id\":\"https:\/\/www.pm.pb.gov.br\/portal\/#website\"},\"datePublished\":\"2012-08-01T12:08:51+00:00\",\"dateModified\":\"2012-08-01T12:08:51+00:00\",\"breadcrumb\":{\"@id\":\"https:\/\/www.pm.pb.gov.br\/portal\/2012\/08\/01\/8_batalhao_recebe_novas_viaturas_e_equipamentos_operacionais\/#breadcrumb\"},\"inLanguage\":\"pt-BR\",\"potentialAction\":[{\"@type\":\"ReadAction\",\"target\":[\"https:\/\/www.pm.pb.gov.br\/portal\/2012\/08\/01\/8_batalhao_recebe_novas_viaturas_e_equipamentos_operacionais\/\"]}]},{\"@type\":\"BreadcrumbList\",\"@id\":\"https:\/\/www.pm.pb.gov.br\/portal\/2012\/08\/01\/8_batalhao_recebe_novas_viaturas_e_equipamentos_operacionais\/#breadcrumb\",\"itemListElement\":[{\"@type\":\"ListItem\",\"position\":1,\"name\":\"In\u00edcio\",\"item\":\"https:\/\/www.pm.pb.gov.br\/portal\/\"},{\"@type\":\"ListItem\",\"position\":2,\"name\":\"8\u00ba Batalh\u00e3o recebe novas viaturas e equipamentos operacionais\"}]},{\"@type\":\"WebSite\",\"@id\":\"https:\/\/www.pm.pb.gov.br\/portal\/#website\",\"url\":\"https:\/\/www.pm.pb.gov.br\/portal\/\",\"name\":\"Pol\u00edcia Militar da Para\u00edba\",\"description\":\"\",\"publisher\":{\"@id\":\"https:\/\/www.pm.pb.gov.br\/portal\/#organization\"},\"potentialAction\":[{\"@type\":\"SearchAction\",\"target\":{\"@type\":\"EntryPoint\",\"urlTemplate\":\"https:\/\/www.pm.pb.gov.br\/portal\/?s={search_term_string}\"},\"query-input\":\"required name=search_term_string\"}],\"inLanguage\":\"pt-BR\"},{\"@type\":\"Organization\",\"@id\":\"https:\/\/www.pm.pb.gov.br\/portal\/#organization\",\"name\":\"Pol\u00edcia Militar da Para\u00edba\",\"url\":\"https:\/\/www.pm.pb.gov.br\/portal\/\",\"logo\":{\"@type\":\"ImageObject\",\"inLanguage\":\"pt-BR\",\"@id\":\"https:\/\/www.pm.pb.gov.br\/portal\/#\/schema\/logo\/image\/\",\"url\":\"https:\/\/www.pm.pb.gov.br\/portal\/wp-content\/uploads\/2025\/03\/cropped-logo-site-mag2-1.png\",\"contentUrl\":\"https:\/\/www.pm.pb.gov.br\/portal\/wp-content\/uploads\/2025\/03\/cropped-logo-site-mag2-1.png\",\"width\":320,\"height\":90,\"caption\":\"Pol\u00edcia Militar da Para\u00edba\"},\"image\":{\"@id\":\"https:\/\/www.pm.pb.gov.br\/portal\/#\/schema\/logo\/image\/\"}},{\"@type\":\"Person\",\"@id\":\"https:\/\/www.pm.pb.gov.br\/portal\/#\/schema\/person\/e8454f46651c3ecf0e1ba3c1666d9947\",\"name\":\"Assessoria de Imprensa da PMPB\",\"image\":{\"@type\":\"ImageObject\",\"inLanguage\":\"pt-BR\",\"@id\":\"https:\/\/www.pm.pb.gov.br\/portal\/#\/schema\/person\/image\/\",\"url\":\"https:\/\/secure.gravatar.com\/avatar\/2efe197438265d1e90bd98c4c8e1acf8?s=96&d=mm&r=g\",\"contentUrl\":\"https:\/\/secure.gravatar.com\/avatar\/2efe197438265d1e90bd98c4c8e1acf8?s=96&d=mm&r=g\",\"caption\":\"Assessoria de Imprensa da PMPB\"},\"url\":\"https:\/\/www.pm.pb.gov.br\/portal\/author\/assessoria\/\"}]}<\/script>\n<!-- \/ Yoast SEO plugin. -->","yoast_head_json":{"title":"8\u00ba Batalh\u00e3o recebe novas viaturas e equipamentos operacionais - Pol\u00edcia Militar da Para\u00edba","robots":{"index":"index","follow":"follow","max-snippet":"max-snippet:-1","max-image-preview":"max-image-preview:large","max-video-preview":"max-video-preview:-1"},"canonical":"https:\/\/www.pm.pb.gov.br\/portal\/2012\/08\/01\/8_batalhao_recebe_novas_viaturas_e_equipamentos_operacionais\/","og_locale":"pt_BR","og_type":"article","og_title":"8\u00ba Batalh\u00e3o recebe novas viaturas e equipamentos operacionais - Pol\u00edcia Militar da Para\u00edba","og_description":"O 8\u00ba Batalh\u00e3o de Pol\u00edcia Militar apresentou mais sete novas viaturas que foram entregues pelo Governo do Estado. As VTRs","og_url":"https:\/\/www.pm.pb.gov.br\/portal\/2012\/08\/01\/8_batalhao_recebe_novas_viaturas_e_equipamentos_operacionais\/","og_site_name":"Pol\u00edcia Militar da Para\u00edba","article_published_time":"2012-08-01T12:08:51+00:00","og_image":[{"width":500,"height":375,"url":"https:\/\/www.pm.pb.gov.br\/portal\/wp-content\/uploads\/2012\/08\/6911_8251.jpg","type":"image\/jpeg"}],"author":"Assessoria de Imprensa da PMPB","twitter_card":"summary_large_image","twitter_misc":{"Escrito por":"Assessoria de Imprensa da PMPB","Est. tempo de leitura":"1 minuto"},"schema":{"@context":"https:\/\/schema.org","@graph":[{"@type":"Article","@id":"https:\/\/www.pm.pb.gov.br\/portal\/2012\/08\/01\/8_batalhao_recebe_novas_viaturas_e_equipamentos_operacionais\/#article","isPartOf":{"@id":"https:\/\/www.pm.pb.gov.br\/portal\/2012\/08\/01\/8_batalhao_recebe_novas_viaturas_e_equipamentos_operacionais\/"},"author":{"name":"Assessoria de Imprensa da PMPB","@id":"https:\/\/www.pm.pb.gov.br\/portal\/#\/schema\/person\/e8454f46651c3ecf0e1ba3c1666d9947"},"headline":"8\u00ba Batalh\u00e3o recebe novas viaturas e equipamentos operacionais","datePublished":"2012-08-01T12:08:51+00:00","dateModified":"2012-08-01T12:08:51+00:00","mainEntityOfPage":{"@id":"https:\/\/www.pm.pb.gov.br\/portal\/2012\/08\/01\/8_batalhao_recebe_novas_viaturas_e_equipamentos_operacionais\/"},"wordCount":273,"publisher":{"@id":"https:\/\/www.pm.pb.gov.br\/portal\/#organization"},"articleSection":["A\u00e7\u00f5es Policiais"],"inLanguage":"pt-BR"},{"@type":"WebPage","@id":"https:\/\/www.pm.pb.gov.br\/portal\/2012\/08\/01\/8_batalhao_recebe_novas_viaturas_e_equipamentos_operacionais\/","url":"https:\/\/www.pm.pb.gov.br\/portal\/2012\/08\/01\/8_batalhao_recebe_novas_viaturas_e_equipamentos_operacionais\/","name":"8\u00ba Batalh\u00e3o recebe novas viaturas e equipamentos operacionais - Pol\u00edcia Militar da Para\u00edba","isPartOf":{"@id":"https:\/\/www.pm.pb.gov.br\/portal\/#website"},"datePublished":"2012-08-01T12:08:51+00:00","dateModified":"2012-08-01T12:08:51+00:00","breadcrumb":{"@id":"https:\/\/www.pm.pb.gov.br\/portal\/2012\/08\/01\/8_batalhao_recebe_novas_viaturas_e_equipamentos_operacionais\/#breadcrumb"},"inLanguage":"pt-BR","potentialAction":[{"@type":"ReadAction","target":["https:\/\/www.pm.pb.gov.br\/portal\/2012\/08\/01\/8_batalhao_recebe_novas_viaturas_e_equipamentos_operacionais\/"]}]},{"@type":"BreadcrumbList","@id":"https:\/\/www.pm.pb.gov.br\/portal\/2012\/08\/01\/8_batalhao_recebe_novas_viaturas_e_equipamentos_operacionais\/#breadcrumb","itemListElement":[{"@type":"ListItem","position":1,"name":"In\u00edcio","item":"https:\/\/www.pm.pb.gov.br\/portal\/"},{"@type":"ListItem","position":2,"name":"8\u00ba Batalh\u00e3o recebe novas viaturas e equipamentos operacionais"}]},{"@type":"WebSite","@id":"https:\/\/www.pm.pb.gov.br\/portal\/#website","url":"https:\/\/www.pm.pb.gov.br\/portal\/","name":"Pol\u00edcia Militar da Para\u00edba","description":"","publisher":{"@id":"https:\/\/www.pm.pb.gov.br\/portal\/#organization"},"potentialAction":[{"@type":"SearchAction","target":{"@type":"EntryPoint","urlTemplate":"https:\/\/www.pm.pb.gov.br\/portal\/?s={search_term_string}"},"query-input":"required name=search_term_string"}],"inLanguage":"pt-BR"},{"@type":"Organization","@id":"https:\/\/www.pm.pb.gov.br\/portal\/#organization","name":"Pol\u00edcia Militar da Para\u00edba","url":"https:\/\/www.pm.pb.gov.br\/portal\/","logo":{"@type":"ImageObject","inLanguage":"pt-BR","@id":"https:\/\/www.pm.pb.gov.br\/portal\/#\/schema\/logo\/image\/","url":"https:\/\/www.pm.pb.gov.br\/portal\/wp-content\/uploads\/2025\/03\/cropped-logo-site-mag2-1.png","contentUrl":"https:\/\/www.pm.pb.gov.br\/portal\/wp-content\/uploads\/2025\/03\/cropped-logo-site-mag2-1.png","width":320,"height":90,"caption":"Pol\u00edcia Militar da Para\u00edba"},"image":{"@id":"https:\/\/www.pm.pb.gov.br\/portal\/#\/schema\/logo\/image\/"}},{"@type":"Person","@id":"https:\/\/www.pm.pb.gov.br\/portal\/#\/schema\/person\/e8454f46651c3ecf0e1ba3c1666d9947","name":"Assessoria de Imprensa da PMPB","image":{"@type":"ImageObject","inLanguage":"pt-BR","@id":"https:\/\/www.pm.pb.gov.br\/portal\/#\/schema\/person\/image\/","url":"https:\/\/secure.gravatar.com\/avatar\/2efe197438265d1e90bd98c4c8e1acf8?s=96&d=mm&r=g","contentUrl":"https:\/\/secure.gravatar.com\/avatar\/2efe197438265d1e90bd98c4c8e1acf8?s=96&d=mm&r=g","caption":"Assessoria de Imprensa da PMPB"},"url":"https:\/\/www.pm.pb.gov.br\/portal\/author\/assessoria\/"}]}},"_links":{"self":[{"href":"https:\/\/www.pm.pb.gov.br\/portal\/wp-json\/wp\/v2\/posts\/891191"}],"collection":[{"href":"https:\/\/www.pm.pb.gov.br\/portal\/wp-json\/wp\/v2\/posts"}],"about":[{"href":"https:\/\/www.pm.pb.gov.br\/portal\/wp-json\/wp\/v2\/types\/post"}],"author":[{"embeddable":true,"href":"https:\/\/www.pm.pb.gov.br\/portal\/wp-json\/wp\/v2\/users\/5"}],"replies":[{"embeddable":true,"href":"https:\/\/www.pm.pb.gov.br\/portal\/wp-json\/wp\/v2\/comments?post=891191"}],"version-history":[{"count":0,"href":"https:\/\/www.pm.pb.gov.br\/portal\/wp-json\/wp\/v2\/posts\/891191\/revisions"}],"wp:featuredmedia":[{"embeddable":true,"href":"https:\/\/www.pm.pb.gov.br\/portal\/wp-json\/wp\/v2\/media\/8251"}],"wp:attachment":[{"href":"https:\/\/www.pm.pb.gov.br\/portal\/wp-json\/wp\/v2\/media?parent=891191"}],"wp:term":[{"taxonomy":"category","embeddable":true,"href":"https:\/\/www.pm.pb.gov.br\/portal\/wp-json\/wp\/v2\/categories?post=891191"},{"taxonomy":"post_tag","embeddable":true,"href":"https:\/\/www.pm.pb.gov.br\/portal\/wp-json\/wp\/v2\/tags?post=891191"}],"curies":[{"name":"wp","href":"https:\/\/api.w.org\/{rel}","templated":true}]}}