{"id":891120,"date":"2012-07-16T10:07:18","date_gmt":"2012-07-16T13:07:18","guid":{"rendered":"http:\/\/www.pm.pb.gov.br\/portal\/2012\/07\/3_companhia_apreende_uma_garrucha_em_barra_de_gramame\/"},"modified":"2012-07-16T10:07:18","modified_gmt":"2012-07-16T13:07:18","slug":"3_companhia_apreende_uma_garrucha_em_barra_de_gramame","status":"publish","type":"post","link":"https:\/\/www.pm.pb.gov.br\/portal\/2012\/07\/16\/3_companhia_apreende_uma_garrucha_em_barra_de_gramame\/","title":{"rendered":"3\u00ba Companhia apreende uma garrucha em Barra de Gramame"},"content":{"rendered":"<div style=\"text-align: justify;\">\n<p>No \u00faltimo s\u00e1bado, dia 14, por volta das 12h10min, as guarni\u00e7\u00f5es do setor de Jacum\u00e3 receberam informa\u00e7\u00f5es que em Barra de Gramame havia um indiv\u00edduo armado com uma espingarda e praticando roubos na \u00e1rea.<\/p>\n<p>De imediato as guarni\u00e7\u00f5es das viaturas prefixo 1056 e<br \/>\n5145, solicitaram a presen\u00e7a do coordenador do policiamento da 3\u00aa Cia\/5\u00ba BPM, o Aspirante J. Paulo e juntos se deslocaram ao local indicado na den\u00fancia.<\/p>\n<p>Chegando ao local apontado os militares montaram uma opera\u00e7\u00e3o e durante as buscas conseguiram encontrar um<br \/>\nadolescente de 17 anos de idade, que estava portando uma arma de fogo modelo garrucha.<\/p>\n<p>Ao ser indagado acerca de poss\u00edveis atos infracionais<br \/>\nde roubo a banhistas o mesmo confirmou e ainda informou aos<br \/>\nmilitares que em outros dias havia praticado alguns assaltos com outro indiv\u00edduo, sendo este de maior idade.<\/p>\n<p>Ele ainda disse aos policiais que o outro comparsa estava com um aparelho celular roubado de uma banhista na sexta-feira dia 13\/07\/12.<\/p>\n<p>De posse das informa\u00e7\u00f5es os militares chegaram \u00e0 resid\u00eancia de Jeckson Ferreira de Andrade, de 18 anos idade. O mesmo confessou os crimes praticados e entregou o aparelho<br \/>\ncelular roubado.<\/p>\n<p>Os indiv\u00edduos, juntamente com a arma de fogo apreendida,<br \/>\nforam conduzidos para Delegacia de Pedras de Fogo, onde<br \/>\nforam recebidos pelo Delegado de Plant\u00e3o, para que fossem<br \/>\nadotadas as provid\u00eancias cab\u00edveis. As v\u00edtimas estiveram no local e reconheceram os acusados e o objeto recuperado.<\/p>\n<div class=\"row\" align=\"center\"><\/div>\n<\/div>\n","protected":false},"excerpt":{"rendered":"<p>No \u00faltimo s\u00e1bado, dia 14, por volta das 12h10min, as guarni\u00e7\u00f5es do setor de Jacum\u00e3 receberam informa\u00e7\u00f5es que em Barra<\/p>\n","protected":false},"author":5,"featured_media":891230,"comment_status":"closed","ping_status":"closed","sticky":false,"template":"","format":"standard","meta":{"_exactmetrics_skip_tracking":false,"_exactmetrics_sitenote_active":false,"_exactmetrics_sitenote_note":"","_exactmetrics_sitenote_category":0,"footnotes":""},"categories":[4],"tags":[],"yoast_head":"<!-- This site is optimized with the Yoast SEO plugin v22.0 - https:\/\/yoast.com\/wordpress\/plugins\/seo\/ -->\n<title>3\u00ba Companhia apreende uma garrucha em Barra de Gramame - Pol\u00edcia Militar da Para\u00edba<\/title>\n<meta name=\"robots\" content=\"index, follow, max-snippet:-1, max-image-preview:large, max-video-preview:-1\" \/>\n<link rel=\"canonical\" href=\"https:\/\/www.pm.pb.gov.br\/portal\/2012\/07\/16\/3_companhia_apreende_uma_garrucha_em_barra_de_gramame\/\" \/>\n<meta property=\"og:locale\" content=\"pt_BR\" \/>\n<meta property=\"og:type\" content=\"article\" \/>\n<meta property=\"og:title\" content=\"3\u00ba Companhia apreende uma garrucha em Barra de Gramame - Pol\u00edcia Militar da Para\u00edba\" \/>\n<meta property=\"og:description\" content=\"No \u00faltimo s\u00e1bado, dia 14, por volta das 12h10min, as guarni\u00e7\u00f5es do setor de Jacum\u00e3 receberam informa\u00e7\u00f5es que em Barra\" \/>\n<meta property=\"og:url\" content=\"https:\/\/www.pm.pb.gov.br\/portal\/2012\/07\/16\/3_companhia_apreende_uma_garrucha_em_barra_de_gramame\/\" \/>\n<meta property=\"og:site_name\" content=\"Pol\u00edcia Militar da Para\u00edba\" \/>\n<meta property=\"article:published_time\" content=\"2012-07-16T13:07:18+00:00\" \/>\n<meta property=\"og:image\" content=\"https:\/\/www.pm.pb.gov.br\/portal\/wp-content\/uploads\/2012\/08\/foto_brasao-13.jpg\" \/>\n\t<meta property=\"og:image:width\" content=\"620\" \/>\n\t<meta property=\"og:image:height\" content=\"411\" \/>\n\t<meta property=\"og:image:type\" content=\"image\/jpeg\" \/>\n<meta name=\"author\" content=\"Assessoria de Imprensa da PMPB\" \/>\n<meta name=\"twitter:card\" content=\"summary_large_image\" \/>\n<meta name=\"twitter:label1\" content=\"Escrito por\" \/>\n\t<meta name=\"twitter:data1\" content=\"Assessoria de Imprensa da PMPB\" \/>\n\t<meta name=\"twitter:label2\" content=\"Est. tempo de leitura\" \/>\n\t<meta name=\"twitter:data2\" content=\"1 minuto\" \/>\n<script type=\"application\/ld+json\" class=\"yoast-schema-graph\">{\"@context\":\"https:\/\/schema.org\",\"@graph\":[{\"@type\":\"Article\",\"@id\":\"https:\/\/www.pm.pb.gov.br\/portal\/2012\/07\/16\/3_companhia_apreende_uma_garrucha_em_barra_de_gramame\/#article\",\"isPartOf\":{\"@id\":\"https:\/\/www.pm.pb.gov.br\/portal\/2012\/07\/16\/3_companhia_apreende_uma_garrucha_em_barra_de_gramame\/\"},\"author\":{\"name\":\"Assessoria de Imprensa da PMPB\",\"@id\":\"https:\/\/www.pm.pb.gov.br\/portal\/#\/schema\/person\/e8454f46651c3ecf0e1ba3c1666d9947\"},\"headline\":\"3\u00ba Companhia apreende uma garrucha em Barra de Gramame\",\"datePublished\":\"2012-07-16T13:07:18+00:00\",\"dateModified\":\"2012-07-16T13:07:18+00:00\",\"mainEntityOfPage\":{\"@id\":\"https:\/\/www.pm.pb.gov.br\/portal\/2012\/07\/16\/3_companhia_apreende_uma_garrucha_em_barra_de_gramame\/\"},\"wordCount\":249,\"publisher\":{\"@id\":\"https:\/\/www.pm.pb.gov.br\/portal\/#organization\"},\"articleSection\":[\"A\u00e7\u00f5es Policiais\"],\"inLanguage\":\"pt-BR\"},{\"@type\":\"WebPage\",\"@id\":\"https:\/\/www.pm.pb.gov.br\/portal\/2012\/07\/16\/3_companhia_apreende_uma_garrucha_em_barra_de_gramame\/\",\"url\":\"https:\/\/www.pm.pb.gov.br\/portal\/2012\/07\/16\/3_companhia_apreende_uma_garrucha_em_barra_de_gramame\/\",\"name\":\"3\u00ba Companhia apreende uma garrucha em Barra de Gramame - Pol\u00edcia Militar da Para\u00edba\",\"isPartOf\":{\"@id\":\"https:\/\/www.pm.pb.gov.br\/portal\/#website\"},\"datePublished\":\"2012-07-16T13:07:18+00:00\",\"dateModified\":\"2012-07-16T13:07:18+00:00\",\"breadcrumb\":{\"@id\":\"https:\/\/www.pm.pb.gov.br\/portal\/2012\/07\/16\/3_companhia_apreende_uma_garrucha_em_barra_de_gramame\/#breadcrumb\"},\"inLanguage\":\"pt-BR\",\"potentialAction\":[{\"@type\":\"ReadAction\",\"target\":[\"https:\/\/www.pm.pb.gov.br\/portal\/2012\/07\/16\/3_companhia_apreende_uma_garrucha_em_barra_de_gramame\/\"]}]},{\"@type\":\"BreadcrumbList\",\"@id\":\"https:\/\/www.pm.pb.gov.br\/portal\/2012\/07\/16\/3_companhia_apreende_uma_garrucha_em_barra_de_gramame\/#breadcrumb\",\"itemListElement\":[{\"@type\":\"ListItem\",\"position\":1,\"name\":\"In\u00edcio\",\"item\":\"https:\/\/www.pm.pb.gov.br\/portal\/\"},{\"@type\":\"ListItem\",\"position\":2,\"name\":\"3\u00ba Companhia apreende uma garrucha em Barra de Gramame\"}]},{\"@type\":\"WebSite\",\"@id\":\"https:\/\/www.pm.pb.gov.br\/portal\/#website\",\"url\":\"https:\/\/www.pm.pb.gov.br\/portal\/\",\"name\":\"Pol\u00edcia Militar da Para\u00edba\",\"description\":\"\",\"publisher\":{\"@id\":\"https:\/\/www.pm.pb.gov.br\/portal\/#organization\"},\"potentialAction\":[{\"@type\":\"SearchAction\",\"target\":{\"@type\":\"EntryPoint\",\"urlTemplate\":\"https:\/\/www.pm.pb.gov.br\/portal\/?s={search_term_string}\"},\"query-input\":\"required name=search_term_string\"}],\"inLanguage\":\"pt-BR\"},{\"@type\":\"Organization\",\"@id\":\"https:\/\/www.pm.pb.gov.br\/portal\/#organization\",\"name\":\"Pol\u00edcia Militar da Para\u00edba\",\"url\":\"https:\/\/www.pm.pb.gov.br\/portal\/\",\"logo\":{\"@type\":\"ImageObject\",\"inLanguage\":\"pt-BR\",\"@id\":\"https:\/\/www.pm.pb.gov.br\/portal\/#\/schema\/logo\/image\/\",\"url\":\"https:\/\/www.pm.pb.gov.br\/portal\/wp-content\/uploads\/2025\/03\/cropped-logo-site-mag2-1.png\",\"contentUrl\":\"https:\/\/www.pm.pb.gov.br\/portal\/wp-content\/uploads\/2025\/03\/cropped-logo-site-mag2-1.png\",\"width\":320,\"height\":90,\"caption\":\"Pol\u00edcia Militar da Para\u00edba\"},\"image\":{\"@id\":\"https:\/\/www.pm.pb.gov.br\/portal\/#\/schema\/logo\/image\/\"}},{\"@type\":\"Person\",\"@id\":\"https:\/\/www.pm.pb.gov.br\/portal\/#\/schema\/person\/e8454f46651c3ecf0e1ba3c1666d9947\",\"name\":\"Assessoria de Imprensa da PMPB\",\"image\":{\"@type\":\"ImageObject\",\"inLanguage\":\"pt-BR\",\"@id\":\"https:\/\/www.pm.pb.gov.br\/portal\/#\/schema\/person\/image\/\",\"url\":\"https:\/\/secure.gravatar.com\/avatar\/2efe197438265d1e90bd98c4c8e1acf8?s=96&d=mm&r=g\",\"contentUrl\":\"https:\/\/secure.gravatar.com\/avatar\/2efe197438265d1e90bd98c4c8e1acf8?s=96&d=mm&r=g\",\"caption\":\"Assessoria de Imprensa da PMPB\"},\"url\":\"https:\/\/www.pm.pb.gov.br\/portal\/author\/assessoria\/\"}]}<\/script>\n<!-- \/ Yoast SEO plugin. -->","yoast_head_json":{"title":"3\u00ba Companhia apreende uma garrucha em Barra de Gramame - Pol\u00edcia Militar da Para\u00edba","robots":{"index":"index","follow":"follow","max-snippet":"max-snippet:-1","max-image-preview":"max-image-preview:large","max-video-preview":"max-video-preview:-1"},"canonical":"https:\/\/www.pm.pb.gov.br\/portal\/2012\/07\/16\/3_companhia_apreende_uma_garrucha_em_barra_de_gramame\/","og_locale":"pt_BR","og_type":"article","og_title":"3\u00ba Companhia apreende uma garrucha em Barra de Gramame - Pol\u00edcia Militar da Para\u00edba","og_description":"No \u00faltimo s\u00e1bado, dia 14, por volta das 12h10min, as guarni\u00e7\u00f5es do setor de Jacum\u00e3 receberam informa\u00e7\u00f5es que em Barra","og_url":"https:\/\/www.pm.pb.gov.br\/portal\/2012\/07\/16\/3_companhia_apreende_uma_garrucha_em_barra_de_gramame\/","og_site_name":"Pol\u00edcia Militar da Para\u00edba","article_published_time":"2012-07-16T13:07:18+00:00","og_image":[{"width":620,"height":411,"url":"https:\/\/www.pm.pb.gov.br\/portal\/wp-content\/uploads\/2012\/08\/foto_brasao-13.jpg","type":"image\/jpeg"}],"author":"Assessoria de Imprensa da PMPB","twitter_card":"summary_large_image","twitter_misc":{"Escrito por":"Assessoria de Imprensa da PMPB","Est. tempo de leitura":"1 minuto"},"schema":{"@context":"https:\/\/schema.org","@graph":[{"@type":"Article","@id":"https:\/\/www.pm.pb.gov.br\/portal\/2012\/07\/16\/3_companhia_apreende_uma_garrucha_em_barra_de_gramame\/#article","isPartOf":{"@id":"https:\/\/www.pm.pb.gov.br\/portal\/2012\/07\/16\/3_companhia_apreende_uma_garrucha_em_barra_de_gramame\/"},"author":{"name":"Assessoria de Imprensa da PMPB","@id":"https:\/\/www.pm.pb.gov.br\/portal\/#\/schema\/person\/e8454f46651c3ecf0e1ba3c1666d9947"},"headline":"3\u00ba Companhia apreende uma garrucha em Barra de Gramame","datePublished":"2012-07-16T13:07:18+00:00","dateModified":"2012-07-16T13:07:18+00:00","mainEntityOfPage":{"@id":"https:\/\/www.pm.pb.gov.br\/portal\/2012\/07\/16\/3_companhia_apreende_uma_garrucha_em_barra_de_gramame\/"},"wordCount":249,"publisher":{"@id":"https:\/\/www.pm.pb.gov.br\/portal\/#organization"},"articleSection":["A\u00e7\u00f5es Policiais"],"inLanguage":"pt-BR"},{"@type":"WebPage","@id":"https:\/\/www.pm.pb.gov.br\/portal\/2012\/07\/16\/3_companhia_apreende_uma_garrucha_em_barra_de_gramame\/","url":"https:\/\/www.pm.pb.gov.br\/portal\/2012\/07\/16\/3_companhia_apreende_uma_garrucha_em_barra_de_gramame\/","name":"3\u00ba Companhia apreende uma garrucha em Barra de Gramame - Pol\u00edcia Militar da Para\u00edba","isPartOf":{"@id":"https:\/\/www.pm.pb.gov.br\/portal\/#website"},"datePublished":"2012-07-16T13:07:18+00:00","dateModified":"2012-07-16T13:07:18+00:00","breadcrumb":{"@id":"https:\/\/www.pm.pb.gov.br\/portal\/2012\/07\/16\/3_companhia_apreende_uma_garrucha_em_barra_de_gramame\/#breadcrumb"},"inLanguage":"pt-BR","potentialAction":[{"@type":"ReadAction","target":["https:\/\/www.pm.pb.gov.br\/portal\/2012\/07\/16\/3_companhia_apreende_uma_garrucha_em_barra_de_gramame\/"]}]},{"@type":"BreadcrumbList","@id":"https:\/\/www.pm.pb.gov.br\/portal\/2012\/07\/16\/3_companhia_apreende_uma_garrucha_em_barra_de_gramame\/#breadcrumb","itemListElement":[{"@type":"ListItem","position":1,"name":"In\u00edcio","item":"https:\/\/www.pm.pb.gov.br\/portal\/"},{"@type":"ListItem","position":2,"name":"3\u00ba Companhia apreende uma garrucha em Barra de Gramame"}]},{"@type":"WebSite","@id":"https:\/\/www.pm.pb.gov.br\/portal\/#website","url":"https:\/\/www.pm.pb.gov.br\/portal\/","name":"Pol\u00edcia Militar da Para\u00edba","description":"","publisher":{"@id":"https:\/\/www.pm.pb.gov.br\/portal\/#organization"},"potentialAction":[{"@type":"SearchAction","target":{"@type":"EntryPoint","urlTemplate":"https:\/\/www.pm.pb.gov.br\/portal\/?s={search_term_string}"},"query-input":"required name=search_term_string"}],"inLanguage":"pt-BR"},{"@type":"Organization","@id":"https:\/\/www.pm.pb.gov.br\/portal\/#organization","name":"Pol\u00edcia Militar da Para\u00edba","url":"https:\/\/www.pm.pb.gov.br\/portal\/","logo":{"@type":"ImageObject","inLanguage":"pt-BR","@id":"https:\/\/www.pm.pb.gov.br\/portal\/#\/schema\/logo\/image\/","url":"https:\/\/www.pm.pb.gov.br\/portal\/wp-content\/uploads\/2025\/03\/cropped-logo-site-mag2-1.png","contentUrl":"https:\/\/www.pm.pb.gov.br\/portal\/wp-content\/uploads\/2025\/03\/cropped-logo-site-mag2-1.png","width":320,"height":90,"caption":"Pol\u00edcia Militar da Para\u00edba"},"image":{"@id":"https:\/\/www.pm.pb.gov.br\/portal\/#\/schema\/logo\/image\/"}},{"@type":"Person","@id":"https:\/\/www.pm.pb.gov.br\/portal\/#\/schema\/person\/e8454f46651c3ecf0e1ba3c1666d9947","name":"Assessoria de Imprensa da PMPB","image":{"@type":"ImageObject","inLanguage":"pt-BR","@id":"https:\/\/www.pm.pb.gov.br\/portal\/#\/schema\/person\/image\/","url":"https:\/\/secure.gravatar.com\/avatar\/2efe197438265d1e90bd98c4c8e1acf8?s=96&d=mm&r=g","contentUrl":"https:\/\/secure.gravatar.com\/avatar\/2efe197438265d1e90bd98c4c8e1acf8?s=96&d=mm&r=g","caption":"Assessoria de Imprensa da PMPB"},"url":"https:\/\/www.pm.pb.gov.br\/portal\/author\/assessoria\/"}]}},"_links":{"self":[{"href":"https:\/\/www.pm.pb.gov.br\/portal\/wp-json\/wp\/v2\/posts\/891120"}],"collection":[{"href":"https:\/\/www.pm.pb.gov.br\/portal\/wp-json\/wp\/v2\/posts"}],"about":[{"href":"https:\/\/www.pm.pb.gov.br\/portal\/wp-json\/wp\/v2\/types\/post"}],"author":[{"embeddable":true,"href":"https:\/\/www.pm.pb.gov.br\/portal\/wp-json\/wp\/v2\/users\/5"}],"replies":[{"embeddable":true,"href":"https:\/\/www.pm.pb.gov.br\/portal\/wp-json\/wp\/v2\/comments?post=891120"}],"version-history":[{"count":0,"href":"https:\/\/www.pm.pb.gov.br\/portal\/wp-json\/wp\/v2\/posts\/891120\/revisions"}],"wp:featuredmedia":[{"embeddable":true,"href":"https:\/\/www.pm.pb.gov.br\/portal\/wp-json\/wp\/v2\/media\/891230"}],"wp:attachment":[{"href":"https:\/\/www.pm.pb.gov.br\/portal\/wp-json\/wp\/v2\/media?parent=891120"}],"wp:term":[{"taxonomy":"category","embeddable":true,"href":"https:\/\/www.pm.pb.gov.br\/portal\/wp-json\/wp\/v2\/categories?post=891120"},{"taxonomy":"post_tag","embeddable":true,"href":"https:\/\/www.pm.pb.gov.br\/portal\/wp-json\/wp\/v2\/tags?post=891120"}],"curies":[{"name":"wp","href":"https:\/\/api.w.org\/{rel}","templated":true}]}}