{"id":891117,"date":"2012-07-16T09:07:33","date_gmt":"2012-07-16T12:07:33","guid":{"rendered":"http:\/\/www.pm.pb.gov.br\/portal\/2012\/07\/motoristas_sao_autuados_apos_o_teste_de_bafometro\/"},"modified":"2012-07-16T09:07:33","modified_gmt":"2012-07-16T12:07:33","slug":"motoristas_sao_autuados_apos_o_teste_de_bafometro","status":"publish","type":"post","link":"https:\/\/www.pm.pb.gov.br\/portal\/2012\/07\/16\/motoristas_sao_autuados_apos_o_teste_de_bafometro\/","title":{"rendered":"Motoristas s\u00e3o autuados ap\u00f3s o teste de baf\u00f4metro"},"content":{"rendered":"<div style=\"text-align: justify;\">\n<p>Em cumprimento a Lei 11.705 (Lei Seca), que altera o C\u00f3digo de Tr\u00e2nsito Brasileiro, e pro\u00edbe o consumo de praticamente qualquer quantidade de bebida alco\u00f3lica por condutores de ve\u00edculos, o tenente coronel Paulo S\u00e9rgio, comandante do BPTran, intensificou a fiscaliza\u00e7\u00e3o de motoristas embriagados na capital paraibana.<\/p>\n<p>Na noite do domingo dia (15), o comando do BPTran colocou em diversos pontos da cidade, inclusive nas proximidades de locais onde aconteceram eventos festivos, guarni\u00e7\u00f5es equipadas com o Baf\u00f4metro, e ao final os n\u00fameros foram surpreendentes. 227 ve\u00edculos foram vistoriados, 168 motoristas realizaram o teste de alcoolemia, e 59 se negaram ao teste.<\/p>\n<p>Os condutores que foram flagrados com o \u00edndice de \u00e1lcool no sangue entre 0,14 e 0,33 mg\/l, foram multados no valor de R$ 957,70, v\u00e3o perder sete pontos na carteira de habilita\u00e7\u00e3o e ter\u00e3o o documento recolhido por tr\u00eas dias uteis.<\/p>\n<p>J\u00e1 os condutores flagrados com o n\u00edvel de \u00e1lcool acima de 0,34 mg\/l, foram levados para a 7\u00aa DD de Cabedelo para responder criminalmente pelo ato. Os 59 condutores que se negaram ao teste, tamb\u00e9m foram levados para a delegacia para procedimentos jur\u00eddicos, conforme determina o C\u00f3digo de Tr\u00e2nsito Brasileiro (CTB).<\/p>\n<p>A lei considera crime conduzir ve\u00edculos com praticamente qualquer teor alco\u00f3lico no organismo. Quem for pego sofrer\u00e1 puni\u00e7\u00f5es que variam da multa at\u00e9 a cadeia. O homic\u00eddio praticado por um motorista alcoolizado ser\u00e1 considerado doloso (com inten\u00e7\u00e3o de matar).<\/p>\n<div class=\"row\" align=\"center\"><\/div>\n<\/div>\n","protected":false},"excerpt":{"rendered":"<p>Em cumprimento a Lei 11.705 (Lei Seca), que altera o C\u00f3digo de Tr\u00e2nsito Brasileiro, e pro\u00edbe o consumo de praticamente<\/p>\n","protected":false},"author":5,"featured_media":891230,"comment_status":"closed","ping_status":"closed","sticky":false,"template":"","format":"standard","meta":{"_exactmetrics_skip_tracking":false,"_exactmetrics_sitenote_active":false,"_exactmetrics_sitenote_note":"","_exactmetrics_sitenote_category":0,"footnotes":""},"categories":[4],"tags":[],"yoast_head":"<!-- This site is optimized with the Yoast SEO plugin v22.0 - https:\/\/yoast.com\/wordpress\/plugins\/seo\/ -->\n<title>Motoristas s\u00e3o autuados ap\u00f3s o teste de baf\u00f4metro - Pol\u00edcia Militar da Para\u00edba<\/title>\n<meta name=\"robots\" content=\"index, follow, max-snippet:-1, max-image-preview:large, max-video-preview:-1\" \/>\n<link rel=\"canonical\" href=\"https:\/\/www.pm.pb.gov.br\/portal\/2012\/07\/16\/motoristas_sao_autuados_apos_o_teste_de_bafometro\/\" \/>\n<meta property=\"og:locale\" content=\"pt_BR\" \/>\n<meta property=\"og:type\" content=\"article\" \/>\n<meta property=\"og:title\" content=\"Motoristas s\u00e3o autuados ap\u00f3s o teste de baf\u00f4metro - Pol\u00edcia Militar da Para\u00edba\" \/>\n<meta property=\"og:description\" content=\"Em cumprimento a Lei 11.705 (Lei Seca), que altera o C\u00f3digo de Tr\u00e2nsito Brasileiro, e pro\u00edbe o consumo de praticamente\" \/>\n<meta property=\"og:url\" content=\"https:\/\/www.pm.pb.gov.br\/portal\/2012\/07\/16\/motoristas_sao_autuados_apos_o_teste_de_bafometro\/\" \/>\n<meta property=\"og:site_name\" content=\"Pol\u00edcia Militar da Para\u00edba\" \/>\n<meta property=\"article:published_time\" content=\"2012-07-16T12:07:33+00:00\" \/>\n<meta property=\"og:image\" content=\"https:\/\/www.pm.pb.gov.br\/portal\/wp-content\/uploads\/2012\/08\/foto_brasao-13.jpg\" \/>\n\t<meta property=\"og:image:width\" content=\"620\" \/>\n\t<meta property=\"og:image:height\" content=\"411\" \/>\n\t<meta property=\"og:image:type\" content=\"image\/jpeg\" \/>\n<meta name=\"author\" content=\"Assessoria de Imprensa da PMPB\" \/>\n<meta name=\"twitter:card\" content=\"summary_large_image\" \/>\n<meta name=\"twitter:label1\" content=\"Escrito por\" \/>\n\t<meta name=\"twitter:data1\" content=\"Assessoria de Imprensa da PMPB\" \/>\n\t<meta name=\"twitter:label2\" content=\"Est. tempo de leitura\" \/>\n\t<meta name=\"twitter:data2\" content=\"1 minuto\" \/>\n<script type=\"application\/ld+json\" class=\"yoast-schema-graph\">{\"@context\":\"https:\/\/schema.org\",\"@graph\":[{\"@type\":\"Article\",\"@id\":\"https:\/\/www.pm.pb.gov.br\/portal\/2012\/07\/16\/motoristas_sao_autuados_apos_o_teste_de_bafometro\/#article\",\"isPartOf\":{\"@id\":\"https:\/\/www.pm.pb.gov.br\/portal\/2012\/07\/16\/motoristas_sao_autuados_apos_o_teste_de_bafometro\/\"},\"author\":{\"name\":\"Assessoria de Imprensa da PMPB\",\"@id\":\"https:\/\/www.pm.pb.gov.br\/portal\/#\/schema\/person\/e8454f46651c3ecf0e1ba3c1666d9947\"},\"headline\":\"Motoristas s\u00e3o autuados ap\u00f3s o teste de baf\u00f4metro\",\"datePublished\":\"2012-07-16T12:07:33+00:00\",\"dateModified\":\"2012-07-16T12:07:33+00:00\",\"mainEntityOfPage\":{\"@id\":\"https:\/\/www.pm.pb.gov.br\/portal\/2012\/07\/16\/motoristas_sao_autuados_apos_o_teste_de_bafometro\/\"},\"wordCount\":258,\"publisher\":{\"@id\":\"https:\/\/www.pm.pb.gov.br\/portal\/#organization\"},\"articleSection\":[\"A\u00e7\u00f5es Policiais\"],\"inLanguage\":\"pt-BR\"},{\"@type\":\"WebPage\",\"@id\":\"https:\/\/www.pm.pb.gov.br\/portal\/2012\/07\/16\/motoristas_sao_autuados_apos_o_teste_de_bafometro\/\",\"url\":\"https:\/\/www.pm.pb.gov.br\/portal\/2012\/07\/16\/motoristas_sao_autuados_apos_o_teste_de_bafometro\/\",\"name\":\"Motoristas s\u00e3o autuados ap\u00f3s o teste de baf\u00f4metro - Pol\u00edcia Militar da Para\u00edba\",\"isPartOf\":{\"@id\":\"https:\/\/www.pm.pb.gov.br\/portal\/#website\"},\"datePublished\":\"2012-07-16T12:07:33+00:00\",\"dateModified\":\"2012-07-16T12:07:33+00:00\",\"breadcrumb\":{\"@id\":\"https:\/\/www.pm.pb.gov.br\/portal\/2012\/07\/16\/motoristas_sao_autuados_apos_o_teste_de_bafometro\/#breadcrumb\"},\"inLanguage\":\"pt-BR\",\"potentialAction\":[{\"@type\":\"ReadAction\",\"target\":[\"https:\/\/www.pm.pb.gov.br\/portal\/2012\/07\/16\/motoristas_sao_autuados_apos_o_teste_de_bafometro\/\"]}]},{\"@type\":\"BreadcrumbList\",\"@id\":\"https:\/\/www.pm.pb.gov.br\/portal\/2012\/07\/16\/motoristas_sao_autuados_apos_o_teste_de_bafometro\/#breadcrumb\",\"itemListElement\":[{\"@type\":\"ListItem\",\"position\":1,\"name\":\"In\u00edcio\",\"item\":\"https:\/\/www.pm.pb.gov.br\/portal\/\"},{\"@type\":\"ListItem\",\"position\":2,\"name\":\"Motoristas s\u00e3o autuados ap\u00f3s o teste de baf\u00f4metro\"}]},{\"@type\":\"WebSite\",\"@id\":\"https:\/\/www.pm.pb.gov.br\/portal\/#website\",\"url\":\"https:\/\/www.pm.pb.gov.br\/portal\/\",\"name\":\"Pol\u00edcia Militar da Para\u00edba\",\"description\":\"\",\"publisher\":{\"@id\":\"https:\/\/www.pm.pb.gov.br\/portal\/#organization\"},\"potentialAction\":[{\"@type\":\"SearchAction\",\"target\":{\"@type\":\"EntryPoint\",\"urlTemplate\":\"https:\/\/www.pm.pb.gov.br\/portal\/?s={search_term_string}\"},\"query-input\":\"required name=search_term_string\"}],\"inLanguage\":\"pt-BR\"},{\"@type\":\"Organization\",\"@id\":\"https:\/\/www.pm.pb.gov.br\/portal\/#organization\",\"name\":\"Pol\u00edcia Militar da Para\u00edba\",\"url\":\"https:\/\/www.pm.pb.gov.br\/portal\/\",\"logo\":{\"@type\":\"ImageObject\",\"inLanguage\":\"pt-BR\",\"@id\":\"https:\/\/www.pm.pb.gov.br\/portal\/#\/schema\/logo\/image\/\",\"url\":\"https:\/\/www.pm.pb.gov.br\/portal\/wp-content\/uploads\/2025\/03\/cropped-logo-site-mag2-1.png\",\"contentUrl\":\"https:\/\/www.pm.pb.gov.br\/portal\/wp-content\/uploads\/2025\/03\/cropped-logo-site-mag2-1.png\",\"width\":320,\"height\":90,\"caption\":\"Pol\u00edcia Militar da Para\u00edba\"},\"image\":{\"@id\":\"https:\/\/www.pm.pb.gov.br\/portal\/#\/schema\/logo\/image\/\"}},{\"@type\":\"Person\",\"@id\":\"https:\/\/www.pm.pb.gov.br\/portal\/#\/schema\/person\/e8454f46651c3ecf0e1ba3c1666d9947\",\"name\":\"Assessoria de Imprensa da PMPB\",\"image\":{\"@type\":\"ImageObject\",\"inLanguage\":\"pt-BR\",\"@id\":\"https:\/\/www.pm.pb.gov.br\/portal\/#\/schema\/person\/image\/\",\"url\":\"https:\/\/secure.gravatar.com\/avatar\/2efe197438265d1e90bd98c4c8e1acf8?s=96&d=mm&r=g\",\"contentUrl\":\"https:\/\/secure.gravatar.com\/avatar\/2efe197438265d1e90bd98c4c8e1acf8?s=96&d=mm&r=g\",\"caption\":\"Assessoria de Imprensa da PMPB\"},\"url\":\"https:\/\/www.pm.pb.gov.br\/portal\/author\/assessoria\/\"}]}<\/script>\n<!-- \/ Yoast SEO plugin. -->","yoast_head_json":{"title":"Motoristas s\u00e3o autuados ap\u00f3s o teste de baf\u00f4metro - Pol\u00edcia Militar da Para\u00edba","robots":{"index":"index","follow":"follow","max-snippet":"max-snippet:-1","max-image-preview":"max-image-preview:large","max-video-preview":"max-video-preview:-1"},"canonical":"https:\/\/www.pm.pb.gov.br\/portal\/2012\/07\/16\/motoristas_sao_autuados_apos_o_teste_de_bafometro\/","og_locale":"pt_BR","og_type":"article","og_title":"Motoristas s\u00e3o autuados ap\u00f3s o teste de baf\u00f4metro - Pol\u00edcia Militar da Para\u00edba","og_description":"Em cumprimento a Lei 11.705 (Lei Seca), que altera o C\u00f3digo de Tr\u00e2nsito Brasileiro, e pro\u00edbe o consumo de praticamente","og_url":"https:\/\/www.pm.pb.gov.br\/portal\/2012\/07\/16\/motoristas_sao_autuados_apos_o_teste_de_bafometro\/","og_site_name":"Pol\u00edcia Militar da Para\u00edba","article_published_time":"2012-07-16T12:07:33+00:00","og_image":[{"width":620,"height":411,"url":"https:\/\/www.pm.pb.gov.br\/portal\/wp-content\/uploads\/2012\/08\/foto_brasao-13.jpg","type":"image\/jpeg"}],"author":"Assessoria de Imprensa da PMPB","twitter_card":"summary_large_image","twitter_misc":{"Escrito por":"Assessoria de Imprensa da PMPB","Est. tempo de leitura":"1 minuto"},"schema":{"@context":"https:\/\/schema.org","@graph":[{"@type":"Article","@id":"https:\/\/www.pm.pb.gov.br\/portal\/2012\/07\/16\/motoristas_sao_autuados_apos_o_teste_de_bafometro\/#article","isPartOf":{"@id":"https:\/\/www.pm.pb.gov.br\/portal\/2012\/07\/16\/motoristas_sao_autuados_apos_o_teste_de_bafometro\/"},"author":{"name":"Assessoria de Imprensa da PMPB","@id":"https:\/\/www.pm.pb.gov.br\/portal\/#\/schema\/person\/e8454f46651c3ecf0e1ba3c1666d9947"},"headline":"Motoristas s\u00e3o autuados ap\u00f3s o teste de baf\u00f4metro","datePublished":"2012-07-16T12:07:33+00:00","dateModified":"2012-07-16T12:07:33+00:00","mainEntityOfPage":{"@id":"https:\/\/www.pm.pb.gov.br\/portal\/2012\/07\/16\/motoristas_sao_autuados_apos_o_teste_de_bafometro\/"},"wordCount":258,"publisher":{"@id":"https:\/\/www.pm.pb.gov.br\/portal\/#organization"},"articleSection":["A\u00e7\u00f5es Policiais"],"inLanguage":"pt-BR"},{"@type":"WebPage","@id":"https:\/\/www.pm.pb.gov.br\/portal\/2012\/07\/16\/motoristas_sao_autuados_apos_o_teste_de_bafometro\/","url":"https:\/\/www.pm.pb.gov.br\/portal\/2012\/07\/16\/motoristas_sao_autuados_apos_o_teste_de_bafometro\/","name":"Motoristas s\u00e3o autuados ap\u00f3s o teste de baf\u00f4metro - Pol\u00edcia Militar da Para\u00edba","isPartOf":{"@id":"https:\/\/www.pm.pb.gov.br\/portal\/#website"},"datePublished":"2012-07-16T12:07:33+00:00","dateModified":"2012-07-16T12:07:33+00:00","breadcrumb":{"@id":"https:\/\/www.pm.pb.gov.br\/portal\/2012\/07\/16\/motoristas_sao_autuados_apos_o_teste_de_bafometro\/#breadcrumb"},"inLanguage":"pt-BR","potentialAction":[{"@type":"ReadAction","target":["https:\/\/www.pm.pb.gov.br\/portal\/2012\/07\/16\/motoristas_sao_autuados_apos_o_teste_de_bafometro\/"]}]},{"@type":"BreadcrumbList","@id":"https:\/\/www.pm.pb.gov.br\/portal\/2012\/07\/16\/motoristas_sao_autuados_apos_o_teste_de_bafometro\/#breadcrumb","itemListElement":[{"@type":"ListItem","position":1,"name":"In\u00edcio","item":"https:\/\/www.pm.pb.gov.br\/portal\/"},{"@type":"ListItem","position":2,"name":"Motoristas s\u00e3o autuados ap\u00f3s o teste de baf\u00f4metro"}]},{"@type":"WebSite","@id":"https:\/\/www.pm.pb.gov.br\/portal\/#website","url":"https:\/\/www.pm.pb.gov.br\/portal\/","name":"Pol\u00edcia Militar da Para\u00edba","description":"","publisher":{"@id":"https:\/\/www.pm.pb.gov.br\/portal\/#organization"},"potentialAction":[{"@type":"SearchAction","target":{"@type":"EntryPoint","urlTemplate":"https:\/\/www.pm.pb.gov.br\/portal\/?s={search_term_string}"},"query-input":"required name=search_term_string"}],"inLanguage":"pt-BR"},{"@type":"Organization","@id":"https:\/\/www.pm.pb.gov.br\/portal\/#organization","name":"Pol\u00edcia Militar da Para\u00edba","url":"https:\/\/www.pm.pb.gov.br\/portal\/","logo":{"@type":"ImageObject","inLanguage":"pt-BR","@id":"https:\/\/www.pm.pb.gov.br\/portal\/#\/schema\/logo\/image\/","url":"https:\/\/www.pm.pb.gov.br\/portal\/wp-content\/uploads\/2025\/03\/cropped-logo-site-mag2-1.png","contentUrl":"https:\/\/www.pm.pb.gov.br\/portal\/wp-content\/uploads\/2025\/03\/cropped-logo-site-mag2-1.png","width":320,"height":90,"caption":"Pol\u00edcia Militar da Para\u00edba"},"image":{"@id":"https:\/\/www.pm.pb.gov.br\/portal\/#\/schema\/logo\/image\/"}},{"@type":"Person","@id":"https:\/\/www.pm.pb.gov.br\/portal\/#\/schema\/person\/e8454f46651c3ecf0e1ba3c1666d9947","name":"Assessoria de Imprensa da PMPB","image":{"@type":"ImageObject","inLanguage":"pt-BR","@id":"https:\/\/www.pm.pb.gov.br\/portal\/#\/schema\/person\/image\/","url":"https:\/\/secure.gravatar.com\/avatar\/2efe197438265d1e90bd98c4c8e1acf8?s=96&d=mm&r=g","contentUrl":"https:\/\/secure.gravatar.com\/avatar\/2efe197438265d1e90bd98c4c8e1acf8?s=96&d=mm&r=g","caption":"Assessoria de Imprensa da PMPB"},"url":"https:\/\/www.pm.pb.gov.br\/portal\/author\/assessoria\/"}]}},"_links":{"self":[{"href":"https:\/\/www.pm.pb.gov.br\/portal\/wp-json\/wp\/v2\/posts\/891117"}],"collection":[{"href":"https:\/\/www.pm.pb.gov.br\/portal\/wp-json\/wp\/v2\/posts"}],"about":[{"href":"https:\/\/www.pm.pb.gov.br\/portal\/wp-json\/wp\/v2\/types\/post"}],"author":[{"embeddable":true,"href":"https:\/\/www.pm.pb.gov.br\/portal\/wp-json\/wp\/v2\/users\/5"}],"replies":[{"embeddable":true,"href":"https:\/\/www.pm.pb.gov.br\/portal\/wp-json\/wp\/v2\/comments?post=891117"}],"version-history":[{"count":0,"href":"https:\/\/www.pm.pb.gov.br\/portal\/wp-json\/wp\/v2\/posts\/891117\/revisions"}],"wp:featuredmedia":[{"embeddable":true,"href":"https:\/\/www.pm.pb.gov.br\/portal\/wp-json\/wp\/v2\/media\/891230"}],"wp:attachment":[{"href":"https:\/\/www.pm.pb.gov.br\/portal\/wp-json\/wp\/v2\/media?parent=891117"}],"wp:term":[{"taxonomy":"category","embeddable":true,"href":"https:\/\/www.pm.pb.gov.br\/portal\/wp-json\/wp\/v2\/categories?post=891117"},{"taxonomy":"post_tag","embeddable":true,"href":"https:\/\/www.pm.pb.gov.br\/portal\/wp-json\/wp\/v2\/tags?post=891117"}],"curies":[{"name":"wp","href":"https:\/\/api.w.org\/{rel}","templated":true}]}}