{"id":891115,"date":"2012-07-14T09:07:43","date_gmt":"2012-07-14T12:07:43","guid":{"rendered":"http:\/\/www.pm.pb.gov.br\/portal\/2012\/07\/pm_prende_acusado_de_matar_crianca_de_4_anos\/"},"modified":"2012-07-14T09:07:43","modified_gmt":"2012-07-14T12:07:43","slug":"pm_prende_acusado_de_matar_crianca_de_4_anos","status":"publish","type":"post","link":"https:\/\/www.pm.pb.gov.br\/portal\/2012\/07\/14\/pm_prende_acusado_de_matar_crianca_de_4_anos\/","title":{"rendered":"PM prende acusado de matar crian\u00e7a de 4 anos"},"content":{"rendered":"<div style=\"text-align: justify;\">Foi preso no final da tarde desta sexta-feira (13), Jos\u00e9 Gilvando dos Santos Barbosa, vulgo &#8220;Bode Z\u00e9\u0094. O jovem \u00e9 considerado de alta periculosidade pela pol\u00edcia e \u00e9 apontado como respons\u00e1vel pelo assassinato de uma crian\u00e7a de apenas 4 anos no bairro dos Novais, em Jo\u00e3o Pessoa.<\/p>\n<p>O crime ocorreu no \u00faltimo dia 30 de junho, na comunidade Cabral Batista, no bairro dos Novais, quando cinco homens invadiram a comunidade para matar o pai do menor, como ele n\u00e3o foi encontrado, os homens resolveram atirar na porta, a crian\u00e7a que estava dentro da resid\u00eancia, terminou sendo atingida com dois tiros mortais.<\/p>\n<p>\u0091Bode Z\u00e9\u0092 estava foragido e foi localizado em um sitio no munic\u00edpio de Sobrado, pr\u00f3ximo a Sap\u00e9, ap\u00f3s den\u00fancias feitas \u00e0 pol\u00edcia. O acusado foi conduzido por policiais do 5\u00ba Batalh\u00e3o da Pol\u00edcia Militar, at\u00e9 a comunidade, para mostrar o local onde escondeu a arma que usou no dia do crime.<\/p>\n<p>A policia realizou buscas em algumas resid\u00eancias e encontrou uma espingarda calibre 12, pertencente a \u0093Bode Z\u00e9\u0094, que estava sendo guardada na casa de um jovem conhecido por Rog\u00e9rio, que foi preso por posse ilegal de arma.<\/p>\n<p>Segundo informa\u00e7\u00f5es do TC L\u00edvio Delgado, o revolver usado no crime estar com dois homens conhecido como Alif e Daniel, que est\u00e3o foragidos.<\/p>\n<p>\u0093Bode Z\u00e9\u0094 e Rog\u00e9rio, foram levados para a delegacia de crimes contra a pessoa na Central de Pol\u00edcia.<\/p>\n<div class=\"row\" align=\"center\"><\/div>\n<\/div>\n","protected":false},"excerpt":{"rendered":"<p>Foi preso no final da tarde desta sexta-feira (13), Jos\u00e9 Gilvando dos Santos Barbosa, vulgo &#8220;Bode Z\u00e9\u0094. O jovem \u00e9<\/p>\n","protected":false},"author":5,"featured_media":891230,"comment_status":"closed","ping_status":"closed","sticky":false,"template":"","format":"standard","meta":{"_exactmetrics_skip_tracking":false,"_exactmetrics_sitenote_active":false,"_exactmetrics_sitenote_note":"","_exactmetrics_sitenote_category":0,"footnotes":""},"categories":[4],"tags":[],"yoast_head":"<!-- This site is optimized with the Yoast SEO plugin v22.0 - https:\/\/yoast.com\/wordpress\/plugins\/seo\/ -->\n<title>PM prende acusado de matar crian\u00e7a de 4 anos - Pol\u00edcia Militar da Para\u00edba<\/title>\n<meta name=\"robots\" content=\"index, follow, max-snippet:-1, max-image-preview:large, max-video-preview:-1\" \/>\n<link rel=\"canonical\" href=\"https:\/\/www.pm.pb.gov.br\/portal\/2012\/07\/14\/pm_prende_acusado_de_matar_crianca_de_4_anos\/\" \/>\n<meta property=\"og:locale\" content=\"pt_BR\" \/>\n<meta property=\"og:type\" content=\"article\" \/>\n<meta property=\"og:title\" content=\"PM prende acusado de matar crian\u00e7a de 4 anos - Pol\u00edcia Militar da Para\u00edba\" \/>\n<meta property=\"og:description\" content=\"Foi preso no final da tarde desta sexta-feira (13), Jos\u00e9 Gilvando dos Santos Barbosa, vulgo &#8220;Bode Z\u00e9\u0094. O jovem \u00e9\" \/>\n<meta property=\"og:url\" content=\"https:\/\/www.pm.pb.gov.br\/portal\/2012\/07\/14\/pm_prende_acusado_de_matar_crianca_de_4_anos\/\" \/>\n<meta property=\"og:site_name\" content=\"Pol\u00edcia Militar da Para\u00edba\" \/>\n<meta property=\"article:published_time\" content=\"2012-07-14T12:07:43+00:00\" \/>\n<meta property=\"og:image\" content=\"https:\/\/www.pm.pb.gov.br\/portal\/wp-content\/uploads\/2012\/08\/foto_brasao-13.jpg\" \/>\n\t<meta property=\"og:image:width\" content=\"620\" \/>\n\t<meta property=\"og:image:height\" content=\"411\" \/>\n\t<meta property=\"og:image:type\" content=\"image\/jpeg\" \/>\n<meta name=\"author\" content=\"Assessoria de Imprensa da PMPB\" \/>\n<meta name=\"twitter:card\" content=\"summary_large_image\" \/>\n<meta name=\"twitter:label1\" content=\"Escrito por\" \/>\n\t<meta name=\"twitter:data1\" content=\"Assessoria de Imprensa da PMPB\" \/>\n\t<meta name=\"twitter:label2\" content=\"Est. tempo de leitura\" \/>\n\t<meta name=\"twitter:data2\" content=\"1 minuto\" \/>\n<script type=\"application\/ld+json\" class=\"yoast-schema-graph\">{\"@context\":\"https:\/\/schema.org\",\"@graph\":[{\"@type\":\"Article\",\"@id\":\"https:\/\/www.pm.pb.gov.br\/portal\/2012\/07\/14\/pm_prende_acusado_de_matar_crianca_de_4_anos\/#article\",\"isPartOf\":{\"@id\":\"https:\/\/www.pm.pb.gov.br\/portal\/2012\/07\/14\/pm_prende_acusado_de_matar_crianca_de_4_anos\/\"},\"author\":{\"name\":\"Assessoria de Imprensa da PMPB\",\"@id\":\"https:\/\/www.pm.pb.gov.br\/portal\/#\/schema\/person\/e8454f46651c3ecf0e1ba3c1666d9947\"},\"headline\":\"PM prende acusado de matar crian\u00e7a de 4 anos\",\"datePublished\":\"2012-07-14T12:07:43+00:00\",\"dateModified\":\"2012-07-14T12:07:43+00:00\",\"mainEntityOfPage\":{\"@id\":\"https:\/\/www.pm.pb.gov.br\/portal\/2012\/07\/14\/pm_prende_acusado_de_matar_crianca_de_4_anos\/\"},\"wordCount\":252,\"publisher\":{\"@id\":\"https:\/\/www.pm.pb.gov.br\/portal\/#organization\"},\"articleSection\":[\"A\u00e7\u00f5es Policiais\"],\"inLanguage\":\"pt-BR\"},{\"@type\":\"WebPage\",\"@id\":\"https:\/\/www.pm.pb.gov.br\/portal\/2012\/07\/14\/pm_prende_acusado_de_matar_crianca_de_4_anos\/\",\"url\":\"https:\/\/www.pm.pb.gov.br\/portal\/2012\/07\/14\/pm_prende_acusado_de_matar_crianca_de_4_anos\/\",\"name\":\"PM prende acusado de matar crian\u00e7a de 4 anos - Pol\u00edcia Militar da Para\u00edba\",\"isPartOf\":{\"@id\":\"https:\/\/www.pm.pb.gov.br\/portal\/#website\"},\"datePublished\":\"2012-07-14T12:07:43+00:00\",\"dateModified\":\"2012-07-14T12:07:43+00:00\",\"breadcrumb\":{\"@id\":\"https:\/\/www.pm.pb.gov.br\/portal\/2012\/07\/14\/pm_prende_acusado_de_matar_crianca_de_4_anos\/#breadcrumb\"},\"inLanguage\":\"pt-BR\",\"potentialAction\":[{\"@type\":\"ReadAction\",\"target\":[\"https:\/\/www.pm.pb.gov.br\/portal\/2012\/07\/14\/pm_prende_acusado_de_matar_crianca_de_4_anos\/\"]}]},{\"@type\":\"BreadcrumbList\",\"@id\":\"https:\/\/www.pm.pb.gov.br\/portal\/2012\/07\/14\/pm_prende_acusado_de_matar_crianca_de_4_anos\/#breadcrumb\",\"itemListElement\":[{\"@type\":\"ListItem\",\"position\":1,\"name\":\"In\u00edcio\",\"item\":\"https:\/\/www.pm.pb.gov.br\/portal\/\"},{\"@type\":\"ListItem\",\"position\":2,\"name\":\"PM prende acusado de matar crian\u00e7a de 4 anos\"}]},{\"@type\":\"WebSite\",\"@id\":\"https:\/\/www.pm.pb.gov.br\/portal\/#website\",\"url\":\"https:\/\/www.pm.pb.gov.br\/portal\/\",\"name\":\"Pol\u00edcia Militar da Para\u00edba\",\"description\":\"\",\"publisher\":{\"@id\":\"https:\/\/www.pm.pb.gov.br\/portal\/#organization\"},\"potentialAction\":[{\"@type\":\"SearchAction\",\"target\":{\"@type\":\"EntryPoint\",\"urlTemplate\":\"https:\/\/www.pm.pb.gov.br\/portal\/?s={search_term_string}\"},\"query-input\":\"required name=search_term_string\"}],\"inLanguage\":\"pt-BR\"},{\"@type\":\"Organization\",\"@id\":\"https:\/\/www.pm.pb.gov.br\/portal\/#organization\",\"name\":\"Pol\u00edcia Militar da Para\u00edba\",\"url\":\"https:\/\/www.pm.pb.gov.br\/portal\/\",\"logo\":{\"@type\":\"ImageObject\",\"inLanguage\":\"pt-BR\",\"@id\":\"https:\/\/www.pm.pb.gov.br\/portal\/#\/schema\/logo\/image\/\",\"url\":\"https:\/\/www.pm.pb.gov.br\/portal\/wp-content\/uploads\/2025\/03\/cropped-logo-site-mag2-1.png\",\"contentUrl\":\"https:\/\/www.pm.pb.gov.br\/portal\/wp-content\/uploads\/2025\/03\/cropped-logo-site-mag2-1.png\",\"width\":320,\"height\":90,\"caption\":\"Pol\u00edcia Militar da Para\u00edba\"},\"image\":{\"@id\":\"https:\/\/www.pm.pb.gov.br\/portal\/#\/schema\/logo\/image\/\"}},{\"@type\":\"Person\",\"@id\":\"https:\/\/www.pm.pb.gov.br\/portal\/#\/schema\/person\/e8454f46651c3ecf0e1ba3c1666d9947\",\"name\":\"Assessoria de Imprensa da PMPB\",\"image\":{\"@type\":\"ImageObject\",\"inLanguage\":\"pt-BR\",\"@id\":\"https:\/\/www.pm.pb.gov.br\/portal\/#\/schema\/person\/image\/\",\"url\":\"https:\/\/secure.gravatar.com\/avatar\/2efe197438265d1e90bd98c4c8e1acf8?s=96&d=mm&r=g\",\"contentUrl\":\"https:\/\/secure.gravatar.com\/avatar\/2efe197438265d1e90bd98c4c8e1acf8?s=96&d=mm&r=g\",\"caption\":\"Assessoria de Imprensa da PMPB\"},\"url\":\"https:\/\/www.pm.pb.gov.br\/portal\/author\/assessoria\/\"}]}<\/script>\n<!-- \/ Yoast SEO plugin. -->","yoast_head_json":{"title":"PM prende acusado de matar crian\u00e7a de 4 anos - Pol\u00edcia Militar da Para\u00edba","robots":{"index":"index","follow":"follow","max-snippet":"max-snippet:-1","max-image-preview":"max-image-preview:large","max-video-preview":"max-video-preview:-1"},"canonical":"https:\/\/www.pm.pb.gov.br\/portal\/2012\/07\/14\/pm_prende_acusado_de_matar_crianca_de_4_anos\/","og_locale":"pt_BR","og_type":"article","og_title":"PM prende acusado de matar crian\u00e7a de 4 anos - Pol\u00edcia Militar da Para\u00edba","og_description":"Foi preso no final da tarde desta sexta-feira (13), Jos\u00e9 Gilvando dos Santos Barbosa, vulgo &#8220;Bode Z\u00e9\u0094. O jovem \u00e9","og_url":"https:\/\/www.pm.pb.gov.br\/portal\/2012\/07\/14\/pm_prende_acusado_de_matar_crianca_de_4_anos\/","og_site_name":"Pol\u00edcia Militar da Para\u00edba","article_published_time":"2012-07-14T12:07:43+00:00","og_image":[{"width":620,"height":411,"url":"https:\/\/www.pm.pb.gov.br\/portal\/wp-content\/uploads\/2012\/08\/foto_brasao-13.jpg","type":"image\/jpeg"}],"author":"Assessoria de Imprensa da PMPB","twitter_card":"summary_large_image","twitter_misc":{"Escrito por":"Assessoria de Imprensa da PMPB","Est. tempo de leitura":"1 minuto"},"schema":{"@context":"https:\/\/schema.org","@graph":[{"@type":"Article","@id":"https:\/\/www.pm.pb.gov.br\/portal\/2012\/07\/14\/pm_prende_acusado_de_matar_crianca_de_4_anos\/#article","isPartOf":{"@id":"https:\/\/www.pm.pb.gov.br\/portal\/2012\/07\/14\/pm_prende_acusado_de_matar_crianca_de_4_anos\/"},"author":{"name":"Assessoria de Imprensa da PMPB","@id":"https:\/\/www.pm.pb.gov.br\/portal\/#\/schema\/person\/e8454f46651c3ecf0e1ba3c1666d9947"},"headline":"PM prende acusado de matar crian\u00e7a de 4 anos","datePublished":"2012-07-14T12:07:43+00:00","dateModified":"2012-07-14T12:07:43+00:00","mainEntityOfPage":{"@id":"https:\/\/www.pm.pb.gov.br\/portal\/2012\/07\/14\/pm_prende_acusado_de_matar_crianca_de_4_anos\/"},"wordCount":252,"publisher":{"@id":"https:\/\/www.pm.pb.gov.br\/portal\/#organization"},"articleSection":["A\u00e7\u00f5es Policiais"],"inLanguage":"pt-BR"},{"@type":"WebPage","@id":"https:\/\/www.pm.pb.gov.br\/portal\/2012\/07\/14\/pm_prende_acusado_de_matar_crianca_de_4_anos\/","url":"https:\/\/www.pm.pb.gov.br\/portal\/2012\/07\/14\/pm_prende_acusado_de_matar_crianca_de_4_anos\/","name":"PM prende acusado de matar crian\u00e7a de 4 anos - Pol\u00edcia Militar da Para\u00edba","isPartOf":{"@id":"https:\/\/www.pm.pb.gov.br\/portal\/#website"},"datePublished":"2012-07-14T12:07:43+00:00","dateModified":"2012-07-14T12:07:43+00:00","breadcrumb":{"@id":"https:\/\/www.pm.pb.gov.br\/portal\/2012\/07\/14\/pm_prende_acusado_de_matar_crianca_de_4_anos\/#breadcrumb"},"inLanguage":"pt-BR","potentialAction":[{"@type":"ReadAction","target":["https:\/\/www.pm.pb.gov.br\/portal\/2012\/07\/14\/pm_prende_acusado_de_matar_crianca_de_4_anos\/"]}]},{"@type":"BreadcrumbList","@id":"https:\/\/www.pm.pb.gov.br\/portal\/2012\/07\/14\/pm_prende_acusado_de_matar_crianca_de_4_anos\/#breadcrumb","itemListElement":[{"@type":"ListItem","position":1,"name":"In\u00edcio","item":"https:\/\/www.pm.pb.gov.br\/portal\/"},{"@type":"ListItem","position":2,"name":"PM prende acusado de matar crian\u00e7a de 4 anos"}]},{"@type":"WebSite","@id":"https:\/\/www.pm.pb.gov.br\/portal\/#website","url":"https:\/\/www.pm.pb.gov.br\/portal\/","name":"Pol\u00edcia Militar da Para\u00edba","description":"","publisher":{"@id":"https:\/\/www.pm.pb.gov.br\/portal\/#organization"},"potentialAction":[{"@type":"SearchAction","target":{"@type":"EntryPoint","urlTemplate":"https:\/\/www.pm.pb.gov.br\/portal\/?s={search_term_string}"},"query-input":"required name=search_term_string"}],"inLanguage":"pt-BR"},{"@type":"Organization","@id":"https:\/\/www.pm.pb.gov.br\/portal\/#organization","name":"Pol\u00edcia Militar da Para\u00edba","url":"https:\/\/www.pm.pb.gov.br\/portal\/","logo":{"@type":"ImageObject","inLanguage":"pt-BR","@id":"https:\/\/www.pm.pb.gov.br\/portal\/#\/schema\/logo\/image\/","url":"https:\/\/www.pm.pb.gov.br\/portal\/wp-content\/uploads\/2025\/03\/cropped-logo-site-mag2-1.png","contentUrl":"https:\/\/www.pm.pb.gov.br\/portal\/wp-content\/uploads\/2025\/03\/cropped-logo-site-mag2-1.png","width":320,"height":90,"caption":"Pol\u00edcia Militar da Para\u00edba"},"image":{"@id":"https:\/\/www.pm.pb.gov.br\/portal\/#\/schema\/logo\/image\/"}},{"@type":"Person","@id":"https:\/\/www.pm.pb.gov.br\/portal\/#\/schema\/person\/e8454f46651c3ecf0e1ba3c1666d9947","name":"Assessoria de Imprensa da PMPB","image":{"@type":"ImageObject","inLanguage":"pt-BR","@id":"https:\/\/www.pm.pb.gov.br\/portal\/#\/schema\/person\/image\/","url":"https:\/\/secure.gravatar.com\/avatar\/2efe197438265d1e90bd98c4c8e1acf8?s=96&d=mm&r=g","contentUrl":"https:\/\/secure.gravatar.com\/avatar\/2efe197438265d1e90bd98c4c8e1acf8?s=96&d=mm&r=g","caption":"Assessoria de Imprensa da PMPB"},"url":"https:\/\/www.pm.pb.gov.br\/portal\/author\/assessoria\/"}]}},"_links":{"self":[{"href":"https:\/\/www.pm.pb.gov.br\/portal\/wp-json\/wp\/v2\/posts\/891115"}],"collection":[{"href":"https:\/\/www.pm.pb.gov.br\/portal\/wp-json\/wp\/v2\/posts"}],"about":[{"href":"https:\/\/www.pm.pb.gov.br\/portal\/wp-json\/wp\/v2\/types\/post"}],"author":[{"embeddable":true,"href":"https:\/\/www.pm.pb.gov.br\/portal\/wp-json\/wp\/v2\/users\/5"}],"replies":[{"embeddable":true,"href":"https:\/\/www.pm.pb.gov.br\/portal\/wp-json\/wp\/v2\/comments?post=891115"}],"version-history":[{"count":0,"href":"https:\/\/www.pm.pb.gov.br\/portal\/wp-json\/wp\/v2\/posts\/891115\/revisions"}],"wp:featuredmedia":[{"embeddable":true,"href":"https:\/\/www.pm.pb.gov.br\/portal\/wp-json\/wp\/v2\/media\/891230"}],"wp:attachment":[{"href":"https:\/\/www.pm.pb.gov.br\/portal\/wp-json\/wp\/v2\/media?parent=891115"}],"wp:term":[{"taxonomy":"category","embeddable":true,"href":"https:\/\/www.pm.pb.gov.br\/portal\/wp-json\/wp\/v2\/categories?post=891115"},{"taxonomy":"post_tag","embeddable":true,"href":"https:\/\/www.pm.pb.gov.br\/portal\/wp-json\/wp\/v2\/tags?post=891115"}],"curies":[{"name":"wp","href":"https:\/\/api.w.org\/{rel}","templated":true}]}}