{"id":891110,"date":"2012-07-13T09:07:38","date_gmt":"2012-07-13T12:07:38","guid":{"rendered":"http:\/\/www.pm.pb.gov.br\/portal\/2012\/07\/pm_lanca_operacao_cidade_segura_ii_em_campina_grande\/"},"modified":"2012-07-13T09:07:38","modified_gmt":"2012-07-13T12:07:38","slug":"pm_lanca_operacao_cidade_segura_ii_em_campina_grande","status":"publish","type":"post","link":"https:\/\/www.pm.pb.gov.br\/portal\/2012\/07\/13\/pm_lanca_operacao_cidade_segura_ii_em_campina_grande\/","title":{"rendered":"PM lan\u00e7a Opera\u00e7\u00e3o Cidade Segura II em Campina Grande"},"content":{"rendered":"<div style=\"text-align: justify;\">\nNa manh\u00e3 dessa quinta-feira (12.07),a Pol\u00edcia Militar da Para\u00edba lan\u00e7ou a segunda etapa da opera\u00e7\u00e3o Cidade Segura.A solenidade ocorreu na pra\u00e7a da Bandeira, no centro de Campina Grande e foi conduzida pelo Coronel Wolgrand Pinto Lord\u00e3o, Comandante do Comando Regional I e pelo Tenente-Coronel Souza Neto, Comandante do Segundo Batalh\u00e3o de Pol\u00edcia Militar,sediado no munic\u00edpio.<\/p>\n<p>A opera\u00e7\u00e3o tem como objetivo intensificar o policiamento em pontos estat\u00e9gicos da cidade e a meta \u00e9 diminuirem 10% as estat\u00edsticas criminais em rela\u00e7\u00e3o ao mesmo per\u00edodo do ano passado, percentual determinado pela Secretaria de Seguran\u00e7a P\u00fablica.<\/p>\n<p>Efetivo &#8211; Para isso, o planejamento ser\u00e1 di\u00e1rio. Ao todo 70 homense st\u00e3o envolvidos diretamente na Opera\u00e7\u00e3o Cidade Segura II, segundo o tenente-coronel Souza Neto. \u0093Estaremos com esse efetivo saturando todas as \u00e1reas da cidade que hoje registram \u00edndices elevados de criminalidade.<\/p>\n<p>Ser\u00e3o 35 homens seguindo emcomboio para uma determinada \u00e1rea de Campina Grande, enquanto um outro comboio,com mais 35, segue em dire\u00e7\u00e3o contr\u00e1ria.<\/p>\n<p>Dessa forma, acreditamos que estaremos explorando ao m\u00e1ximo as \u00e1reas-foco dessa opera\u00e7\u00e3o.\u0094 Segundo Souza Neto, a opera\u00e7\u00e3o vai se estender at\u00e9 o final do ano.<\/p>\n<p>At\u00e9 l\u00e1, o policiamento vai ocorrer todos os dias, nos tr\u00eas turnos. As barreiras policiais s\u00e3o montadas em pontos identifcados previamente pela pol\u00edcia.<\/p>\n<p>\u0093S\u00e3o localidades de f\u00e1cil acesso ao tr\u00e1fico,ou seja, nessas \u00e1reas que estar\u00e3o as barreiras, s\u00e3o locais que h\u00e1 uma certa facilidade de entrada e sa\u00edda de droga da cidade\u0094, disse o comandante.<\/p>\n<p>Bairros &#8211; A opera\u00e7\u00e3o ser\u00e1 intensificada em bairros com altos n\u00fameros de homic\u00eddios e tr\u00e1fico de entorpecentes, s\u00e3o eles: Ramadinha, Jos\u00e9 Pinheiro,Pedregal, Bairro da Gl\u00f3ria, Monte Santo e Malvinas.<\/p>\n<p>Barreiras policiais &#8211; As barreiras policiais v\u00e3o estar presentes tamb\u00e9m em vias de grande fluxo, como avenidas. Em todas elas, ser\u00e1 colocada identifica\u00e7\u00e3o visual. O objetivo \u00e9 apreender motos irregulares, drogas e armas. Os pedestres tamb\u00e9m ser\u00e3o abordados nas comunidades.<\/p>\n<p>Participam da a\u00e7\u00e3o, policiaisdo Choque, Gate, Rotan, R\u00e1dio Patrulha e Servi\u00e7o de Intelig\u00eancia. \u0093Sabemos que crime \u00e9 n\u00f4made e se mant\u00e9m grande parte sobre duas rodas, por isso, estaremos trabalhando todos os dias junto com o Servi\u00e7o de Intelig\u00eancia para levantar as informa\u00e7\u00f5es de onde est\u00e3o esses meliantes.<\/p>\n<p>N\u00e3o basta um planejamento pr\u00e9vio, a identifica\u00e7\u00e3o cont\u00ednua \u00e9 importante para acompanharmos o crime onde ele estiver e assim, dar uma resposta r\u00e1pida e positiva\u0094, garantiu Souza Neto.<\/p>\n<div class=\"row\" align=\"center\"><\/div>\n<\/div>\n","protected":false},"excerpt":{"rendered":"<p>Na manh\u00e3 dessa quinta-feira (12.07),a Pol\u00edcia Militar da Para\u00edba lan\u00e7ou a segunda etapa da opera\u00e7\u00e3o Cidade Segura.A solenidade ocorreu na<\/p>\n","protected":false},"author":5,"featured_media":891230,"comment_status":"closed","ping_status":"closed","sticky":false,"template":"","format":"standard","meta":{"_exactmetrics_skip_tracking":false,"_exactmetrics_sitenote_active":false,"_exactmetrics_sitenote_note":"","_exactmetrics_sitenote_category":0,"footnotes":""},"categories":[4],"tags":[],"yoast_head":"<!-- This site is optimized with the Yoast SEO plugin v22.0 - https:\/\/yoast.com\/wordpress\/plugins\/seo\/ -->\n<title>PM lan\u00e7a Opera\u00e7\u00e3o Cidade Segura II em Campina Grande - Pol\u00edcia Militar da Para\u00edba<\/title>\n<meta name=\"robots\" content=\"index, follow, max-snippet:-1, max-image-preview:large, max-video-preview:-1\" \/>\n<link rel=\"canonical\" href=\"https:\/\/www.pm.pb.gov.br\/portal\/2012\/07\/13\/pm_lanca_operacao_cidade_segura_ii_em_campina_grande\/\" \/>\n<meta property=\"og:locale\" content=\"pt_BR\" \/>\n<meta property=\"og:type\" content=\"article\" \/>\n<meta property=\"og:title\" content=\"PM lan\u00e7a Opera\u00e7\u00e3o Cidade Segura II em Campina Grande - Pol\u00edcia Militar da Para\u00edba\" \/>\n<meta property=\"og:description\" content=\"Na manh\u00e3 dessa quinta-feira (12.07),a Pol\u00edcia Militar da Para\u00edba lan\u00e7ou a segunda etapa da opera\u00e7\u00e3o Cidade Segura.A solenidade ocorreu na\" \/>\n<meta property=\"og:url\" content=\"https:\/\/www.pm.pb.gov.br\/portal\/2012\/07\/13\/pm_lanca_operacao_cidade_segura_ii_em_campina_grande\/\" \/>\n<meta property=\"og:site_name\" content=\"Pol\u00edcia Militar da Para\u00edba\" \/>\n<meta property=\"article:published_time\" content=\"2012-07-13T12:07:38+00:00\" \/>\n<meta property=\"og:image\" content=\"https:\/\/www.pm.pb.gov.br\/portal\/wp-content\/uploads\/2012\/08\/foto_brasao-13.jpg\" \/>\n\t<meta property=\"og:image:width\" content=\"620\" \/>\n\t<meta property=\"og:image:height\" content=\"411\" \/>\n\t<meta property=\"og:image:type\" content=\"image\/jpeg\" \/>\n<meta name=\"author\" content=\"Assessoria de Imprensa da PMPB\" \/>\n<meta name=\"twitter:card\" content=\"summary_large_image\" \/>\n<meta name=\"twitter:label1\" content=\"Escrito por\" \/>\n\t<meta name=\"twitter:data1\" content=\"Assessoria de Imprensa da PMPB\" \/>\n\t<meta name=\"twitter:label2\" content=\"Est. tempo de leitura\" \/>\n\t<meta name=\"twitter:data2\" content=\"2 minutos\" \/>\n<script type=\"application\/ld+json\" class=\"yoast-schema-graph\">{\"@context\":\"https:\/\/schema.org\",\"@graph\":[{\"@type\":\"Article\",\"@id\":\"https:\/\/www.pm.pb.gov.br\/portal\/2012\/07\/13\/pm_lanca_operacao_cidade_segura_ii_em_campina_grande\/#article\",\"isPartOf\":{\"@id\":\"https:\/\/www.pm.pb.gov.br\/portal\/2012\/07\/13\/pm_lanca_operacao_cidade_segura_ii_em_campina_grande\/\"},\"author\":{\"name\":\"Assessoria de Imprensa da PMPB\",\"@id\":\"https:\/\/www.pm.pb.gov.br\/portal\/#\/schema\/person\/e8454f46651c3ecf0e1ba3c1666d9947\"},\"headline\":\"PM lan\u00e7a Opera\u00e7\u00e3o Cidade Segura II em Campina Grande\",\"datePublished\":\"2012-07-13T12:07:38+00:00\",\"dateModified\":\"2012-07-13T12:07:38+00:00\",\"mainEntityOfPage\":{\"@id\":\"https:\/\/www.pm.pb.gov.br\/portal\/2012\/07\/13\/pm_lanca_operacao_cidade_segura_ii_em_campina_grande\/\"},\"wordCount\":449,\"publisher\":{\"@id\":\"https:\/\/www.pm.pb.gov.br\/portal\/#organization\"},\"articleSection\":[\"A\u00e7\u00f5es Policiais\"],\"inLanguage\":\"pt-BR\"},{\"@type\":\"WebPage\",\"@id\":\"https:\/\/www.pm.pb.gov.br\/portal\/2012\/07\/13\/pm_lanca_operacao_cidade_segura_ii_em_campina_grande\/\",\"url\":\"https:\/\/www.pm.pb.gov.br\/portal\/2012\/07\/13\/pm_lanca_operacao_cidade_segura_ii_em_campina_grande\/\",\"name\":\"PM lan\u00e7a Opera\u00e7\u00e3o Cidade Segura II em Campina Grande - Pol\u00edcia Militar da Para\u00edba\",\"isPartOf\":{\"@id\":\"https:\/\/www.pm.pb.gov.br\/portal\/#website\"},\"datePublished\":\"2012-07-13T12:07:38+00:00\",\"dateModified\":\"2012-07-13T12:07:38+00:00\",\"breadcrumb\":{\"@id\":\"https:\/\/www.pm.pb.gov.br\/portal\/2012\/07\/13\/pm_lanca_operacao_cidade_segura_ii_em_campina_grande\/#breadcrumb\"},\"inLanguage\":\"pt-BR\",\"potentialAction\":[{\"@type\":\"ReadAction\",\"target\":[\"https:\/\/www.pm.pb.gov.br\/portal\/2012\/07\/13\/pm_lanca_operacao_cidade_segura_ii_em_campina_grande\/\"]}]},{\"@type\":\"BreadcrumbList\",\"@id\":\"https:\/\/www.pm.pb.gov.br\/portal\/2012\/07\/13\/pm_lanca_operacao_cidade_segura_ii_em_campina_grande\/#breadcrumb\",\"itemListElement\":[{\"@type\":\"ListItem\",\"position\":1,\"name\":\"In\u00edcio\",\"item\":\"https:\/\/www.pm.pb.gov.br\/portal\/\"},{\"@type\":\"ListItem\",\"position\":2,\"name\":\"PM lan\u00e7a Opera\u00e7\u00e3o Cidade Segura II em Campina Grande\"}]},{\"@type\":\"WebSite\",\"@id\":\"https:\/\/www.pm.pb.gov.br\/portal\/#website\",\"url\":\"https:\/\/www.pm.pb.gov.br\/portal\/\",\"name\":\"Pol\u00edcia Militar da Para\u00edba\",\"description\":\"\",\"publisher\":{\"@id\":\"https:\/\/www.pm.pb.gov.br\/portal\/#organization\"},\"potentialAction\":[{\"@type\":\"SearchAction\",\"target\":{\"@type\":\"EntryPoint\",\"urlTemplate\":\"https:\/\/www.pm.pb.gov.br\/portal\/?s={search_term_string}\"},\"query-input\":\"required name=search_term_string\"}],\"inLanguage\":\"pt-BR\"},{\"@type\":\"Organization\",\"@id\":\"https:\/\/www.pm.pb.gov.br\/portal\/#organization\",\"name\":\"Pol\u00edcia Militar da Para\u00edba\",\"url\":\"https:\/\/www.pm.pb.gov.br\/portal\/\",\"logo\":{\"@type\":\"ImageObject\",\"inLanguage\":\"pt-BR\",\"@id\":\"https:\/\/www.pm.pb.gov.br\/portal\/#\/schema\/logo\/image\/\",\"url\":\"https:\/\/www.pm.pb.gov.br\/portal\/wp-content\/uploads\/2025\/03\/cropped-logo-site-mag2-1.png\",\"contentUrl\":\"https:\/\/www.pm.pb.gov.br\/portal\/wp-content\/uploads\/2025\/03\/cropped-logo-site-mag2-1.png\",\"width\":320,\"height\":90,\"caption\":\"Pol\u00edcia Militar da Para\u00edba\"},\"image\":{\"@id\":\"https:\/\/www.pm.pb.gov.br\/portal\/#\/schema\/logo\/image\/\"}},{\"@type\":\"Person\",\"@id\":\"https:\/\/www.pm.pb.gov.br\/portal\/#\/schema\/person\/e8454f46651c3ecf0e1ba3c1666d9947\",\"name\":\"Assessoria de Imprensa da PMPB\",\"image\":{\"@type\":\"ImageObject\",\"inLanguage\":\"pt-BR\",\"@id\":\"https:\/\/www.pm.pb.gov.br\/portal\/#\/schema\/person\/image\/\",\"url\":\"https:\/\/secure.gravatar.com\/avatar\/2efe197438265d1e90bd98c4c8e1acf8?s=96&d=mm&r=g\",\"contentUrl\":\"https:\/\/secure.gravatar.com\/avatar\/2efe197438265d1e90bd98c4c8e1acf8?s=96&d=mm&r=g\",\"caption\":\"Assessoria de Imprensa da PMPB\"},\"url\":\"https:\/\/www.pm.pb.gov.br\/portal\/author\/assessoria\/\"}]}<\/script>\n<!-- \/ Yoast SEO plugin. -->","yoast_head_json":{"title":"PM lan\u00e7a Opera\u00e7\u00e3o Cidade Segura II em Campina Grande - Pol\u00edcia Militar da Para\u00edba","robots":{"index":"index","follow":"follow","max-snippet":"max-snippet:-1","max-image-preview":"max-image-preview:large","max-video-preview":"max-video-preview:-1"},"canonical":"https:\/\/www.pm.pb.gov.br\/portal\/2012\/07\/13\/pm_lanca_operacao_cidade_segura_ii_em_campina_grande\/","og_locale":"pt_BR","og_type":"article","og_title":"PM lan\u00e7a Opera\u00e7\u00e3o Cidade Segura II em Campina Grande - Pol\u00edcia Militar da Para\u00edba","og_description":"Na manh\u00e3 dessa quinta-feira (12.07),a Pol\u00edcia Militar da Para\u00edba lan\u00e7ou a segunda etapa da opera\u00e7\u00e3o Cidade Segura.A solenidade ocorreu na","og_url":"https:\/\/www.pm.pb.gov.br\/portal\/2012\/07\/13\/pm_lanca_operacao_cidade_segura_ii_em_campina_grande\/","og_site_name":"Pol\u00edcia Militar da Para\u00edba","article_published_time":"2012-07-13T12:07:38+00:00","og_image":[{"width":620,"height":411,"url":"https:\/\/www.pm.pb.gov.br\/portal\/wp-content\/uploads\/2012\/08\/foto_brasao-13.jpg","type":"image\/jpeg"}],"author":"Assessoria de Imprensa da PMPB","twitter_card":"summary_large_image","twitter_misc":{"Escrito por":"Assessoria de Imprensa da PMPB","Est. tempo de leitura":"2 minutos"},"schema":{"@context":"https:\/\/schema.org","@graph":[{"@type":"Article","@id":"https:\/\/www.pm.pb.gov.br\/portal\/2012\/07\/13\/pm_lanca_operacao_cidade_segura_ii_em_campina_grande\/#article","isPartOf":{"@id":"https:\/\/www.pm.pb.gov.br\/portal\/2012\/07\/13\/pm_lanca_operacao_cidade_segura_ii_em_campina_grande\/"},"author":{"name":"Assessoria de Imprensa da PMPB","@id":"https:\/\/www.pm.pb.gov.br\/portal\/#\/schema\/person\/e8454f46651c3ecf0e1ba3c1666d9947"},"headline":"PM lan\u00e7a Opera\u00e7\u00e3o Cidade Segura II em Campina Grande","datePublished":"2012-07-13T12:07:38+00:00","dateModified":"2012-07-13T12:07:38+00:00","mainEntityOfPage":{"@id":"https:\/\/www.pm.pb.gov.br\/portal\/2012\/07\/13\/pm_lanca_operacao_cidade_segura_ii_em_campina_grande\/"},"wordCount":449,"publisher":{"@id":"https:\/\/www.pm.pb.gov.br\/portal\/#organization"},"articleSection":["A\u00e7\u00f5es Policiais"],"inLanguage":"pt-BR"},{"@type":"WebPage","@id":"https:\/\/www.pm.pb.gov.br\/portal\/2012\/07\/13\/pm_lanca_operacao_cidade_segura_ii_em_campina_grande\/","url":"https:\/\/www.pm.pb.gov.br\/portal\/2012\/07\/13\/pm_lanca_operacao_cidade_segura_ii_em_campina_grande\/","name":"PM lan\u00e7a Opera\u00e7\u00e3o Cidade Segura II em Campina Grande - Pol\u00edcia Militar da Para\u00edba","isPartOf":{"@id":"https:\/\/www.pm.pb.gov.br\/portal\/#website"},"datePublished":"2012-07-13T12:07:38+00:00","dateModified":"2012-07-13T12:07:38+00:00","breadcrumb":{"@id":"https:\/\/www.pm.pb.gov.br\/portal\/2012\/07\/13\/pm_lanca_operacao_cidade_segura_ii_em_campina_grande\/#breadcrumb"},"inLanguage":"pt-BR","potentialAction":[{"@type":"ReadAction","target":["https:\/\/www.pm.pb.gov.br\/portal\/2012\/07\/13\/pm_lanca_operacao_cidade_segura_ii_em_campina_grande\/"]}]},{"@type":"BreadcrumbList","@id":"https:\/\/www.pm.pb.gov.br\/portal\/2012\/07\/13\/pm_lanca_operacao_cidade_segura_ii_em_campina_grande\/#breadcrumb","itemListElement":[{"@type":"ListItem","position":1,"name":"In\u00edcio","item":"https:\/\/www.pm.pb.gov.br\/portal\/"},{"@type":"ListItem","position":2,"name":"PM lan\u00e7a Opera\u00e7\u00e3o Cidade Segura II em Campina Grande"}]},{"@type":"WebSite","@id":"https:\/\/www.pm.pb.gov.br\/portal\/#website","url":"https:\/\/www.pm.pb.gov.br\/portal\/","name":"Pol\u00edcia Militar da Para\u00edba","description":"","publisher":{"@id":"https:\/\/www.pm.pb.gov.br\/portal\/#organization"},"potentialAction":[{"@type":"SearchAction","target":{"@type":"EntryPoint","urlTemplate":"https:\/\/www.pm.pb.gov.br\/portal\/?s={search_term_string}"},"query-input":"required name=search_term_string"}],"inLanguage":"pt-BR"},{"@type":"Organization","@id":"https:\/\/www.pm.pb.gov.br\/portal\/#organization","name":"Pol\u00edcia Militar da Para\u00edba","url":"https:\/\/www.pm.pb.gov.br\/portal\/","logo":{"@type":"ImageObject","inLanguage":"pt-BR","@id":"https:\/\/www.pm.pb.gov.br\/portal\/#\/schema\/logo\/image\/","url":"https:\/\/www.pm.pb.gov.br\/portal\/wp-content\/uploads\/2025\/03\/cropped-logo-site-mag2-1.png","contentUrl":"https:\/\/www.pm.pb.gov.br\/portal\/wp-content\/uploads\/2025\/03\/cropped-logo-site-mag2-1.png","width":320,"height":90,"caption":"Pol\u00edcia Militar da Para\u00edba"},"image":{"@id":"https:\/\/www.pm.pb.gov.br\/portal\/#\/schema\/logo\/image\/"}},{"@type":"Person","@id":"https:\/\/www.pm.pb.gov.br\/portal\/#\/schema\/person\/e8454f46651c3ecf0e1ba3c1666d9947","name":"Assessoria de Imprensa da PMPB","image":{"@type":"ImageObject","inLanguage":"pt-BR","@id":"https:\/\/www.pm.pb.gov.br\/portal\/#\/schema\/person\/image\/","url":"https:\/\/secure.gravatar.com\/avatar\/2efe197438265d1e90bd98c4c8e1acf8?s=96&d=mm&r=g","contentUrl":"https:\/\/secure.gravatar.com\/avatar\/2efe197438265d1e90bd98c4c8e1acf8?s=96&d=mm&r=g","caption":"Assessoria de Imprensa da PMPB"},"url":"https:\/\/www.pm.pb.gov.br\/portal\/author\/assessoria\/"}]}},"_links":{"self":[{"href":"https:\/\/www.pm.pb.gov.br\/portal\/wp-json\/wp\/v2\/posts\/891110"}],"collection":[{"href":"https:\/\/www.pm.pb.gov.br\/portal\/wp-json\/wp\/v2\/posts"}],"about":[{"href":"https:\/\/www.pm.pb.gov.br\/portal\/wp-json\/wp\/v2\/types\/post"}],"author":[{"embeddable":true,"href":"https:\/\/www.pm.pb.gov.br\/portal\/wp-json\/wp\/v2\/users\/5"}],"replies":[{"embeddable":true,"href":"https:\/\/www.pm.pb.gov.br\/portal\/wp-json\/wp\/v2\/comments?post=891110"}],"version-history":[{"count":0,"href":"https:\/\/www.pm.pb.gov.br\/portal\/wp-json\/wp\/v2\/posts\/891110\/revisions"}],"wp:featuredmedia":[{"embeddable":true,"href":"https:\/\/www.pm.pb.gov.br\/portal\/wp-json\/wp\/v2\/media\/891230"}],"wp:attachment":[{"href":"https:\/\/www.pm.pb.gov.br\/portal\/wp-json\/wp\/v2\/media?parent=891110"}],"wp:term":[{"taxonomy":"category","embeddable":true,"href":"https:\/\/www.pm.pb.gov.br\/portal\/wp-json\/wp\/v2\/categories?post=891110"},{"taxonomy":"post_tag","embeddable":true,"href":"https:\/\/www.pm.pb.gov.br\/portal\/wp-json\/wp\/v2\/tags?post=891110"}],"curies":[{"name":"wp","href":"https:\/\/api.w.org\/{rel}","templated":true}]}}