{"id":891104,"date":"2012-07-11T12:07:00","date_gmt":"2012-07-11T15:07:00","guid":{"rendered":"http:\/\/www.pm.pb.gov.br\/portal\/2012\/07\/1_batalhao_apreende_crack_e_recupera_moto_roubada\/"},"modified":"2012-07-11T12:07:00","modified_gmt":"2012-07-11T15:07:00","slug":"1_batalhao_apreende_crack_e_recupera_moto_roubada","status":"publish","type":"post","link":"https:\/\/www.pm.pb.gov.br\/portal\/2012\/07\/11\/1_batalhao_apreende_crack_e_recupera_moto_roubada\/","title":{"rendered":"1\u00ba Batalh\u00e3o apreende crack e recupera moto roubada"},"content":{"rendered":"<figure style=\"width: 500px\" class=\"wp-caption alignnone\"><img decoding=\"async\" class=\"alignnone size-medium\" src=\"http:\/\/www.pm.pb.gov.br\/portal\/wp-content\/uploads\/2012\/07\/6825_8127.jpg\" title=\"Droga apreendida \" width=\"100%\" \/><figcaption class=\"wp-caption-text\">Droga apreendida<\/figcaption><\/figure>\n<div style=\"text-align: justify;\">\n<p>Na madrugada de hoje dia (09), por volta das 03h53mim, policiais da 2\u00aa Cia do 1\u00ba Batalh\u00e3o, em rondas ostensivas no bairro Imaculada, em Bayeux, encontraram com duas mulheres em atitude suspeita e ao efetuar a abordagem foi encontrado, 380 (trezentos e oitenta) pedras de crack pequenas, uma pedra de crack tamanho m\u00e9dio, 03 pedras<br \/>\ngrandes de crack, 01, balan\u00e7a de precis\u00e3o, 12 celulares e uma quantia de R$ 360,00 (trezentos e sessenta reais).<\/p>\n<p>Todo o material apreendido e as acusadas de nome Ana Maria Dasena, 23 anos e Maria das Neves Dasena, de 33 anos, foram encaminhadas para a 5\u00aa Delegacia Distrital para os procedimentos cab\u00edveis.<\/p>\n<p>Motocilcleta roubada e recuperada em Mandacaru<\/p>\n<p>Na \u00faltima sexta-feira (06), por volta das 19h22mim, policiais do 1\u00ba Batalh\u00e3o de Pol\u00edcia Militar pertencentes a UPS de Mandacaru, receberam informa\u00e7\u00f5es do CIOP (Centro Integrado de Opera\u00e7\u00f5es Policiais), que na rua Monte Castelo,<br \/>\nno bairro de Mandacau, nesta capital, dois indiv\u00edduos assaltavam uma loja de roupas.<\/p>\n<p>A guarni\u00e7\u00e3o foi at\u00e9 o local, e constatou que se tratava de um de roubo de uma moto, honda CG 150, titan, cor prata, de placa MNJ 9943-PB, fato ocorrido no dia anterior quinta-feira dia  (05), e a v\u00edtima teria se deparado com o acusado pilotando sua moto.<\/p>\n<p>A viatura comandada pelo CB. Ribeiro que esteve no local intensificou rondas e abordagens, conseguindo localizar a moto e o acusado de nome Rafael dos Santos Silva, 23 anos que fora encaminhado para a central de flagrantes do<br \/>\nDISP para os procedimento cab\u00edveis.<\/p>\n<div class=\"row\" align=\"center\"><a href=\"http:\/\/www.pm.pb.gov.br\/portal\/wp-content\/uploads\/2012\/07\/6825_8128.jpg\"><figure style=\"width: 500px\" class=\"wp-caption alignnone\"><img decoding=\"async\" class=\"image-responsive\" src=\"http:\/\/www.pm.pb.gov.br\/portal\/wp-content\/uploads\/2012\/07\/6825_8128.jpg\" title=\"Moto recuperada\" width=\"100%\" \/><figcaption class=\"wp-caption-text\">Moto recuperada<\/figcaption><\/figure><\/a><\/div>\n<\/div>\n","protected":false},"excerpt":{"rendered":"<p>Na madrugada de hoje dia (09), por volta das 03h53mim, policiais da 2\u00aa Cia do 1\u00ba Batalh\u00e3o, em rondas ostensivas<\/p>\n","protected":false},"author":5,"featured_media":8127,"comment_status":"closed","ping_status":"closed","sticky":false,"template":"","format":"standard","meta":{"_exactmetrics_skip_tracking":false,"_exactmetrics_sitenote_active":false,"_exactmetrics_sitenote_note":"","_exactmetrics_sitenote_category":0,"footnotes":""},"categories":[4],"tags":[],"yoast_head":"<!-- This site is optimized with the Yoast SEO plugin v22.0 - https:\/\/yoast.com\/wordpress\/plugins\/seo\/ -->\n<title>1\u00ba Batalh\u00e3o apreende crack e recupera moto roubada - Pol\u00edcia Militar da Para\u00edba<\/title>\n<meta name=\"robots\" content=\"index, follow, max-snippet:-1, max-image-preview:large, max-video-preview:-1\" \/>\n<link rel=\"canonical\" href=\"https:\/\/www.pm.pb.gov.br\/portal\/2012\/07\/11\/1_batalhao_apreende_crack_e_recupera_moto_roubada\/\" \/>\n<meta property=\"og:locale\" content=\"pt_BR\" \/>\n<meta property=\"og:type\" content=\"article\" \/>\n<meta property=\"og:title\" content=\"1\u00ba Batalh\u00e3o apreende crack e recupera moto roubada - Pol\u00edcia Militar da Para\u00edba\" \/>\n<meta property=\"og:description\" content=\"Na madrugada de hoje dia (09), por volta das 03h53mim, policiais da 2\u00aa Cia do 1\u00ba Batalh\u00e3o, em rondas ostensivas\" \/>\n<meta property=\"og:url\" content=\"https:\/\/www.pm.pb.gov.br\/portal\/2012\/07\/11\/1_batalhao_apreende_crack_e_recupera_moto_roubada\/\" \/>\n<meta property=\"og:site_name\" content=\"Pol\u00edcia Militar da Para\u00edba\" \/>\n<meta property=\"article:published_time\" content=\"2012-07-11T15:07:00+00:00\" \/>\n<meta property=\"og:image\" content=\"https:\/\/www.pm.pb.gov.br\/portal\/wp-content\/uploads\/2012\/07\/6825_8127.jpg\" \/>\n\t<meta property=\"og:image:width\" content=\"500\" \/>\n\t<meta property=\"og:image:height\" content=\"375\" \/>\n\t<meta property=\"og:image:type\" content=\"image\/jpeg\" \/>\n<meta name=\"author\" content=\"Assessoria de Imprensa da PMPB\" \/>\n<meta name=\"twitter:card\" content=\"summary_large_image\" \/>\n<meta name=\"twitter:label1\" content=\"Escrito por\" \/>\n\t<meta name=\"twitter:data1\" content=\"Assessoria de Imprensa da PMPB\" \/>\n\t<meta name=\"twitter:label2\" content=\"Est. tempo de leitura\" \/>\n\t<meta name=\"twitter:data2\" content=\"1 minuto\" \/>\n<script type=\"application\/ld+json\" class=\"yoast-schema-graph\">{\"@context\":\"https:\/\/schema.org\",\"@graph\":[{\"@type\":\"Article\",\"@id\":\"https:\/\/www.pm.pb.gov.br\/portal\/2012\/07\/11\/1_batalhao_apreende_crack_e_recupera_moto_roubada\/#article\",\"isPartOf\":{\"@id\":\"https:\/\/www.pm.pb.gov.br\/portal\/2012\/07\/11\/1_batalhao_apreende_crack_e_recupera_moto_roubada\/\"},\"author\":{\"name\":\"Assessoria de Imprensa da PMPB\",\"@id\":\"https:\/\/www.pm.pb.gov.br\/portal\/#\/schema\/person\/e8454f46651c3ecf0e1ba3c1666d9947\"},\"headline\":\"1\u00ba Batalh\u00e3o apreende crack e recupera moto roubada\",\"datePublished\":\"2012-07-11T15:07:00+00:00\",\"dateModified\":\"2012-07-11T15:07:00+00:00\",\"mainEntityOfPage\":{\"@id\":\"https:\/\/www.pm.pb.gov.br\/portal\/2012\/07\/11\/1_batalhao_apreende_crack_e_recupera_moto_roubada\/\"},\"wordCount\":274,\"publisher\":{\"@id\":\"https:\/\/www.pm.pb.gov.br\/portal\/#organization\"},\"articleSection\":[\"A\u00e7\u00f5es Policiais\"],\"inLanguage\":\"pt-BR\"},{\"@type\":\"WebPage\",\"@id\":\"https:\/\/www.pm.pb.gov.br\/portal\/2012\/07\/11\/1_batalhao_apreende_crack_e_recupera_moto_roubada\/\",\"url\":\"https:\/\/www.pm.pb.gov.br\/portal\/2012\/07\/11\/1_batalhao_apreende_crack_e_recupera_moto_roubada\/\",\"name\":\"1\u00ba Batalh\u00e3o apreende crack e recupera moto roubada - Pol\u00edcia Militar da Para\u00edba\",\"isPartOf\":{\"@id\":\"https:\/\/www.pm.pb.gov.br\/portal\/#website\"},\"datePublished\":\"2012-07-11T15:07:00+00:00\",\"dateModified\":\"2012-07-11T15:07:00+00:00\",\"breadcrumb\":{\"@id\":\"https:\/\/www.pm.pb.gov.br\/portal\/2012\/07\/11\/1_batalhao_apreende_crack_e_recupera_moto_roubada\/#breadcrumb\"},\"inLanguage\":\"pt-BR\",\"potentialAction\":[{\"@type\":\"ReadAction\",\"target\":[\"https:\/\/www.pm.pb.gov.br\/portal\/2012\/07\/11\/1_batalhao_apreende_crack_e_recupera_moto_roubada\/\"]}]},{\"@type\":\"BreadcrumbList\",\"@id\":\"https:\/\/www.pm.pb.gov.br\/portal\/2012\/07\/11\/1_batalhao_apreende_crack_e_recupera_moto_roubada\/#breadcrumb\",\"itemListElement\":[{\"@type\":\"ListItem\",\"position\":1,\"name\":\"In\u00edcio\",\"item\":\"https:\/\/www.pm.pb.gov.br\/portal\/\"},{\"@type\":\"ListItem\",\"position\":2,\"name\":\"1\u00ba Batalh\u00e3o apreende crack e recupera moto roubada\"}]},{\"@type\":\"WebSite\",\"@id\":\"https:\/\/www.pm.pb.gov.br\/portal\/#website\",\"url\":\"https:\/\/www.pm.pb.gov.br\/portal\/\",\"name\":\"Pol\u00edcia Militar da Para\u00edba\",\"description\":\"\",\"publisher\":{\"@id\":\"https:\/\/www.pm.pb.gov.br\/portal\/#organization\"},\"potentialAction\":[{\"@type\":\"SearchAction\",\"target\":{\"@type\":\"EntryPoint\",\"urlTemplate\":\"https:\/\/www.pm.pb.gov.br\/portal\/?s={search_term_string}\"},\"query-input\":\"required name=search_term_string\"}],\"inLanguage\":\"pt-BR\"},{\"@type\":\"Organization\",\"@id\":\"https:\/\/www.pm.pb.gov.br\/portal\/#organization\",\"name\":\"Pol\u00edcia Militar da Para\u00edba\",\"url\":\"https:\/\/www.pm.pb.gov.br\/portal\/\",\"logo\":{\"@type\":\"ImageObject\",\"inLanguage\":\"pt-BR\",\"@id\":\"https:\/\/www.pm.pb.gov.br\/portal\/#\/schema\/logo\/image\/\",\"url\":\"https:\/\/www.pm.pb.gov.br\/portal\/wp-content\/uploads\/2025\/03\/cropped-logo-site-mag2-1.png\",\"contentUrl\":\"https:\/\/www.pm.pb.gov.br\/portal\/wp-content\/uploads\/2025\/03\/cropped-logo-site-mag2-1.png\",\"width\":320,\"height\":90,\"caption\":\"Pol\u00edcia Militar da Para\u00edba\"},\"image\":{\"@id\":\"https:\/\/www.pm.pb.gov.br\/portal\/#\/schema\/logo\/image\/\"}},{\"@type\":\"Person\",\"@id\":\"https:\/\/www.pm.pb.gov.br\/portal\/#\/schema\/person\/e8454f46651c3ecf0e1ba3c1666d9947\",\"name\":\"Assessoria de Imprensa da PMPB\",\"image\":{\"@type\":\"ImageObject\",\"inLanguage\":\"pt-BR\",\"@id\":\"https:\/\/www.pm.pb.gov.br\/portal\/#\/schema\/person\/image\/\",\"url\":\"https:\/\/secure.gravatar.com\/avatar\/2efe197438265d1e90bd98c4c8e1acf8?s=96&d=mm&r=g\",\"contentUrl\":\"https:\/\/secure.gravatar.com\/avatar\/2efe197438265d1e90bd98c4c8e1acf8?s=96&d=mm&r=g\",\"caption\":\"Assessoria de Imprensa da PMPB\"},\"url\":\"https:\/\/www.pm.pb.gov.br\/portal\/author\/assessoria\/\"}]}<\/script>\n<!-- \/ Yoast SEO plugin. -->","yoast_head_json":{"title":"1\u00ba Batalh\u00e3o apreende crack e recupera moto roubada - Pol\u00edcia Militar da Para\u00edba","robots":{"index":"index","follow":"follow","max-snippet":"max-snippet:-1","max-image-preview":"max-image-preview:large","max-video-preview":"max-video-preview:-1"},"canonical":"https:\/\/www.pm.pb.gov.br\/portal\/2012\/07\/11\/1_batalhao_apreende_crack_e_recupera_moto_roubada\/","og_locale":"pt_BR","og_type":"article","og_title":"1\u00ba Batalh\u00e3o apreende crack e recupera moto roubada - Pol\u00edcia Militar da Para\u00edba","og_description":"Na madrugada de hoje dia (09), por volta das 03h53mim, policiais da 2\u00aa Cia do 1\u00ba Batalh\u00e3o, em rondas ostensivas","og_url":"https:\/\/www.pm.pb.gov.br\/portal\/2012\/07\/11\/1_batalhao_apreende_crack_e_recupera_moto_roubada\/","og_site_name":"Pol\u00edcia Militar da Para\u00edba","article_published_time":"2012-07-11T15:07:00+00:00","og_image":[{"width":500,"height":375,"url":"https:\/\/www.pm.pb.gov.br\/portal\/wp-content\/uploads\/2012\/07\/6825_8127.jpg","type":"image\/jpeg"}],"author":"Assessoria de Imprensa da PMPB","twitter_card":"summary_large_image","twitter_misc":{"Escrito por":"Assessoria de Imprensa da PMPB","Est. tempo de leitura":"1 minuto"},"schema":{"@context":"https:\/\/schema.org","@graph":[{"@type":"Article","@id":"https:\/\/www.pm.pb.gov.br\/portal\/2012\/07\/11\/1_batalhao_apreende_crack_e_recupera_moto_roubada\/#article","isPartOf":{"@id":"https:\/\/www.pm.pb.gov.br\/portal\/2012\/07\/11\/1_batalhao_apreende_crack_e_recupera_moto_roubada\/"},"author":{"name":"Assessoria de Imprensa da PMPB","@id":"https:\/\/www.pm.pb.gov.br\/portal\/#\/schema\/person\/e8454f46651c3ecf0e1ba3c1666d9947"},"headline":"1\u00ba Batalh\u00e3o apreende crack e recupera moto roubada","datePublished":"2012-07-11T15:07:00+00:00","dateModified":"2012-07-11T15:07:00+00:00","mainEntityOfPage":{"@id":"https:\/\/www.pm.pb.gov.br\/portal\/2012\/07\/11\/1_batalhao_apreende_crack_e_recupera_moto_roubada\/"},"wordCount":274,"publisher":{"@id":"https:\/\/www.pm.pb.gov.br\/portal\/#organization"},"articleSection":["A\u00e7\u00f5es Policiais"],"inLanguage":"pt-BR"},{"@type":"WebPage","@id":"https:\/\/www.pm.pb.gov.br\/portal\/2012\/07\/11\/1_batalhao_apreende_crack_e_recupera_moto_roubada\/","url":"https:\/\/www.pm.pb.gov.br\/portal\/2012\/07\/11\/1_batalhao_apreende_crack_e_recupera_moto_roubada\/","name":"1\u00ba Batalh\u00e3o apreende crack e recupera moto roubada - Pol\u00edcia Militar da Para\u00edba","isPartOf":{"@id":"https:\/\/www.pm.pb.gov.br\/portal\/#website"},"datePublished":"2012-07-11T15:07:00+00:00","dateModified":"2012-07-11T15:07:00+00:00","breadcrumb":{"@id":"https:\/\/www.pm.pb.gov.br\/portal\/2012\/07\/11\/1_batalhao_apreende_crack_e_recupera_moto_roubada\/#breadcrumb"},"inLanguage":"pt-BR","potentialAction":[{"@type":"ReadAction","target":["https:\/\/www.pm.pb.gov.br\/portal\/2012\/07\/11\/1_batalhao_apreende_crack_e_recupera_moto_roubada\/"]}]},{"@type":"BreadcrumbList","@id":"https:\/\/www.pm.pb.gov.br\/portal\/2012\/07\/11\/1_batalhao_apreende_crack_e_recupera_moto_roubada\/#breadcrumb","itemListElement":[{"@type":"ListItem","position":1,"name":"In\u00edcio","item":"https:\/\/www.pm.pb.gov.br\/portal\/"},{"@type":"ListItem","position":2,"name":"1\u00ba Batalh\u00e3o apreende crack e recupera moto roubada"}]},{"@type":"WebSite","@id":"https:\/\/www.pm.pb.gov.br\/portal\/#website","url":"https:\/\/www.pm.pb.gov.br\/portal\/","name":"Pol\u00edcia Militar da Para\u00edba","description":"","publisher":{"@id":"https:\/\/www.pm.pb.gov.br\/portal\/#organization"},"potentialAction":[{"@type":"SearchAction","target":{"@type":"EntryPoint","urlTemplate":"https:\/\/www.pm.pb.gov.br\/portal\/?s={search_term_string}"},"query-input":"required name=search_term_string"}],"inLanguage":"pt-BR"},{"@type":"Organization","@id":"https:\/\/www.pm.pb.gov.br\/portal\/#organization","name":"Pol\u00edcia Militar da Para\u00edba","url":"https:\/\/www.pm.pb.gov.br\/portal\/","logo":{"@type":"ImageObject","inLanguage":"pt-BR","@id":"https:\/\/www.pm.pb.gov.br\/portal\/#\/schema\/logo\/image\/","url":"https:\/\/www.pm.pb.gov.br\/portal\/wp-content\/uploads\/2025\/03\/cropped-logo-site-mag2-1.png","contentUrl":"https:\/\/www.pm.pb.gov.br\/portal\/wp-content\/uploads\/2025\/03\/cropped-logo-site-mag2-1.png","width":320,"height":90,"caption":"Pol\u00edcia Militar da Para\u00edba"},"image":{"@id":"https:\/\/www.pm.pb.gov.br\/portal\/#\/schema\/logo\/image\/"}},{"@type":"Person","@id":"https:\/\/www.pm.pb.gov.br\/portal\/#\/schema\/person\/e8454f46651c3ecf0e1ba3c1666d9947","name":"Assessoria de Imprensa da PMPB","image":{"@type":"ImageObject","inLanguage":"pt-BR","@id":"https:\/\/www.pm.pb.gov.br\/portal\/#\/schema\/person\/image\/","url":"https:\/\/secure.gravatar.com\/avatar\/2efe197438265d1e90bd98c4c8e1acf8?s=96&d=mm&r=g","contentUrl":"https:\/\/secure.gravatar.com\/avatar\/2efe197438265d1e90bd98c4c8e1acf8?s=96&d=mm&r=g","caption":"Assessoria de Imprensa da PMPB"},"url":"https:\/\/www.pm.pb.gov.br\/portal\/author\/assessoria\/"}]}},"_links":{"self":[{"href":"https:\/\/www.pm.pb.gov.br\/portal\/wp-json\/wp\/v2\/posts\/891104"}],"collection":[{"href":"https:\/\/www.pm.pb.gov.br\/portal\/wp-json\/wp\/v2\/posts"}],"about":[{"href":"https:\/\/www.pm.pb.gov.br\/portal\/wp-json\/wp\/v2\/types\/post"}],"author":[{"embeddable":true,"href":"https:\/\/www.pm.pb.gov.br\/portal\/wp-json\/wp\/v2\/users\/5"}],"replies":[{"embeddable":true,"href":"https:\/\/www.pm.pb.gov.br\/portal\/wp-json\/wp\/v2\/comments?post=891104"}],"version-history":[{"count":0,"href":"https:\/\/www.pm.pb.gov.br\/portal\/wp-json\/wp\/v2\/posts\/891104\/revisions"}],"wp:featuredmedia":[{"embeddable":true,"href":"https:\/\/www.pm.pb.gov.br\/portal\/wp-json\/wp\/v2\/media\/8127"}],"wp:attachment":[{"href":"https:\/\/www.pm.pb.gov.br\/portal\/wp-json\/wp\/v2\/media?parent=891104"}],"wp:term":[{"taxonomy":"category","embeddable":true,"href":"https:\/\/www.pm.pb.gov.br\/portal\/wp-json\/wp\/v2\/categories?post=891104"},{"taxonomy":"post_tag","embeddable":true,"href":"https:\/\/www.pm.pb.gov.br\/portal\/wp-json\/wp\/v2\/tags?post=891104"}],"curies":[{"name":"wp","href":"https:\/\/api.w.org\/{rel}","templated":true}]}}