{"id":891095,"date":"2012-07-05T12:07:12","date_gmt":"2012-07-05T15:07:12","guid":{"rendered":"http:\/\/www.pm.pb.gov.br\/portal\/2012\/07\/quadrilha_acusada_de_varios_crimes_e_presa_em_alhandra\/"},"modified":"2012-07-05T12:07:12","modified_gmt":"2012-07-05T15:07:12","slug":"quadrilha_acusada_de_varios_crimes_e_presa_em_alhandra","status":"publish","type":"post","link":"https:\/\/www.pm.pb.gov.br\/portal\/2012\/07\/05\/quadrilha_acusada_de_varios_crimes_e_presa_em_alhandra\/","title":{"rendered":"Quadrilha acusada de v\u00e1rios crimes \u00e9 presa em Alhandra"},"content":{"rendered":"<div style=\"text-align: justify;\">\n<p>Policiais  militares da 3\u00aa Cia \/ 5\u00ba BPM, desarticularam na \u00faltima segunda-feira dia 02,uma quadrilha que agia no<br \/>\nmunic\u00edpio de Alhandra. Eles s\u00e3o acusados de in\u00fameros roubos que ocorreram na regi\u00e3o.<\/p>\n<p>Os integrantes da quadrilha confessaram roubos ao \u0093Rei<br \/>\ndas Coxinhas\u0094, ao posto de combust\u00edveis de Alhandra, a uma<br \/>\nfarm\u00e1cia em Mata Redonda e diversos outros assaltos a pessoas.<\/p>\n<p>Eles ainda s\u00e3o acusados de roubar um ve\u00edculo marca Chevrolet, modelo Corsa, tomado por assalto em Alhandra, os mesmos informaram que ao avistarem a viatura policial abandonaram o autom\u00f3vel.<\/p>\n<p>A desarticula\u00e7\u00e3o da quadrilha teve in\u00edcio quando os militares da 3\u00aa Cia receberam informa\u00e7\u00f5es de que integrantes do bando estavam no Assentamento Nova Vida e que um de deles de nome \u0093Samuel\u0094, juntamente com a esposa  tamb\u00e9m traficava drogas.<\/p>\n<p>Durante a opera\u00e7\u00e3o no Assentamento Nova Vida, o indiv\u00edduo conhecido como \u0093Rafael\u0094 bra\u00e7o direito de \u0093Samuel\u0094, chefe<br \/>\nda quadrilha, conseguiu fugir juntamente com ele.<\/p>\n<p>Por\u00e9m, na \u00faltima segunda-feira o mesmo foi localizado em Alhandra.<\/p>\n<p>De posse das todas as informa\u00e7\u00f5es o Aspirante Carneiro,<br \/>\nmontou uma opera\u00e7\u00e3o no intuito de prender toda a quadrilha.<br \/>\nO primeiro a ser preso foi Rafael Claudino Ferreira, 22 anos, vulgo \u0093Rafinha\u0094, o qual estava com uma espingarda Cal.<br \/>\n28, marca Boito, e um rev\u00f3lver Cal. 38, marca Taurus, com<br \/>\nnumera\u00e7\u00e3o raspada.<\/p>\n<p>Ele estava em companhia de David Jos\u00e9 dos Santos Sobrinho, 21 anos, vulgo \u0093Nininho\u0094, o qual estava com aproximadamente 30 pedras de ckack, cinco papelotes de maconha e dinheiro trocado.<\/p>\n<p>Ao ser preso e indagado acerca dos roubos praticados, \u0093Nininho\u0094 confessou a participa\u00e7\u00e3o de um indiv\u00edduo conhecido como \u0093Dudinha\u0094, o qual emprestava motocicletas para que eles fizessem os roubos.<\/p>\n<p>Ele ainda informou a participa\u00e7\u00e3o de dois menores. Durante a opera\u00e7\u00e3o Manoel Gomes de Oliveira Neto, 21 anos, vulgo \u0093Dudinha\u0094, foi localizado, e  informou que<br \/>\nsua participa\u00e7\u00e3o com a quadrilha era apenas no empr\u00e9stimo de<br \/>\nmotocicletas e que recebia certa quantia em dinheiro quando a quadrilha obtinha \u00eaxito.<\/p>\n<p>Uma motocicleta marca Honda, modelo Titan 150cc, de cor preta, foi apreendida com o mesmo. Ela foi utilizada no roubo ao \u0093Rei das Coxinhas\u0094, segundo \u0093Dudinha\u0094.<\/p>\n<p>\u0093Nininho\u0094, ainda confessou a participa\u00e7\u00e3o de dois<br \/>\nadolescentes, os quais tamb\u00e9m foram localizados. Um deles<br \/>\nconfessou a participa\u00e7\u00e3o no roubo do posto de combust\u00edveis de Alhandra e a uma farm\u00e1cia em Mata Redonda, o outro confessou que al\u00e9m de roubos a pessoa tamb\u00e9m cometeu uma tentativa de homic\u00eddio a um cabeleireiro em Mata Redonda.<\/p>\n<p>A quadrilha \u00e9 investigada no homic\u00eddio de um adolescente<br \/>\nde 15 anos, no Assentamento Suba\u00fama. Segundo informa\u00e7\u00f5es o<br \/>\nmesmo foi assassinado por dividas de drogas.<\/p>\n<p>Os indiv\u00edduos, juntamente com a arma de fogo, muni\u00e7\u00e3o,<br \/>\ndrogas, dinheiro e motocicleta apreendida, foram conduzidos a Delegacia de Pol\u00edcia Civil de Alhandra, onde foram apresentados ao delegado de plant\u00e3o, para que fossem adotadas as medidas cab\u00edveis.<\/p>\n<div class=\"row\" align=\"center\"><\/div>\n<\/div>\n","protected":false},"excerpt":{"rendered":"<p>Policiais militares da 3\u00aa Cia \/ 5\u00ba BPM, desarticularam na \u00faltima segunda-feira dia 02,uma quadrilha que agia no munic\u00edpio de<\/p>\n","protected":false},"author":5,"featured_media":891230,"comment_status":"closed","ping_status":"closed","sticky":false,"template":"","format":"standard","meta":{"_exactmetrics_skip_tracking":false,"_exactmetrics_sitenote_active":false,"_exactmetrics_sitenote_note":"","_exactmetrics_sitenote_category":0,"footnotes":""},"categories":[4],"tags":[],"yoast_head":"<!-- This site is optimized with the Yoast SEO plugin v22.0 - https:\/\/yoast.com\/wordpress\/plugins\/seo\/ -->\n<title>Quadrilha acusada de v\u00e1rios crimes \u00e9 presa em Alhandra - Pol\u00edcia Militar da Para\u00edba<\/title>\n<meta name=\"robots\" content=\"index, follow, max-snippet:-1, max-image-preview:large, max-video-preview:-1\" \/>\n<link rel=\"canonical\" href=\"https:\/\/www.pm.pb.gov.br\/portal\/2012\/07\/05\/quadrilha_acusada_de_varios_crimes_e_presa_em_alhandra\/\" \/>\n<meta property=\"og:locale\" content=\"pt_BR\" \/>\n<meta property=\"og:type\" content=\"article\" \/>\n<meta property=\"og:title\" content=\"Quadrilha acusada de v\u00e1rios crimes \u00e9 presa em Alhandra - Pol\u00edcia Militar da Para\u00edba\" \/>\n<meta property=\"og:description\" content=\"Policiais militares da 3\u00aa Cia \/ 5\u00ba BPM, desarticularam na \u00faltima segunda-feira dia 02,uma quadrilha que agia no munic\u00edpio de\" \/>\n<meta property=\"og:url\" content=\"https:\/\/www.pm.pb.gov.br\/portal\/2012\/07\/05\/quadrilha_acusada_de_varios_crimes_e_presa_em_alhandra\/\" \/>\n<meta property=\"og:site_name\" content=\"Pol\u00edcia Militar da Para\u00edba\" \/>\n<meta property=\"article:published_time\" content=\"2012-07-05T15:07:12+00:00\" \/>\n<meta property=\"og:image\" content=\"https:\/\/www.pm.pb.gov.br\/portal\/wp-content\/uploads\/2012\/08\/foto_brasao-13.jpg\" \/>\n\t<meta property=\"og:image:width\" content=\"620\" \/>\n\t<meta property=\"og:image:height\" content=\"411\" \/>\n\t<meta property=\"og:image:type\" content=\"image\/jpeg\" \/>\n<meta name=\"author\" content=\"Assessoria de Imprensa da PMPB\" \/>\n<meta name=\"twitter:card\" content=\"summary_large_image\" \/>\n<meta name=\"twitter:label1\" content=\"Escrito por\" \/>\n\t<meta name=\"twitter:data1\" content=\"Assessoria de Imprensa da PMPB\" \/>\n\t<meta name=\"twitter:label2\" content=\"Est. tempo de leitura\" \/>\n\t<meta name=\"twitter:data2\" content=\"2 minutos\" \/>\n<script type=\"application\/ld+json\" class=\"yoast-schema-graph\">{\"@context\":\"https:\/\/schema.org\",\"@graph\":[{\"@type\":\"Article\",\"@id\":\"https:\/\/www.pm.pb.gov.br\/portal\/2012\/07\/05\/quadrilha_acusada_de_varios_crimes_e_presa_em_alhandra\/#article\",\"isPartOf\":{\"@id\":\"https:\/\/www.pm.pb.gov.br\/portal\/2012\/07\/05\/quadrilha_acusada_de_varios_crimes_e_presa_em_alhandra\/\"},\"author\":{\"name\":\"Assessoria de Imprensa da PMPB\",\"@id\":\"https:\/\/www.pm.pb.gov.br\/portal\/#\/schema\/person\/e8454f46651c3ecf0e1ba3c1666d9947\"},\"headline\":\"Quadrilha acusada de v\u00e1rios crimes \u00e9 presa em Alhandra\",\"datePublished\":\"2012-07-05T15:07:12+00:00\",\"dateModified\":\"2012-07-05T15:07:12+00:00\",\"mainEntityOfPage\":{\"@id\":\"https:\/\/www.pm.pb.gov.br\/portal\/2012\/07\/05\/quadrilha_acusada_de_varios_crimes_e_presa_em_alhandra\/\"},\"wordCount\":502,\"publisher\":{\"@id\":\"https:\/\/www.pm.pb.gov.br\/portal\/#organization\"},\"articleSection\":[\"A\u00e7\u00f5es Policiais\"],\"inLanguage\":\"pt-BR\"},{\"@type\":\"WebPage\",\"@id\":\"https:\/\/www.pm.pb.gov.br\/portal\/2012\/07\/05\/quadrilha_acusada_de_varios_crimes_e_presa_em_alhandra\/\",\"url\":\"https:\/\/www.pm.pb.gov.br\/portal\/2012\/07\/05\/quadrilha_acusada_de_varios_crimes_e_presa_em_alhandra\/\",\"name\":\"Quadrilha acusada de v\u00e1rios crimes \u00e9 presa em Alhandra - Pol\u00edcia Militar da Para\u00edba\",\"isPartOf\":{\"@id\":\"https:\/\/www.pm.pb.gov.br\/portal\/#website\"},\"datePublished\":\"2012-07-05T15:07:12+00:00\",\"dateModified\":\"2012-07-05T15:07:12+00:00\",\"breadcrumb\":{\"@id\":\"https:\/\/www.pm.pb.gov.br\/portal\/2012\/07\/05\/quadrilha_acusada_de_varios_crimes_e_presa_em_alhandra\/#breadcrumb\"},\"inLanguage\":\"pt-BR\",\"potentialAction\":[{\"@type\":\"ReadAction\",\"target\":[\"https:\/\/www.pm.pb.gov.br\/portal\/2012\/07\/05\/quadrilha_acusada_de_varios_crimes_e_presa_em_alhandra\/\"]}]},{\"@type\":\"BreadcrumbList\",\"@id\":\"https:\/\/www.pm.pb.gov.br\/portal\/2012\/07\/05\/quadrilha_acusada_de_varios_crimes_e_presa_em_alhandra\/#breadcrumb\",\"itemListElement\":[{\"@type\":\"ListItem\",\"position\":1,\"name\":\"In\u00edcio\",\"item\":\"https:\/\/www.pm.pb.gov.br\/portal\/\"},{\"@type\":\"ListItem\",\"position\":2,\"name\":\"Quadrilha acusada de v\u00e1rios crimes \u00e9 presa em Alhandra\"}]},{\"@type\":\"WebSite\",\"@id\":\"https:\/\/www.pm.pb.gov.br\/portal\/#website\",\"url\":\"https:\/\/www.pm.pb.gov.br\/portal\/\",\"name\":\"Pol\u00edcia Militar da Para\u00edba\",\"description\":\"\",\"publisher\":{\"@id\":\"https:\/\/www.pm.pb.gov.br\/portal\/#organization\"},\"potentialAction\":[{\"@type\":\"SearchAction\",\"target\":{\"@type\":\"EntryPoint\",\"urlTemplate\":\"https:\/\/www.pm.pb.gov.br\/portal\/?s={search_term_string}\"},\"query-input\":\"required name=search_term_string\"}],\"inLanguage\":\"pt-BR\"},{\"@type\":\"Organization\",\"@id\":\"https:\/\/www.pm.pb.gov.br\/portal\/#organization\",\"name\":\"Pol\u00edcia Militar da Para\u00edba\",\"url\":\"https:\/\/www.pm.pb.gov.br\/portal\/\",\"logo\":{\"@type\":\"ImageObject\",\"inLanguage\":\"pt-BR\",\"@id\":\"https:\/\/www.pm.pb.gov.br\/portal\/#\/schema\/logo\/image\/\",\"url\":\"https:\/\/www.pm.pb.gov.br\/portal\/wp-content\/uploads\/2025\/03\/cropped-logo-site-mag2-1.png\",\"contentUrl\":\"https:\/\/www.pm.pb.gov.br\/portal\/wp-content\/uploads\/2025\/03\/cropped-logo-site-mag2-1.png\",\"width\":320,\"height\":90,\"caption\":\"Pol\u00edcia Militar da Para\u00edba\"},\"image\":{\"@id\":\"https:\/\/www.pm.pb.gov.br\/portal\/#\/schema\/logo\/image\/\"}},{\"@type\":\"Person\",\"@id\":\"https:\/\/www.pm.pb.gov.br\/portal\/#\/schema\/person\/e8454f46651c3ecf0e1ba3c1666d9947\",\"name\":\"Assessoria de Imprensa da PMPB\",\"image\":{\"@type\":\"ImageObject\",\"inLanguage\":\"pt-BR\",\"@id\":\"https:\/\/www.pm.pb.gov.br\/portal\/#\/schema\/person\/image\/\",\"url\":\"https:\/\/secure.gravatar.com\/avatar\/2efe197438265d1e90bd98c4c8e1acf8?s=96&d=mm&r=g\",\"contentUrl\":\"https:\/\/secure.gravatar.com\/avatar\/2efe197438265d1e90bd98c4c8e1acf8?s=96&d=mm&r=g\",\"caption\":\"Assessoria de Imprensa da PMPB\"},\"url\":\"https:\/\/www.pm.pb.gov.br\/portal\/author\/assessoria\/\"}]}<\/script>\n<!-- \/ Yoast SEO plugin. -->","yoast_head_json":{"title":"Quadrilha acusada de v\u00e1rios crimes \u00e9 presa em Alhandra - Pol\u00edcia Militar da Para\u00edba","robots":{"index":"index","follow":"follow","max-snippet":"max-snippet:-1","max-image-preview":"max-image-preview:large","max-video-preview":"max-video-preview:-1"},"canonical":"https:\/\/www.pm.pb.gov.br\/portal\/2012\/07\/05\/quadrilha_acusada_de_varios_crimes_e_presa_em_alhandra\/","og_locale":"pt_BR","og_type":"article","og_title":"Quadrilha acusada de v\u00e1rios crimes \u00e9 presa em Alhandra - Pol\u00edcia Militar da Para\u00edba","og_description":"Policiais militares da 3\u00aa Cia \/ 5\u00ba BPM, desarticularam na \u00faltima segunda-feira dia 02,uma quadrilha que agia no munic\u00edpio de","og_url":"https:\/\/www.pm.pb.gov.br\/portal\/2012\/07\/05\/quadrilha_acusada_de_varios_crimes_e_presa_em_alhandra\/","og_site_name":"Pol\u00edcia Militar da Para\u00edba","article_published_time":"2012-07-05T15:07:12+00:00","og_image":[{"width":620,"height":411,"url":"https:\/\/www.pm.pb.gov.br\/portal\/wp-content\/uploads\/2012\/08\/foto_brasao-13.jpg","type":"image\/jpeg"}],"author":"Assessoria de Imprensa da PMPB","twitter_card":"summary_large_image","twitter_misc":{"Escrito por":"Assessoria de Imprensa da PMPB","Est. tempo de leitura":"2 minutos"},"schema":{"@context":"https:\/\/schema.org","@graph":[{"@type":"Article","@id":"https:\/\/www.pm.pb.gov.br\/portal\/2012\/07\/05\/quadrilha_acusada_de_varios_crimes_e_presa_em_alhandra\/#article","isPartOf":{"@id":"https:\/\/www.pm.pb.gov.br\/portal\/2012\/07\/05\/quadrilha_acusada_de_varios_crimes_e_presa_em_alhandra\/"},"author":{"name":"Assessoria de Imprensa da PMPB","@id":"https:\/\/www.pm.pb.gov.br\/portal\/#\/schema\/person\/e8454f46651c3ecf0e1ba3c1666d9947"},"headline":"Quadrilha acusada de v\u00e1rios crimes \u00e9 presa em Alhandra","datePublished":"2012-07-05T15:07:12+00:00","dateModified":"2012-07-05T15:07:12+00:00","mainEntityOfPage":{"@id":"https:\/\/www.pm.pb.gov.br\/portal\/2012\/07\/05\/quadrilha_acusada_de_varios_crimes_e_presa_em_alhandra\/"},"wordCount":502,"publisher":{"@id":"https:\/\/www.pm.pb.gov.br\/portal\/#organization"},"articleSection":["A\u00e7\u00f5es Policiais"],"inLanguage":"pt-BR"},{"@type":"WebPage","@id":"https:\/\/www.pm.pb.gov.br\/portal\/2012\/07\/05\/quadrilha_acusada_de_varios_crimes_e_presa_em_alhandra\/","url":"https:\/\/www.pm.pb.gov.br\/portal\/2012\/07\/05\/quadrilha_acusada_de_varios_crimes_e_presa_em_alhandra\/","name":"Quadrilha acusada de v\u00e1rios crimes \u00e9 presa em Alhandra - Pol\u00edcia Militar da Para\u00edba","isPartOf":{"@id":"https:\/\/www.pm.pb.gov.br\/portal\/#website"},"datePublished":"2012-07-05T15:07:12+00:00","dateModified":"2012-07-05T15:07:12+00:00","breadcrumb":{"@id":"https:\/\/www.pm.pb.gov.br\/portal\/2012\/07\/05\/quadrilha_acusada_de_varios_crimes_e_presa_em_alhandra\/#breadcrumb"},"inLanguage":"pt-BR","potentialAction":[{"@type":"ReadAction","target":["https:\/\/www.pm.pb.gov.br\/portal\/2012\/07\/05\/quadrilha_acusada_de_varios_crimes_e_presa_em_alhandra\/"]}]},{"@type":"BreadcrumbList","@id":"https:\/\/www.pm.pb.gov.br\/portal\/2012\/07\/05\/quadrilha_acusada_de_varios_crimes_e_presa_em_alhandra\/#breadcrumb","itemListElement":[{"@type":"ListItem","position":1,"name":"In\u00edcio","item":"https:\/\/www.pm.pb.gov.br\/portal\/"},{"@type":"ListItem","position":2,"name":"Quadrilha acusada de v\u00e1rios crimes \u00e9 presa em Alhandra"}]},{"@type":"WebSite","@id":"https:\/\/www.pm.pb.gov.br\/portal\/#website","url":"https:\/\/www.pm.pb.gov.br\/portal\/","name":"Pol\u00edcia Militar da Para\u00edba","description":"","publisher":{"@id":"https:\/\/www.pm.pb.gov.br\/portal\/#organization"},"potentialAction":[{"@type":"SearchAction","target":{"@type":"EntryPoint","urlTemplate":"https:\/\/www.pm.pb.gov.br\/portal\/?s={search_term_string}"},"query-input":"required name=search_term_string"}],"inLanguage":"pt-BR"},{"@type":"Organization","@id":"https:\/\/www.pm.pb.gov.br\/portal\/#organization","name":"Pol\u00edcia Militar da Para\u00edba","url":"https:\/\/www.pm.pb.gov.br\/portal\/","logo":{"@type":"ImageObject","inLanguage":"pt-BR","@id":"https:\/\/www.pm.pb.gov.br\/portal\/#\/schema\/logo\/image\/","url":"https:\/\/www.pm.pb.gov.br\/portal\/wp-content\/uploads\/2025\/03\/cropped-logo-site-mag2-1.png","contentUrl":"https:\/\/www.pm.pb.gov.br\/portal\/wp-content\/uploads\/2025\/03\/cropped-logo-site-mag2-1.png","width":320,"height":90,"caption":"Pol\u00edcia Militar da Para\u00edba"},"image":{"@id":"https:\/\/www.pm.pb.gov.br\/portal\/#\/schema\/logo\/image\/"}},{"@type":"Person","@id":"https:\/\/www.pm.pb.gov.br\/portal\/#\/schema\/person\/e8454f46651c3ecf0e1ba3c1666d9947","name":"Assessoria de Imprensa da PMPB","image":{"@type":"ImageObject","inLanguage":"pt-BR","@id":"https:\/\/www.pm.pb.gov.br\/portal\/#\/schema\/person\/image\/","url":"https:\/\/secure.gravatar.com\/avatar\/2efe197438265d1e90bd98c4c8e1acf8?s=96&d=mm&r=g","contentUrl":"https:\/\/secure.gravatar.com\/avatar\/2efe197438265d1e90bd98c4c8e1acf8?s=96&d=mm&r=g","caption":"Assessoria de Imprensa da PMPB"},"url":"https:\/\/www.pm.pb.gov.br\/portal\/author\/assessoria\/"}]}},"_links":{"self":[{"href":"https:\/\/www.pm.pb.gov.br\/portal\/wp-json\/wp\/v2\/posts\/891095"}],"collection":[{"href":"https:\/\/www.pm.pb.gov.br\/portal\/wp-json\/wp\/v2\/posts"}],"about":[{"href":"https:\/\/www.pm.pb.gov.br\/portal\/wp-json\/wp\/v2\/types\/post"}],"author":[{"embeddable":true,"href":"https:\/\/www.pm.pb.gov.br\/portal\/wp-json\/wp\/v2\/users\/5"}],"replies":[{"embeddable":true,"href":"https:\/\/www.pm.pb.gov.br\/portal\/wp-json\/wp\/v2\/comments?post=891095"}],"version-history":[{"count":0,"href":"https:\/\/www.pm.pb.gov.br\/portal\/wp-json\/wp\/v2\/posts\/891095\/revisions"}],"wp:featuredmedia":[{"embeddable":true,"href":"https:\/\/www.pm.pb.gov.br\/portal\/wp-json\/wp\/v2\/media\/891230"}],"wp:attachment":[{"href":"https:\/\/www.pm.pb.gov.br\/portal\/wp-json\/wp\/v2\/media?parent=891095"}],"wp:term":[{"taxonomy":"category","embeddable":true,"href":"https:\/\/www.pm.pb.gov.br\/portal\/wp-json\/wp\/v2\/categories?post=891095"},{"taxonomy":"post_tag","embeddable":true,"href":"https:\/\/www.pm.pb.gov.br\/portal\/wp-json\/wp\/v2\/tags?post=891095"}],"curies":[{"name":"wp","href":"https:\/\/api.w.org\/{rel}","templated":true}]}}