{"id":891024,"date":"2012-06-18T10:06:22","date_gmt":"2012-06-18T13:06:22","guid":{"rendered":"http:\/\/www.pm.pb.gov.br\/portal\/2012\/06\/veiculo_e_recuperado_minutos_apos_ser_roubado\/"},"modified":"2012-06-18T10:06:22","modified_gmt":"2012-06-18T13:06:22","slug":"veiculo_e_recuperado_minutos_apos_ser_roubado","status":"publish","type":"post","link":"https:\/\/www.pm.pb.gov.br\/portal\/2012\/06\/18\/veiculo_e_recuperado_minutos_apos_ser_roubado\/","title":{"rendered":"Ve\u00edculo \u00e9 recuperado minutos ap\u00f3s ser roubado"},"content":{"rendered":"<div style=\"text-align: justify;\">\n<p>No dia 15\/06\/2012 (sexta-feira), por volta das 19h00min,<br \/>\npoliciais militares da 3\u00aa Cia \/ 5 \u00ba BPM, foram informados pelo CIOP (Centro Integrado de Opera\u00e7\u00f5es Policiais), que dois indiv\u00edduos armados de rev\u00f3lver teriam roubado um ve\u00edculo marca VW, modelo Golf, de cor preta, de uma resid\u00eancia no bairro de Gurugi, no munic\u00edpio de Conde.<\/p>\n<p>De imediato os policiais iniciaram as buscas no intuito de<br \/>\nlocalizar o referido ve\u00edculo. Na opera\u00e7\u00e3o foram utilizadas as viaturas 5144 e 5146 de Conde e as viaturas 1056 e 5145 de Jacum\u00e3.<\/p>\n<p>O 1\u00ba Sargento Diolindo, fiscal de dia da 3\u00aa CIA\/5\u00ba<br \/>\nBPM, que comandou a opera\u00e7\u00e3o, determinou que as viaturas de<br \/>\nJacum\u00e3 se deslocassem em dire\u00e7\u00e3o ao centro de Conde efetuando bloqueios na PB 018.<\/p>\n<p>Em determinado momento uma das guarni\u00e7\u00f5es de Conde, localizou o ve\u00edculo que havia sido roubado. O carro foi<br \/>\nabandonado na entrada do assentamento Rique Charles, zona rural de Conde.<\/p>\n<p>O propriet\u00e1rio do ve\u00edculo foi localizado e compareceu<br \/>\nao local. O carro foi encaminhado a Delegacia de Policia Civil de Pedras de Fogo, para que fossem adotadas as medidas<br \/>\ncab\u00edveis, local onde foi procedida a entrega.<\/p>\n<p>O propriet\u00e1rio do autom\u00f3vel roubado agradeceu e parabenizou o trabalho dos policiais militares da 3\u00aa CIA\/5\u00ba BPM. Ele<br \/>\nficou muito feliz por seu ve\u00edculo ter sido recuperado com tamanha rapidez.<\/p>\n<div class=\"row\" align=\"center\"><\/div>\n<\/div>\n","protected":false},"excerpt":{"rendered":"<p>No dia 15\/06\/2012 (sexta-feira), por volta das 19h00min, policiais militares da 3\u00aa Cia \/ 5 \u00ba BPM, foram informados pelo<\/p>\n","protected":false},"author":5,"featured_media":891091,"comment_status":"closed","ping_status":"closed","sticky":false,"template":"","format":"standard","meta":{"_exactmetrics_skip_tracking":false,"_exactmetrics_sitenote_active":false,"_exactmetrics_sitenote_note":"","_exactmetrics_sitenote_category":0,"footnotes":""},"categories":[4],"tags":[],"yoast_head":"<!-- This site is optimized with the Yoast SEO plugin v22.0 - https:\/\/yoast.com\/wordpress\/plugins\/seo\/ -->\n<title>Ve\u00edculo \u00e9 recuperado minutos ap\u00f3s ser roubado - Pol\u00edcia Militar da Para\u00edba<\/title>\n<meta name=\"robots\" content=\"index, follow, max-snippet:-1, max-image-preview:large, max-video-preview:-1\" \/>\n<link rel=\"canonical\" href=\"https:\/\/www.pm.pb.gov.br\/portal\/2012\/06\/18\/veiculo_e_recuperado_minutos_apos_ser_roubado\/\" \/>\n<meta property=\"og:locale\" content=\"pt_BR\" \/>\n<meta property=\"og:type\" content=\"article\" \/>\n<meta property=\"og:title\" content=\"Ve\u00edculo \u00e9 recuperado minutos ap\u00f3s ser roubado - Pol\u00edcia Militar da Para\u00edba\" \/>\n<meta property=\"og:description\" content=\"No dia 15\/06\/2012 (sexta-feira), por volta das 19h00min, policiais militares da 3\u00aa Cia \/ 5 \u00ba BPM, foram informados pelo\" \/>\n<meta property=\"og:url\" content=\"https:\/\/www.pm.pb.gov.br\/portal\/2012\/06\/18\/veiculo_e_recuperado_minutos_apos_ser_roubado\/\" \/>\n<meta property=\"og:site_name\" content=\"Pol\u00edcia Militar da Para\u00edba\" \/>\n<meta property=\"article:published_time\" content=\"2012-06-18T13:06:22+00:00\" \/>\n<meta property=\"og:image\" content=\"https:\/\/www.pm.pb.gov.br\/portal\/wp-content\/uploads\/2012\/07\/foto_brasao-10.jpg\" \/>\n\t<meta property=\"og:image:width\" content=\"620\" \/>\n\t<meta property=\"og:image:height\" content=\"411\" \/>\n\t<meta property=\"og:image:type\" content=\"image\/jpeg\" \/>\n<meta name=\"author\" content=\"Assessoria de Imprensa da PMPB\" \/>\n<meta name=\"twitter:card\" content=\"summary_large_image\" \/>\n<meta name=\"twitter:label1\" content=\"Escrito por\" \/>\n\t<meta name=\"twitter:data1\" content=\"Assessoria de Imprensa da PMPB\" \/>\n\t<meta name=\"twitter:label2\" content=\"Est. tempo de leitura\" \/>\n\t<meta name=\"twitter:data2\" content=\"1 minuto\" \/>\n<script type=\"application\/ld+json\" class=\"yoast-schema-graph\">{\"@context\":\"https:\/\/schema.org\",\"@graph\":[{\"@type\":\"Article\",\"@id\":\"https:\/\/www.pm.pb.gov.br\/portal\/2012\/06\/18\/veiculo_e_recuperado_minutos_apos_ser_roubado\/#article\",\"isPartOf\":{\"@id\":\"https:\/\/www.pm.pb.gov.br\/portal\/2012\/06\/18\/veiculo_e_recuperado_minutos_apos_ser_roubado\/\"},\"author\":{\"name\":\"Assessoria de Imprensa da PMPB\",\"@id\":\"https:\/\/www.pm.pb.gov.br\/portal\/#\/schema\/person\/e8454f46651c3ecf0e1ba3c1666d9947\"},\"headline\":\"Ve\u00edculo \u00e9 recuperado minutos ap\u00f3s ser roubado\",\"datePublished\":\"2012-06-18T13:06:22+00:00\",\"dateModified\":\"2012-06-18T13:06:22+00:00\",\"mainEntityOfPage\":{\"@id\":\"https:\/\/www.pm.pb.gov.br\/portal\/2012\/06\/18\/veiculo_e_recuperado_minutos_apos_ser_roubado\/\"},\"wordCount\":230,\"publisher\":{\"@id\":\"https:\/\/www.pm.pb.gov.br\/portal\/#organization\"},\"articleSection\":[\"A\u00e7\u00f5es Policiais\"],\"inLanguage\":\"pt-BR\"},{\"@type\":\"WebPage\",\"@id\":\"https:\/\/www.pm.pb.gov.br\/portal\/2012\/06\/18\/veiculo_e_recuperado_minutos_apos_ser_roubado\/\",\"url\":\"https:\/\/www.pm.pb.gov.br\/portal\/2012\/06\/18\/veiculo_e_recuperado_minutos_apos_ser_roubado\/\",\"name\":\"Ve\u00edculo \u00e9 recuperado minutos ap\u00f3s ser roubado - Pol\u00edcia Militar da Para\u00edba\",\"isPartOf\":{\"@id\":\"https:\/\/www.pm.pb.gov.br\/portal\/#website\"},\"datePublished\":\"2012-06-18T13:06:22+00:00\",\"dateModified\":\"2012-06-18T13:06:22+00:00\",\"breadcrumb\":{\"@id\":\"https:\/\/www.pm.pb.gov.br\/portal\/2012\/06\/18\/veiculo_e_recuperado_minutos_apos_ser_roubado\/#breadcrumb\"},\"inLanguage\":\"pt-BR\",\"potentialAction\":[{\"@type\":\"ReadAction\",\"target\":[\"https:\/\/www.pm.pb.gov.br\/portal\/2012\/06\/18\/veiculo_e_recuperado_minutos_apos_ser_roubado\/\"]}]},{\"@type\":\"BreadcrumbList\",\"@id\":\"https:\/\/www.pm.pb.gov.br\/portal\/2012\/06\/18\/veiculo_e_recuperado_minutos_apos_ser_roubado\/#breadcrumb\",\"itemListElement\":[{\"@type\":\"ListItem\",\"position\":1,\"name\":\"In\u00edcio\",\"item\":\"https:\/\/www.pm.pb.gov.br\/portal\/\"},{\"@type\":\"ListItem\",\"position\":2,\"name\":\"Ve\u00edculo \u00e9 recuperado minutos ap\u00f3s ser roubado\"}]},{\"@type\":\"WebSite\",\"@id\":\"https:\/\/www.pm.pb.gov.br\/portal\/#website\",\"url\":\"https:\/\/www.pm.pb.gov.br\/portal\/\",\"name\":\"Pol\u00edcia Militar da Para\u00edba\",\"description\":\"\",\"publisher\":{\"@id\":\"https:\/\/www.pm.pb.gov.br\/portal\/#organization\"},\"potentialAction\":[{\"@type\":\"SearchAction\",\"target\":{\"@type\":\"EntryPoint\",\"urlTemplate\":\"https:\/\/www.pm.pb.gov.br\/portal\/?s={search_term_string}\"},\"query-input\":\"required name=search_term_string\"}],\"inLanguage\":\"pt-BR\"},{\"@type\":\"Organization\",\"@id\":\"https:\/\/www.pm.pb.gov.br\/portal\/#organization\",\"name\":\"Pol\u00edcia Militar da Para\u00edba\",\"url\":\"https:\/\/www.pm.pb.gov.br\/portal\/\",\"logo\":{\"@type\":\"ImageObject\",\"inLanguage\":\"pt-BR\",\"@id\":\"https:\/\/www.pm.pb.gov.br\/portal\/#\/schema\/logo\/image\/\",\"url\":\"https:\/\/www.pm.pb.gov.br\/portal\/wp-content\/uploads\/2025\/03\/cropped-logo-site-mag2-1.png\",\"contentUrl\":\"https:\/\/www.pm.pb.gov.br\/portal\/wp-content\/uploads\/2025\/03\/cropped-logo-site-mag2-1.png\",\"width\":320,\"height\":90,\"caption\":\"Pol\u00edcia Militar da Para\u00edba\"},\"image\":{\"@id\":\"https:\/\/www.pm.pb.gov.br\/portal\/#\/schema\/logo\/image\/\"}},{\"@type\":\"Person\",\"@id\":\"https:\/\/www.pm.pb.gov.br\/portal\/#\/schema\/person\/e8454f46651c3ecf0e1ba3c1666d9947\",\"name\":\"Assessoria de Imprensa da PMPB\",\"image\":{\"@type\":\"ImageObject\",\"inLanguage\":\"pt-BR\",\"@id\":\"https:\/\/www.pm.pb.gov.br\/portal\/#\/schema\/person\/image\/\",\"url\":\"https:\/\/secure.gravatar.com\/avatar\/2efe197438265d1e90bd98c4c8e1acf8?s=96&d=mm&r=g\",\"contentUrl\":\"https:\/\/secure.gravatar.com\/avatar\/2efe197438265d1e90bd98c4c8e1acf8?s=96&d=mm&r=g\",\"caption\":\"Assessoria de Imprensa da PMPB\"},\"url\":\"https:\/\/www.pm.pb.gov.br\/portal\/author\/assessoria\/\"}]}<\/script>\n<!-- \/ Yoast SEO plugin. -->","yoast_head_json":{"title":"Ve\u00edculo \u00e9 recuperado minutos ap\u00f3s ser roubado - Pol\u00edcia Militar da Para\u00edba","robots":{"index":"index","follow":"follow","max-snippet":"max-snippet:-1","max-image-preview":"max-image-preview:large","max-video-preview":"max-video-preview:-1"},"canonical":"https:\/\/www.pm.pb.gov.br\/portal\/2012\/06\/18\/veiculo_e_recuperado_minutos_apos_ser_roubado\/","og_locale":"pt_BR","og_type":"article","og_title":"Ve\u00edculo \u00e9 recuperado minutos ap\u00f3s ser roubado - Pol\u00edcia Militar da Para\u00edba","og_description":"No dia 15\/06\/2012 (sexta-feira), por volta das 19h00min, policiais militares da 3\u00aa Cia \/ 5 \u00ba BPM, foram informados pelo","og_url":"https:\/\/www.pm.pb.gov.br\/portal\/2012\/06\/18\/veiculo_e_recuperado_minutos_apos_ser_roubado\/","og_site_name":"Pol\u00edcia Militar da Para\u00edba","article_published_time":"2012-06-18T13:06:22+00:00","og_image":[{"width":620,"height":411,"url":"https:\/\/www.pm.pb.gov.br\/portal\/wp-content\/uploads\/2012\/07\/foto_brasao-10.jpg","type":"image\/jpeg"}],"author":"Assessoria de Imprensa da PMPB","twitter_card":"summary_large_image","twitter_misc":{"Escrito por":"Assessoria de Imprensa da PMPB","Est. tempo de leitura":"1 minuto"},"schema":{"@context":"https:\/\/schema.org","@graph":[{"@type":"Article","@id":"https:\/\/www.pm.pb.gov.br\/portal\/2012\/06\/18\/veiculo_e_recuperado_minutos_apos_ser_roubado\/#article","isPartOf":{"@id":"https:\/\/www.pm.pb.gov.br\/portal\/2012\/06\/18\/veiculo_e_recuperado_minutos_apos_ser_roubado\/"},"author":{"name":"Assessoria de Imprensa da PMPB","@id":"https:\/\/www.pm.pb.gov.br\/portal\/#\/schema\/person\/e8454f46651c3ecf0e1ba3c1666d9947"},"headline":"Ve\u00edculo \u00e9 recuperado minutos ap\u00f3s ser roubado","datePublished":"2012-06-18T13:06:22+00:00","dateModified":"2012-06-18T13:06:22+00:00","mainEntityOfPage":{"@id":"https:\/\/www.pm.pb.gov.br\/portal\/2012\/06\/18\/veiculo_e_recuperado_minutos_apos_ser_roubado\/"},"wordCount":230,"publisher":{"@id":"https:\/\/www.pm.pb.gov.br\/portal\/#organization"},"articleSection":["A\u00e7\u00f5es Policiais"],"inLanguage":"pt-BR"},{"@type":"WebPage","@id":"https:\/\/www.pm.pb.gov.br\/portal\/2012\/06\/18\/veiculo_e_recuperado_minutos_apos_ser_roubado\/","url":"https:\/\/www.pm.pb.gov.br\/portal\/2012\/06\/18\/veiculo_e_recuperado_minutos_apos_ser_roubado\/","name":"Ve\u00edculo \u00e9 recuperado minutos ap\u00f3s ser roubado - Pol\u00edcia Militar da Para\u00edba","isPartOf":{"@id":"https:\/\/www.pm.pb.gov.br\/portal\/#website"},"datePublished":"2012-06-18T13:06:22+00:00","dateModified":"2012-06-18T13:06:22+00:00","breadcrumb":{"@id":"https:\/\/www.pm.pb.gov.br\/portal\/2012\/06\/18\/veiculo_e_recuperado_minutos_apos_ser_roubado\/#breadcrumb"},"inLanguage":"pt-BR","potentialAction":[{"@type":"ReadAction","target":["https:\/\/www.pm.pb.gov.br\/portal\/2012\/06\/18\/veiculo_e_recuperado_minutos_apos_ser_roubado\/"]}]},{"@type":"BreadcrumbList","@id":"https:\/\/www.pm.pb.gov.br\/portal\/2012\/06\/18\/veiculo_e_recuperado_minutos_apos_ser_roubado\/#breadcrumb","itemListElement":[{"@type":"ListItem","position":1,"name":"In\u00edcio","item":"https:\/\/www.pm.pb.gov.br\/portal\/"},{"@type":"ListItem","position":2,"name":"Ve\u00edculo \u00e9 recuperado minutos ap\u00f3s ser roubado"}]},{"@type":"WebSite","@id":"https:\/\/www.pm.pb.gov.br\/portal\/#website","url":"https:\/\/www.pm.pb.gov.br\/portal\/","name":"Pol\u00edcia Militar da Para\u00edba","description":"","publisher":{"@id":"https:\/\/www.pm.pb.gov.br\/portal\/#organization"},"potentialAction":[{"@type":"SearchAction","target":{"@type":"EntryPoint","urlTemplate":"https:\/\/www.pm.pb.gov.br\/portal\/?s={search_term_string}"},"query-input":"required name=search_term_string"}],"inLanguage":"pt-BR"},{"@type":"Organization","@id":"https:\/\/www.pm.pb.gov.br\/portal\/#organization","name":"Pol\u00edcia Militar da Para\u00edba","url":"https:\/\/www.pm.pb.gov.br\/portal\/","logo":{"@type":"ImageObject","inLanguage":"pt-BR","@id":"https:\/\/www.pm.pb.gov.br\/portal\/#\/schema\/logo\/image\/","url":"https:\/\/www.pm.pb.gov.br\/portal\/wp-content\/uploads\/2025\/03\/cropped-logo-site-mag2-1.png","contentUrl":"https:\/\/www.pm.pb.gov.br\/portal\/wp-content\/uploads\/2025\/03\/cropped-logo-site-mag2-1.png","width":320,"height":90,"caption":"Pol\u00edcia Militar da Para\u00edba"},"image":{"@id":"https:\/\/www.pm.pb.gov.br\/portal\/#\/schema\/logo\/image\/"}},{"@type":"Person","@id":"https:\/\/www.pm.pb.gov.br\/portal\/#\/schema\/person\/e8454f46651c3ecf0e1ba3c1666d9947","name":"Assessoria de Imprensa da PMPB","image":{"@type":"ImageObject","inLanguage":"pt-BR","@id":"https:\/\/www.pm.pb.gov.br\/portal\/#\/schema\/person\/image\/","url":"https:\/\/secure.gravatar.com\/avatar\/2efe197438265d1e90bd98c4c8e1acf8?s=96&d=mm&r=g","contentUrl":"https:\/\/secure.gravatar.com\/avatar\/2efe197438265d1e90bd98c4c8e1acf8?s=96&d=mm&r=g","caption":"Assessoria de Imprensa da PMPB"},"url":"https:\/\/www.pm.pb.gov.br\/portal\/author\/assessoria\/"}]}},"_links":{"self":[{"href":"https:\/\/www.pm.pb.gov.br\/portal\/wp-json\/wp\/v2\/posts\/891024"}],"collection":[{"href":"https:\/\/www.pm.pb.gov.br\/portal\/wp-json\/wp\/v2\/posts"}],"about":[{"href":"https:\/\/www.pm.pb.gov.br\/portal\/wp-json\/wp\/v2\/types\/post"}],"author":[{"embeddable":true,"href":"https:\/\/www.pm.pb.gov.br\/portal\/wp-json\/wp\/v2\/users\/5"}],"replies":[{"embeddable":true,"href":"https:\/\/www.pm.pb.gov.br\/portal\/wp-json\/wp\/v2\/comments?post=891024"}],"version-history":[{"count":0,"href":"https:\/\/www.pm.pb.gov.br\/portal\/wp-json\/wp\/v2\/posts\/891024\/revisions"}],"wp:featuredmedia":[{"embeddable":true,"href":"https:\/\/www.pm.pb.gov.br\/portal\/wp-json\/wp\/v2\/media\/891091"}],"wp:attachment":[{"href":"https:\/\/www.pm.pb.gov.br\/portal\/wp-json\/wp\/v2\/media?parent=891024"}],"wp:term":[{"taxonomy":"category","embeddable":true,"href":"https:\/\/www.pm.pb.gov.br\/portal\/wp-json\/wp\/v2\/categories?post=891024"},{"taxonomy":"post_tag","embeddable":true,"href":"https:\/\/www.pm.pb.gov.br\/portal\/wp-json\/wp\/v2\/tags?post=891024"}],"curies":[{"name":"wp","href":"https:\/\/api.w.org\/{rel}","templated":true}]}}