{"id":890977,"date":"2012-06-08T09:06:21","date_gmt":"2012-06-08T12:06:21","guid":{"rendered":"http:\/\/www.pm.pb.gov.br\/portal\/2012\/06\/6_bpm_realiza_manha_antidrogas_na_escola_monte_carmelo\/"},"modified":"2012-06-08T09:06:21","modified_gmt":"2012-06-08T12:06:21","slug":"6_bpm_realiza_manha_antidrogas_na_escola_monte_carmelo","status":"publish","type":"post","link":"https:\/\/www.pm.pb.gov.br\/portal\/2012\/06\/08\/6_bpm_realiza_manha_antidrogas_na_escola_monte_carmelo\/","title":{"rendered":"6\u00ba BPM realiza manh\u00e3 antidrogas na escola Monte Carmelo"},"content":{"rendered":"<figure style=\"width: 500px\" class=\"wp-caption alignnone\"><img decoding=\"async\" class=\"alignnone size-medium\" src=\"http:\/\/www.pm.pb.gov.br\/portal\/wp-content\/uploads\/2012\/06\/6698_8007.jpg\" title=\"V\u00e1rias crian\u00e7as participaram das atividades\" width=\"100%\" \/><figcaption class=\"wp-caption-text\">V\u00e1rias crian\u00e7as participaram das atividades<\/figcaption><\/figure>\n<div style=\"text-align: justify;\">\n<p>O Canil do 6\u00ba Batalh\u00e3o da PM, com sede em Cajazeiras-PB e o PROERD da Unidade realizaram neste dia 05 de junho (ter\u00e7a-feira), mais uma a\u00e7\u00e3o social de preven\u00e7\u00e3o \u00e0s drogas, dessa vez com as crian\u00e7as da Escola Profissional Monte Carmelo.<\/p>\n<p>O evento foi planejado pelo Tenente-Coronel Ronildo, Comandante do 6\u00ba BPM e Coordenador regional do PROERD, e executado pelo Sargento Iranilton \u0096 do PROERD \u0096 e o Cabo Sidney e Soldado Salviano \u0096 do Canil.<\/p>\n<p>Foi uma  manh\u00e3 educativa, com orienta\u00e7\u00f5es a respeito de drogas, inclusive sobre os efeitos prejudiciais do \u00e1lcool e do fumo. Al\u00e9m disso, a pedido da dire\u00e7\u00e3o da escola, os militares demonstraram como os c\u00e3es da PM localizam drogas.<\/p>\n<p>O evento foi marcado n\u00e3o apenas por momentos de seriedade, com as demonstra\u00e7\u00f5es e palestra, mas tamb\u00e9m pela divers\u00e3o, com os alunos interagindo entusiasticamente com os c\u00e3es.<\/p>\n<p>Ancorados na m\u00e1xima &#8220;o 6\u00ba BPM somos todos n\u00f3s, servindo e protegendo\u0094, os PMs cajazeirenses comprovam que \u00e9 principalmente pela educa\u00e7\u00e3o que se previne o ingresso das novas gera\u00e7\u00f5es no prejudicial mundo das drogas.<\/p>\n<div class=\"row\" align=\"center\"><\/div>\n<\/div>\n","protected":false},"excerpt":{"rendered":"<p>O Canil do 6\u00ba Batalh\u00e3o da PM, com sede em Cajazeiras-PB e o PROERD da Unidade realizaram neste dia 05<\/p>\n","protected":false},"author":5,"featured_media":8007,"comment_status":"closed","ping_status":"closed","sticky":false,"template":"","format":"standard","meta":{"_exactmetrics_skip_tracking":false,"_exactmetrics_sitenote_active":false,"_exactmetrics_sitenote_note":"","_exactmetrics_sitenote_category":0,"footnotes":""},"categories":[4],"tags":[],"yoast_head":"<!-- This site is optimized with the Yoast SEO plugin v22.0 - https:\/\/yoast.com\/wordpress\/plugins\/seo\/ -->\n<title>6\u00ba BPM realiza manh\u00e3 antidrogas na escola Monte Carmelo - Pol\u00edcia Militar da Para\u00edba<\/title>\n<meta name=\"robots\" content=\"index, follow, max-snippet:-1, max-image-preview:large, max-video-preview:-1\" \/>\n<link rel=\"canonical\" href=\"https:\/\/www.pm.pb.gov.br\/portal\/2012\/06\/08\/6_bpm_realiza_manha_antidrogas_na_escola_monte_carmelo\/\" \/>\n<meta property=\"og:locale\" content=\"pt_BR\" \/>\n<meta property=\"og:type\" content=\"article\" \/>\n<meta property=\"og:title\" content=\"6\u00ba BPM realiza manh\u00e3 antidrogas na escola Monte Carmelo - Pol\u00edcia Militar da Para\u00edba\" \/>\n<meta property=\"og:description\" content=\"O Canil do 6\u00ba Batalh\u00e3o da PM, com sede em Cajazeiras-PB e o PROERD da Unidade realizaram neste dia 05\" \/>\n<meta property=\"og:url\" content=\"https:\/\/www.pm.pb.gov.br\/portal\/2012\/06\/08\/6_bpm_realiza_manha_antidrogas_na_escola_monte_carmelo\/\" \/>\n<meta property=\"og:site_name\" content=\"Pol\u00edcia Militar da Para\u00edba\" \/>\n<meta property=\"article:published_time\" content=\"2012-06-08T12:06:21+00:00\" \/>\n<meta property=\"og:image\" content=\"https:\/\/www.pm.pb.gov.br\/portal\/wp-content\/uploads\/2012\/06\/6698_8007.jpg\" \/>\n\t<meta property=\"og:image:width\" content=\"500\" \/>\n\t<meta property=\"og:image:height\" content=\"375\" \/>\n\t<meta property=\"og:image:type\" content=\"image\/jpeg\" \/>\n<meta name=\"author\" content=\"Assessoria de Imprensa da PMPB\" \/>\n<meta name=\"twitter:card\" content=\"summary_large_image\" \/>\n<meta name=\"twitter:label1\" content=\"Escrito por\" \/>\n\t<meta name=\"twitter:data1\" content=\"Assessoria de Imprensa da PMPB\" \/>\n\t<meta name=\"twitter:label2\" content=\"Est. tempo de leitura\" \/>\n\t<meta name=\"twitter:data2\" content=\"1 minuto\" \/>\n<script type=\"application\/ld+json\" class=\"yoast-schema-graph\">{\"@context\":\"https:\/\/schema.org\",\"@graph\":[{\"@type\":\"Article\",\"@id\":\"https:\/\/www.pm.pb.gov.br\/portal\/2012\/06\/08\/6_bpm_realiza_manha_antidrogas_na_escola_monte_carmelo\/#article\",\"isPartOf\":{\"@id\":\"https:\/\/www.pm.pb.gov.br\/portal\/2012\/06\/08\/6_bpm_realiza_manha_antidrogas_na_escola_monte_carmelo\/\"},\"author\":{\"name\":\"Assessoria de Imprensa da PMPB\",\"@id\":\"https:\/\/www.pm.pb.gov.br\/portal\/#\/schema\/person\/e8454f46651c3ecf0e1ba3c1666d9947\"},\"headline\":\"6\u00ba BPM realiza manh\u00e3 antidrogas na escola Monte Carmelo\",\"datePublished\":\"2012-06-08T12:06:21+00:00\",\"dateModified\":\"2012-06-08T12:06:21+00:00\",\"mainEntityOfPage\":{\"@id\":\"https:\/\/www.pm.pb.gov.br\/portal\/2012\/06\/08\/6_bpm_realiza_manha_antidrogas_na_escola_monte_carmelo\/\"},\"wordCount\":206,\"publisher\":{\"@id\":\"https:\/\/www.pm.pb.gov.br\/portal\/#organization\"},\"articleSection\":[\"A\u00e7\u00f5es Policiais\"],\"inLanguage\":\"pt-BR\"},{\"@type\":\"WebPage\",\"@id\":\"https:\/\/www.pm.pb.gov.br\/portal\/2012\/06\/08\/6_bpm_realiza_manha_antidrogas_na_escola_monte_carmelo\/\",\"url\":\"https:\/\/www.pm.pb.gov.br\/portal\/2012\/06\/08\/6_bpm_realiza_manha_antidrogas_na_escola_monte_carmelo\/\",\"name\":\"6\u00ba BPM realiza manh\u00e3 antidrogas na escola Monte Carmelo - Pol\u00edcia Militar da Para\u00edba\",\"isPartOf\":{\"@id\":\"https:\/\/www.pm.pb.gov.br\/portal\/#website\"},\"datePublished\":\"2012-06-08T12:06:21+00:00\",\"dateModified\":\"2012-06-08T12:06:21+00:00\",\"breadcrumb\":{\"@id\":\"https:\/\/www.pm.pb.gov.br\/portal\/2012\/06\/08\/6_bpm_realiza_manha_antidrogas_na_escola_monte_carmelo\/#breadcrumb\"},\"inLanguage\":\"pt-BR\",\"potentialAction\":[{\"@type\":\"ReadAction\",\"target\":[\"https:\/\/www.pm.pb.gov.br\/portal\/2012\/06\/08\/6_bpm_realiza_manha_antidrogas_na_escola_monte_carmelo\/\"]}]},{\"@type\":\"BreadcrumbList\",\"@id\":\"https:\/\/www.pm.pb.gov.br\/portal\/2012\/06\/08\/6_bpm_realiza_manha_antidrogas_na_escola_monte_carmelo\/#breadcrumb\",\"itemListElement\":[{\"@type\":\"ListItem\",\"position\":1,\"name\":\"In\u00edcio\",\"item\":\"https:\/\/www.pm.pb.gov.br\/portal\/\"},{\"@type\":\"ListItem\",\"position\":2,\"name\":\"6\u00ba BPM realiza manh\u00e3 antidrogas na escola Monte Carmelo\"}]},{\"@type\":\"WebSite\",\"@id\":\"https:\/\/www.pm.pb.gov.br\/portal\/#website\",\"url\":\"https:\/\/www.pm.pb.gov.br\/portal\/\",\"name\":\"Pol\u00edcia Militar da Para\u00edba\",\"description\":\"\",\"publisher\":{\"@id\":\"https:\/\/www.pm.pb.gov.br\/portal\/#organization\"},\"potentialAction\":[{\"@type\":\"SearchAction\",\"target\":{\"@type\":\"EntryPoint\",\"urlTemplate\":\"https:\/\/www.pm.pb.gov.br\/portal\/?s={search_term_string}\"},\"query-input\":\"required name=search_term_string\"}],\"inLanguage\":\"pt-BR\"},{\"@type\":\"Organization\",\"@id\":\"https:\/\/www.pm.pb.gov.br\/portal\/#organization\",\"name\":\"Pol\u00edcia Militar da Para\u00edba\",\"url\":\"https:\/\/www.pm.pb.gov.br\/portal\/\",\"logo\":{\"@type\":\"ImageObject\",\"inLanguage\":\"pt-BR\",\"@id\":\"https:\/\/www.pm.pb.gov.br\/portal\/#\/schema\/logo\/image\/\",\"url\":\"https:\/\/www.pm.pb.gov.br\/portal\/wp-content\/uploads\/2025\/03\/cropped-logo-site-mag2-1.png\",\"contentUrl\":\"https:\/\/www.pm.pb.gov.br\/portal\/wp-content\/uploads\/2025\/03\/cropped-logo-site-mag2-1.png\",\"width\":320,\"height\":90,\"caption\":\"Pol\u00edcia Militar da Para\u00edba\"},\"image\":{\"@id\":\"https:\/\/www.pm.pb.gov.br\/portal\/#\/schema\/logo\/image\/\"}},{\"@type\":\"Person\",\"@id\":\"https:\/\/www.pm.pb.gov.br\/portal\/#\/schema\/person\/e8454f46651c3ecf0e1ba3c1666d9947\",\"name\":\"Assessoria de Imprensa da PMPB\",\"image\":{\"@type\":\"ImageObject\",\"inLanguage\":\"pt-BR\",\"@id\":\"https:\/\/www.pm.pb.gov.br\/portal\/#\/schema\/person\/image\/\",\"url\":\"https:\/\/secure.gravatar.com\/avatar\/2efe197438265d1e90bd98c4c8e1acf8?s=96&d=mm&r=g\",\"contentUrl\":\"https:\/\/secure.gravatar.com\/avatar\/2efe197438265d1e90bd98c4c8e1acf8?s=96&d=mm&r=g\",\"caption\":\"Assessoria de Imprensa da PMPB\"},\"url\":\"https:\/\/www.pm.pb.gov.br\/portal\/author\/assessoria\/\"}]}<\/script>\n<!-- \/ Yoast SEO plugin. -->","yoast_head_json":{"title":"6\u00ba BPM realiza manh\u00e3 antidrogas na escola Monte Carmelo - Pol\u00edcia Militar da Para\u00edba","robots":{"index":"index","follow":"follow","max-snippet":"max-snippet:-1","max-image-preview":"max-image-preview:large","max-video-preview":"max-video-preview:-1"},"canonical":"https:\/\/www.pm.pb.gov.br\/portal\/2012\/06\/08\/6_bpm_realiza_manha_antidrogas_na_escola_monte_carmelo\/","og_locale":"pt_BR","og_type":"article","og_title":"6\u00ba BPM realiza manh\u00e3 antidrogas na escola Monte Carmelo - Pol\u00edcia Militar da Para\u00edba","og_description":"O Canil do 6\u00ba Batalh\u00e3o da PM, com sede em Cajazeiras-PB e o PROERD da Unidade realizaram neste dia 05","og_url":"https:\/\/www.pm.pb.gov.br\/portal\/2012\/06\/08\/6_bpm_realiza_manha_antidrogas_na_escola_monte_carmelo\/","og_site_name":"Pol\u00edcia Militar da Para\u00edba","article_published_time":"2012-06-08T12:06:21+00:00","og_image":[{"width":500,"height":375,"url":"https:\/\/www.pm.pb.gov.br\/portal\/wp-content\/uploads\/2012\/06\/6698_8007.jpg","type":"image\/jpeg"}],"author":"Assessoria de Imprensa da PMPB","twitter_card":"summary_large_image","twitter_misc":{"Escrito por":"Assessoria de Imprensa da PMPB","Est. tempo de leitura":"1 minuto"},"schema":{"@context":"https:\/\/schema.org","@graph":[{"@type":"Article","@id":"https:\/\/www.pm.pb.gov.br\/portal\/2012\/06\/08\/6_bpm_realiza_manha_antidrogas_na_escola_monte_carmelo\/#article","isPartOf":{"@id":"https:\/\/www.pm.pb.gov.br\/portal\/2012\/06\/08\/6_bpm_realiza_manha_antidrogas_na_escola_monte_carmelo\/"},"author":{"name":"Assessoria de Imprensa da PMPB","@id":"https:\/\/www.pm.pb.gov.br\/portal\/#\/schema\/person\/e8454f46651c3ecf0e1ba3c1666d9947"},"headline":"6\u00ba BPM realiza manh\u00e3 antidrogas na escola Monte Carmelo","datePublished":"2012-06-08T12:06:21+00:00","dateModified":"2012-06-08T12:06:21+00:00","mainEntityOfPage":{"@id":"https:\/\/www.pm.pb.gov.br\/portal\/2012\/06\/08\/6_bpm_realiza_manha_antidrogas_na_escola_monte_carmelo\/"},"wordCount":206,"publisher":{"@id":"https:\/\/www.pm.pb.gov.br\/portal\/#organization"},"articleSection":["A\u00e7\u00f5es Policiais"],"inLanguage":"pt-BR"},{"@type":"WebPage","@id":"https:\/\/www.pm.pb.gov.br\/portal\/2012\/06\/08\/6_bpm_realiza_manha_antidrogas_na_escola_monte_carmelo\/","url":"https:\/\/www.pm.pb.gov.br\/portal\/2012\/06\/08\/6_bpm_realiza_manha_antidrogas_na_escola_monte_carmelo\/","name":"6\u00ba BPM realiza manh\u00e3 antidrogas na escola Monte Carmelo - Pol\u00edcia Militar da Para\u00edba","isPartOf":{"@id":"https:\/\/www.pm.pb.gov.br\/portal\/#website"},"datePublished":"2012-06-08T12:06:21+00:00","dateModified":"2012-06-08T12:06:21+00:00","breadcrumb":{"@id":"https:\/\/www.pm.pb.gov.br\/portal\/2012\/06\/08\/6_bpm_realiza_manha_antidrogas_na_escola_monte_carmelo\/#breadcrumb"},"inLanguage":"pt-BR","potentialAction":[{"@type":"ReadAction","target":["https:\/\/www.pm.pb.gov.br\/portal\/2012\/06\/08\/6_bpm_realiza_manha_antidrogas_na_escola_monte_carmelo\/"]}]},{"@type":"BreadcrumbList","@id":"https:\/\/www.pm.pb.gov.br\/portal\/2012\/06\/08\/6_bpm_realiza_manha_antidrogas_na_escola_monte_carmelo\/#breadcrumb","itemListElement":[{"@type":"ListItem","position":1,"name":"In\u00edcio","item":"https:\/\/www.pm.pb.gov.br\/portal\/"},{"@type":"ListItem","position":2,"name":"6\u00ba BPM realiza manh\u00e3 antidrogas na escola Monte Carmelo"}]},{"@type":"WebSite","@id":"https:\/\/www.pm.pb.gov.br\/portal\/#website","url":"https:\/\/www.pm.pb.gov.br\/portal\/","name":"Pol\u00edcia Militar da Para\u00edba","description":"","publisher":{"@id":"https:\/\/www.pm.pb.gov.br\/portal\/#organization"},"potentialAction":[{"@type":"SearchAction","target":{"@type":"EntryPoint","urlTemplate":"https:\/\/www.pm.pb.gov.br\/portal\/?s={search_term_string}"},"query-input":"required name=search_term_string"}],"inLanguage":"pt-BR"},{"@type":"Organization","@id":"https:\/\/www.pm.pb.gov.br\/portal\/#organization","name":"Pol\u00edcia Militar da Para\u00edba","url":"https:\/\/www.pm.pb.gov.br\/portal\/","logo":{"@type":"ImageObject","inLanguage":"pt-BR","@id":"https:\/\/www.pm.pb.gov.br\/portal\/#\/schema\/logo\/image\/","url":"https:\/\/www.pm.pb.gov.br\/portal\/wp-content\/uploads\/2025\/03\/cropped-logo-site-mag2-1.png","contentUrl":"https:\/\/www.pm.pb.gov.br\/portal\/wp-content\/uploads\/2025\/03\/cropped-logo-site-mag2-1.png","width":320,"height":90,"caption":"Pol\u00edcia Militar da Para\u00edba"},"image":{"@id":"https:\/\/www.pm.pb.gov.br\/portal\/#\/schema\/logo\/image\/"}},{"@type":"Person","@id":"https:\/\/www.pm.pb.gov.br\/portal\/#\/schema\/person\/e8454f46651c3ecf0e1ba3c1666d9947","name":"Assessoria de Imprensa da PMPB","image":{"@type":"ImageObject","inLanguage":"pt-BR","@id":"https:\/\/www.pm.pb.gov.br\/portal\/#\/schema\/person\/image\/","url":"https:\/\/secure.gravatar.com\/avatar\/2efe197438265d1e90bd98c4c8e1acf8?s=96&d=mm&r=g","contentUrl":"https:\/\/secure.gravatar.com\/avatar\/2efe197438265d1e90bd98c4c8e1acf8?s=96&d=mm&r=g","caption":"Assessoria de Imprensa da PMPB"},"url":"https:\/\/www.pm.pb.gov.br\/portal\/author\/assessoria\/"}]}},"_links":{"self":[{"href":"https:\/\/www.pm.pb.gov.br\/portal\/wp-json\/wp\/v2\/posts\/890977"}],"collection":[{"href":"https:\/\/www.pm.pb.gov.br\/portal\/wp-json\/wp\/v2\/posts"}],"about":[{"href":"https:\/\/www.pm.pb.gov.br\/portal\/wp-json\/wp\/v2\/types\/post"}],"author":[{"embeddable":true,"href":"https:\/\/www.pm.pb.gov.br\/portal\/wp-json\/wp\/v2\/users\/5"}],"replies":[{"embeddable":true,"href":"https:\/\/www.pm.pb.gov.br\/portal\/wp-json\/wp\/v2\/comments?post=890977"}],"version-history":[{"count":0,"href":"https:\/\/www.pm.pb.gov.br\/portal\/wp-json\/wp\/v2\/posts\/890977\/revisions"}],"wp:featuredmedia":[{"embeddable":true,"href":"https:\/\/www.pm.pb.gov.br\/portal\/wp-json\/wp\/v2\/media\/8007"}],"wp:attachment":[{"href":"https:\/\/www.pm.pb.gov.br\/portal\/wp-json\/wp\/v2\/media?parent=890977"}],"wp:term":[{"taxonomy":"category","embeddable":true,"href":"https:\/\/www.pm.pb.gov.br\/portal\/wp-json\/wp\/v2\/categories?post=890977"},{"taxonomy":"post_tag","embeddable":true,"href":"https:\/\/www.pm.pb.gov.br\/portal\/wp-json\/wp\/v2\/tags?post=890977"}],"curies":[{"name":"wp","href":"https:\/\/api.w.org\/{rel}","templated":true}]}}