{"id":890908,"date":"2012-05-24T08:05:02","date_gmt":"2012-05-24T11:05:02","guid":{"rendered":"http:\/\/www.pm.pb.gov.br\/portal\/2012\/05\/pm_realiza_6_curso_de_acoes_taticas_especiais\/"},"modified":"2012-05-24T08:05:02","modified_gmt":"2012-05-24T11:05:02","slug":"pm_realiza_6_curso_de_acoes_taticas_especiais","status":"publish","type":"post","link":"https:\/\/www.pm.pb.gov.br\/portal\/2012\/05\/24\/pm_realiza_6_curso_de_acoes_taticas_especiais\/","title":{"rendered":"PM realiza 6\u00ba Curso de A\u00e7\u00f5es T\u00e1ticas Especiais"},"content":{"rendered":"<figure style=\"width: 500px\" class=\"wp-caption alignnone\"><img decoding=\"async\" class=\"alignnone size-medium\" src=\"http:\/\/www.pm.pb.gov.br\/portal\/wp-content\/uploads\/2012\/05\/6632_7933.jpg\" title=\"Foi realizado uma simula\u00e7\u00e3o com um Helic\u00f3ptero\" width=\"100%\" \/><figcaption class=\"wp-caption-text\">Foi realizado uma simula\u00e7\u00e3o com um Helic\u00f3ptero<\/figcaption><\/figure>\n<div style=\"text-align: justify;\">O comandante geral da Pol\u00edcia Militar da Para\u00edba, coronel Euller de Assis Chaves, e o gerente executivo da Pol\u00edcia Civil, Wagner Dorta (representou o secret\u00e1rio Claudio Lima), prestigiaram na tarde desta quarta-feira, dia 23, no Centro de Educa\u00e7\u00e3o, localizado no bairro de Mangabeira, a solenidade de encerramento do 6\u00ba Curso de A\u00e7\u00f5es T\u00e1ticas Especiais. Este Curso \u00e9 pr\u00e9-requisito b\u00e1sico para os policiais militares ingressarem no Bope- Batalh\u00e3o de Opera\u00e7\u00f5es Especiais.<\/p>\n<p>O Curso teve in\u00edcio no \u00faltimo dia 05 de mar\u00e7o com um efetivo de 42 policiais que ap\u00f3s v\u00e1rias instru\u00e7\u00f5es ficou resumida a uma turma de 16 concluintes, sendo 14 policiais da Para\u00edba, um militar de Rond\u00f4nia, e um policial civil da Para\u00edba. Isto comprova mais uma vez o rigor e as exig\u00eancias empregadas nas atividades desenvolvidas no referido Curso. O Curso teve uma grade curricular de 22 disciplinas e cinquenta e tr\u00eas dias de instru\u00e7\u00e3o e treinamento.<br \/>\nNa solenidade, coronel Euller de Assis Chaves destacou o papel fundamental dos policiais militares em prol da sociedade no combate a criminalidade, bem como ressaltou a qualidade da forma\u00e7\u00e3o dos militares que passam pela Academia Cabo Branco, que \u00e9 o centro de forma\u00e7\u00e3o dos profissionais em seguran\u00e7a p\u00fablica.<\/p>\n<p>Ele tamb\u00e9m destacou a din\u00e2mica do Governo do Estado em aparelhar as for\u00e7as estaduais em seguran\u00e7a p\u00fablica, com o objetivo de oferecer mais seguran\u00e7a, conforto e confiabilidade aos profissionais da \u00e1rea sejam eles civis ou militares.<\/p>\n<p>O coronel Euller de Assis Chaves parabenizou o empenho, garra, dedica\u00e7\u00e3o, disciplina e a honra de todos os que fazem a Corpora\u00e7\u00e3o, afirmando que a cada dia que se passa a Pol\u00edcia Militar vem mostrando a todos os paraibanos que com t\u00e9cnicas modernas, tecnologia, intelig\u00eancia e acima de tudo profissionalismo a criminalidade ser\u00e1 derrotada no solo paraibano.<\/p>\n<p>No seu discurso, o coronel Euller destacou os investimentos feitos na \u00e1rea de Seguran\u00e7a P\u00fablica, pelo o Governo do Estado, adiantando que a tropa conta hoje para o combate a criminalidade com o que existe de mais moderno no Brasil, tanto na aquisi\u00e7\u00e3o de material b\u00e9lico, como em viaturas, treinamento e humaniza\u00e7\u00e3o do efetivo.<\/p>\n<p>O BOPE<\/p>\n<p>O Bope foi definitivamente implantado em mar\u00e7o de 2012 e atualmente a sua base est\u00e1 implantado na Diretoria de Apoio Log\u00edstico- DAL, localizada no bairro de Mar\u00e9s, mas tamb\u00e9m tem seu efetivo fracionado nas maiores cidades do Estado como: Jo\u00e3o pessoa, Campina Grande, Guarabira, Patos, Souza, Cajazeiras e Catol\u00e9 do Rocha.<\/p>\n<p>Atualmente o Bope \u00e9 composto por 327 policiais militares altamente treinados para enfrentar situa\u00e7\u00f5es de alta complexidade como sequestro com ref\u00e9ns, sequestro a \u00f4nibus, atos terroristas, assaltos a bancos, assaltos com ref\u00e9ns, motim em pres\u00eddios, protesto p\u00fablico com desordem, ocorr\u00eancia com explosivos, ocorr\u00eancias de viol\u00eancias em Est\u00e1dio de futebol, entre outras situa\u00e7\u00f5es de risco.<\/p>\n<div class=\"row\" align=\"center\"><a href=\"http:\/\/www.pm.pb.gov.br\/exportacao\/fotos_noticias\/6632_7934.jpg\"><figure style=\"width: 500px\" class=\"wp-caption alignnone\"><img decoding=\"async\" class=\"image-responsive\" src=\"http:\/\/www.pm.pb.gov.br\/exportacao\/fotos_noticias\/6632_7934.jpg\" title=\"Houve tamb\u00e9m uma simula\u00e7\u00e3o de sequestro a \u00f4nibus\" width=\"100%\" \/><figcaption class=\"wp-caption-text\">Houve tamb\u00e9m uma simula\u00e7\u00e3o de sequestro a \u00f4nibus<\/figcaption><\/figure><\/a><a href=\"http:\/\/www.pm.pb.gov.br\/exportacao\/fotos_noticias\/6632_7935.jpg\"><figure style=\"width: 500px\" class=\"wp-caption alignnone\"><img decoding=\"async\" class=\"image-responsive\" src=\"http:\/\/www.pm.pb.gov.br\/exportacao\/fotos_noticias\/6632_7935.jpg\" title=\"Turma concluinte\" width=\"100%\" \/><figcaption class=\"wp-caption-text\">Turma concluinte<\/figcaption><\/figure><\/a><a href=\"http:\/\/www.pm.pb.gov.br\/exportacao\/fotos_noticias\/6632_7936.jpg\"><figure style=\"width: 500px\" class=\"wp-caption alignnone\"><img decoding=\"async\" class=\"image-responsive\" src=\"http:\/\/www.pm.pb.gov.br\/exportacao\/fotos_noticias\/6632_7936.jpg\" title=\"Coronel Euller entrega diploma a formando\" width=\"100%\" \/><figcaption class=\"wp-caption-text\">Coronel Euller entrega diploma a formando<\/figcaption><\/figure><\/a><a href=\"http:\/\/www.pm.pb.gov.br\/exportacao\/fotos_noticias\/6632_7937.jpg\"><figure style=\"width: 500px\" class=\"wp-caption alignnone\"><img decoding=\"async\" class=\"image-responsive\" src=\"http:\/\/www.pm.pb.gov.br\/exportacao\/fotos_noticias\/6632_7937.jpg\" title=\"Delegado Wagner Dorta respresentou o secret\u00e1rio Cl\u00e1udio Lima\" width=\"100%\" \/><figcaption class=\"wp-caption-text\">Delegado Wagner Dorta respresentou o secret\u00e1rio Cl\u00e1udio Lima<\/figcaption><\/figure><\/a><a href=\"http:\/\/www.pm.pb.gov.br\/portal\/wp-content\/uploads\/2012\/05\/6632_7938.jpg\"><figure style=\"width: 500px\" class=\"wp-caption alignnone\"><img decoding=\"async\" class=\"image-responsive\" src=\"http:\/\/www.pm.pb.gov.br\/portal\/wp-content\/uploads\/2012\/05\/6632_7938.jpg\" title=\"Coronel Euller parabeniza todos os formandos\" width=\"100%\" \/><figcaption class=\"wp-caption-text\">Coronel Euller parabeniza todos os formandos<\/figcaption><\/figure><\/a><\/div>\n<\/div>\n","protected":false},"excerpt":{"rendered":"<p>O comandante geral da Pol\u00edcia Militar da Para\u00edba, coronel Euller de Assis Chaves, e o gerente executivo da Pol\u00edcia Civil,<\/p>\n","protected":false},"author":5,"featured_media":7933,"comment_status":"closed","ping_status":"closed","sticky":false,"template":"","format":"standard","meta":{"_exactmetrics_skip_tracking":false,"_exactmetrics_sitenote_active":false,"_exactmetrics_sitenote_note":"","_exactmetrics_sitenote_category":0,"footnotes":""},"categories":[4],"tags":[],"yoast_head":"<!-- This site is optimized with the Yoast SEO plugin v22.0 - https:\/\/yoast.com\/wordpress\/plugins\/seo\/ -->\n<title>PM realiza 6\u00ba Curso de A\u00e7\u00f5es T\u00e1ticas Especiais - Pol\u00edcia Militar da Para\u00edba<\/title>\n<meta name=\"robots\" content=\"index, follow, max-snippet:-1, max-image-preview:large, max-video-preview:-1\" \/>\n<link rel=\"canonical\" href=\"https:\/\/www.pm.pb.gov.br\/portal\/2012\/05\/24\/pm_realiza_6_curso_de_acoes_taticas_especiais\/\" \/>\n<meta property=\"og:locale\" content=\"pt_BR\" \/>\n<meta property=\"og:type\" content=\"article\" \/>\n<meta property=\"og:title\" content=\"PM realiza 6\u00ba Curso de A\u00e7\u00f5es T\u00e1ticas Especiais - Pol\u00edcia Militar da Para\u00edba\" \/>\n<meta property=\"og:description\" content=\"O comandante geral da Pol\u00edcia Militar da Para\u00edba, coronel Euller de Assis Chaves, e o gerente executivo da Pol\u00edcia Civil,\" \/>\n<meta property=\"og:url\" content=\"https:\/\/www.pm.pb.gov.br\/portal\/2012\/05\/24\/pm_realiza_6_curso_de_acoes_taticas_especiais\/\" \/>\n<meta property=\"og:site_name\" content=\"Pol\u00edcia Militar da Para\u00edba\" \/>\n<meta property=\"article:published_time\" content=\"2012-05-24T11:05:02+00:00\" \/>\n<meta property=\"og:image\" content=\"https:\/\/www.pm.pb.gov.br\/portal\/wp-content\/uploads\/2012\/05\/6632_7933.jpg\" \/>\n\t<meta property=\"og:image:width\" content=\"500\" \/>\n\t<meta property=\"og:image:height\" content=\"333\" \/>\n\t<meta property=\"og:image:type\" content=\"image\/jpeg\" \/>\n<meta name=\"author\" content=\"Assessoria de Imprensa da PMPB\" \/>\n<meta name=\"twitter:card\" content=\"summary_large_image\" \/>\n<meta name=\"twitter:label1\" content=\"Escrito por\" \/>\n\t<meta name=\"twitter:data1\" content=\"Assessoria de Imprensa da PMPB\" \/>\n\t<meta name=\"twitter:label2\" content=\"Est. tempo de leitura\" \/>\n\t<meta name=\"twitter:data2\" content=\"3 minutos\" \/>\n<script type=\"application\/ld+json\" class=\"yoast-schema-graph\">{\"@context\":\"https:\/\/schema.org\",\"@graph\":[{\"@type\":\"Article\",\"@id\":\"https:\/\/www.pm.pb.gov.br\/portal\/2012\/05\/24\/pm_realiza_6_curso_de_acoes_taticas_especiais\/#article\",\"isPartOf\":{\"@id\":\"https:\/\/www.pm.pb.gov.br\/portal\/2012\/05\/24\/pm_realiza_6_curso_de_acoes_taticas_especiais\/\"},\"author\":{\"name\":\"Assessoria de Imprensa da PMPB\",\"@id\":\"https:\/\/www.pm.pb.gov.br\/portal\/#\/schema\/person\/e8454f46651c3ecf0e1ba3c1666d9947\"},\"headline\":\"PM realiza 6\u00ba Curso de A\u00e7\u00f5es T\u00e1ticas Especiais\",\"datePublished\":\"2012-05-24T11:05:02+00:00\",\"dateModified\":\"2012-05-24T11:05:02+00:00\",\"mainEntityOfPage\":{\"@id\":\"https:\/\/www.pm.pb.gov.br\/portal\/2012\/05\/24\/pm_realiza_6_curso_de_acoes_taticas_especiais\/\"},\"wordCount\":583,\"publisher\":{\"@id\":\"https:\/\/www.pm.pb.gov.br\/portal\/#organization\"},\"articleSection\":[\"A\u00e7\u00f5es Policiais\"],\"inLanguage\":\"pt-BR\"},{\"@type\":\"WebPage\",\"@id\":\"https:\/\/www.pm.pb.gov.br\/portal\/2012\/05\/24\/pm_realiza_6_curso_de_acoes_taticas_especiais\/\",\"url\":\"https:\/\/www.pm.pb.gov.br\/portal\/2012\/05\/24\/pm_realiza_6_curso_de_acoes_taticas_especiais\/\",\"name\":\"PM realiza 6\u00ba Curso de A\u00e7\u00f5es T\u00e1ticas Especiais - Pol\u00edcia Militar da Para\u00edba\",\"isPartOf\":{\"@id\":\"https:\/\/www.pm.pb.gov.br\/portal\/#website\"},\"datePublished\":\"2012-05-24T11:05:02+00:00\",\"dateModified\":\"2012-05-24T11:05:02+00:00\",\"breadcrumb\":{\"@id\":\"https:\/\/www.pm.pb.gov.br\/portal\/2012\/05\/24\/pm_realiza_6_curso_de_acoes_taticas_especiais\/#breadcrumb\"},\"inLanguage\":\"pt-BR\",\"potentialAction\":[{\"@type\":\"ReadAction\",\"target\":[\"https:\/\/www.pm.pb.gov.br\/portal\/2012\/05\/24\/pm_realiza_6_curso_de_acoes_taticas_especiais\/\"]}]},{\"@type\":\"BreadcrumbList\",\"@id\":\"https:\/\/www.pm.pb.gov.br\/portal\/2012\/05\/24\/pm_realiza_6_curso_de_acoes_taticas_especiais\/#breadcrumb\",\"itemListElement\":[{\"@type\":\"ListItem\",\"position\":1,\"name\":\"In\u00edcio\",\"item\":\"https:\/\/www.pm.pb.gov.br\/portal\/\"},{\"@type\":\"ListItem\",\"position\":2,\"name\":\"PM realiza 6\u00ba Curso de A\u00e7\u00f5es T\u00e1ticas Especiais\"}]},{\"@type\":\"WebSite\",\"@id\":\"https:\/\/www.pm.pb.gov.br\/portal\/#website\",\"url\":\"https:\/\/www.pm.pb.gov.br\/portal\/\",\"name\":\"Pol\u00edcia Militar da Para\u00edba\",\"description\":\"\",\"publisher\":{\"@id\":\"https:\/\/www.pm.pb.gov.br\/portal\/#organization\"},\"potentialAction\":[{\"@type\":\"SearchAction\",\"target\":{\"@type\":\"EntryPoint\",\"urlTemplate\":\"https:\/\/www.pm.pb.gov.br\/portal\/?s={search_term_string}\"},\"query-input\":\"required name=search_term_string\"}],\"inLanguage\":\"pt-BR\"},{\"@type\":\"Organization\",\"@id\":\"https:\/\/www.pm.pb.gov.br\/portal\/#organization\",\"name\":\"Pol\u00edcia Militar da Para\u00edba\",\"url\":\"https:\/\/www.pm.pb.gov.br\/portal\/\",\"logo\":{\"@type\":\"ImageObject\",\"inLanguage\":\"pt-BR\",\"@id\":\"https:\/\/www.pm.pb.gov.br\/portal\/#\/schema\/logo\/image\/\",\"url\":\"https:\/\/www.pm.pb.gov.br\/portal\/wp-content\/uploads\/2025\/03\/cropped-logo-site-mag2-1.png\",\"contentUrl\":\"https:\/\/www.pm.pb.gov.br\/portal\/wp-content\/uploads\/2025\/03\/cropped-logo-site-mag2-1.png\",\"width\":320,\"height\":90,\"caption\":\"Pol\u00edcia Militar da Para\u00edba\"},\"image\":{\"@id\":\"https:\/\/www.pm.pb.gov.br\/portal\/#\/schema\/logo\/image\/\"}},{\"@type\":\"Person\",\"@id\":\"https:\/\/www.pm.pb.gov.br\/portal\/#\/schema\/person\/e8454f46651c3ecf0e1ba3c1666d9947\",\"name\":\"Assessoria de Imprensa da PMPB\",\"image\":{\"@type\":\"ImageObject\",\"inLanguage\":\"pt-BR\",\"@id\":\"https:\/\/www.pm.pb.gov.br\/portal\/#\/schema\/person\/image\/\",\"url\":\"https:\/\/secure.gravatar.com\/avatar\/2efe197438265d1e90bd98c4c8e1acf8?s=96&d=mm&r=g\",\"contentUrl\":\"https:\/\/secure.gravatar.com\/avatar\/2efe197438265d1e90bd98c4c8e1acf8?s=96&d=mm&r=g\",\"caption\":\"Assessoria de Imprensa da PMPB\"},\"url\":\"https:\/\/www.pm.pb.gov.br\/portal\/author\/assessoria\/\"}]}<\/script>\n<!-- \/ Yoast SEO plugin. -->","yoast_head_json":{"title":"PM realiza 6\u00ba Curso de A\u00e7\u00f5es T\u00e1ticas Especiais - Pol\u00edcia Militar da Para\u00edba","robots":{"index":"index","follow":"follow","max-snippet":"max-snippet:-1","max-image-preview":"max-image-preview:large","max-video-preview":"max-video-preview:-1"},"canonical":"https:\/\/www.pm.pb.gov.br\/portal\/2012\/05\/24\/pm_realiza_6_curso_de_acoes_taticas_especiais\/","og_locale":"pt_BR","og_type":"article","og_title":"PM realiza 6\u00ba Curso de A\u00e7\u00f5es T\u00e1ticas Especiais - Pol\u00edcia Militar da Para\u00edba","og_description":"O comandante geral da Pol\u00edcia Militar da Para\u00edba, coronel Euller de Assis Chaves, e o gerente executivo da Pol\u00edcia Civil,","og_url":"https:\/\/www.pm.pb.gov.br\/portal\/2012\/05\/24\/pm_realiza_6_curso_de_acoes_taticas_especiais\/","og_site_name":"Pol\u00edcia Militar da Para\u00edba","article_published_time":"2012-05-24T11:05:02+00:00","og_image":[{"width":500,"height":333,"url":"https:\/\/www.pm.pb.gov.br\/portal\/wp-content\/uploads\/2012\/05\/6632_7933.jpg","type":"image\/jpeg"}],"author":"Assessoria de Imprensa da PMPB","twitter_card":"summary_large_image","twitter_misc":{"Escrito por":"Assessoria de Imprensa da PMPB","Est. tempo de leitura":"3 minutos"},"schema":{"@context":"https:\/\/schema.org","@graph":[{"@type":"Article","@id":"https:\/\/www.pm.pb.gov.br\/portal\/2012\/05\/24\/pm_realiza_6_curso_de_acoes_taticas_especiais\/#article","isPartOf":{"@id":"https:\/\/www.pm.pb.gov.br\/portal\/2012\/05\/24\/pm_realiza_6_curso_de_acoes_taticas_especiais\/"},"author":{"name":"Assessoria de Imprensa da PMPB","@id":"https:\/\/www.pm.pb.gov.br\/portal\/#\/schema\/person\/e8454f46651c3ecf0e1ba3c1666d9947"},"headline":"PM realiza 6\u00ba Curso de A\u00e7\u00f5es T\u00e1ticas Especiais","datePublished":"2012-05-24T11:05:02+00:00","dateModified":"2012-05-24T11:05:02+00:00","mainEntityOfPage":{"@id":"https:\/\/www.pm.pb.gov.br\/portal\/2012\/05\/24\/pm_realiza_6_curso_de_acoes_taticas_especiais\/"},"wordCount":583,"publisher":{"@id":"https:\/\/www.pm.pb.gov.br\/portal\/#organization"},"articleSection":["A\u00e7\u00f5es Policiais"],"inLanguage":"pt-BR"},{"@type":"WebPage","@id":"https:\/\/www.pm.pb.gov.br\/portal\/2012\/05\/24\/pm_realiza_6_curso_de_acoes_taticas_especiais\/","url":"https:\/\/www.pm.pb.gov.br\/portal\/2012\/05\/24\/pm_realiza_6_curso_de_acoes_taticas_especiais\/","name":"PM realiza 6\u00ba Curso de A\u00e7\u00f5es T\u00e1ticas Especiais - Pol\u00edcia Militar da Para\u00edba","isPartOf":{"@id":"https:\/\/www.pm.pb.gov.br\/portal\/#website"},"datePublished":"2012-05-24T11:05:02+00:00","dateModified":"2012-05-24T11:05:02+00:00","breadcrumb":{"@id":"https:\/\/www.pm.pb.gov.br\/portal\/2012\/05\/24\/pm_realiza_6_curso_de_acoes_taticas_especiais\/#breadcrumb"},"inLanguage":"pt-BR","potentialAction":[{"@type":"ReadAction","target":["https:\/\/www.pm.pb.gov.br\/portal\/2012\/05\/24\/pm_realiza_6_curso_de_acoes_taticas_especiais\/"]}]},{"@type":"BreadcrumbList","@id":"https:\/\/www.pm.pb.gov.br\/portal\/2012\/05\/24\/pm_realiza_6_curso_de_acoes_taticas_especiais\/#breadcrumb","itemListElement":[{"@type":"ListItem","position":1,"name":"In\u00edcio","item":"https:\/\/www.pm.pb.gov.br\/portal\/"},{"@type":"ListItem","position":2,"name":"PM realiza 6\u00ba Curso de A\u00e7\u00f5es T\u00e1ticas Especiais"}]},{"@type":"WebSite","@id":"https:\/\/www.pm.pb.gov.br\/portal\/#website","url":"https:\/\/www.pm.pb.gov.br\/portal\/","name":"Pol\u00edcia Militar da Para\u00edba","description":"","publisher":{"@id":"https:\/\/www.pm.pb.gov.br\/portal\/#organization"},"potentialAction":[{"@type":"SearchAction","target":{"@type":"EntryPoint","urlTemplate":"https:\/\/www.pm.pb.gov.br\/portal\/?s={search_term_string}"},"query-input":"required name=search_term_string"}],"inLanguage":"pt-BR"},{"@type":"Organization","@id":"https:\/\/www.pm.pb.gov.br\/portal\/#organization","name":"Pol\u00edcia Militar da Para\u00edba","url":"https:\/\/www.pm.pb.gov.br\/portal\/","logo":{"@type":"ImageObject","inLanguage":"pt-BR","@id":"https:\/\/www.pm.pb.gov.br\/portal\/#\/schema\/logo\/image\/","url":"https:\/\/www.pm.pb.gov.br\/portal\/wp-content\/uploads\/2025\/03\/cropped-logo-site-mag2-1.png","contentUrl":"https:\/\/www.pm.pb.gov.br\/portal\/wp-content\/uploads\/2025\/03\/cropped-logo-site-mag2-1.png","width":320,"height":90,"caption":"Pol\u00edcia Militar da Para\u00edba"},"image":{"@id":"https:\/\/www.pm.pb.gov.br\/portal\/#\/schema\/logo\/image\/"}},{"@type":"Person","@id":"https:\/\/www.pm.pb.gov.br\/portal\/#\/schema\/person\/e8454f46651c3ecf0e1ba3c1666d9947","name":"Assessoria de Imprensa da PMPB","image":{"@type":"ImageObject","inLanguage":"pt-BR","@id":"https:\/\/www.pm.pb.gov.br\/portal\/#\/schema\/person\/image\/","url":"https:\/\/secure.gravatar.com\/avatar\/2efe197438265d1e90bd98c4c8e1acf8?s=96&d=mm&r=g","contentUrl":"https:\/\/secure.gravatar.com\/avatar\/2efe197438265d1e90bd98c4c8e1acf8?s=96&d=mm&r=g","caption":"Assessoria de Imprensa da PMPB"},"url":"https:\/\/www.pm.pb.gov.br\/portal\/author\/assessoria\/"}]}},"_links":{"self":[{"href":"https:\/\/www.pm.pb.gov.br\/portal\/wp-json\/wp\/v2\/posts\/890908"}],"collection":[{"href":"https:\/\/www.pm.pb.gov.br\/portal\/wp-json\/wp\/v2\/posts"}],"about":[{"href":"https:\/\/www.pm.pb.gov.br\/portal\/wp-json\/wp\/v2\/types\/post"}],"author":[{"embeddable":true,"href":"https:\/\/www.pm.pb.gov.br\/portal\/wp-json\/wp\/v2\/users\/5"}],"replies":[{"embeddable":true,"href":"https:\/\/www.pm.pb.gov.br\/portal\/wp-json\/wp\/v2\/comments?post=890908"}],"version-history":[{"count":0,"href":"https:\/\/www.pm.pb.gov.br\/portal\/wp-json\/wp\/v2\/posts\/890908\/revisions"}],"wp:featuredmedia":[{"embeddable":true,"href":"https:\/\/www.pm.pb.gov.br\/portal\/wp-json\/wp\/v2\/media\/7933"}],"wp:attachment":[{"href":"https:\/\/www.pm.pb.gov.br\/portal\/wp-json\/wp\/v2\/media?parent=890908"}],"wp:term":[{"taxonomy":"category","embeddable":true,"href":"https:\/\/www.pm.pb.gov.br\/portal\/wp-json\/wp\/v2\/categories?post=890908"},{"taxonomy":"post_tag","embeddable":true,"href":"https:\/\/www.pm.pb.gov.br\/portal\/wp-json\/wp\/v2\/tags?post=890908"}],"curies":[{"name":"wp","href":"https:\/\/api.w.org\/{rel}","templated":true}]}}