{"id":890905,"date":"2012-05-23T12:05:02","date_gmt":"2012-05-23T15:05:02","guid":{"rendered":"http:\/\/www.pm.pb.gov.br\/portal\/2012\/05\/assaltante_e_preso_na_cidade_de_souza\/"},"modified":"2012-05-23T12:05:02","modified_gmt":"2012-05-23T15:05:02","slug":"assaltante_e_preso_na_cidade_de_souza","status":"publish","type":"post","link":"https:\/\/www.pm.pb.gov.br\/portal\/2012\/05\/23\/assaltante_e_preso_na_cidade_de_souza\/","title":{"rendered":"Assaltante \u00e9 preso na cidade de Souza"},"content":{"rendered":"<div style=\"text-align: justify;\">\nNa manh\u00e3 da \u00faltima ter\u00e7a-feira, dia 22  por volta das 11h00min, na cidade de Sousa, foi preso Paulo Anderson de Almeida vulgo \u0093Paulinho Coqueiro\u0094 de 22 anos de idade, e profiss\u00e3o n\u00e3o definida, o mesmo \u00e9 presidi\u00e1rio e cumpre medida de recolhimento a casa do albergado, descumprindo nos \u00faltimos meses tal determina\u00e7\u00e3o judicial, oportunamente aproveitando para \u00e1 pratica de delitos na cidade sorriso.<\/p>\n<p>Recentemente o senhor Francisco de Assis Estrela,<br \/>\ncomerciante de 53 anos de idade, teve sua resid\u00eancia invadida e subtra\u00eddo joias, dinheiro, notbook e o celular da v\u00edtima mediante amea\u00e7a e o uso de uma arma de fogo tipo rev\u00f3lver.<\/p>\n<p>Uma Guarni\u00e7\u00e3o de R\u00e1dio Patrulha do 14\u00ba BPM foi acionada para atender a ocorr\u00eancia na loja o Botic\u00e1rio, localizada na Rua C\u00f4nego Jos\u00e9 Viana, Bairro da Esta\u00e7\u00e3o, passando-se por moto taxistas, armados, dois elementos renderam as funcion\u00e1rias da loja e subtra\u00edram a quantia de 400,00 (quatrocentos reais) e v\u00e1rios produtos.<\/p>\n<p>As v\u00edtimas o senhor Francisco de Assis Estrela, e a senhora Kelva Gean Alves Sobreira (funcion\u00e1ria da loja o Botic\u00e1rio), deslocaram- se at\u00e9 a delegacia da cidade,<br \/>\ne realizaram o reconhecimento de \u0093Paulinho Coqueiro\u0094 como<br \/>\nsendo o autor de ambos os roubos efetuados, como tamb\u00e9m fora<br \/>\nlocalizado em poder do acusado o celular de Francisco de Assis, Paulo Anderson de Almeida foi autuado em flagrante delito pelos assaltos e posteriormente recambiado a Col\u00f4nia Penal Agr\u00edcola do Sert\u00e3o.<\/p>\n<div class=\"row\" align=\"center\"><\/div>\n<\/div>\n","protected":false},"excerpt":{"rendered":"<p>Na manh\u00e3 da \u00faltima ter\u00e7a-feira, dia 22 por volta das 11h00min, na cidade de Sousa, foi preso Paulo Anderson de<\/p>\n","protected":false},"author":5,"featured_media":890951,"comment_status":"closed","ping_status":"closed","sticky":false,"template":"","format":"standard","meta":{"_exactmetrics_skip_tracking":false,"_exactmetrics_sitenote_active":false,"_exactmetrics_sitenote_note":"","_exactmetrics_sitenote_category":0,"footnotes":""},"categories":[4],"tags":[],"yoast_head":"<!-- This site is optimized with the Yoast SEO plugin v22.0 - https:\/\/yoast.com\/wordpress\/plugins\/seo\/ -->\n<title>Assaltante \u00e9 preso na cidade de Souza - Pol\u00edcia Militar da Para\u00edba<\/title>\n<meta name=\"robots\" content=\"index, follow, max-snippet:-1, max-image-preview:large, max-video-preview:-1\" \/>\n<link rel=\"canonical\" href=\"https:\/\/www.pm.pb.gov.br\/portal\/2012\/05\/23\/assaltante_e_preso_na_cidade_de_souza\/\" \/>\n<meta property=\"og:locale\" content=\"pt_BR\" \/>\n<meta property=\"og:type\" content=\"article\" \/>\n<meta property=\"og:title\" content=\"Assaltante \u00e9 preso na cidade de Souza - Pol\u00edcia Militar da Para\u00edba\" \/>\n<meta property=\"og:description\" content=\"Na manh\u00e3 da \u00faltima ter\u00e7a-feira, dia 22 por volta das 11h00min, na cidade de Sousa, foi preso Paulo Anderson de\" \/>\n<meta property=\"og:url\" content=\"https:\/\/www.pm.pb.gov.br\/portal\/2012\/05\/23\/assaltante_e_preso_na_cidade_de_souza\/\" \/>\n<meta property=\"og:site_name\" content=\"Pol\u00edcia Militar da Para\u00edba\" \/>\n<meta property=\"article:published_time\" content=\"2012-05-23T15:05:02+00:00\" \/>\n<meta property=\"og:image\" content=\"https:\/\/www.pm.pb.gov.br\/portal\/wp-content\/uploads\/2012\/06\/foto_brasao-2.jpg\" \/>\n\t<meta property=\"og:image:width\" content=\"620\" \/>\n\t<meta property=\"og:image:height\" content=\"411\" \/>\n\t<meta property=\"og:image:type\" content=\"image\/jpeg\" \/>\n<meta name=\"author\" content=\"Assessoria de Imprensa da PMPB\" \/>\n<meta name=\"twitter:card\" content=\"summary_large_image\" \/>\n<meta name=\"twitter:label1\" content=\"Escrito por\" \/>\n\t<meta name=\"twitter:data1\" content=\"Assessoria de Imprensa da PMPB\" \/>\n\t<meta name=\"twitter:label2\" content=\"Est. tempo de leitura\" \/>\n\t<meta name=\"twitter:data2\" content=\"1 minuto\" \/>\n<script type=\"application\/ld+json\" class=\"yoast-schema-graph\">{\"@context\":\"https:\/\/schema.org\",\"@graph\":[{\"@type\":\"Article\",\"@id\":\"https:\/\/www.pm.pb.gov.br\/portal\/2012\/05\/23\/assaltante_e_preso_na_cidade_de_souza\/#article\",\"isPartOf\":{\"@id\":\"https:\/\/www.pm.pb.gov.br\/portal\/2012\/05\/23\/assaltante_e_preso_na_cidade_de_souza\/\"},\"author\":{\"name\":\"Assessoria de Imprensa da PMPB\",\"@id\":\"https:\/\/www.pm.pb.gov.br\/portal\/#\/schema\/person\/e8454f46651c3ecf0e1ba3c1666d9947\"},\"headline\":\"Assaltante \u00e9 preso na cidade de Souza\",\"datePublished\":\"2012-05-23T15:05:02+00:00\",\"dateModified\":\"2012-05-23T15:05:02+00:00\",\"mainEntityOfPage\":{\"@id\":\"https:\/\/www.pm.pb.gov.br\/portal\/2012\/05\/23\/assaltante_e_preso_na_cidade_de_souza\/\"},\"wordCount\":255,\"publisher\":{\"@id\":\"https:\/\/www.pm.pb.gov.br\/portal\/#organization\"},\"articleSection\":[\"A\u00e7\u00f5es Policiais\"],\"inLanguage\":\"pt-BR\"},{\"@type\":\"WebPage\",\"@id\":\"https:\/\/www.pm.pb.gov.br\/portal\/2012\/05\/23\/assaltante_e_preso_na_cidade_de_souza\/\",\"url\":\"https:\/\/www.pm.pb.gov.br\/portal\/2012\/05\/23\/assaltante_e_preso_na_cidade_de_souza\/\",\"name\":\"Assaltante \u00e9 preso na cidade de Souza - Pol\u00edcia Militar da Para\u00edba\",\"isPartOf\":{\"@id\":\"https:\/\/www.pm.pb.gov.br\/portal\/#website\"},\"datePublished\":\"2012-05-23T15:05:02+00:00\",\"dateModified\":\"2012-05-23T15:05:02+00:00\",\"breadcrumb\":{\"@id\":\"https:\/\/www.pm.pb.gov.br\/portal\/2012\/05\/23\/assaltante_e_preso_na_cidade_de_souza\/#breadcrumb\"},\"inLanguage\":\"pt-BR\",\"potentialAction\":[{\"@type\":\"ReadAction\",\"target\":[\"https:\/\/www.pm.pb.gov.br\/portal\/2012\/05\/23\/assaltante_e_preso_na_cidade_de_souza\/\"]}]},{\"@type\":\"BreadcrumbList\",\"@id\":\"https:\/\/www.pm.pb.gov.br\/portal\/2012\/05\/23\/assaltante_e_preso_na_cidade_de_souza\/#breadcrumb\",\"itemListElement\":[{\"@type\":\"ListItem\",\"position\":1,\"name\":\"In\u00edcio\",\"item\":\"https:\/\/www.pm.pb.gov.br\/portal\/\"},{\"@type\":\"ListItem\",\"position\":2,\"name\":\"Assaltante \u00e9 preso na cidade de Souza\"}]},{\"@type\":\"WebSite\",\"@id\":\"https:\/\/www.pm.pb.gov.br\/portal\/#website\",\"url\":\"https:\/\/www.pm.pb.gov.br\/portal\/\",\"name\":\"Pol\u00edcia Militar da Para\u00edba\",\"description\":\"\",\"publisher\":{\"@id\":\"https:\/\/www.pm.pb.gov.br\/portal\/#organization\"},\"potentialAction\":[{\"@type\":\"SearchAction\",\"target\":{\"@type\":\"EntryPoint\",\"urlTemplate\":\"https:\/\/www.pm.pb.gov.br\/portal\/?s={search_term_string}\"},\"query-input\":\"required name=search_term_string\"}],\"inLanguage\":\"pt-BR\"},{\"@type\":\"Organization\",\"@id\":\"https:\/\/www.pm.pb.gov.br\/portal\/#organization\",\"name\":\"Pol\u00edcia Militar da Para\u00edba\",\"url\":\"https:\/\/www.pm.pb.gov.br\/portal\/\",\"logo\":{\"@type\":\"ImageObject\",\"inLanguage\":\"pt-BR\",\"@id\":\"https:\/\/www.pm.pb.gov.br\/portal\/#\/schema\/logo\/image\/\",\"url\":\"https:\/\/www.pm.pb.gov.br\/portal\/wp-content\/uploads\/2025\/03\/cropped-logo-site-mag2-1.png\",\"contentUrl\":\"https:\/\/www.pm.pb.gov.br\/portal\/wp-content\/uploads\/2025\/03\/cropped-logo-site-mag2-1.png\",\"width\":320,\"height\":90,\"caption\":\"Pol\u00edcia Militar da Para\u00edba\"},\"image\":{\"@id\":\"https:\/\/www.pm.pb.gov.br\/portal\/#\/schema\/logo\/image\/\"}},{\"@type\":\"Person\",\"@id\":\"https:\/\/www.pm.pb.gov.br\/portal\/#\/schema\/person\/e8454f46651c3ecf0e1ba3c1666d9947\",\"name\":\"Assessoria de Imprensa da PMPB\",\"image\":{\"@type\":\"ImageObject\",\"inLanguage\":\"pt-BR\",\"@id\":\"https:\/\/www.pm.pb.gov.br\/portal\/#\/schema\/person\/image\/\",\"url\":\"https:\/\/secure.gravatar.com\/avatar\/2efe197438265d1e90bd98c4c8e1acf8?s=96&d=mm&r=g\",\"contentUrl\":\"https:\/\/secure.gravatar.com\/avatar\/2efe197438265d1e90bd98c4c8e1acf8?s=96&d=mm&r=g\",\"caption\":\"Assessoria de Imprensa da PMPB\"},\"url\":\"https:\/\/www.pm.pb.gov.br\/portal\/author\/assessoria\/\"}]}<\/script>\n<!-- \/ Yoast SEO plugin. -->","yoast_head_json":{"title":"Assaltante \u00e9 preso na cidade de Souza - Pol\u00edcia Militar da Para\u00edba","robots":{"index":"index","follow":"follow","max-snippet":"max-snippet:-1","max-image-preview":"max-image-preview:large","max-video-preview":"max-video-preview:-1"},"canonical":"https:\/\/www.pm.pb.gov.br\/portal\/2012\/05\/23\/assaltante_e_preso_na_cidade_de_souza\/","og_locale":"pt_BR","og_type":"article","og_title":"Assaltante \u00e9 preso na cidade de Souza - Pol\u00edcia Militar da Para\u00edba","og_description":"Na manh\u00e3 da \u00faltima ter\u00e7a-feira, dia 22 por volta das 11h00min, na cidade de Sousa, foi preso Paulo Anderson de","og_url":"https:\/\/www.pm.pb.gov.br\/portal\/2012\/05\/23\/assaltante_e_preso_na_cidade_de_souza\/","og_site_name":"Pol\u00edcia Militar da Para\u00edba","article_published_time":"2012-05-23T15:05:02+00:00","og_image":[{"width":620,"height":411,"url":"https:\/\/www.pm.pb.gov.br\/portal\/wp-content\/uploads\/2012\/06\/foto_brasao-2.jpg","type":"image\/jpeg"}],"author":"Assessoria de Imprensa da PMPB","twitter_card":"summary_large_image","twitter_misc":{"Escrito por":"Assessoria de Imprensa da PMPB","Est. tempo de leitura":"1 minuto"},"schema":{"@context":"https:\/\/schema.org","@graph":[{"@type":"Article","@id":"https:\/\/www.pm.pb.gov.br\/portal\/2012\/05\/23\/assaltante_e_preso_na_cidade_de_souza\/#article","isPartOf":{"@id":"https:\/\/www.pm.pb.gov.br\/portal\/2012\/05\/23\/assaltante_e_preso_na_cidade_de_souza\/"},"author":{"name":"Assessoria de Imprensa da PMPB","@id":"https:\/\/www.pm.pb.gov.br\/portal\/#\/schema\/person\/e8454f46651c3ecf0e1ba3c1666d9947"},"headline":"Assaltante \u00e9 preso na cidade de Souza","datePublished":"2012-05-23T15:05:02+00:00","dateModified":"2012-05-23T15:05:02+00:00","mainEntityOfPage":{"@id":"https:\/\/www.pm.pb.gov.br\/portal\/2012\/05\/23\/assaltante_e_preso_na_cidade_de_souza\/"},"wordCount":255,"publisher":{"@id":"https:\/\/www.pm.pb.gov.br\/portal\/#organization"},"articleSection":["A\u00e7\u00f5es Policiais"],"inLanguage":"pt-BR"},{"@type":"WebPage","@id":"https:\/\/www.pm.pb.gov.br\/portal\/2012\/05\/23\/assaltante_e_preso_na_cidade_de_souza\/","url":"https:\/\/www.pm.pb.gov.br\/portal\/2012\/05\/23\/assaltante_e_preso_na_cidade_de_souza\/","name":"Assaltante \u00e9 preso na cidade de Souza - Pol\u00edcia Militar da Para\u00edba","isPartOf":{"@id":"https:\/\/www.pm.pb.gov.br\/portal\/#website"},"datePublished":"2012-05-23T15:05:02+00:00","dateModified":"2012-05-23T15:05:02+00:00","breadcrumb":{"@id":"https:\/\/www.pm.pb.gov.br\/portal\/2012\/05\/23\/assaltante_e_preso_na_cidade_de_souza\/#breadcrumb"},"inLanguage":"pt-BR","potentialAction":[{"@type":"ReadAction","target":["https:\/\/www.pm.pb.gov.br\/portal\/2012\/05\/23\/assaltante_e_preso_na_cidade_de_souza\/"]}]},{"@type":"BreadcrumbList","@id":"https:\/\/www.pm.pb.gov.br\/portal\/2012\/05\/23\/assaltante_e_preso_na_cidade_de_souza\/#breadcrumb","itemListElement":[{"@type":"ListItem","position":1,"name":"In\u00edcio","item":"https:\/\/www.pm.pb.gov.br\/portal\/"},{"@type":"ListItem","position":2,"name":"Assaltante \u00e9 preso na cidade de Souza"}]},{"@type":"WebSite","@id":"https:\/\/www.pm.pb.gov.br\/portal\/#website","url":"https:\/\/www.pm.pb.gov.br\/portal\/","name":"Pol\u00edcia Militar da Para\u00edba","description":"","publisher":{"@id":"https:\/\/www.pm.pb.gov.br\/portal\/#organization"},"potentialAction":[{"@type":"SearchAction","target":{"@type":"EntryPoint","urlTemplate":"https:\/\/www.pm.pb.gov.br\/portal\/?s={search_term_string}"},"query-input":"required name=search_term_string"}],"inLanguage":"pt-BR"},{"@type":"Organization","@id":"https:\/\/www.pm.pb.gov.br\/portal\/#organization","name":"Pol\u00edcia Militar da Para\u00edba","url":"https:\/\/www.pm.pb.gov.br\/portal\/","logo":{"@type":"ImageObject","inLanguage":"pt-BR","@id":"https:\/\/www.pm.pb.gov.br\/portal\/#\/schema\/logo\/image\/","url":"https:\/\/www.pm.pb.gov.br\/portal\/wp-content\/uploads\/2025\/03\/cropped-logo-site-mag2-1.png","contentUrl":"https:\/\/www.pm.pb.gov.br\/portal\/wp-content\/uploads\/2025\/03\/cropped-logo-site-mag2-1.png","width":320,"height":90,"caption":"Pol\u00edcia Militar da Para\u00edba"},"image":{"@id":"https:\/\/www.pm.pb.gov.br\/portal\/#\/schema\/logo\/image\/"}},{"@type":"Person","@id":"https:\/\/www.pm.pb.gov.br\/portal\/#\/schema\/person\/e8454f46651c3ecf0e1ba3c1666d9947","name":"Assessoria de Imprensa da PMPB","image":{"@type":"ImageObject","inLanguage":"pt-BR","@id":"https:\/\/www.pm.pb.gov.br\/portal\/#\/schema\/person\/image\/","url":"https:\/\/secure.gravatar.com\/avatar\/2efe197438265d1e90bd98c4c8e1acf8?s=96&d=mm&r=g","contentUrl":"https:\/\/secure.gravatar.com\/avatar\/2efe197438265d1e90bd98c4c8e1acf8?s=96&d=mm&r=g","caption":"Assessoria de Imprensa da PMPB"},"url":"https:\/\/www.pm.pb.gov.br\/portal\/author\/assessoria\/"}]}},"_links":{"self":[{"href":"https:\/\/www.pm.pb.gov.br\/portal\/wp-json\/wp\/v2\/posts\/890905"}],"collection":[{"href":"https:\/\/www.pm.pb.gov.br\/portal\/wp-json\/wp\/v2\/posts"}],"about":[{"href":"https:\/\/www.pm.pb.gov.br\/portal\/wp-json\/wp\/v2\/types\/post"}],"author":[{"embeddable":true,"href":"https:\/\/www.pm.pb.gov.br\/portal\/wp-json\/wp\/v2\/users\/5"}],"replies":[{"embeddable":true,"href":"https:\/\/www.pm.pb.gov.br\/portal\/wp-json\/wp\/v2\/comments?post=890905"}],"version-history":[{"count":0,"href":"https:\/\/www.pm.pb.gov.br\/portal\/wp-json\/wp\/v2\/posts\/890905\/revisions"}],"wp:featuredmedia":[{"embeddable":true,"href":"https:\/\/www.pm.pb.gov.br\/portal\/wp-json\/wp\/v2\/media\/890951"}],"wp:attachment":[{"href":"https:\/\/www.pm.pb.gov.br\/portal\/wp-json\/wp\/v2\/media?parent=890905"}],"wp:term":[{"taxonomy":"category","embeddable":true,"href":"https:\/\/www.pm.pb.gov.br\/portal\/wp-json\/wp\/v2\/categories?post=890905"},{"taxonomy":"post_tag","embeddable":true,"href":"https:\/\/www.pm.pb.gov.br\/portal\/wp-json\/wp\/v2\/tags?post=890905"}],"curies":[{"name":"wp","href":"https:\/\/api.w.org\/{rel}","templated":true}]}}