{"id":890896,"date":"2012-05-22T10:05:39","date_gmt":"2012-05-22T13:05:39","guid":{"rendered":"http:\/\/www.pm.pb.gov.br\/portal\/2012\/05\/9_batalhao_garante_seguranca_na_festa_do_mel\/"},"modified":"2012-05-22T10:05:39","modified_gmt":"2012-05-22T13:05:39","slug":"9_batalhao_garante_seguranca_na_festa_do_mel","status":"publish","type":"post","link":"https:\/\/www.pm.pb.gov.br\/portal\/2012\/05\/22\/9_batalhao_garante_seguranca_na_festa_do_mel\/","title":{"rendered":"9\u00ba Batalh\u00e3o garante seguran\u00e7a na Festa do Mel"},"content":{"rendered":"<div style=\"text-align: justify;\">\nPoliciais do 9\u00b0 Batalh\u00e3o de Pol\u00edcia Militar do Estado da Para\u00edba garantiram a seguran\u00e7a no 3\u00b0 Festival Regional do Mel que foi realizado no \u00faltimo domingo, 20, no munic\u00edpio de Dami\u00e3o-PB.<\/p>\n<p>O policiamento foi comandado pelo Tenente PM Monteiro,e foi<br \/>\ndistribu\u00eddo por toda a \u00e1rea da festa que teve in\u00edcio \u00e0s 22horas e t\u00e9rmino \u00e0s 5h0ras, enquanto que a viatura pertencente ao Destacamento local realizava rondas em todo o per\u00edmetro do munic\u00edpio.<\/p>\n<p>A festa que faz parte do calend\u00e1rio oficial da Prefeitura Municipal de Dami\u00e3o atrai todos os anos um bom p\u00fablico, dinamizando a economia local e divulgando a atividade da apicultura que possui presen\u00e7a marcante no munic\u00edpio.<\/p>\n<p>De acordo com o Tenente Monteiro, a festa transcorreu dentro da normalidade e nenhuma ocorr\u00eancia foi constatada. \u0093Foi mais um evento onde pudemos assegurar a paz social e a tranq\u00fcilidade daqueles que se fizeram presentes\u0094, frisou o Tenente Monteiro.<\/p>\n<div class=\"row\" align=\"center\"><\/div>\n<\/div>\n","protected":false},"excerpt":{"rendered":"<p>Policiais do 9\u00b0 Batalh\u00e3o de Pol\u00edcia Militar do Estado da Para\u00edba garantiram a seguran\u00e7a no 3\u00b0 Festival Regional do Mel<\/p>\n","protected":false},"author":5,"featured_media":890951,"comment_status":"closed","ping_status":"closed","sticky":false,"template":"","format":"standard","meta":{"_exactmetrics_skip_tracking":false,"_exactmetrics_sitenote_active":false,"_exactmetrics_sitenote_note":"","_exactmetrics_sitenote_category":0,"footnotes":""},"categories":[4],"tags":[],"yoast_head":"<!-- This site is optimized with the Yoast SEO plugin v22.0 - https:\/\/yoast.com\/wordpress\/plugins\/seo\/ -->\n<title>9\u00ba Batalh\u00e3o garante seguran\u00e7a na Festa do Mel - Pol\u00edcia Militar da Para\u00edba<\/title>\n<meta name=\"robots\" content=\"index, follow, max-snippet:-1, max-image-preview:large, max-video-preview:-1\" \/>\n<link rel=\"canonical\" href=\"https:\/\/www.pm.pb.gov.br\/portal\/2012\/05\/22\/9_batalhao_garante_seguranca_na_festa_do_mel\/\" \/>\n<meta property=\"og:locale\" content=\"pt_BR\" \/>\n<meta property=\"og:type\" content=\"article\" \/>\n<meta property=\"og:title\" content=\"9\u00ba Batalh\u00e3o garante seguran\u00e7a na Festa do Mel - Pol\u00edcia Militar da Para\u00edba\" \/>\n<meta property=\"og:description\" content=\"Policiais do 9\u00b0 Batalh\u00e3o de Pol\u00edcia Militar do Estado da Para\u00edba garantiram a seguran\u00e7a no 3\u00b0 Festival Regional do Mel\" \/>\n<meta property=\"og:url\" content=\"https:\/\/www.pm.pb.gov.br\/portal\/2012\/05\/22\/9_batalhao_garante_seguranca_na_festa_do_mel\/\" \/>\n<meta property=\"og:site_name\" content=\"Pol\u00edcia Militar da Para\u00edba\" \/>\n<meta property=\"article:published_time\" content=\"2012-05-22T13:05:39+00:00\" \/>\n<meta property=\"og:image\" content=\"https:\/\/www.pm.pb.gov.br\/portal\/wp-content\/uploads\/2012\/06\/foto_brasao-2.jpg\" \/>\n\t<meta property=\"og:image:width\" content=\"620\" \/>\n\t<meta property=\"og:image:height\" content=\"411\" \/>\n\t<meta property=\"og:image:type\" content=\"image\/jpeg\" \/>\n<meta name=\"author\" content=\"Assessoria de Imprensa da PMPB\" \/>\n<meta name=\"twitter:card\" content=\"summary_large_image\" \/>\n<meta name=\"twitter:label1\" content=\"Escrito por\" \/>\n\t<meta name=\"twitter:data1\" content=\"Assessoria de Imprensa da PMPB\" \/>\n\t<meta name=\"twitter:label2\" content=\"Est. tempo de leitura\" \/>\n\t<meta name=\"twitter:data2\" content=\"1 minuto\" \/>\n<script type=\"application\/ld+json\" class=\"yoast-schema-graph\">{\"@context\":\"https:\/\/schema.org\",\"@graph\":[{\"@type\":\"Article\",\"@id\":\"https:\/\/www.pm.pb.gov.br\/portal\/2012\/05\/22\/9_batalhao_garante_seguranca_na_festa_do_mel\/#article\",\"isPartOf\":{\"@id\":\"https:\/\/www.pm.pb.gov.br\/portal\/2012\/05\/22\/9_batalhao_garante_seguranca_na_festa_do_mel\/\"},\"author\":{\"name\":\"Assessoria de Imprensa da PMPB\",\"@id\":\"https:\/\/www.pm.pb.gov.br\/portal\/#\/schema\/person\/e8454f46651c3ecf0e1ba3c1666d9947\"},\"headline\":\"9\u00ba Batalh\u00e3o garante seguran\u00e7a na Festa do Mel\",\"datePublished\":\"2012-05-22T13:05:39+00:00\",\"dateModified\":\"2012-05-22T13:05:39+00:00\",\"mainEntityOfPage\":{\"@id\":\"https:\/\/www.pm.pb.gov.br\/portal\/2012\/05\/22\/9_batalhao_garante_seguranca_na_festa_do_mel\/\"},\"wordCount\":173,\"publisher\":{\"@id\":\"https:\/\/www.pm.pb.gov.br\/portal\/#organization\"},\"articleSection\":[\"A\u00e7\u00f5es Policiais\"],\"inLanguage\":\"pt-BR\"},{\"@type\":\"WebPage\",\"@id\":\"https:\/\/www.pm.pb.gov.br\/portal\/2012\/05\/22\/9_batalhao_garante_seguranca_na_festa_do_mel\/\",\"url\":\"https:\/\/www.pm.pb.gov.br\/portal\/2012\/05\/22\/9_batalhao_garante_seguranca_na_festa_do_mel\/\",\"name\":\"9\u00ba Batalh\u00e3o garante seguran\u00e7a na Festa do Mel - Pol\u00edcia Militar da Para\u00edba\",\"isPartOf\":{\"@id\":\"https:\/\/www.pm.pb.gov.br\/portal\/#website\"},\"datePublished\":\"2012-05-22T13:05:39+00:00\",\"dateModified\":\"2012-05-22T13:05:39+00:00\",\"breadcrumb\":{\"@id\":\"https:\/\/www.pm.pb.gov.br\/portal\/2012\/05\/22\/9_batalhao_garante_seguranca_na_festa_do_mel\/#breadcrumb\"},\"inLanguage\":\"pt-BR\",\"potentialAction\":[{\"@type\":\"ReadAction\",\"target\":[\"https:\/\/www.pm.pb.gov.br\/portal\/2012\/05\/22\/9_batalhao_garante_seguranca_na_festa_do_mel\/\"]}]},{\"@type\":\"BreadcrumbList\",\"@id\":\"https:\/\/www.pm.pb.gov.br\/portal\/2012\/05\/22\/9_batalhao_garante_seguranca_na_festa_do_mel\/#breadcrumb\",\"itemListElement\":[{\"@type\":\"ListItem\",\"position\":1,\"name\":\"In\u00edcio\",\"item\":\"https:\/\/www.pm.pb.gov.br\/portal\/\"},{\"@type\":\"ListItem\",\"position\":2,\"name\":\"9\u00ba Batalh\u00e3o garante seguran\u00e7a na Festa do Mel\"}]},{\"@type\":\"WebSite\",\"@id\":\"https:\/\/www.pm.pb.gov.br\/portal\/#website\",\"url\":\"https:\/\/www.pm.pb.gov.br\/portal\/\",\"name\":\"Pol\u00edcia Militar da Para\u00edba\",\"description\":\"\",\"publisher\":{\"@id\":\"https:\/\/www.pm.pb.gov.br\/portal\/#organization\"},\"potentialAction\":[{\"@type\":\"SearchAction\",\"target\":{\"@type\":\"EntryPoint\",\"urlTemplate\":\"https:\/\/www.pm.pb.gov.br\/portal\/?s={search_term_string}\"},\"query-input\":\"required name=search_term_string\"}],\"inLanguage\":\"pt-BR\"},{\"@type\":\"Organization\",\"@id\":\"https:\/\/www.pm.pb.gov.br\/portal\/#organization\",\"name\":\"Pol\u00edcia Militar da Para\u00edba\",\"url\":\"https:\/\/www.pm.pb.gov.br\/portal\/\",\"logo\":{\"@type\":\"ImageObject\",\"inLanguage\":\"pt-BR\",\"@id\":\"https:\/\/www.pm.pb.gov.br\/portal\/#\/schema\/logo\/image\/\",\"url\":\"https:\/\/www.pm.pb.gov.br\/portal\/wp-content\/uploads\/2025\/03\/cropped-logo-site-mag2-1.png\",\"contentUrl\":\"https:\/\/www.pm.pb.gov.br\/portal\/wp-content\/uploads\/2025\/03\/cropped-logo-site-mag2-1.png\",\"width\":320,\"height\":90,\"caption\":\"Pol\u00edcia Militar da Para\u00edba\"},\"image\":{\"@id\":\"https:\/\/www.pm.pb.gov.br\/portal\/#\/schema\/logo\/image\/\"}},{\"@type\":\"Person\",\"@id\":\"https:\/\/www.pm.pb.gov.br\/portal\/#\/schema\/person\/e8454f46651c3ecf0e1ba3c1666d9947\",\"name\":\"Assessoria de Imprensa da PMPB\",\"image\":{\"@type\":\"ImageObject\",\"inLanguage\":\"pt-BR\",\"@id\":\"https:\/\/www.pm.pb.gov.br\/portal\/#\/schema\/person\/image\/\",\"url\":\"https:\/\/secure.gravatar.com\/avatar\/2efe197438265d1e90bd98c4c8e1acf8?s=96&d=mm&r=g\",\"contentUrl\":\"https:\/\/secure.gravatar.com\/avatar\/2efe197438265d1e90bd98c4c8e1acf8?s=96&d=mm&r=g\",\"caption\":\"Assessoria de Imprensa da PMPB\"},\"url\":\"https:\/\/www.pm.pb.gov.br\/portal\/author\/assessoria\/\"}]}<\/script>\n<!-- \/ Yoast SEO plugin. -->","yoast_head_json":{"title":"9\u00ba Batalh\u00e3o garante seguran\u00e7a na Festa do Mel - Pol\u00edcia Militar da Para\u00edba","robots":{"index":"index","follow":"follow","max-snippet":"max-snippet:-1","max-image-preview":"max-image-preview:large","max-video-preview":"max-video-preview:-1"},"canonical":"https:\/\/www.pm.pb.gov.br\/portal\/2012\/05\/22\/9_batalhao_garante_seguranca_na_festa_do_mel\/","og_locale":"pt_BR","og_type":"article","og_title":"9\u00ba Batalh\u00e3o garante seguran\u00e7a na Festa do Mel - Pol\u00edcia Militar da Para\u00edba","og_description":"Policiais do 9\u00b0 Batalh\u00e3o de Pol\u00edcia Militar do Estado da Para\u00edba garantiram a seguran\u00e7a no 3\u00b0 Festival Regional do Mel","og_url":"https:\/\/www.pm.pb.gov.br\/portal\/2012\/05\/22\/9_batalhao_garante_seguranca_na_festa_do_mel\/","og_site_name":"Pol\u00edcia Militar da Para\u00edba","article_published_time":"2012-05-22T13:05:39+00:00","og_image":[{"width":620,"height":411,"url":"https:\/\/www.pm.pb.gov.br\/portal\/wp-content\/uploads\/2012\/06\/foto_brasao-2.jpg","type":"image\/jpeg"}],"author":"Assessoria de Imprensa da PMPB","twitter_card":"summary_large_image","twitter_misc":{"Escrito por":"Assessoria de Imprensa da PMPB","Est. tempo de leitura":"1 minuto"},"schema":{"@context":"https:\/\/schema.org","@graph":[{"@type":"Article","@id":"https:\/\/www.pm.pb.gov.br\/portal\/2012\/05\/22\/9_batalhao_garante_seguranca_na_festa_do_mel\/#article","isPartOf":{"@id":"https:\/\/www.pm.pb.gov.br\/portal\/2012\/05\/22\/9_batalhao_garante_seguranca_na_festa_do_mel\/"},"author":{"name":"Assessoria de Imprensa da PMPB","@id":"https:\/\/www.pm.pb.gov.br\/portal\/#\/schema\/person\/e8454f46651c3ecf0e1ba3c1666d9947"},"headline":"9\u00ba Batalh\u00e3o garante seguran\u00e7a na Festa do Mel","datePublished":"2012-05-22T13:05:39+00:00","dateModified":"2012-05-22T13:05:39+00:00","mainEntityOfPage":{"@id":"https:\/\/www.pm.pb.gov.br\/portal\/2012\/05\/22\/9_batalhao_garante_seguranca_na_festa_do_mel\/"},"wordCount":173,"publisher":{"@id":"https:\/\/www.pm.pb.gov.br\/portal\/#organization"},"articleSection":["A\u00e7\u00f5es Policiais"],"inLanguage":"pt-BR"},{"@type":"WebPage","@id":"https:\/\/www.pm.pb.gov.br\/portal\/2012\/05\/22\/9_batalhao_garante_seguranca_na_festa_do_mel\/","url":"https:\/\/www.pm.pb.gov.br\/portal\/2012\/05\/22\/9_batalhao_garante_seguranca_na_festa_do_mel\/","name":"9\u00ba Batalh\u00e3o garante seguran\u00e7a na Festa do Mel - Pol\u00edcia Militar da Para\u00edba","isPartOf":{"@id":"https:\/\/www.pm.pb.gov.br\/portal\/#website"},"datePublished":"2012-05-22T13:05:39+00:00","dateModified":"2012-05-22T13:05:39+00:00","breadcrumb":{"@id":"https:\/\/www.pm.pb.gov.br\/portal\/2012\/05\/22\/9_batalhao_garante_seguranca_na_festa_do_mel\/#breadcrumb"},"inLanguage":"pt-BR","potentialAction":[{"@type":"ReadAction","target":["https:\/\/www.pm.pb.gov.br\/portal\/2012\/05\/22\/9_batalhao_garante_seguranca_na_festa_do_mel\/"]}]},{"@type":"BreadcrumbList","@id":"https:\/\/www.pm.pb.gov.br\/portal\/2012\/05\/22\/9_batalhao_garante_seguranca_na_festa_do_mel\/#breadcrumb","itemListElement":[{"@type":"ListItem","position":1,"name":"In\u00edcio","item":"https:\/\/www.pm.pb.gov.br\/portal\/"},{"@type":"ListItem","position":2,"name":"9\u00ba Batalh\u00e3o garante seguran\u00e7a na Festa do Mel"}]},{"@type":"WebSite","@id":"https:\/\/www.pm.pb.gov.br\/portal\/#website","url":"https:\/\/www.pm.pb.gov.br\/portal\/","name":"Pol\u00edcia Militar da Para\u00edba","description":"","publisher":{"@id":"https:\/\/www.pm.pb.gov.br\/portal\/#organization"},"potentialAction":[{"@type":"SearchAction","target":{"@type":"EntryPoint","urlTemplate":"https:\/\/www.pm.pb.gov.br\/portal\/?s={search_term_string}"},"query-input":"required name=search_term_string"}],"inLanguage":"pt-BR"},{"@type":"Organization","@id":"https:\/\/www.pm.pb.gov.br\/portal\/#organization","name":"Pol\u00edcia Militar da Para\u00edba","url":"https:\/\/www.pm.pb.gov.br\/portal\/","logo":{"@type":"ImageObject","inLanguage":"pt-BR","@id":"https:\/\/www.pm.pb.gov.br\/portal\/#\/schema\/logo\/image\/","url":"https:\/\/www.pm.pb.gov.br\/portal\/wp-content\/uploads\/2025\/03\/cropped-logo-site-mag2-1.png","contentUrl":"https:\/\/www.pm.pb.gov.br\/portal\/wp-content\/uploads\/2025\/03\/cropped-logo-site-mag2-1.png","width":320,"height":90,"caption":"Pol\u00edcia Militar da Para\u00edba"},"image":{"@id":"https:\/\/www.pm.pb.gov.br\/portal\/#\/schema\/logo\/image\/"}},{"@type":"Person","@id":"https:\/\/www.pm.pb.gov.br\/portal\/#\/schema\/person\/e8454f46651c3ecf0e1ba3c1666d9947","name":"Assessoria de Imprensa da PMPB","image":{"@type":"ImageObject","inLanguage":"pt-BR","@id":"https:\/\/www.pm.pb.gov.br\/portal\/#\/schema\/person\/image\/","url":"https:\/\/secure.gravatar.com\/avatar\/2efe197438265d1e90bd98c4c8e1acf8?s=96&d=mm&r=g","contentUrl":"https:\/\/secure.gravatar.com\/avatar\/2efe197438265d1e90bd98c4c8e1acf8?s=96&d=mm&r=g","caption":"Assessoria de Imprensa da PMPB"},"url":"https:\/\/www.pm.pb.gov.br\/portal\/author\/assessoria\/"}]}},"_links":{"self":[{"href":"https:\/\/www.pm.pb.gov.br\/portal\/wp-json\/wp\/v2\/posts\/890896"}],"collection":[{"href":"https:\/\/www.pm.pb.gov.br\/portal\/wp-json\/wp\/v2\/posts"}],"about":[{"href":"https:\/\/www.pm.pb.gov.br\/portal\/wp-json\/wp\/v2\/types\/post"}],"author":[{"embeddable":true,"href":"https:\/\/www.pm.pb.gov.br\/portal\/wp-json\/wp\/v2\/users\/5"}],"replies":[{"embeddable":true,"href":"https:\/\/www.pm.pb.gov.br\/portal\/wp-json\/wp\/v2\/comments?post=890896"}],"version-history":[{"count":0,"href":"https:\/\/www.pm.pb.gov.br\/portal\/wp-json\/wp\/v2\/posts\/890896\/revisions"}],"wp:featuredmedia":[{"embeddable":true,"href":"https:\/\/www.pm.pb.gov.br\/portal\/wp-json\/wp\/v2\/media\/890951"}],"wp:attachment":[{"href":"https:\/\/www.pm.pb.gov.br\/portal\/wp-json\/wp\/v2\/media?parent=890896"}],"wp:term":[{"taxonomy":"category","embeddable":true,"href":"https:\/\/www.pm.pb.gov.br\/portal\/wp-json\/wp\/v2\/categories?post=890896"},{"taxonomy":"post_tag","embeddable":true,"href":"https:\/\/www.pm.pb.gov.br\/portal\/wp-json\/wp\/v2\/tags?post=890896"}],"curies":[{"name":"wp","href":"https:\/\/api.w.org\/{rel}","templated":true}]}}