{"id":890871,"date":"2012-05-22T16:05:25","date_gmt":"2012-05-22T19:05:25","guid":{"rendered":"http:\/\/www.pm.pb.gov.br\/portal\/2012\/05\/operacao_nomade_e_realizada_no_bairro_de_mandacaru\/"},"modified":"2012-05-22T16:05:25","modified_gmt":"2012-05-22T19:05:25","slug":"operacao_nomade_e_realizada_no_bairro_de_mandacaru","status":"publish","type":"post","link":"https:\/\/www.pm.pb.gov.br\/portal\/2012\/05\/22\/operacao_nomade_e_realizada_no_bairro_de_mandacaru\/","title":{"rendered":"Opera\u00e7\u00e3o N\u00f4made \u00e9 realizada no bairro de Mandacar\u00fa"},"content":{"rendered":"<figure style=\"width: 500px\" class=\"wp-caption alignnone\"><img decoding=\"async\" class=\"alignnone size-medium\" src=\"http:\/\/www.pm.pb.gov.br\/portal\/wp-content\/uploads\/2012\/05\/6602_7898.jpg\" title=\"V\u00e1rias modalidades de policiamento foram empregadas \" width=\"100%\" \/><figcaption class=\"wp-caption-text\">V\u00e1rias modalidades de policiamento foram empregadas<\/figcaption><\/figure>\n<div style=\"text-align: justify;\">\n<p>Cerca de 350 homens da Pol\u00edcia Militar da Para\u00edba participaram na manh\u00e3 desta sexta-feira, dia 18, do lan\u00e7amento de mais uma edi\u00e7\u00e3o da Opera\u00e7\u00e3o N\u00f4made realizada no bairrode Mandacaru. O secretario de Seguran\u00e7a e Defesa Social Claudio Lima,o subcomandante geral da Corpora\u00e7\u00e3o, coronel Francisco de Assis Castro,que representou o comandante geral da PMPB, coronel Euller de Assis Chaves, e o comandante da Regi\u00e3o Metropolitana, coronel Carlos Am\u00e9rico, estiveram presentes.<\/p>\n<p>O evento foi realizado em frente a Unidade de Policia Solid\u00e1ria de Mandacaru, e contou com presen\u00e7a de todas as modalidades de policiamento da Corpora\u00e7\u00e3o.<\/p>\n<p>Na oportunidade, o secret\u00e1rio Cl\u00e1udio Lima parabenizou todos os policiais militares pelo trabalho realizado no combate ao crime, bem como enalteceu a diminui\u00e7\u00e3o dos \u00edndices de criminalidade em toda a Para\u00edba.<\/p>\n<p>Conforme informa\u00e7\u00f5es do subcomandante geral, coronel Castro, a Opera\u00e7\u00e3o ser\u00e1 realizada durante todo final de semana na regi\u00e3o metropolitana da Capital, e tem como objetivo intensificar a preven\u00e7\u00e3o e repress\u00e3o de pr\u00e1ticas delituosas, bem como apreender entorpecentes e objetos il\u00edcitos, al\u00e9m de cumprir mandado de pris\u00e3o.<\/p>\n<p>O coronel Castro ainda informou que a Opera\u00e7\u00e3o \u00e9 desenvolvida simultaneamente em toda a Para\u00edba, e vem contribuindo de forma eficaz para a redu\u00e7\u00e3o satisfat\u00f3ria dos \u00edndices de criminalidade. A Pol\u00edcia Militar ocupou todas as \u00e1reas do bairro de Mandacaru.<\/p>\n<p>Com a implanta\u00e7\u00e3o da Opera\u00e7\u00e3o N\u00f4made semanalmente na Para\u00edba, os n\u00fameros mostram que realmente todos os \u00edndices de criminalidades vem diminuindo paulatinamente com o trabalho integrado das Pol\u00edcias Civil e Militar. Segundo dados repassados pela Secretaria de Seguran\u00e7a e Defesa Social houve uma redu\u00e7\u00e3o significativa em todas as modalidades de crimes como comprovamos abaixo:<\/p>\n<p>Apreens\u00e3o de drogas:<\/p>\n<p>No primeiro trimestre foram encaminhados ao IPC 126,188 quilos de drogas. O n\u00famero \u00e9 quase o dobro dos 72,920 quilos que foi apreendido no mesmo per\u00edodo do ano passado. Ao longo de 2011, foi apreendida mais de meia tonelada de drogas.<\/p>\n<p>Armas apreendidas:<\/p>\n<p>Nos meses de janeiro e fevereiro, a pol\u00edcia apreendeu 254 armas na Para\u00edba, 70% a mais do que no mesmo per\u00edodo do ano passado, quando foram retiradas de circula\u00e7\u00e3o 150 armas. Ao longo de 2011, foram apreendidas 2.179 armas no Estado.<\/p>\n<p>Crimes Violentos Patrimoniais (CVP):<\/p>\n<p>A pol\u00edcia registrou queda consecutiva de CVP em Jo\u00e3o Pessoa. Entre o 5\u00ba e o 6\u00ba semestre de 2011 aconteceu uma queda de 23%. Entre \u00faltimo bimestre do ano e o primeiro de 2012 aconteceu mais uma queda, de 13%.<\/p>\n<p>5\u00ba bimestre de 2011: 1.119 CVP<br \/>\n6\u00ba bimestre de 2011: 859.<br \/>\nPrimeiro bimestre de 2012: 743 casos<\/p>\n<p>Roubo a Banco: Os crimes contra institui\u00e7\u00f5es banc\u00e1rias ca\u00edram 40% no primeiro trimestre do ano, em rela\u00e7\u00e3o ao mesmo per\u00edodo do ano passado na Para\u00edba. Os roubos com explos\u00f5es ca\u00edram 60%.<\/p>\n<p>Crimes Contra Bancos:<\/p>\n<p>1\u00ba trimestre de 2012: 12 e uma tentativa<br \/>\n1\u00ba trimestre de 2011: 20 e 5 tentativas<\/p>\n<p>-Explos\u00f5es:<\/p>\n<p>1\u00ba trimestre de 2011: 15<br \/>\n1\u00ba trimestre de 2012: 6<\/p>\n<p>Recupera\u00e7\u00e3o de Ve\u00edculos:<\/p>\n<p>Os roubos a ve\u00edculos em Jo\u00e3o Pessoa ca\u00edram 12% em 2011 em rela\u00e7\u00e3o a 2010. De 770 os registros ca\u00edram para 678. Dos roubados no ano passado, 44% foram recuperados.<\/p>\n<p>No primeiro trimestre de 2012, 61% dos ve\u00edculos roubados ou furtados em Jo\u00e3o Pessoa foram recuperados. Das 149 ocorr\u00eancias, 92 resultaram na apreens\u00e3o dos ve\u00edculos.<\/p>\n<div class=\"row\" align=\"center\"><a href=\"http:\/\/www.pm.pb.gov.br\/exportacao\/fotos_noticias\/6602_7899.jpg\"><figure style=\"width: 500px\" class=\"wp-caption alignnone\"><img decoding=\"async\" class=\"image-responsive\" src=\"http:\/\/www.pm.pb.gov.br\/exportacao\/fotos_noticias\/6602_7899.jpg\" title=\"O secret\u00e1rio Claudio Lima elogiou o trabalho da PM\" width=\"100%\" \/><figcaption class=\"wp-caption-text\">O secret\u00e1rio Claudio Lima elogiou o trabalho da PM<\/figcaption><\/figure><\/a><a href=\"http:\/\/www.pm.pb.gov.br\/exportacao\/fotos_noticias\/6602_7900.jpg\"><figure style=\"width: 500px\" class=\"wp-caption alignnone\"><img decoding=\"async\" class=\"image-responsive\" src=\"http:\/\/www.pm.pb.gov.br\/exportacao\/fotos_noticias\/6602_7900.jpg\" title=\"Coronel Castro pediu mais empenho da tropa no combate a criminalidade \" width=\"100%\" \/><figcaption class=\"wp-caption-text\">Coronel Castro pediu mais empenho da tropa no combate a criminalidade<\/figcaption><\/figure><\/a><a href=\"http:\/\/www.pm.pb.gov.br\/exportacao\/fotos_noticias\/6602_7901.jpg\"><figure style=\"width: 500px\" class=\"wp-caption alignnone\"><img decoding=\"async\" class=\"image-responsive\" src=\"http:\/\/www.pm.pb.gov.br\/exportacao\/fotos_noticias\/6602_7901.jpg\" title=\"TC Almeida apresenta a tropa pronta as autoridades presentes\" width=\"100%\" \/><figcaption class=\"wp-caption-text\">TC Almeida apresenta a tropa pronta as autoridades presentes<\/figcaption><\/figure><\/a><a href=\"http:\/\/www.pm.pb.gov.br\/portal\/wp-content\/uploads\/2012\/05\/6602_7902.jpg\"><figure style=\"width: 500px\" class=\"wp-caption alignnone\"><img decoding=\"async\" class=\"image-responsive\" src=\"http:\/\/www.pm.pb.gov.br\/portal\/wp-content\/uploads\/2012\/05\/6602_7902.jpg\" title=\"V\u00e1rias barreiras policiais foram montadas \" width=\"100%\" \/><figcaption class=\"wp-caption-text\">V\u00e1rias barreiras policiais foram montadas<\/figcaption><\/figure><\/a><\/div>\n<\/div>\n","protected":false},"excerpt":{"rendered":"<p>Cerca de 350 homens da Pol\u00edcia Militar da Para\u00edba participaram na manh\u00e3 desta sexta-feira, dia 18, do lan\u00e7amento de mais<\/p>\n","protected":false},"author":5,"featured_media":7898,"comment_status":"closed","ping_status":"closed","sticky":false,"template":"","format":"standard","meta":{"_exactmetrics_skip_tracking":false,"_exactmetrics_sitenote_active":false,"_exactmetrics_sitenote_note":"","_exactmetrics_sitenote_category":0,"footnotes":""},"categories":[4],"tags":[],"yoast_head":"<!-- This site is optimized with the Yoast SEO plugin v22.0 - https:\/\/yoast.com\/wordpress\/plugins\/seo\/ -->\n<title>Opera\u00e7\u00e3o N\u00f4made \u00e9 realizada no bairro de Mandacar\u00fa - Pol\u00edcia Militar da Para\u00edba<\/title>\n<meta name=\"robots\" content=\"index, follow, max-snippet:-1, max-image-preview:large, max-video-preview:-1\" \/>\n<link rel=\"canonical\" href=\"https:\/\/www.pm.pb.gov.br\/portal\/2012\/05\/22\/operacao_nomade_e_realizada_no_bairro_de_mandacaru\/\" \/>\n<meta property=\"og:locale\" content=\"pt_BR\" \/>\n<meta property=\"og:type\" content=\"article\" \/>\n<meta property=\"og:title\" content=\"Opera\u00e7\u00e3o N\u00f4made \u00e9 realizada no bairro de Mandacar\u00fa - Pol\u00edcia Militar da Para\u00edba\" \/>\n<meta property=\"og:description\" content=\"Cerca de 350 homens da Pol\u00edcia Militar da Para\u00edba participaram na manh\u00e3 desta sexta-feira, dia 18, do lan\u00e7amento de mais\" \/>\n<meta property=\"og:url\" content=\"https:\/\/www.pm.pb.gov.br\/portal\/2012\/05\/22\/operacao_nomade_e_realizada_no_bairro_de_mandacaru\/\" \/>\n<meta property=\"og:site_name\" content=\"Pol\u00edcia Militar da Para\u00edba\" \/>\n<meta property=\"article:published_time\" content=\"2012-05-22T19:05:25+00:00\" \/>\n<meta property=\"og:image\" content=\"https:\/\/www.pm.pb.gov.br\/portal\/wp-content\/uploads\/2012\/05\/6602_7898.jpg\" \/>\n\t<meta property=\"og:image:width\" content=\"500\" \/>\n\t<meta property=\"og:image:height\" content=\"333\" \/>\n\t<meta property=\"og:image:type\" content=\"image\/jpeg\" \/>\n<meta name=\"author\" content=\"Assessoria de Imprensa da PMPB\" \/>\n<meta name=\"twitter:card\" content=\"summary_large_image\" \/>\n<meta name=\"twitter:label1\" content=\"Escrito por\" \/>\n\t<meta name=\"twitter:data1\" content=\"Assessoria de Imprensa da PMPB\" \/>\n\t<meta name=\"twitter:label2\" content=\"Est. tempo de leitura\" \/>\n\t<meta name=\"twitter:data2\" content=\"3 minutos\" \/>\n<script type=\"application\/ld+json\" class=\"yoast-schema-graph\">{\"@context\":\"https:\/\/schema.org\",\"@graph\":[{\"@type\":\"Article\",\"@id\":\"https:\/\/www.pm.pb.gov.br\/portal\/2012\/05\/22\/operacao_nomade_e_realizada_no_bairro_de_mandacaru\/#article\",\"isPartOf\":{\"@id\":\"https:\/\/www.pm.pb.gov.br\/portal\/2012\/05\/22\/operacao_nomade_e_realizada_no_bairro_de_mandacaru\/\"},\"author\":{\"name\":\"Assessoria de Imprensa da PMPB\",\"@id\":\"https:\/\/www.pm.pb.gov.br\/portal\/#\/schema\/person\/e8454f46651c3ecf0e1ba3c1666d9947\"},\"headline\":\"Opera\u00e7\u00e3o N\u00f4made \u00e9 realizada no bairro de Mandacar\u00fa\",\"datePublished\":\"2012-05-22T19:05:25+00:00\",\"dateModified\":\"2012-05-22T19:05:25+00:00\",\"mainEntityOfPage\":{\"@id\":\"https:\/\/www.pm.pb.gov.br\/portal\/2012\/05\/22\/operacao_nomade_e_realizada_no_bairro_de_mandacaru\/\"},\"wordCount\":634,\"publisher\":{\"@id\":\"https:\/\/www.pm.pb.gov.br\/portal\/#organization\"},\"articleSection\":[\"A\u00e7\u00f5es Policiais\"],\"inLanguage\":\"pt-BR\"},{\"@type\":\"WebPage\",\"@id\":\"https:\/\/www.pm.pb.gov.br\/portal\/2012\/05\/22\/operacao_nomade_e_realizada_no_bairro_de_mandacaru\/\",\"url\":\"https:\/\/www.pm.pb.gov.br\/portal\/2012\/05\/22\/operacao_nomade_e_realizada_no_bairro_de_mandacaru\/\",\"name\":\"Opera\u00e7\u00e3o N\u00f4made \u00e9 realizada no bairro de Mandacar\u00fa - Pol\u00edcia Militar da Para\u00edba\",\"isPartOf\":{\"@id\":\"https:\/\/www.pm.pb.gov.br\/portal\/#website\"},\"datePublished\":\"2012-05-22T19:05:25+00:00\",\"dateModified\":\"2012-05-22T19:05:25+00:00\",\"breadcrumb\":{\"@id\":\"https:\/\/www.pm.pb.gov.br\/portal\/2012\/05\/22\/operacao_nomade_e_realizada_no_bairro_de_mandacaru\/#breadcrumb\"},\"inLanguage\":\"pt-BR\",\"potentialAction\":[{\"@type\":\"ReadAction\",\"target\":[\"https:\/\/www.pm.pb.gov.br\/portal\/2012\/05\/22\/operacao_nomade_e_realizada_no_bairro_de_mandacaru\/\"]}]},{\"@type\":\"BreadcrumbList\",\"@id\":\"https:\/\/www.pm.pb.gov.br\/portal\/2012\/05\/22\/operacao_nomade_e_realizada_no_bairro_de_mandacaru\/#breadcrumb\",\"itemListElement\":[{\"@type\":\"ListItem\",\"position\":1,\"name\":\"In\u00edcio\",\"item\":\"https:\/\/www.pm.pb.gov.br\/portal\/\"},{\"@type\":\"ListItem\",\"position\":2,\"name\":\"Opera\u00e7\u00e3o N\u00f4made \u00e9 realizada no bairro de Mandacar\u00fa\"}]},{\"@type\":\"WebSite\",\"@id\":\"https:\/\/www.pm.pb.gov.br\/portal\/#website\",\"url\":\"https:\/\/www.pm.pb.gov.br\/portal\/\",\"name\":\"Pol\u00edcia Militar da Para\u00edba\",\"description\":\"\",\"publisher\":{\"@id\":\"https:\/\/www.pm.pb.gov.br\/portal\/#organization\"},\"potentialAction\":[{\"@type\":\"SearchAction\",\"target\":{\"@type\":\"EntryPoint\",\"urlTemplate\":\"https:\/\/www.pm.pb.gov.br\/portal\/?s={search_term_string}\"},\"query-input\":\"required name=search_term_string\"}],\"inLanguage\":\"pt-BR\"},{\"@type\":\"Organization\",\"@id\":\"https:\/\/www.pm.pb.gov.br\/portal\/#organization\",\"name\":\"Pol\u00edcia Militar da Para\u00edba\",\"url\":\"https:\/\/www.pm.pb.gov.br\/portal\/\",\"logo\":{\"@type\":\"ImageObject\",\"inLanguage\":\"pt-BR\",\"@id\":\"https:\/\/www.pm.pb.gov.br\/portal\/#\/schema\/logo\/image\/\",\"url\":\"https:\/\/www.pm.pb.gov.br\/portal\/wp-content\/uploads\/2025\/03\/cropped-logo-site-mag2-1.png\",\"contentUrl\":\"https:\/\/www.pm.pb.gov.br\/portal\/wp-content\/uploads\/2025\/03\/cropped-logo-site-mag2-1.png\",\"width\":320,\"height\":90,\"caption\":\"Pol\u00edcia Militar da Para\u00edba\"},\"image\":{\"@id\":\"https:\/\/www.pm.pb.gov.br\/portal\/#\/schema\/logo\/image\/\"}},{\"@type\":\"Person\",\"@id\":\"https:\/\/www.pm.pb.gov.br\/portal\/#\/schema\/person\/e8454f46651c3ecf0e1ba3c1666d9947\",\"name\":\"Assessoria de Imprensa da PMPB\",\"image\":{\"@type\":\"ImageObject\",\"inLanguage\":\"pt-BR\",\"@id\":\"https:\/\/www.pm.pb.gov.br\/portal\/#\/schema\/person\/image\/\",\"url\":\"https:\/\/secure.gravatar.com\/avatar\/2efe197438265d1e90bd98c4c8e1acf8?s=96&d=mm&r=g\",\"contentUrl\":\"https:\/\/secure.gravatar.com\/avatar\/2efe197438265d1e90bd98c4c8e1acf8?s=96&d=mm&r=g\",\"caption\":\"Assessoria de Imprensa da PMPB\"},\"url\":\"https:\/\/www.pm.pb.gov.br\/portal\/author\/assessoria\/\"}]}<\/script>\n<!-- \/ Yoast SEO plugin. -->","yoast_head_json":{"title":"Opera\u00e7\u00e3o N\u00f4made \u00e9 realizada no bairro de Mandacar\u00fa - Pol\u00edcia Militar da Para\u00edba","robots":{"index":"index","follow":"follow","max-snippet":"max-snippet:-1","max-image-preview":"max-image-preview:large","max-video-preview":"max-video-preview:-1"},"canonical":"https:\/\/www.pm.pb.gov.br\/portal\/2012\/05\/22\/operacao_nomade_e_realizada_no_bairro_de_mandacaru\/","og_locale":"pt_BR","og_type":"article","og_title":"Opera\u00e7\u00e3o N\u00f4made \u00e9 realizada no bairro de Mandacar\u00fa - Pol\u00edcia Militar da Para\u00edba","og_description":"Cerca de 350 homens da Pol\u00edcia Militar da Para\u00edba participaram na manh\u00e3 desta sexta-feira, dia 18, do lan\u00e7amento de mais","og_url":"https:\/\/www.pm.pb.gov.br\/portal\/2012\/05\/22\/operacao_nomade_e_realizada_no_bairro_de_mandacaru\/","og_site_name":"Pol\u00edcia Militar da Para\u00edba","article_published_time":"2012-05-22T19:05:25+00:00","og_image":[{"width":500,"height":333,"url":"https:\/\/www.pm.pb.gov.br\/portal\/wp-content\/uploads\/2012\/05\/6602_7898.jpg","type":"image\/jpeg"}],"author":"Assessoria de Imprensa da PMPB","twitter_card":"summary_large_image","twitter_misc":{"Escrito por":"Assessoria de Imprensa da PMPB","Est. tempo de leitura":"3 minutos"},"schema":{"@context":"https:\/\/schema.org","@graph":[{"@type":"Article","@id":"https:\/\/www.pm.pb.gov.br\/portal\/2012\/05\/22\/operacao_nomade_e_realizada_no_bairro_de_mandacaru\/#article","isPartOf":{"@id":"https:\/\/www.pm.pb.gov.br\/portal\/2012\/05\/22\/operacao_nomade_e_realizada_no_bairro_de_mandacaru\/"},"author":{"name":"Assessoria de Imprensa da PMPB","@id":"https:\/\/www.pm.pb.gov.br\/portal\/#\/schema\/person\/e8454f46651c3ecf0e1ba3c1666d9947"},"headline":"Opera\u00e7\u00e3o N\u00f4made \u00e9 realizada no bairro de Mandacar\u00fa","datePublished":"2012-05-22T19:05:25+00:00","dateModified":"2012-05-22T19:05:25+00:00","mainEntityOfPage":{"@id":"https:\/\/www.pm.pb.gov.br\/portal\/2012\/05\/22\/operacao_nomade_e_realizada_no_bairro_de_mandacaru\/"},"wordCount":634,"publisher":{"@id":"https:\/\/www.pm.pb.gov.br\/portal\/#organization"},"articleSection":["A\u00e7\u00f5es Policiais"],"inLanguage":"pt-BR"},{"@type":"WebPage","@id":"https:\/\/www.pm.pb.gov.br\/portal\/2012\/05\/22\/operacao_nomade_e_realizada_no_bairro_de_mandacaru\/","url":"https:\/\/www.pm.pb.gov.br\/portal\/2012\/05\/22\/operacao_nomade_e_realizada_no_bairro_de_mandacaru\/","name":"Opera\u00e7\u00e3o N\u00f4made \u00e9 realizada no bairro de Mandacar\u00fa - Pol\u00edcia Militar da Para\u00edba","isPartOf":{"@id":"https:\/\/www.pm.pb.gov.br\/portal\/#website"},"datePublished":"2012-05-22T19:05:25+00:00","dateModified":"2012-05-22T19:05:25+00:00","breadcrumb":{"@id":"https:\/\/www.pm.pb.gov.br\/portal\/2012\/05\/22\/operacao_nomade_e_realizada_no_bairro_de_mandacaru\/#breadcrumb"},"inLanguage":"pt-BR","potentialAction":[{"@type":"ReadAction","target":["https:\/\/www.pm.pb.gov.br\/portal\/2012\/05\/22\/operacao_nomade_e_realizada_no_bairro_de_mandacaru\/"]}]},{"@type":"BreadcrumbList","@id":"https:\/\/www.pm.pb.gov.br\/portal\/2012\/05\/22\/operacao_nomade_e_realizada_no_bairro_de_mandacaru\/#breadcrumb","itemListElement":[{"@type":"ListItem","position":1,"name":"In\u00edcio","item":"https:\/\/www.pm.pb.gov.br\/portal\/"},{"@type":"ListItem","position":2,"name":"Opera\u00e7\u00e3o N\u00f4made \u00e9 realizada no bairro de Mandacar\u00fa"}]},{"@type":"WebSite","@id":"https:\/\/www.pm.pb.gov.br\/portal\/#website","url":"https:\/\/www.pm.pb.gov.br\/portal\/","name":"Pol\u00edcia Militar da Para\u00edba","description":"","publisher":{"@id":"https:\/\/www.pm.pb.gov.br\/portal\/#organization"},"potentialAction":[{"@type":"SearchAction","target":{"@type":"EntryPoint","urlTemplate":"https:\/\/www.pm.pb.gov.br\/portal\/?s={search_term_string}"},"query-input":"required name=search_term_string"}],"inLanguage":"pt-BR"},{"@type":"Organization","@id":"https:\/\/www.pm.pb.gov.br\/portal\/#organization","name":"Pol\u00edcia Militar da Para\u00edba","url":"https:\/\/www.pm.pb.gov.br\/portal\/","logo":{"@type":"ImageObject","inLanguage":"pt-BR","@id":"https:\/\/www.pm.pb.gov.br\/portal\/#\/schema\/logo\/image\/","url":"https:\/\/www.pm.pb.gov.br\/portal\/wp-content\/uploads\/2025\/03\/cropped-logo-site-mag2-1.png","contentUrl":"https:\/\/www.pm.pb.gov.br\/portal\/wp-content\/uploads\/2025\/03\/cropped-logo-site-mag2-1.png","width":320,"height":90,"caption":"Pol\u00edcia Militar da Para\u00edba"},"image":{"@id":"https:\/\/www.pm.pb.gov.br\/portal\/#\/schema\/logo\/image\/"}},{"@type":"Person","@id":"https:\/\/www.pm.pb.gov.br\/portal\/#\/schema\/person\/e8454f46651c3ecf0e1ba3c1666d9947","name":"Assessoria de Imprensa da PMPB","image":{"@type":"ImageObject","inLanguage":"pt-BR","@id":"https:\/\/www.pm.pb.gov.br\/portal\/#\/schema\/person\/image\/","url":"https:\/\/secure.gravatar.com\/avatar\/2efe197438265d1e90bd98c4c8e1acf8?s=96&d=mm&r=g","contentUrl":"https:\/\/secure.gravatar.com\/avatar\/2efe197438265d1e90bd98c4c8e1acf8?s=96&d=mm&r=g","caption":"Assessoria de Imprensa da PMPB"},"url":"https:\/\/www.pm.pb.gov.br\/portal\/author\/assessoria\/"}]}},"_links":{"self":[{"href":"https:\/\/www.pm.pb.gov.br\/portal\/wp-json\/wp\/v2\/posts\/890871"}],"collection":[{"href":"https:\/\/www.pm.pb.gov.br\/portal\/wp-json\/wp\/v2\/posts"}],"about":[{"href":"https:\/\/www.pm.pb.gov.br\/portal\/wp-json\/wp\/v2\/types\/post"}],"author":[{"embeddable":true,"href":"https:\/\/www.pm.pb.gov.br\/portal\/wp-json\/wp\/v2\/users\/5"}],"replies":[{"embeddable":true,"href":"https:\/\/www.pm.pb.gov.br\/portal\/wp-json\/wp\/v2\/comments?post=890871"}],"version-history":[{"count":0,"href":"https:\/\/www.pm.pb.gov.br\/portal\/wp-json\/wp\/v2\/posts\/890871\/revisions"}],"wp:featuredmedia":[{"embeddable":true,"href":"https:\/\/www.pm.pb.gov.br\/portal\/wp-json\/wp\/v2\/media\/7898"}],"wp:attachment":[{"href":"https:\/\/www.pm.pb.gov.br\/portal\/wp-json\/wp\/v2\/media?parent=890871"}],"wp:term":[{"taxonomy":"category","embeddable":true,"href":"https:\/\/www.pm.pb.gov.br\/portal\/wp-json\/wp\/v2\/categories?post=890871"},{"taxonomy":"post_tag","embeddable":true,"href":"https:\/\/www.pm.pb.gov.br\/portal\/wp-json\/wp\/v2\/tags?post=890871"}],"curies":[{"name":"wp","href":"https:\/\/api.w.org\/{rel}","templated":true}]}}