{"id":8898,"date":"2013-12-17T12:12:12","date_gmt":"2013-12-17T15:12:12","guid":{"rendered":"http:\/\/www.pm.pb.gov.br\/portal\/2013\/12\/policia_frustra_tentativa_de_arremesso_de_celulares_em_presidio\/"},"modified":"2013-12-17T12:12:12","modified_gmt":"2013-12-17T15:12:12","slug":"policia_frustra_tentativa_de_arremesso_de_celulares_em_presidio","status":"publish","type":"post","link":"https:\/\/www.pm.pb.gov.br\/portal\/2013\/12\/17\/policia_frustra_tentativa_de_arremesso_de_celulares_em_presidio\/","title":{"rendered":"Pol\u00edcia frustra tentativa de arremesso de celulares em pres\u00eddio"},"content":{"rendered":"<figure style=\"width: 500px\" class=\"wp-caption alignnone\"><img decoding=\"async\" class=\"alignnone size-medium\" src=\"http:\/\/www.pm.pb.gov.br\/portal\/wp-content\/uploads\/2013\/12\/8898_12013.jpg\" title=\"Foto Ilustrativa\" width=\"100%\" \/><figcaption class=\"wp-caption-text\">Foto Ilustrativa<\/figcaption><\/figure>\n<div style=\"text-align: justify;\">Mais uma tentativa de arremessar aparelhos celulares por cima do muro da Penitenci\u00e1ria Raymundo Asfora (Serrot\u00e3o), em Campina Grande, foi frustrada por agentes penitenci\u00e1rios e policiais militares, na madrugada desta ter\u00e7a-feira (17).<\/p>\n<p>Um pacote com sete telefones, dois carregadores e tr\u00eas fones de ouvido foi arremessado pela muralha, para que fossem pegos pelos presos ap\u00f3s a abertura para o banho de sol. \u0093No entanto, os policiais das guaritas estavam atentos e viram quando o embrulho foi jogado. Eles informaram aos agentes, que foram at\u00e9 o p\u00e1tio interno e apreenderam o material\u0094, disse o diretor da unidade, Manoel Eudes Os\u00f3rio.<\/p>\n<p>Uma pequena quantidade de maconha tamb\u00e9m estava entre os objetos. Todo o material ser\u00e1 encaminhado \u00e0 Secretaria de Estado da Administra\u00e7\u00e3o Penitenci\u00e1ria. O fato ser\u00e1 comunicado \u00e0 Vara das Execu\u00e7\u00f5es Penais de Campina Grande.<\/p>\n<div class=\"row\" align=\"center\"><\/div>\n<\/div>\n","protected":false},"excerpt":{"rendered":"<p>Mais uma tentativa de arremessar aparelhos celulares por cima do muro da Penitenci\u00e1ria Raymundo Asfora (Serrot\u00e3o), em Campina Grande, foi<\/p>\n","protected":false},"author":5,"featured_media":12013,"comment_status":"closed","ping_status":"closed","sticky":false,"template":"","format":"standard","meta":{"_exactmetrics_skip_tracking":false,"_exactmetrics_sitenote_active":false,"_exactmetrics_sitenote_note":"","_exactmetrics_sitenote_category":0,"footnotes":""},"categories":[4],"tags":[],"yoast_head":"<!-- This site is optimized with the Yoast SEO plugin v22.0 - https:\/\/yoast.com\/wordpress\/plugins\/seo\/ -->\n<title>Pol\u00edcia frustra tentativa de arremesso de celulares em pres\u00eddio - Pol\u00edcia Militar da Para\u00edba<\/title>\n<meta name=\"robots\" content=\"index, follow, max-snippet:-1, max-image-preview:large, max-video-preview:-1\" \/>\n<link rel=\"canonical\" href=\"https:\/\/www.pm.pb.gov.br\/portal\/2013\/12\/17\/policia_frustra_tentativa_de_arremesso_de_celulares_em_presidio\/\" \/>\n<meta property=\"og:locale\" content=\"pt_BR\" \/>\n<meta property=\"og:type\" content=\"article\" \/>\n<meta property=\"og:title\" content=\"Pol\u00edcia frustra tentativa de arremesso de celulares em pres\u00eddio - Pol\u00edcia Militar da Para\u00edba\" \/>\n<meta property=\"og:description\" content=\"Mais uma tentativa de arremessar aparelhos celulares por cima do muro da Penitenci\u00e1ria Raymundo Asfora (Serrot\u00e3o), em Campina Grande, foi\" \/>\n<meta property=\"og:url\" content=\"https:\/\/www.pm.pb.gov.br\/portal\/2013\/12\/17\/policia_frustra_tentativa_de_arremesso_de_celulares_em_presidio\/\" \/>\n<meta property=\"og:site_name\" content=\"Pol\u00edcia Militar da Para\u00edba\" \/>\n<meta property=\"article:published_time\" content=\"2013-12-17T15:12:12+00:00\" \/>\n<meta property=\"og:image\" content=\"https:\/\/www.pm.pb.gov.br\/portal\/wp-content\/uploads\/2013\/12\/8898_12013.jpg\" \/>\n\t<meta property=\"og:image:width\" content=\"500\" \/>\n\t<meta property=\"og:image:height\" content=\"333\" \/>\n\t<meta property=\"og:image:type\" content=\"image\/jpeg\" \/>\n<meta name=\"author\" content=\"Assessoria de Imprensa da PMPB\" \/>\n<meta name=\"twitter:card\" content=\"summary_large_image\" \/>\n<meta name=\"twitter:label1\" content=\"Escrito por\" \/>\n\t<meta name=\"twitter:data1\" content=\"Assessoria de Imprensa da PMPB\" \/>\n\t<meta name=\"twitter:label2\" content=\"Est. tempo de leitura\" \/>\n\t<meta name=\"twitter:data2\" content=\"1 minuto\" \/>\n<script type=\"application\/ld+json\" class=\"yoast-schema-graph\">{\"@context\":\"https:\/\/schema.org\",\"@graph\":[{\"@type\":\"Article\",\"@id\":\"https:\/\/www.pm.pb.gov.br\/portal\/2013\/12\/17\/policia_frustra_tentativa_de_arremesso_de_celulares_em_presidio\/#article\",\"isPartOf\":{\"@id\":\"https:\/\/www.pm.pb.gov.br\/portal\/2013\/12\/17\/policia_frustra_tentativa_de_arremesso_de_celulares_em_presidio\/\"},\"author\":{\"name\":\"Assessoria de Imprensa da PMPB\",\"@id\":\"https:\/\/www.pm.pb.gov.br\/portal\/#\/schema\/person\/e8454f46651c3ecf0e1ba3c1666d9947\"},\"headline\":\"Pol\u00edcia frustra tentativa de arremesso de celulares em pres\u00eddio\",\"datePublished\":\"2013-12-17T15:12:12+00:00\",\"dateModified\":\"2013-12-17T15:12:12+00:00\",\"mainEntityOfPage\":{\"@id\":\"https:\/\/www.pm.pb.gov.br\/portal\/2013\/12\/17\/policia_frustra_tentativa_de_arremesso_de_celulares_em_presidio\/\"},\"wordCount\":161,\"publisher\":{\"@id\":\"https:\/\/www.pm.pb.gov.br\/portal\/#organization\"},\"articleSection\":[\"A\u00e7\u00f5es Policiais\"],\"inLanguage\":\"pt-BR\"},{\"@type\":\"WebPage\",\"@id\":\"https:\/\/www.pm.pb.gov.br\/portal\/2013\/12\/17\/policia_frustra_tentativa_de_arremesso_de_celulares_em_presidio\/\",\"url\":\"https:\/\/www.pm.pb.gov.br\/portal\/2013\/12\/17\/policia_frustra_tentativa_de_arremesso_de_celulares_em_presidio\/\",\"name\":\"Pol\u00edcia frustra tentativa de arremesso de celulares em pres\u00eddio - Pol\u00edcia Militar da Para\u00edba\",\"isPartOf\":{\"@id\":\"https:\/\/www.pm.pb.gov.br\/portal\/#website\"},\"datePublished\":\"2013-12-17T15:12:12+00:00\",\"dateModified\":\"2013-12-17T15:12:12+00:00\",\"breadcrumb\":{\"@id\":\"https:\/\/www.pm.pb.gov.br\/portal\/2013\/12\/17\/policia_frustra_tentativa_de_arremesso_de_celulares_em_presidio\/#breadcrumb\"},\"inLanguage\":\"pt-BR\",\"potentialAction\":[{\"@type\":\"ReadAction\",\"target\":[\"https:\/\/www.pm.pb.gov.br\/portal\/2013\/12\/17\/policia_frustra_tentativa_de_arremesso_de_celulares_em_presidio\/\"]}]},{\"@type\":\"BreadcrumbList\",\"@id\":\"https:\/\/www.pm.pb.gov.br\/portal\/2013\/12\/17\/policia_frustra_tentativa_de_arremesso_de_celulares_em_presidio\/#breadcrumb\",\"itemListElement\":[{\"@type\":\"ListItem\",\"position\":1,\"name\":\"In\u00edcio\",\"item\":\"https:\/\/www.pm.pb.gov.br\/portal\/\"},{\"@type\":\"ListItem\",\"position\":2,\"name\":\"Pol\u00edcia frustra tentativa de arremesso de celulares em pres\u00eddio\"}]},{\"@type\":\"WebSite\",\"@id\":\"https:\/\/www.pm.pb.gov.br\/portal\/#website\",\"url\":\"https:\/\/www.pm.pb.gov.br\/portal\/\",\"name\":\"Pol\u00edcia Militar da Para\u00edba\",\"description\":\"\",\"publisher\":{\"@id\":\"https:\/\/www.pm.pb.gov.br\/portal\/#organization\"},\"potentialAction\":[{\"@type\":\"SearchAction\",\"target\":{\"@type\":\"EntryPoint\",\"urlTemplate\":\"https:\/\/www.pm.pb.gov.br\/portal\/?s={search_term_string}\"},\"query-input\":\"required name=search_term_string\"}],\"inLanguage\":\"pt-BR\"},{\"@type\":\"Organization\",\"@id\":\"https:\/\/www.pm.pb.gov.br\/portal\/#organization\",\"name\":\"Pol\u00edcia Militar da Para\u00edba\",\"url\":\"https:\/\/www.pm.pb.gov.br\/portal\/\",\"logo\":{\"@type\":\"ImageObject\",\"inLanguage\":\"pt-BR\",\"@id\":\"https:\/\/www.pm.pb.gov.br\/portal\/#\/schema\/logo\/image\/\",\"url\":\"https:\/\/www.pm.pb.gov.br\/portal\/wp-content\/uploads\/2025\/03\/cropped-logo-site-mag2-1.png\",\"contentUrl\":\"https:\/\/www.pm.pb.gov.br\/portal\/wp-content\/uploads\/2025\/03\/cropped-logo-site-mag2-1.png\",\"width\":320,\"height\":90,\"caption\":\"Pol\u00edcia Militar da Para\u00edba\"},\"image\":{\"@id\":\"https:\/\/www.pm.pb.gov.br\/portal\/#\/schema\/logo\/image\/\"}},{\"@type\":\"Person\",\"@id\":\"https:\/\/www.pm.pb.gov.br\/portal\/#\/schema\/person\/e8454f46651c3ecf0e1ba3c1666d9947\",\"name\":\"Assessoria de Imprensa da PMPB\",\"image\":{\"@type\":\"ImageObject\",\"inLanguage\":\"pt-BR\",\"@id\":\"https:\/\/www.pm.pb.gov.br\/portal\/#\/schema\/person\/image\/\",\"url\":\"https:\/\/secure.gravatar.com\/avatar\/2efe197438265d1e90bd98c4c8e1acf8?s=96&d=mm&r=g\",\"contentUrl\":\"https:\/\/secure.gravatar.com\/avatar\/2efe197438265d1e90bd98c4c8e1acf8?s=96&d=mm&r=g\",\"caption\":\"Assessoria de Imprensa da PMPB\"},\"url\":\"https:\/\/www.pm.pb.gov.br\/portal\/author\/assessoria\/\"}]}<\/script>\n<!-- \/ Yoast SEO plugin. -->","yoast_head_json":{"title":"Pol\u00edcia frustra tentativa de arremesso de celulares em pres\u00eddio - Pol\u00edcia Militar da Para\u00edba","robots":{"index":"index","follow":"follow","max-snippet":"max-snippet:-1","max-image-preview":"max-image-preview:large","max-video-preview":"max-video-preview:-1"},"canonical":"https:\/\/www.pm.pb.gov.br\/portal\/2013\/12\/17\/policia_frustra_tentativa_de_arremesso_de_celulares_em_presidio\/","og_locale":"pt_BR","og_type":"article","og_title":"Pol\u00edcia frustra tentativa de arremesso de celulares em pres\u00eddio - Pol\u00edcia Militar da Para\u00edba","og_description":"Mais uma tentativa de arremessar aparelhos celulares por cima do muro da Penitenci\u00e1ria Raymundo Asfora (Serrot\u00e3o), em Campina Grande, foi","og_url":"https:\/\/www.pm.pb.gov.br\/portal\/2013\/12\/17\/policia_frustra_tentativa_de_arremesso_de_celulares_em_presidio\/","og_site_name":"Pol\u00edcia Militar da Para\u00edba","article_published_time":"2013-12-17T15:12:12+00:00","og_image":[{"width":500,"height":333,"url":"https:\/\/www.pm.pb.gov.br\/portal\/wp-content\/uploads\/2013\/12\/8898_12013.jpg","type":"image\/jpeg"}],"author":"Assessoria de Imprensa da PMPB","twitter_card":"summary_large_image","twitter_misc":{"Escrito por":"Assessoria de Imprensa da PMPB","Est. tempo de leitura":"1 minuto"},"schema":{"@context":"https:\/\/schema.org","@graph":[{"@type":"Article","@id":"https:\/\/www.pm.pb.gov.br\/portal\/2013\/12\/17\/policia_frustra_tentativa_de_arremesso_de_celulares_em_presidio\/#article","isPartOf":{"@id":"https:\/\/www.pm.pb.gov.br\/portal\/2013\/12\/17\/policia_frustra_tentativa_de_arremesso_de_celulares_em_presidio\/"},"author":{"name":"Assessoria de Imprensa da PMPB","@id":"https:\/\/www.pm.pb.gov.br\/portal\/#\/schema\/person\/e8454f46651c3ecf0e1ba3c1666d9947"},"headline":"Pol\u00edcia frustra tentativa de arremesso de celulares em pres\u00eddio","datePublished":"2013-12-17T15:12:12+00:00","dateModified":"2013-12-17T15:12:12+00:00","mainEntityOfPage":{"@id":"https:\/\/www.pm.pb.gov.br\/portal\/2013\/12\/17\/policia_frustra_tentativa_de_arremesso_de_celulares_em_presidio\/"},"wordCount":161,"publisher":{"@id":"https:\/\/www.pm.pb.gov.br\/portal\/#organization"},"articleSection":["A\u00e7\u00f5es Policiais"],"inLanguage":"pt-BR"},{"@type":"WebPage","@id":"https:\/\/www.pm.pb.gov.br\/portal\/2013\/12\/17\/policia_frustra_tentativa_de_arremesso_de_celulares_em_presidio\/","url":"https:\/\/www.pm.pb.gov.br\/portal\/2013\/12\/17\/policia_frustra_tentativa_de_arremesso_de_celulares_em_presidio\/","name":"Pol\u00edcia frustra tentativa de arremesso de celulares em pres\u00eddio - Pol\u00edcia Militar da Para\u00edba","isPartOf":{"@id":"https:\/\/www.pm.pb.gov.br\/portal\/#website"},"datePublished":"2013-12-17T15:12:12+00:00","dateModified":"2013-12-17T15:12:12+00:00","breadcrumb":{"@id":"https:\/\/www.pm.pb.gov.br\/portal\/2013\/12\/17\/policia_frustra_tentativa_de_arremesso_de_celulares_em_presidio\/#breadcrumb"},"inLanguage":"pt-BR","potentialAction":[{"@type":"ReadAction","target":["https:\/\/www.pm.pb.gov.br\/portal\/2013\/12\/17\/policia_frustra_tentativa_de_arremesso_de_celulares_em_presidio\/"]}]},{"@type":"BreadcrumbList","@id":"https:\/\/www.pm.pb.gov.br\/portal\/2013\/12\/17\/policia_frustra_tentativa_de_arremesso_de_celulares_em_presidio\/#breadcrumb","itemListElement":[{"@type":"ListItem","position":1,"name":"In\u00edcio","item":"https:\/\/www.pm.pb.gov.br\/portal\/"},{"@type":"ListItem","position":2,"name":"Pol\u00edcia frustra tentativa de arremesso de celulares em pres\u00eddio"}]},{"@type":"WebSite","@id":"https:\/\/www.pm.pb.gov.br\/portal\/#website","url":"https:\/\/www.pm.pb.gov.br\/portal\/","name":"Pol\u00edcia Militar da Para\u00edba","description":"","publisher":{"@id":"https:\/\/www.pm.pb.gov.br\/portal\/#organization"},"potentialAction":[{"@type":"SearchAction","target":{"@type":"EntryPoint","urlTemplate":"https:\/\/www.pm.pb.gov.br\/portal\/?s={search_term_string}"},"query-input":"required name=search_term_string"}],"inLanguage":"pt-BR"},{"@type":"Organization","@id":"https:\/\/www.pm.pb.gov.br\/portal\/#organization","name":"Pol\u00edcia Militar da Para\u00edba","url":"https:\/\/www.pm.pb.gov.br\/portal\/","logo":{"@type":"ImageObject","inLanguage":"pt-BR","@id":"https:\/\/www.pm.pb.gov.br\/portal\/#\/schema\/logo\/image\/","url":"https:\/\/www.pm.pb.gov.br\/portal\/wp-content\/uploads\/2025\/03\/cropped-logo-site-mag2-1.png","contentUrl":"https:\/\/www.pm.pb.gov.br\/portal\/wp-content\/uploads\/2025\/03\/cropped-logo-site-mag2-1.png","width":320,"height":90,"caption":"Pol\u00edcia Militar da Para\u00edba"},"image":{"@id":"https:\/\/www.pm.pb.gov.br\/portal\/#\/schema\/logo\/image\/"}},{"@type":"Person","@id":"https:\/\/www.pm.pb.gov.br\/portal\/#\/schema\/person\/e8454f46651c3ecf0e1ba3c1666d9947","name":"Assessoria de Imprensa da PMPB","image":{"@type":"ImageObject","inLanguage":"pt-BR","@id":"https:\/\/www.pm.pb.gov.br\/portal\/#\/schema\/person\/image\/","url":"https:\/\/secure.gravatar.com\/avatar\/2efe197438265d1e90bd98c4c8e1acf8?s=96&d=mm&r=g","contentUrl":"https:\/\/secure.gravatar.com\/avatar\/2efe197438265d1e90bd98c4c8e1acf8?s=96&d=mm&r=g","caption":"Assessoria de Imprensa da PMPB"},"url":"https:\/\/www.pm.pb.gov.br\/portal\/author\/assessoria\/"}]}},"_links":{"self":[{"href":"https:\/\/www.pm.pb.gov.br\/portal\/wp-json\/wp\/v2\/posts\/8898"}],"collection":[{"href":"https:\/\/www.pm.pb.gov.br\/portal\/wp-json\/wp\/v2\/posts"}],"about":[{"href":"https:\/\/www.pm.pb.gov.br\/portal\/wp-json\/wp\/v2\/types\/post"}],"author":[{"embeddable":true,"href":"https:\/\/www.pm.pb.gov.br\/portal\/wp-json\/wp\/v2\/users\/5"}],"replies":[{"embeddable":true,"href":"https:\/\/www.pm.pb.gov.br\/portal\/wp-json\/wp\/v2\/comments?post=8898"}],"version-history":[{"count":0,"href":"https:\/\/www.pm.pb.gov.br\/portal\/wp-json\/wp\/v2\/posts\/8898\/revisions"}],"wp:featuredmedia":[{"embeddable":true,"href":"https:\/\/www.pm.pb.gov.br\/portal\/wp-json\/wp\/v2\/media\/12013"}],"wp:attachment":[{"href":"https:\/\/www.pm.pb.gov.br\/portal\/wp-json\/wp\/v2\/media?parent=8898"}],"wp:term":[{"taxonomy":"category","embeddable":true,"href":"https:\/\/www.pm.pb.gov.br\/portal\/wp-json\/wp\/v2\/categories?post=8898"},{"taxonomy":"post_tag","embeddable":true,"href":"https:\/\/www.pm.pb.gov.br\/portal\/wp-json\/wp\/v2\/tags?post=8898"}],"curies":[{"name":"wp","href":"https:\/\/api.w.org\/{rel}","templated":true}]}}