{"id":889555,"date":"2011-03-01T12:03:35","date_gmt":"2011-03-01T15:03:35","guid":{"rendered":"http:\/\/www.pm.pb.gov.br\/portal\/2011\/03\/pm_forma_mais_uma_turma_do_curso_de_caatinga_2011\/"},"modified":"2011-03-01T12:03:35","modified_gmt":"2011-03-01T15:03:35","slug":"pm_forma_mais_uma_turma_do_curso_de_caatinga_2011","status":"publish","type":"post","link":"https:\/\/www.pm.pb.gov.br\/portal\/2011\/03\/01\/pm_forma_mais_uma_turma_do_curso_de_caatinga_2011\/","title":{"rendered":"PM forma mais uma turma do Curso de Caatinga 2011"},"content":{"rendered":"<figure style=\"width: 500px\" class=\"wp-caption alignnone\"><img decoding=\"async\" class=\"alignnone size-medium\" src=\"http:\/\/www.pm.pb.gov.br\/portal\/wp-content\/uploads\/2011\/03\/4969_5976.jpg\" title=\"Coordenador do Curso capit\u00e3o Wherick apresenta a tropa ao TC  Sales J\u00fanior\" width=\"100%\" \/><figcaption class=\"wp-caption-text\">Coordenador do Curso capit\u00e3o Wherick apresenta a tropa ao TC  Sales J\u00fanior<\/figcaption><\/figure>\n<div style=\"text-align: justify;\">\n<p>\tMais 16 policiais militares conclu\u00edram o Curso de Opera\u00e7\u00e3o e Sobreviv\u00eancia em Caatinga-Cosac 2011. A solenidade aconteceu na tarde desta segunda-feira, dia 28, e foi presidida pelo vice-diretor do Centro de Educa\u00e7\u00e3o, tenente-coronel, Sales Junior. O tenente-coronel J\u00falio C\u00e9sar representou o secret\u00e1rio de Seguran\u00e7a e Defesa Social, Cl\u00e1udio Lima.<br \/>\n\tO Curso de Opera\u00e7\u00f5es e Sobreviv\u00eancia em \u00c1reas de Caantinga, surge na PMPB com o objetivo de capacitar os militares estaduais e integrantes do sistema de seguran\u00e7a p\u00fablica.<br \/>\n\tA din\u00e2mica no r\u00edspido bioma da Catinga nordestina desenvolvendo a\u00e7\u00f5es t\u00edpicas da Pol\u00edcia, vislumbrando a t\u00e3o sonhada paz social.<br \/>\n\tO Curso foi planejado, preparado e executado por militares do Gate, Tropa de Opera\u00e7\u00f5es Especiais da PM paraibana, cujo lema reflete os ensinamentos repassados durante o Curso: \u0093Salvar vidas e aplicar a Lei\u0094.<br \/>\n\tDurante 30 dias de Curso, tendo iniciado com 23 militares, foram ministradas disciplina como: tiro policial, escalada militar, t\u00e9cnicas policiais, orienta\u00e7\u00e3o e topografia de campanha, ofidismo e nata\u00e7\u00e3o utilit\u00e1ria, chegando ao t\u00e9rmino apenas 16 policiais militares, sendo 15 da PMPB e um da PM do Rio Grande do Norte.<br \/>\n\tO coordenador do Cosac 2011, capit\u00e3o Wherick Fel\u00edcio de Lima, destacou a import\u00e2ncia do Curso ressaltando a determina\u00e7\u00e3o de sobreviv\u00eancia do militar aos meios hostis da Caatinga, bem com destacou que todos esses treinamentos e cursos s\u00e3o instrumentos legais, seguros e adequados para os policiais estabelecerem a ordem social.<\/p>\n<div class=\"row\" align=\"center\"><a href=\"http:\/\/www.pm.pb.gov.br\/exportacao\/fotos_noticias\/4969_5977.jpg\"><figure style=\"width: 500px\" class=\"wp-caption alignnone\"><img decoding=\"async\" class=\"image-responsive\" src=\"http:\/\/www.pm.pb.gov.br\/exportacao\/fotos_noticias\/4969_5977.jpg\" title=\"16 policiais militares conclu\u00edram o Cosac 2011\" width=\"100%\" \/><figcaption class=\"wp-caption-text\">16 policiais militares conclu\u00edram o Cosac 2011<\/figcaption><\/figure><\/a><a href=\"http:\/\/www.pm.pb.gov.br\/exportacao\/fotos_noticias\/4969_5978.jpg\"><figure style=\"width: 500px\" class=\"wp-caption alignnone\"><img decoding=\"async\" class=\"image-responsive\" src=\"http:\/\/www.pm.pb.gov.br\/exportacao\/fotos_noticias\/4969_5978.jpg\" title=\"Familiares dos militares participaram da sonelidade de formatura \" width=\"100%\" \/><figcaption class=\"wp-caption-text\">Familiares dos militares participaram da sonelidade de formatura<\/figcaption><\/figure><\/a><a href=\"http:\/\/www.pm.pb.gov.br\/portal\/wp-content\/uploads\/2011\/03\/4969_5979.jpg\"><figure style=\"width: 500px\" class=\"wp-caption alignnone\"><img decoding=\"async\" class=\"image-responsive\" src=\"http:\/\/www.pm.pb.gov.br\/portal\/wp-content\/uploads\/2011\/03\/4969_5979.jpg\" title=\"Capit\u00e3o Bisneto comandante do Gate\" width=\"100%\" \/><figcaption class=\"wp-caption-text\">Capit\u00e3o Bisneto comandante do Gate<\/figcaption><\/figure><\/a><\/div>\n<\/div>\n","protected":false},"excerpt":{"rendered":"<p>Mais 16 policiais militares conclu\u00edram o Curso de Opera\u00e7\u00e3o e Sobreviv\u00eancia em Caatinga-Cosac 2011. A solenidade aconteceu na tarde desta<\/p>\n","protected":false},"author":5,"featured_media":5976,"comment_status":"closed","ping_status":"closed","sticky":false,"template":"","format":"standard","meta":{"_exactmetrics_skip_tracking":false,"_exactmetrics_sitenote_active":false,"_exactmetrics_sitenote_note":"","_exactmetrics_sitenote_category":0,"footnotes":""},"categories":[14],"tags":[],"yoast_head":"<!-- This site is optimized with the Yoast SEO plugin v22.0 - https:\/\/yoast.com\/wordpress\/plugins\/seo\/ -->\n<title>PM forma mais uma turma do Curso de Caatinga 2011 - Pol\u00edcia Militar da Para\u00edba<\/title>\n<meta name=\"robots\" content=\"index, follow, max-snippet:-1, max-image-preview:large, max-video-preview:-1\" \/>\n<link rel=\"canonical\" href=\"https:\/\/www.pm.pb.gov.br\/portal\/2011\/03\/01\/pm_forma_mais_uma_turma_do_curso_de_caatinga_2011\/\" \/>\n<meta property=\"og:locale\" content=\"pt_BR\" \/>\n<meta property=\"og:type\" content=\"article\" \/>\n<meta property=\"og:title\" content=\"PM forma mais uma turma do Curso de Caatinga 2011 - Pol\u00edcia Militar da Para\u00edba\" \/>\n<meta property=\"og:description\" content=\"Mais 16 policiais militares conclu\u00edram o Curso de Opera\u00e7\u00e3o e Sobreviv\u00eancia em Caatinga-Cosac 2011. A solenidade aconteceu na tarde desta\" \/>\n<meta property=\"og:url\" content=\"https:\/\/www.pm.pb.gov.br\/portal\/2011\/03\/01\/pm_forma_mais_uma_turma_do_curso_de_caatinga_2011\/\" \/>\n<meta property=\"og:site_name\" content=\"Pol\u00edcia Militar da Para\u00edba\" \/>\n<meta property=\"article:published_time\" content=\"2011-03-01T15:03:35+00:00\" \/>\n<meta property=\"og:image\" content=\"https:\/\/www.pm.pb.gov.br\/portal\/wp-content\/uploads\/2011\/03\/4969_5976.jpg\" \/>\n\t<meta property=\"og:image:width\" content=\"500\" \/>\n\t<meta property=\"og:image:height\" content=\"333\" \/>\n\t<meta property=\"og:image:type\" content=\"image\/jpeg\" \/>\n<meta name=\"author\" content=\"Assessoria de Imprensa da PMPB\" \/>\n<meta name=\"twitter:card\" content=\"summary_large_image\" \/>\n<meta name=\"twitter:label1\" content=\"Escrito por\" \/>\n\t<meta name=\"twitter:data1\" content=\"Assessoria de Imprensa da PMPB\" \/>\n\t<meta name=\"twitter:label2\" content=\"Est. tempo de leitura\" \/>\n\t<meta name=\"twitter:data2\" content=\"2 minutos\" \/>\n<script type=\"application\/ld+json\" class=\"yoast-schema-graph\">{\"@context\":\"https:\/\/schema.org\",\"@graph\":[{\"@type\":\"Article\",\"@id\":\"https:\/\/www.pm.pb.gov.br\/portal\/2011\/03\/01\/pm_forma_mais_uma_turma_do_curso_de_caatinga_2011\/#article\",\"isPartOf\":{\"@id\":\"https:\/\/www.pm.pb.gov.br\/portal\/2011\/03\/01\/pm_forma_mais_uma_turma_do_curso_de_caatinga_2011\/\"},\"author\":{\"name\":\"Assessoria de Imprensa da PMPB\",\"@id\":\"https:\/\/www.pm.pb.gov.br\/portal\/#\/schema\/person\/e8454f46651c3ecf0e1ba3c1666d9947\"},\"headline\":\"PM forma mais uma turma do Curso de Caatinga 2011\",\"datePublished\":\"2011-03-01T15:03:35+00:00\",\"dateModified\":\"2011-03-01T15:03:35+00:00\",\"mainEntityOfPage\":{\"@id\":\"https:\/\/www.pm.pb.gov.br\/portal\/2011\/03\/01\/pm_forma_mais_uma_turma_do_curso_de_caatinga_2011\/\"},\"wordCount\":317,\"publisher\":{\"@id\":\"https:\/\/www.pm.pb.gov.br\/portal\/#organization\"},\"articleSection\":[\"Preven\u00e7\u00e3o\"],\"inLanguage\":\"pt-BR\"},{\"@type\":\"WebPage\",\"@id\":\"https:\/\/www.pm.pb.gov.br\/portal\/2011\/03\/01\/pm_forma_mais_uma_turma_do_curso_de_caatinga_2011\/\",\"url\":\"https:\/\/www.pm.pb.gov.br\/portal\/2011\/03\/01\/pm_forma_mais_uma_turma_do_curso_de_caatinga_2011\/\",\"name\":\"PM forma mais uma turma do Curso de Caatinga 2011 - Pol\u00edcia Militar da Para\u00edba\",\"isPartOf\":{\"@id\":\"https:\/\/www.pm.pb.gov.br\/portal\/#website\"},\"datePublished\":\"2011-03-01T15:03:35+00:00\",\"dateModified\":\"2011-03-01T15:03:35+00:00\",\"breadcrumb\":{\"@id\":\"https:\/\/www.pm.pb.gov.br\/portal\/2011\/03\/01\/pm_forma_mais_uma_turma_do_curso_de_caatinga_2011\/#breadcrumb\"},\"inLanguage\":\"pt-BR\",\"potentialAction\":[{\"@type\":\"ReadAction\",\"target\":[\"https:\/\/www.pm.pb.gov.br\/portal\/2011\/03\/01\/pm_forma_mais_uma_turma_do_curso_de_caatinga_2011\/\"]}]},{\"@type\":\"BreadcrumbList\",\"@id\":\"https:\/\/www.pm.pb.gov.br\/portal\/2011\/03\/01\/pm_forma_mais_uma_turma_do_curso_de_caatinga_2011\/#breadcrumb\",\"itemListElement\":[{\"@type\":\"ListItem\",\"position\":1,\"name\":\"In\u00edcio\",\"item\":\"https:\/\/www.pm.pb.gov.br\/portal\/\"},{\"@type\":\"ListItem\",\"position\":2,\"name\":\"PM forma mais uma turma do Curso de Caatinga 2011\"}]},{\"@type\":\"WebSite\",\"@id\":\"https:\/\/www.pm.pb.gov.br\/portal\/#website\",\"url\":\"https:\/\/www.pm.pb.gov.br\/portal\/\",\"name\":\"Pol\u00edcia Militar da Para\u00edba\",\"description\":\"\",\"publisher\":{\"@id\":\"https:\/\/www.pm.pb.gov.br\/portal\/#organization\"},\"potentialAction\":[{\"@type\":\"SearchAction\",\"target\":{\"@type\":\"EntryPoint\",\"urlTemplate\":\"https:\/\/www.pm.pb.gov.br\/portal\/?s={search_term_string}\"},\"query-input\":\"required name=search_term_string\"}],\"inLanguage\":\"pt-BR\"},{\"@type\":\"Organization\",\"@id\":\"https:\/\/www.pm.pb.gov.br\/portal\/#organization\",\"name\":\"Pol\u00edcia Militar da Para\u00edba\",\"url\":\"https:\/\/www.pm.pb.gov.br\/portal\/\",\"logo\":{\"@type\":\"ImageObject\",\"inLanguage\":\"pt-BR\",\"@id\":\"https:\/\/www.pm.pb.gov.br\/portal\/#\/schema\/logo\/image\/\",\"url\":\"https:\/\/www.pm.pb.gov.br\/portal\/wp-content\/uploads\/2025\/03\/cropped-logo-site-mag2-1.png\",\"contentUrl\":\"https:\/\/www.pm.pb.gov.br\/portal\/wp-content\/uploads\/2025\/03\/cropped-logo-site-mag2-1.png\",\"width\":320,\"height\":90,\"caption\":\"Pol\u00edcia Militar da Para\u00edba\"},\"image\":{\"@id\":\"https:\/\/www.pm.pb.gov.br\/portal\/#\/schema\/logo\/image\/\"}},{\"@type\":\"Person\",\"@id\":\"https:\/\/www.pm.pb.gov.br\/portal\/#\/schema\/person\/e8454f46651c3ecf0e1ba3c1666d9947\",\"name\":\"Assessoria de Imprensa da PMPB\",\"image\":{\"@type\":\"ImageObject\",\"inLanguage\":\"pt-BR\",\"@id\":\"https:\/\/www.pm.pb.gov.br\/portal\/#\/schema\/person\/image\/\",\"url\":\"https:\/\/secure.gravatar.com\/avatar\/2efe197438265d1e90bd98c4c8e1acf8?s=96&d=mm&r=g\",\"contentUrl\":\"https:\/\/secure.gravatar.com\/avatar\/2efe197438265d1e90bd98c4c8e1acf8?s=96&d=mm&r=g\",\"caption\":\"Assessoria de Imprensa da PMPB\"},\"url\":\"https:\/\/www.pm.pb.gov.br\/portal\/author\/assessoria\/\"}]}<\/script>\n<!-- \/ Yoast SEO plugin. -->","yoast_head_json":{"title":"PM forma mais uma turma do Curso de Caatinga 2011 - Pol\u00edcia Militar da Para\u00edba","robots":{"index":"index","follow":"follow","max-snippet":"max-snippet:-1","max-image-preview":"max-image-preview:large","max-video-preview":"max-video-preview:-1"},"canonical":"https:\/\/www.pm.pb.gov.br\/portal\/2011\/03\/01\/pm_forma_mais_uma_turma_do_curso_de_caatinga_2011\/","og_locale":"pt_BR","og_type":"article","og_title":"PM forma mais uma turma do Curso de Caatinga 2011 - Pol\u00edcia Militar da Para\u00edba","og_description":"Mais 16 policiais militares conclu\u00edram o Curso de Opera\u00e7\u00e3o e Sobreviv\u00eancia em Caatinga-Cosac 2011. A solenidade aconteceu na tarde desta","og_url":"https:\/\/www.pm.pb.gov.br\/portal\/2011\/03\/01\/pm_forma_mais_uma_turma_do_curso_de_caatinga_2011\/","og_site_name":"Pol\u00edcia Militar da Para\u00edba","article_published_time":"2011-03-01T15:03:35+00:00","og_image":[{"width":500,"height":333,"url":"https:\/\/www.pm.pb.gov.br\/portal\/wp-content\/uploads\/2011\/03\/4969_5976.jpg","type":"image\/jpeg"}],"author":"Assessoria de Imprensa da PMPB","twitter_card":"summary_large_image","twitter_misc":{"Escrito por":"Assessoria de Imprensa da PMPB","Est. tempo de leitura":"2 minutos"},"schema":{"@context":"https:\/\/schema.org","@graph":[{"@type":"Article","@id":"https:\/\/www.pm.pb.gov.br\/portal\/2011\/03\/01\/pm_forma_mais_uma_turma_do_curso_de_caatinga_2011\/#article","isPartOf":{"@id":"https:\/\/www.pm.pb.gov.br\/portal\/2011\/03\/01\/pm_forma_mais_uma_turma_do_curso_de_caatinga_2011\/"},"author":{"name":"Assessoria de Imprensa da PMPB","@id":"https:\/\/www.pm.pb.gov.br\/portal\/#\/schema\/person\/e8454f46651c3ecf0e1ba3c1666d9947"},"headline":"PM forma mais uma turma do Curso de Caatinga 2011","datePublished":"2011-03-01T15:03:35+00:00","dateModified":"2011-03-01T15:03:35+00:00","mainEntityOfPage":{"@id":"https:\/\/www.pm.pb.gov.br\/portal\/2011\/03\/01\/pm_forma_mais_uma_turma_do_curso_de_caatinga_2011\/"},"wordCount":317,"publisher":{"@id":"https:\/\/www.pm.pb.gov.br\/portal\/#organization"},"articleSection":["Preven\u00e7\u00e3o"],"inLanguage":"pt-BR"},{"@type":"WebPage","@id":"https:\/\/www.pm.pb.gov.br\/portal\/2011\/03\/01\/pm_forma_mais_uma_turma_do_curso_de_caatinga_2011\/","url":"https:\/\/www.pm.pb.gov.br\/portal\/2011\/03\/01\/pm_forma_mais_uma_turma_do_curso_de_caatinga_2011\/","name":"PM forma mais uma turma do Curso de Caatinga 2011 - Pol\u00edcia Militar da Para\u00edba","isPartOf":{"@id":"https:\/\/www.pm.pb.gov.br\/portal\/#website"},"datePublished":"2011-03-01T15:03:35+00:00","dateModified":"2011-03-01T15:03:35+00:00","breadcrumb":{"@id":"https:\/\/www.pm.pb.gov.br\/portal\/2011\/03\/01\/pm_forma_mais_uma_turma_do_curso_de_caatinga_2011\/#breadcrumb"},"inLanguage":"pt-BR","potentialAction":[{"@type":"ReadAction","target":["https:\/\/www.pm.pb.gov.br\/portal\/2011\/03\/01\/pm_forma_mais_uma_turma_do_curso_de_caatinga_2011\/"]}]},{"@type":"BreadcrumbList","@id":"https:\/\/www.pm.pb.gov.br\/portal\/2011\/03\/01\/pm_forma_mais_uma_turma_do_curso_de_caatinga_2011\/#breadcrumb","itemListElement":[{"@type":"ListItem","position":1,"name":"In\u00edcio","item":"https:\/\/www.pm.pb.gov.br\/portal\/"},{"@type":"ListItem","position":2,"name":"PM forma mais uma turma do Curso de Caatinga 2011"}]},{"@type":"WebSite","@id":"https:\/\/www.pm.pb.gov.br\/portal\/#website","url":"https:\/\/www.pm.pb.gov.br\/portal\/","name":"Pol\u00edcia Militar da Para\u00edba","description":"","publisher":{"@id":"https:\/\/www.pm.pb.gov.br\/portal\/#organization"},"potentialAction":[{"@type":"SearchAction","target":{"@type":"EntryPoint","urlTemplate":"https:\/\/www.pm.pb.gov.br\/portal\/?s={search_term_string}"},"query-input":"required name=search_term_string"}],"inLanguage":"pt-BR"},{"@type":"Organization","@id":"https:\/\/www.pm.pb.gov.br\/portal\/#organization","name":"Pol\u00edcia Militar da Para\u00edba","url":"https:\/\/www.pm.pb.gov.br\/portal\/","logo":{"@type":"ImageObject","inLanguage":"pt-BR","@id":"https:\/\/www.pm.pb.gov.br\/portal\/#\/schema\/logo\/image\/","url":"https:\/\/www.pm.pb.gov.br\/portal\/wp-content\/uploads\/2025\/03\/cropped-logo-site-mag2-1.png","contentUrl":"https:\/\/www.pm.pb.gov.br\/portal\/wp-content\/uploads\/2025\/03\/cropped-logo-site-mag2-1.png","width":320,"height":90,"caption":"Pol\u00edcia Militar da Para\u00edba"},"image":{"@id":"https:\/\/www.pm.pb.gov.br\/portal\/#\/schema\/logo\/image\/"}},{"@type":"Person","@id":"https:\/\/www.pm.pb.gov.br\/portal\/#\/schema\/person\/e8454f46651c3ecf0e1ba3c1666d9947","name":"Assessoria de Imprensa da PMPB","image":{"@type":"ImageObject","inLanguage":"pt-BR","@id":"https:\/\/www.pm.pb.gov.br\/portal\/#\/schema\/person\/image\/","url":"https:\/\/secure.gravatar.com\/avatar\/2efe197438265d1e90bd98c4c8e1acf8?s=96&d=mm&r=g","contentUrl":"https:\/\/secure.gravatar.com\/avatar\/2efe197438265d1e90bd98c4c8e1acf8?s=96&d=mm&r=g","caption":"Assessoria de Imprensa da PMPB"},"url":"https:\/\/www.pm.pb.gov.br\/portal\/author\/assessoria\/"}]}},"_links":{"self":[{"href":"https:\/\/www.pm.pb.gov.br\/portal\/wp-json\/wp\/v2\/posts\/889555"}],"collection":[{"href":"https:\/\/www.pm.pb.gov.br\/portal\/wp-json\/wp\/v2\/posts"}],"about":[{"href":"https:\/\/www.pm.pb.gov.br\/portal\/wp-json\/wp\/v2\/types\/post"}],"author":[{"embeddable":true,"href":"https:\/\/www.pm.pb.gov.br\/portal\/wp-json\/wp\/v2\/users\/5"}],"replies":[{"embeddable":true,"href":"https:\/\/www.pm.pb.gov.br\/portal\/wp-json\/wp\/v2\/comments?post=889555"}],"version-history":[{"count":0,"href":"https:\/\/www.pm.pb.gov.br\/portal\/wp-json\/wp\/v2\/posts\/889555\/revisions"}],"wp:featuredmedia":[{"embeddable":true,"href":"https:\/\/www.pm.pb.gov.br\/portal\/wp-json\/wp\/v2\/media\/5976"}],"wp:attachment":[{"href":"https:\/\/www.pm.pb.gov.br\/portal\/wp-json\/wp\/v2\/media?parent=889555"}],"wp:term":[{"taxonomy":"category","embeddable":true,"href":"https:\/\/www.pm.pb.gov.br\/portal\/wp-json\/wp\/v2\/categories?post=889555"},{"taxonomy":"post_tag","embeddable":true,"href":"https:\/\/www.pm.pb.gov.br\/portal\/wp-json\/wp\/v2\/tags?post=889555"}],"curies":[{"name":"wp","href":"https:\/\/api.w.org\/{rel}","templated":true}]}}