{"id":889552,"date":"2011-03-01T11:03:58","date_gmt":"2011-03-01T14:03:58","guid":{"rendered":"http:\/\/www.pm.pb.gov.br\/portal\/2011\/03\/policias_militar_e_civil_definem_plano_de_seguranca_para_o_folia_de_rua_e_carnaval\/"},"modified":"2011-03-01T11:03:58","modified_gmt":"2011-03-01T14:03:58","slug":"policias_militar_e_civil_definem_plano_de_seguranca_para_o_folia_de_rua_e_carnaval","status":"publish","type":"post","link":"https:\/\/www.pm.pb.gov.br\/portal\/2011\/03\/01\/policias_militar_e_civil_definem_plano_de_seguranca_para_o_folia_de_rua_e_carnaval\/","title":{"rendered":"Policias Militar e Civil definem plano de seguran\u00e7a para o Folia de Rua e Carnaval"},"content":{"rendered":"<figure style=\"width: 500px\" class=\"wp-caption alignnone\"><img decoding=\"async\" class=\"alignnone size-medium\" src=\"http:\/\/www.pm.pb.gov.br\/portal\/wp-content\/uploads\/2011\/03\/4967_5980.jpg\" title=\"Os policiais militares est\u00e3o presentes no Folia de Rua \" width=\"100%\" \/><figcaption class=\"wp-caption-text\">Os policiais militares est\u00e3o presentes no Folia de Rua<\/figcaption><\/figure>\n<div style=\"text-align: justify;\">\nA Secretaria da Seguran\u00e7a e da Defesa Social (Seds) da Para\u00edba apresentou, na manh\u00e3 desta sexta-feira (25), o plano especial de seguran\u00e7a a ser executado durante o projeto Folia de Rua, em Jo\u00e3o Pessoa, e Carnaval 2011 em todo o Estado. Mais de sete mil policiais civis, militares e bombeiros militares v\u00e3o atuar durante as festas, garantindo a seguran\u00e7a dos foli\u00f5es.<\/p>\n<p>A Pol\u00edcia Militar vai empregar um efetivo de 4.513 homens, 200 viaturas, 100 motos para patrulhamento, 40 cavalos e c\u00e3es e 200 esta\u00e7\u00f5es m\u00f3veis de comunica\u00e7\u00e3o. S\u00f3 nas pr\u00e9vias carnavalescas ser\u00e3o tr\u00eas mil policiais trabalhando. Os Bombeiros Militares v\u00e3o disponibilizar 1.632 homens, com servi\u00e7o de guarda-vidas, busca e salvamento e combate a inc\u00eandios. Para as pr\u00e9vias ser\u00e3o 188 policiais, al\u00e9m de viaturas e bote infl\u00e1vel.<\/p>\n<p>J\u00e1 a Pol\u00edcia Civil contar\u00e1 com um efetivo de 968 homens, entre delegados, agentes e escriv\u00e3es. Ao todo, ser\u00e3o usadas 115 viaturas, al\u00e9m de duas delegacias m\u00f3veis. Do Instituto de Pol\u00edcia Cient\u00edfica ser\u00e3o 30 peritos, 11 viaturas e oito rabec\u00f5es para atender as demandas em todo o Estado. S\u00f3 para as pr\u00e9vias est\u00e3o escalados 143 policiais civis. \u0093\u00c9 um grande esfor\u00e7o de todos os \u00f3rg\u00e3os operacionais para que o Estado tenha um grande n\u00edvel de seguran\u00e7a durante os eventos de Carnaval\u0094, frisou o secret\u00e1rio executivo Raimundo Jos\u00e9 Ara\u00fajo Silvany.<\/p>\n<p>Em Jo\u00e3o Pessoa, os blocos com maior concentra\u00e7\u00e3o de p\u00fablico v\u00e3o contar com um efetivo diferenciado. Nas Virgens de Tamba\u00fa, com p\u00fablico estimado em 200 mil pessoas, ser\u00e3o empregados 489 homens da Pol\u00edcia Militar e 16 postos de observa\u00e7\u00e3o em todo percurso. \u0093Dessa forma, os militares ter\u00e3o uma vis\u00e3o melhor do que est\u00e1 ocorrendo\u0094, explicou o secret\u00e1rio executivo.<\/p>\n<p>Ser\u00e3o 26 viaturas que estar\u00e3o posicionadas em pontos estrat\u00e9gicos de acesso a Avenida Epit\u00e1cio Pessoa. Ser\u00e3o empregadas 18 motos, c\u00e3es e a cavalaria, bem como esta\u00e7\u00f5es m\u00f3veis de comunica\u00e7\u00e3o. A pol\u00edcia vai contar, ainda, com mais um aparato de seguran\u00e7a. Seis c\u00e2meras instaladas ao longo do percurso ser\u00e3o monitoradas pela pol\u00edcia. \u0093Qualquer dist\u00farbio, qualquer problema, a Pol\u00edcia Militar ser\u00e1 acionada imediatamente, com a vis\u00e3o panor\u00e2mica, esse \u00e9 o diferencial desse Carnaval\u0094, ressaltou o secret\u00e1rio executivo.<\/p>\n<p>Durante o bloco Muri\u00e7ocas do Miramar ser\u00e3o disponibilizados 655 policiais militares, 89 bombeiros militares e 62 policiais civis. A Ouvidoria e Corregedoria estar\u00e3o funcionando em plant\u00e3o de 24h pelo n\u00famero 0800 281 9010. O Disque Den\u00fancia pelo n\u00famero 197 continua dispon\u00edvel \u00e0 popula\u00e7\u00e3o 24h.<\/p>\n<p>Funcionamento das Delegacias \u0096 Durante o desfile dos blocos Muri\u00e7ocas e Virgens de Tamba\u00fa, a 3\u00aa Delegacia Distrital, na Epit\u00e1cio Pessoa e a 10\u00aa Delegacia Distrital, em Tamba\u00fa v\u00e3o funcionar em regime de plant\u00e3o extraordin\u00e1rio e uma delegacia m\u00f3vel ser\u00e1 instalada na concentra\u00e7\u00e3o de cada bloco.<\/p>\n<p>Durante os desfiles dos blocos Picol\u00e9 de Manga e Cafu\u00e7u haver\u00e1 plant\u00e3o na 2\u00aa Delegacia Distrital, no Centro. Para o desfile das escolas de samba do Carnaval Tradi\u00e7\u00e3o, na Avenida Duarte da Silveira, haver\u00e1 refor\u00e7o no plant\u00e3o da 1\u00aa Delegacia Distrital, em Cruz das Armas e a instala\u00e7\u00e3o de uma delegacia m\u00f3vel no local.<\/p>\n<p>Al\u00e9m do secret\u00e1rio executivo da Seguran\u00e7a e da Defesa Social, participaram da apresenta\u00e7\u00e3o do Plano de Seguran\u00e7a para o Carnaval e Folia de Rua 2011, o comandante geral da Pol\u00edcia Militar, Euller de Assis Chaves; o delegado geral de Pol\u00edcia Civil, Severiano Pedro Nascimento Filho; o comandante geral do Corpo de Bombeiros, coronel Jair Carneiro de Barros, entre outros.<\/p>\n<div class=\"row\" align=\"center\"><a href=\"http:\/\/www.pm.pb.gov.br\/exportacao\/fotos_noticias\/4967_5981.jpg\"><figure style=\"width: 500px\" class=\"wp-caption alignnone\"><img decoding=\"async\" class=\"image-responsive\" src=\"http:\/\/www.pm.pb.gov.br\/exportacao\/fotos_noticias\/4967_5981.jpg\" title=\"Todos os blocos do Folia de Rua teve seguran\u00e7a garantida da PMPB\" width=\"100%\" \/><figcaption class=\"wp-caption-text\">Todos os blocos do Folia de Rua teve seguran\u00e7a garantida da PMPB<\/figcaption><\/figure><\/a><a href=\"http:\/\/www.pm.pb.gov.br\/exportacao\/fotos_noticias\/4967_5982.jpg\"><figure style=\"width: 500px\" class=\"wp-caption alignnone\"><img decoding=\"async\" class=\"image-responsive\" src=\"http:\/\/www.pm.pb.gov.br\/exportacao\/fotos_noticias\/4967_5982.jpg\" title=\"A multid\u00e3o brincou com seguran\u00e7a garantida \" width=\"100%\" \/><figcaption class=\"wp-caption-text\">A multid\u00e3o brincou com seguran\u00e7a garantida<\/figcaption><\/figure><\/a><a href=\"http:\/\/www.pm.pb.gov.br\/portal\/wp-content\/uploads\/2011\/03\/4967_5983.jpg\"><figure style=\"width: 500px\" class=\"wp-caption alignnone\"><img decoding=\"async\" class=\"image-responsive\" src=\"http:\/\/www.pm.pb.gov.br\/portal\/wp-content\/uploads\/2011\/03\/4967_5983.jpg\" title=\"A Ciclopatrulha deu seguran\u00e7a aos foli\u00f5es\" width=\"100%\" \/><figcaption class=\"wp-caption-text\">A Ciclopatrulha deu seguran\u00e7a aos foli\u00f5es<\/figcaption><\/figure><\/a><\/div>\n<\/div>\n","protected":false},"excerpt":{"rendered":"<p>A Secretaria da Seguran\u00e7a e da Defesa Social (Seds) da Para\u00edba apresentou, na manh\u00e3 desta sexta-feira (25), o plano especial<\/p>\n","protected":false},"author":5,"featured_media":5980,"comment_status":"closed","ping_status":"closed","sticky":false,"template":"","format":"standard","meta":{"_exactmetrics_skip_tracking":false,"_exactmetrics_sitenote_active":false,"_exactmetrics_sitenote_note":"","_exactmetrics_sitenote_category":0,"footnotes":""},"categories":[14],"tags":[],"yoast_head":"<!-- This site is optimized with the Yoast SEO plugin v22.0 - https:\/\/yoast.com\/wordpress\/plugins\/seo\/ -->\n<title>Policias Militar e Civil definem plano de seguran\u00e7a para o Folia de Rua e Carnaval - Pol\u00edcia Militar da Para\u00edba<\/title>\n<meta name=\"robots\" content=\"index, follow, max-snippet:-1, max-image-preview:large, max-video-preview:-1\" \/>\n<link rel=\"canonical\" href=\"https:\/\/www.pm.pb.gov.br\/portal\/2011\/03\/01\/policias_militar_e_civil_definem_plano_de_seguranca_para_o_folia_de_rua_e_carnaval\/\" \/>\n<meta property=\"og:locale\" content=\"pt_BR\" \/>\n<meta property=\"og:type\" content=\"article\" \/>\n<meta property=\"og:title\" content=\"Policias Militar e Civil definem plano de seguran\u00e7a para o Folia de Rua e Carnaval - Pol\u00edcia Militar da Para\u00edba\" \/>\n<meta property=\"og:description\" content=\"A Secretaria da Seguran\u00e7a e da Defesa Social (Seds) da Para\u00edba apresentou, na manh\u00e3 desta sexta-feira (25), o plano especial\" \/>\n<meta property=\"og:url\" content=\"https:\/\/www.pm.pb.gov.br\/portal\/2011\/03\/01\/policias_militar_e_civil_definem_plano_de_seguranca_para_o_folia_de_rua_e_carnaval\/\" \/>\n<meta property=\"og:site_name\" content=\"Pol\u00edcia Militar da Para\u00edba\" \/>\n<meta property=\"article:published_time\" content=\"2011-03-01T14:03:58+00:00\" \/>\n<meta property=\"og:image\" content=\"https:\/\/www.pm.pb.gov.br\/portal\/wp-content\/uploads\/2011\/03\/4967_5980.jpg\" \/>\n\t<meta property=\"og:image:width\" content=\"500\" \/>\n\t<meta property=\"og:image:height\" content=\"333\" \/>\n\t<meta property=\"og:image:type\" content=\"image\/jpeg\" \/>\n<meta name=\"author\" content=\"Assessoria de Imprensa da PMPB\" \/>\n<meta name=\"twitter:card\" content=\"summary_large_image\" \/>\n<meta name=\"twitter:label1\" content=\"Escrito por\" \/>\n\t<meta name=\"twitter:data1\" content=\"Assessoria de Imprensa da PMPB\" \/>\n\t<meta name=\"twitter:label2\" content=\"Est. tempo de leitura\" \/>\n\t<meta name=\"twitter:data2\" content=\"3 minutos\" \/>\n<script type=\"application\/ld+json\" class=\"yoast-schema-graph\">{\"@context\":\"https:\/\/schema.org\",\"@graph\":[{\"@type\":\"Article\",\"@id\":\"https:\/\/www.pm.pb.gov.br\/portal\/2011\/03\/01\/policias_militar_e_civil_definem_plano_de_seguranca_para_o_folia_de_rua_e_carnaval\/#article\",\"isPartOf\":{\"@id\":\"https:\/\/www.pm.pb.gov.br\/portal\/2011\/03\/01\/policias_militar_e_civil_definem_plano_de_seguranca_para_o_folia_de_rua_e_carnaval\/\"},\"author\":{\"name\":\"Assessoria de Imprensa da PMPB\",\"@id\":\"https:\/\/www.pm.pb.gov.br\/portal\/#\/schema\/person\/e8454f46651c3ecf0e1ba3c1666d9947\"},\"headline\":\"Policias Militar e Civil definem plano de seguran\u00e7a para o Folia de Rua e Carnaval\",\"datePublished\":\"2011-03-01T14:03:58+00:00\",\"dateModified\":\"2011-03-01T14:03:58+00:00\",\"mainEntityOfPage\":{\"@id\":\"https:\/\/www.pm.pb.gov.br\/portal\/2011\/03\/01\/policias_militar_e_civil_definem_plano_de_seguranca_para_o_folia_de_rua_e_carnaval\/\"},\"wordCount\":694,\"publisher\":{\"@id\":\"https:\/\/www.pm.pb.gov.br\/portal\/#organization\"},\"articleSection\":[\"Preven\u00e7\u00e3o\"],\"inLanguage\":\"pt-BR\"},{\"@type\":\"WebPage\",\"@id\":\"https:\/\/www.pm.pb.gov.br\/portal\/2011\/03\/01\/policias_militar_e_civil_definem_plano_de_seguranca_para_o_folia_de_rua_e_carnaval\/\",\"url\":\"https:\/\/www.pm.pb.gov.br\/portal\/2011\/03\/01\/policias_militar_e_civil_definem_plano_de_seguranca_para_o_folia_de_rua_e_carnaval\/\",\"name\":\"Policias Militar e Civil definem plano de seguran\u00e7a para o Folia de Rua e Carnaval - Pol\u00edcia Militar da Para\u00edba\",\"isPartOf\":{\"@id\":\"https:\/\/www.pm.pb.gov.br\/portal\/#website\"},\"datePublished\":\"2011-03-01T14:03:58+00:00\",\"dateModified\":\"2011-03-01T14:03:58+00:00\",\"breadcrumb\":{\"@id\":\"https:\/\/www.pm.pb.gov.br\/portal\/2011\/03\/01\/policias_militar_e_civil_definem_plano_de_seguranca_para_o_folia_de_rua_e_carnaval\/#breadcrumb\"},\"inLanguage\":\"pt-BR\",\"potentialAction\":[{\"@type\":\"ReadAction\",\"target\":[\"https:\/\/www.pm.pb.gov.br\/portal\/2011\/03\/01\/policias_militar_e_civil_definem_plano_de_seguranca_para_o_folia_de_rua_e_carnaval\/\"]}]},{\"@type\":\"BreadcrumbList\",\"@id\":\"https:\/\/www.pm.pb.gov.br\/portal\/2011\/03\/01\/policias_militar_e_civil_definem_plano_de_seguranca_para_o_folia_de_rua_e_carnaval\/#breadcrumb\",\"itemListElement\":[{\"@type\":\"ListItem\",\"position\":1,\"name\":\"In\u00edcio\",\"item\":\"https:\/\/www.pm.pb.gov.br\/portal\/\"},{\"@type\":\"ListItem\",\"position\":2,\"name\":\"Policias Militar e Civil definem plano de seguran\u00e7a para o Folia de Rua e Carnaval\"}]},{\"@type\":\"WebSite\",\"@id\":\"https:\/\/www.pm.pb.gov.br\/portal\/#website\",\"url\":\"https:\/\/www.pm.pb.gov.br\/portal\/\",\"name\":\"Pol\u00edcia Militar da Para\u00edba\",\"description\":\"\",\"publisher\":{\"@id\":\"https:\/\/www.pm.pb.gov.br\/portal\/#organization\"},\"potentialAction\":[{\"@type\":\"SearchAction\",\"target\":{\"@type\":\"EntryPoint\",\"urlTemplate\":\"https:\/\/www.pm.pb.gov.br\/portal\/?s={search_term_string}\"},\"query-input\":\"required name=search_term_string\"}],\"inLanguage\":\"pt-BR\"},{\"@type\":\"Organization\",\"@id\":\"https:\/\/www.pm.pb.gov.br\/portal\/#organization\",\"name\":\"Pol\u00edcia Militar da Para\u00edba\",\"url\":\"https:\/\/www.pm.pb.gov.br\/portal\/\",\"logo\":{\"@type\":\"ImageObject\",\"inLanguage\":\"pt-BR\",\"@id\":\"https:\/\/www.pm.pb.gov.br\/portal\/#\/schema\/logo\/image\/\",\"url\":\"https:\/\/www.pm.pb.gov.br\/portal\/wp-content\/uploads\/2025\/03\/cropped-logo-site-mag2-1.png\",\"contentUrl\":\"https:\/\/www.pm.pb.gov.br\/portal\/wp-content\/uploads\/2025\/03\/cropped-logo-site-mag2-1.png\",\"width\":320,\"height\":90,\"caption\":\"Pol\u00edcia Militar da Para\u00edba\"},\"image\":{\"@id\":\"https:\/\/www.pm.pb.gov.br\/portal\/#\/schema\/logo\/image\/\"}},{\"@type\":\"Person\",\"@id\":\"https:\/\/www.pm.pb.gov.br\/portal\/#\/schema\/person\/e8454f46651c3ecf0e1ba3c1666d9947\",\"name\":\"Assessoria de Imprensa da PMPB\",\"image\":{\"@type\":\"ImageObject\",\"inLanguage\":\"pt-BR\",\"@id\":\"https:\/\/www.pm.pb.gov.br\/portal\/#\/schema\/person\/image\/\",\"url\":\"https:\/\/secure.gravatar.com\/avatar\/2efe197438265d1e90bd98c4c8e1acf8?s=96&d=mm&r=g\",\"contentUrl\":\"https:\/\/secure.gravatar.com\/avatar\/2efe197438265d1e90bd98c4c8e1acf8?s=96&d=mm&r=g\",\"caption\":\"Assessoria de Imprensa da PMPB\"},\"url\":\"https:\/\/www.pm.pb.gov.br\/portal\/author\/assessoria\/\"}]}<\/script>\n<!-- \/ Yoast SEO plugin. -->","yoast_head_json":{"title":"Policias Militar e Civil definem plano de seguran\u00e7a para o Folia de Rua e Carnaval - Pol\u00edcia Militar da Para\u00edba","robots":{"index":"index","follow":"follow","max-snippet":"max-snippet:-1","max-image-preview":"max-image-preview:large","max-video-preview":"max-video-preview:-1"},"canonical":"https:\/\/www.pm.pb.gov.br\/portal\/2011\/03\/01\/policias_militar_e_civil_definem_plano_de_seguranca_para_o_folia_de_rua_e_carnaval\/","og_locale":"pt_BR","og_type":"article","og_title":"Policias Militar e Civil definem plano de seguran\u00e7a para o Folia de Rua e Carnaval - Pol\u00edcia Militar da Para\u00edba","og_description":"A Secretaria da Seguran\u00e7a e da Defesa Social (Seds) da Para\u00edba apresentou, na manh\u00e3 desta sexta-feira (25), o plano especial","og_url":"https:\/\/www.pm.pb.gov.br\/portal\/2011\/03\/01\/policias_militar_e_civil_definem_plano_de_seguranca_para_o_folia_de_rua_e_carnaval\/","og_site_name":"Pol\u00edcia Militar da Para\u00edba","article_published_time":"2011-03-01T14:03:58+00:00","og_image":[{"width":500,"height":333,"url":"https:\/\/www.pm.pb.gov.br\/portal\/wp-content\/uploads\/2011\/03\/4967_5980.jpg","type":"image\/jpeg"}],"author":"Assessoria de Imprensa da PMPB","twitter_card":"summary_large_image","twitter_misc":{"Escrito por":"Assessoria de Imprensa da PMPB","Est. tempo de leitura":"3 minutos"},"schema":{"@context":"https:\/\/schema.org","@graph":[{"@type":"Article","@id":"https:\/\/www.pm.pb.gov.br\/portal\/2011\/03\/01\/policias_militar_e_civil_definem_plano_de_seguranca_para_o_folia_de_rua_e_carnaval\/#article","isPartOf":{"@id":"https:\/\/www.pm.pb.gov.br\/portal\/2011\/03\/01\/policias_militar_e_civil_definem_plano_de_seguranca_para_o_folia_de_rua_e_carnaval\/"},"author":{"name":"Assessoria de Imprensa da PMPB","@id":"https:\/\/www.pm.pb.gov.br\/portal\/#\/schema\/person\/e8454f46651c3ecf0e1ba3c1666d9947"},"headline":"Policias Militar e Civil definem plano de seguran\u00e7a para o Folia de Rua e Carnaval","datePublished":"2011-03-01T14:03:58+00:00","dateModified":"2011-03-01T14:03:58+00:00","mainEntityOfPage":{"@id":"https:\/\/www.pm.pb.gov.br\/portal\/2011\/03\/01\/policias_militar_e_civil_definem_plano_de_seguranca_para_o_folia_de_rua_e_carnaval\/"},"wordCount":694,"publisher":{"@id":"https:\/\/www.pm.pb.gov.br\/portal\/#organization"},"articleSection":["Preven\u00e7\u00e3o"],"inLanguage":"pt-BR"},{"@type":"WebPage","@id":"https:\/\/www.pm.pb.gov.br\/portal\/2011\/03\/01\/policias_militar_e_civil_definem_plano_de_seguranca_para_o_folia_de_rua_e_carnaval\/","url":"https:\/\/www.pm.pb.gov.br\/portal\/2011\/03\/01\/policias_militar_e_civil_definem_plano_de_seguranca_para_o_folia_de_rua_e_carnaval\/","name":"Policias Militar e Civil definem plano de seguran\u00e7a para o Folia de Rua e Carnaval - Pol\u00edcia Militar da Para\u00edba","isPartOf":{"@id":"https:\/\/www.pm.pb.gov.br\/portal\/#website"},"datePublished":"2011-03-01T14:03:58+00:00","dateModified":"2011-03-01T14:03:58+00:00","breadcrumb":{"@id":"https:\/\/www.pm.pb.gov.br\/portal\/2011\/03\/01\/policias_militar_e_civil_definem_plano_de_seguranca_para_o_folia_de_rua_e_carnaval\/#breadcrumb"},"inLanguage":"pt-BR","potentialAction":[{"@type":"ReadAction","target":["https:\/\/www.pm.pb.gov.br\/portal\/2011\/03\/01\/policias_militar_e_civil_definem_plano_de_seguranca_para_o_folia_de_rua_e_carnaval\/"]}]},{"@type":"BreadcrumbList","@id":"https:\/\/www.pm.pb.gov.br\/portal\/2011\/03\/01\/policias_militar_e_civil_definem_plano_de_seguranca_para_o_folia_de_rua_e_carnaval\/#breadcrumb","itemListElement":[{"@type":"ListItem","position":1,"name":"In\u00edcio","item":"https:\/\/www.pm.pb.gov.br\/portal\/"},{"@type":"ListItem","position":2,"name":"Policias Militar e Civil definem plano de seguran\u00e7a para o Folia de Rua e Carnaval"}]},{"@type":"WebSite","@id":"https:\/\/www.pm.pb.gov.br\/portal\/#website","url":"https:\/\/www.pm.pb.gov.br\/portal\/","name":"Pol\u00edcia Militar da Para\u00edba","description":"","publisher":{"@id":"https:\/\/www.pm.pb.gov.br\/portal\/#organization"},"potentialAction":[{"@type":"SearchAction","target":{"@type":"EntryPoint","urlTemplate":"https:\/\/www.pm.pb.gov.br\/portal\/?s={search_term_string}"},"query-input":"required name=search_term_string"}],"inLanguage":"pt-BR"},{"@type":"Organization","@id":"https:\/\/www.pm.pb.gov.br\/portal\/#organization","name":"Pol\u00edcia Militar da Para\u00edba","url":"https:\/\/www.pm.pb.gov.br\/portal\/","logo":{"@type":"ImageObject","inLanguage":"pt-BR","@id":"https:\/\/www.pm.pb.gov.br\/portal\/#\/schema\/logo\/image\/","url":"https:\/\/www.pm.pb.gov.br\/portal\/wp-content\/uploads\/2025\/03\/cropped-logo-site-mag2-1.png","contentUrl":"https:\/\/www.pm.pb.gov.br\/portal\/wp-content\/uploads\/2025\/03\/cropped-logo-site-mag2-1.png","width":320,"height":90,"caption":"Pol\u00edcia Militar da Para\u00edba"},"image":{"@id":"https:\/\/www.pm.pb.gov.br\/portal\/#\/schema\/logo\/image\/"}},{"@type":"Person","@id":"https:\/\/www.pm.pb.gov.br\/portal\/#\/schema\/person\/e8454f46651c3ecf0e1ba3c1666d9947","name":"Assessoria de Imprensa da PMPB","image":{"@type":"ImageObject","inLanguage":"pt-BR","@id":"https:\/\/www.pm.pb.gov.br\/portal\/#\/schema\/person\/image\/","url":"https:\/\/secure.gravatar.com\/avatar\/2efe197438265d1e90bd98c4c8e1acf8?s=96&d=mm&r=g","contentUrl":"https:\/\/secure.gravatar.com\/avatar\/2efe197438265d1e90bd98c4c8e1acf8?s=96&d=mm&r=g","caption":"Assessoria de Imprensa da PMPB"},"url":"https:\/\/www.pm.pb.gov.br\/portal\/author\/assessoria\/"}]}},"_links":{"self":[{"href":"https:\/\/www.pm.pb.gov.br\/portal\/wp-json\/wp\/v2\/posts\/889552"}],"collection":[{"href":"https:\/\/www.pm.pb.gov.br\/portal\/wp-json\/wp\/v2\/posts"}],"about":[{"href":"https:\/\/www.pm.pb.gov.br\/portal\/wp-json\/wp\/v2\/types\/post"}],"author":[{"embeddable":true,"href":"https:\/\/www.pm.pb.gov.br\/portal\/wp-json\/wp\/v2\/users\/5"}],"replies":[{"embeddable":true,"href":"https:\/\/www.pm.pb.gov.br\/portal\/wp-json\/wp\/v2\/comments?post=889552"}],"version-history":[{"count":0,"href":"https:\/\/www.pm.pb.gov.br\/portal\/wp-json\/wp\/v2\/posts\/889552\/revisions"}],"wp:featuredmedia":[{"embeddable":true,"href":"https:\/\/www.pm.pb.gov.br\/portal\/wp-json\/wp\/v2\/media\/5980"}],"wp:attachment":[{"href":"https:\/\/www.pm.pb.gov.br\/portal\/wp-json\/wp\/v2\/media?parent=889552"}],"wp:term":[{"taxonomy":"category","embeddable":true,"href":"https:\/\/www.pm.pb.gov.br\/portal\/wp-json\/wp\/v2\/categories?post=889552"},{"taxonomy":"post_tag","embeddable":true,"href":"https:\/\/www.pm.pb.gov.br\/portal\/wp-json\/wp\/v2\/tags?post=889552"}],"curies":[{"name":"wp","href":"https:\/\/api.w.org\/{rel}","templated":true}]}}