{"id":8800,"date":"2013-11-25T10:11:48","date_gmt":"2013-11-25T13:11:48","guid":{"rendered":"http:\/\/www.pm.pb.gov.br\/portal\/2013\/11\/pm_profissionaliza_terapia_assistida_por_caes\/"},"modified":"2013-11-25T10:11:48","modified_gmt":"2013-11-25T13:11:48","slug":"pm_profissionaliza_terapia_assistida_por_caes","status":"publish","type":"post","link":"https:\/\/www.pm.pb.gov.br\/portal\/2013\/11\/25\/pm_profissionaliza_terapia_assistida_por_caes\/","title":{"rendered":"PM profissionaliza terapia assistida por c\u00e3es"},"content":{"rendered":"<figure style=\"width: 500px\" class=\"wp-caption alignnone\"><img decoding=\"async\" class=\"alignnone size-medium\" src=\"http:\/\/www.pm.pb.gov.br\/portal\/wp-content\/uploads\/2013\/11\/8800_11823.jpg\" title=\"Atividade \u00e9 realizada com pacientes com algum tipo de necessidade especial (Foto: Werneck Moreno)\" width=\"100%\" \/><figcaption class=\"wp-caption-text\">Atividade \u00e9 realizada com pacientes com algum tipo de necessidade especial (Foto: Werneck Moreno)<\/figcaption><\/figure>\n<div style=\"text-align: justify;\">A Pol\u00edcia Militar da Para\u00edba (PMPB)  ganhou mais qualifica\u00e7\u00e3o no que tange o uso de c\u00e3es para auxiliar na recupera\u00e7\u00e3o de pacientes com algum tipo de necessidade especial. O trabalho de cinoterapia, que \u00e9 realizado h\u00e1 quase dois anos pelos integrantes do Canil da PM na Associa\u00e7\u00e3o de Pais e Amigos dos Excepcionais de Jo\u00e3o Pessoa (Apae-JP), est\u00e1 sendo ainda mais profissionalizado.<\/p>\n<p>\u00c9 que o subcomandante do Canil da PMPB, o tenente Roberto Her\u00e1clio, participou do curso de \u0091C\u00e3es Auxiliando no Bem Estar Humano \u0096 m\u00f3dulo b\u00e1sico\u0092, oferecido pela Associa\u00e7\u00e3o para a Promo\u00e7\u00e3o de Terapias Assistidas por C\u00e3es. A qualifica\u00e7\u00e3o teve uma carga hor\u00e1ria total de 27 horas aulas, na cidade e S\u00e3o Paulo (SP), e abordou temas como : Defini\u00e7\u00e3o e diferen\u00e7a entre: Atividade, Educa\u00e7\u00e3o e Terapia Assistida por C\u00e3o; Bases Te\u00f3ricas sobre educa\u00e7\u00e3o e Terapia Assistida por c\u00e3o; A Domestica\u00e7\u00e3o do C\u00e3o; Comunica\u00e7\u00e3o C\u00e3o x Humano; Preven\u00e7\u00e3o \u00e0s Principais Zoonozes \u0096 entre outros.<\/p>\n<p>\u0093Abri minha vis\u00e3o sobre a utiliza\u00e7\u00e3o do c\u00e3o em aux\u00edlio ao homem. Constatei que ele pode ser usado em diversas \u00e1reas,  como a Educa\u00e7\u00e3o (nas escolas) e a Sa\u00fade; al\u00e9m das novas linhas existentes de adestramento e treinamento do c\u00e3o. Tivemos aulas com os professores mais renomados dessa \u00e1rea\u0094, contou Her\u00e1clio, ao frisar que todo o conhecimento adquirido ser\u00e1 repassado aos outros policiais do Canil para agregar ao trabalho que j\u00e1 \u00e9 feito pela corpora\u00e7\u00e3o na Apae.<\/p>\n<p>Cinoterapia &#8211; Apesar de a Cinoterapia estar sendo bastante aplicada no Brasil e principalmente nos pa\u00edses desenvolvidos, n\u00e3o existe ainda uma regulamenta\u00e7\u00e3o nacional sobre a pr\u00e1tica dela. Logo, existem v\u00e1rias formas de se aplicar a Terapia Assistida por C\u00e3o (TAC), mas j\u00e1 est\u00e1 cientificamente comprovado os seus benef\u00edcios. Nessa atividade, o animal vira um facilitador no tratamento de pacientes que sofrem, por exemplo, com transtornos de desenvolvimento e de aten\u00e7\u00e3o.<\/p>\n<p>Na Apae, em Jo\u00e3o Pessoa,as atividades do Canil acontecem todas as ter\u00e7as-feiras, com animais da ra\u00e7a golden retriever, que s\u00e3o treinados por pelo menos dois anos para desenvolveram a obedi\u00eancia avan\u00e7ada e suportarem est\u00edmulos agressivos.<\/p>\n<p>Hist\u00f3rico do Canil &#8211; O canil da Pol\u00edcia Militar da Para\u00edba, fundado h\u00e1 20 anos, pertence a 2\u00ba companhia do Batalh\u00e3o de Opera\u00e7\u00f5es Especiais (Bope), sediada em Cabedelo. No local, diariamente, os c\u00e3es (divididos em tr\u00eas grupos: farejador, patrulheiro e show dog) s\u00e3o treinados e bem cuidados para auxiliar a corpora\u00e7\u00e3o nas atividades policiais ou sociais.<\/p>\n<p>Entre essas a\u00e7\u00f5es est\u00e3o o policiamento em pra\u00e7as desportivas, controle de rebeli\u00f5es e dist\u00farbios civis, seguran\u00e7a em eventos p\u00fablicos, faro de entorpecentes, al\u00e9m de apresenta\u00e7\u00f5es ao p\u00fablico e a cinoterapia.<\/p>\n<div class=\"row\" align=\"center\"><a href=\"http:\/\/www.pm.pb.gov.br\/portal\/wp-content\/uploads\/2013\/11\/8800_11824.jpg\"><figure style=\"width: 500px\" class=\"wp-caption alignnone\"><img decoding=\"async\" class=\"image-responsive\" src=\"http:\/\/www.pm.pb.gov.br\/portal\/wp-content\/uploads\/2013\/11\/8800_11824.jpg\" title=\"O sub-comandante do Canil, tenente Her\u00e1clio, foi capacitado nas novas t\u00e9cnicas de cinoterapia\" width=\"100%\" \/><figcaption class=\"wp-caption-text\">O sub-comandante do Canil, tenente Her\u00e1clio, foi capacitado nas novas t\u00e9cnicas de cinoterapia<\/figcaption><\/figure><\/a><\/div>\n<\/div>\n","protected":false},"excerpt":{"rendered":"<p>A Pol\u00edcia Militar da Para\u00edba (PMPB) ganhou mais qualifica\u00e7\u00e3o no que tange o uso de c\u00e3es para auxiliar na recupera\u00e7\u00e3o<\/p>\n","protected":false},"author":5,"featured_media":11823,"comment_status":"closed","ping_status":"closed","sticky":false,"template":"","format":"standard","meta":{"_exactmetrics_skip_tracking":false,"_exactmetrics_sitenote_active":false,"_exactmetrics_sitenote_note":"","_exactmetrics_sitenote_category":0,"footnotes":""},"categories":[4],"tags":[],"yoast_head":"<!-- This site is optimized with the Yoast SEO plugin v22.0 - https:\/\/yoast.com\/wordpress\/plugins\/seo\/ -->\n<title>PM profissionaliza terapia assistida por c\u00e3es - Pol\u00edcia Militar da Para\u00edba<\/title>\n<meta name=\"robots\" content=\"index, follow, max-snippet:-1, max-image-preview:large, max-video-preview:-1\" \/>\n<link rel=\"canonical\" href=\"https:\/\/www.pm.pb.gov.br\/portal\/2013\/11\/25\/pm_profissionaliza_terapia_assistida_por_caes\/\" \/>\n<meta property=\"og:locale\" content=\"pt_BR\" \/>\n<meta property=\"og:type\" content=\"article\" \/>\n<meta property=\"og:title\" content=\"PM profissionaliza terapia assistida por c\u00e3es - Pol\u00edcia Militar da Para\u00edba\" \/>\n<meta property=\"og:description\" content=\"A Pol\u00edcia Militar da Para\u00edba (PMPB) ganhou mais qualifica\u00e7\u00e3o no que tange o uso de c\u00e3es para auxiliar na recupera\u00e7\u00e3o\" \/>\n<meta property=\"og:url\" content=\"https:\/\/www.pm.pb.gov.br\/portal\/2013\/11\/25\/pm_profissionaliza_terapia_assistida_por_caes\/\" \/>\n<meta property=\"og:site_name\" content=\"Pol\u00edcia Militar da Para\u00edba\" \/>\n<meta property=\"article:published_time\" content=\"2013-11-25T13:11:48+00:00\" \/>\n<meta property=\"og:image\" content=\"https:\/\/www.pm.pb.gov.br\/portal\/wp-content\/uploads\/2013\/11\/8800_11823.jpg\" \/>\n\t<meta property=\"og:image:width\" content=\"500\" \/>\n\t<meta property=\"og:image:height\" content=\"332\" \/>\n\t<meta property=\"og:image:type\" content=\"image\/jpeg\" \/>\n<meta name=\"author\" content=\"Assessoria de Imprensa da PMPB\" \/>\n<meta name=\"twitter:card\" content=\"summary_large_image\" \/>\n<meta name=\"twitter:label1\" content=\"Escrito por\" \/>\n\t<meta name=\"twitter:data1\" content=\"Assessoria de Imprensa da PMPB\" \/>\n\t<meta name=\"twitter:label2\" content=\"Est. tempo de leitura\" \/>\n\t<meta name=\"twitter:data2\" content=\"3 minutos\" \/>\n<script type=\"application\/ld+json\" class=\"yoast-schema-graph\">{\"@context\":\"https:\/\/schema.org\",\"@graph\":[{\"@type\":\"Article\",\"@id\":\"https:\/\/www.pm.pb.gov.br\/portal\/2013\/11\/25\/pm_profissionaliza_terapia_assistida_por_caes\/#article\",\"isPartOf\":{\"@id\":\"https:\/\/www.pm.pb.gov.br\/portal\/2013\/11\/25\/pm_profissionaliza_terapia_assistida_por_caes\/\"},\"author\":{\"name\":\"Assessoria de Imprensa da PMPB\",\"@id\":\"https:\/\/www.pm.pb.gov.br\/portal\/#\/schema\/person\/e8454f46651c3ecf0e1ba3c1666d9947\"},\"headline\":\"PM profissionaliza terapia assistida por c\u00e3es\",\"datePublished\":\"2013-11-25T13:11:48+00:00\",\"dateModified\":\"2013-11-25T13:11:48+00:00\",\"mainEntityOfPage\":{\"@id\":\"https:\/\/www.pm.pb.gov.br\/portal\/2013\/11\/25\/pm_profissionaliza_terapia_assistida_por_caes\/\"},\"wordCount\":535,\"publisher\":{\"@id\":\"https:\/\/www.pm.pb.gov.br\/portal\/#organization\"},\"articleSection\":[\"A\u00e7\u00f5es Policiais\"],\"inLanguage\":\"pt-BR\"},{\"@type\":\"WebPage\",\"@id\":\"https:\/\/www.pm.pb.gov.br\/portal\/2013\/11\/25\/pm_profissionaliza_terapia_assistida_por_caes\/\",\"url\":\"https:\/\/www.pm.pb.gov.br\/portal\/2013\/11\/25\/pm_profissionaliza_terapia_assistida_por_caes\/\",\"name\":\"PM profissionaliza terapia assistida por c\u00e3es - Pol\u00edcia Militar da Para\u00edba\",\"isPartOf\":{\"@id\":\"https:\/\/www.pm.pb.gov.br\/portal\/#website\"},\"datePublished\":\"2013-11-25T13:11:48+00:00\",\"dateModified\":\"2013-11-25T13:11:48+00:00\",\"breadcrumb\":{\"@id\":\"https:\/\/www.pm.pb.gov.br\/portal\/2013\/11\/25\/pm_profissionaliza_terapia_assistida_por_caes\/#breadcrumb\"},\"inLanguage\":\"pt-BR\",\"potentialAction\":[{\"@type\":\"ReadAction\",\"target\":[\"https:\/\/www.pm.pb.gov.br\/portal\/2013\/11\/25\/pm_profissionaliza_terapia_assistida_por_caes\/\"]}]},{\"@type\":\"BreadcrumbList\",\"@id\":\"https:\/\/www.pm.pb.gov.br\/portal\/2013\/11\/25\/pm_profissionaliza_terapia_assistida_por_caes\/#breadcrumb\",\"itemListElement\":[{\"@type\":\"ListItem\",\"position\":1,\"name\":\"In\u00edcio\",\"item\":\"https:\/\/www.pm.pb.gov.br\/portal\/\"},{\"@type\":\"ListItem\",\"position\":2,\"name\":\"PM profissionaliza terapia assistida por c\u00e3es\"}]},{\"@type\":\"WebSite\",\"@id\":\"https:\/\/www.pm.pb.gov.br\/portal\/#website\",\"url\":\"https:\/\/www.pm.pb.gov.br\/portal\/\",\"name\":\"Pol\u00edcia Militar da Para\u00edba\",\"description\":\"\",\"publisher\":{\"@id\":\"https:\/\/www.pm.pb.gov.br\/portal\/#organization\"},\"potentialAction\":[{\"@type\":\"SearchAction\",\"target\":{\"@type\":\"EntryPoint\",\"urlTemplate\":\"https:\/\/www.pm.pb.gov.br\/portal\/?s={search_term_string}\"},\"query-input\":\"required name=search_term_string\"}],\"inLanguage\":\"pt-BR\"},{\"@type\":\"Organization\",\"@id\":\"https:\/\/www.pm.pb.gov.br\/portal\/#organization\",\"name\":\"Pol\u00edcia Militar da Para\u00edba\",\"url\":\"https:\/\/www.pm.pb.gov.br\/portal\/\",\"logo\":{\"@type\":\"ImageObject\",\"inLanguage\":\"pt-BR\",\"@id\":\"https:\/\/www.pm.pb.gov.br\/portal\/#\/schema\/logo\/image\/\",\"url\":\"https:\/\/www.pm.pb.gov.br\/portal\/wp-content\/uploads\/2025\/03\/cropped-logo-site-mag2-1.png\",\"contentUrl\":\"https:\/\/www.pm.pb.gov.br\/portal\/wp-content\/uploads\/2025\/03\/cropped-logo-site-mag2-1.png\",\"width\":320,\"height\":90,\"caption\":\"Pol\u00edcia Militar da Para\u00edba\"},\"image\":{\"@id\":\"https:\/\/www.pm.pb.gov.br\/portal\/#\/schema\/logo\/image\/\"}},{\"@type\":\"Person\",\"@id\":\"https:\/\/www.pm.pb.gov.br\/portal\/#\/schema\/person\/e8454f46651c3ecf0e1ba3c1666d9947\",\"name\":\"Assessoria de Imprensa da PMPB\",\"image\":{\"@type\":\"ImageObject\",\"inLanguage\":\"pt-BR\",\"@id\":\"https:\/\/www.pm.pb.gov.br\/portal\/#\/schema\/person\/image\/\",\"url\":\"https:\/\/secure.gravatar.com\/avatar\/2efe197438265d1e90bd98c4c8e1acf8?s=96&d=mm&r=g\",\"contentUrl\":\"https:\/\/secure.gravatar.com\/avatar\/2efe197438265d1e90bd98c4c8e1acf8?s=96&d=mm&r=g\",\"caption\":\"Assessoria de Imprensa da PMPB\"},\"url\":\"https:\/\/www.pm.pb.gov.br\/portal\/author\/assessoria\/\"}]}<\/script>\n<!-- \/ Yoast SEO plugin. -->","yoast_head_json":{"title":"PM profissionaliza terapia assistida por c\u00e3es - Pol\u00edcia Militar da Para\u00edba","robots":{"index":"index","follow":"follow","max-snippet":"max-snippet:-1","max-image-preview":"max-image-preview:large","max-video-preview":"max-video-preview:-1"},"canonical":"https:\/\/www.pm.pb.gov.br\/portal\/2013\/11\/25\/pm_profissionaliza_terapia_assistida_por_caes\/","og_locale":"pt_BR","og_type":"article","og_title":"PM profissionaliza terapia assistida por c\u00e3es - Pol\u00edcia Militar da Para\u00edba","og_description":"A Pol\u00edcia Militar da Para\u00edba (PMPB) ganhou mais qualifica\u00e7\u00e3o no que tange o uso de c\u00e3es para auxiliar na recupera\u00e7\u00e3o","og_url":"https:\/\/www.pm.pb.gov.br\/portal\/2013\/11\/25\/pm_profissionaliza_terapia_assistida_por_caes\/","og_site_name":"Pol\u00edcia Militar da Para\u00edba","article_published_time":"2013-11-25T13:11:48+00:00","og_image":[{"width":500,"height":332,"url":"https:\/\/www.pm.pb.gov.br\/portal\/wp-content\/uploads\/2013\/11\/8800_11823.jpg","type":"image\/jpeg"}],"author":"Assessoria de Imprensa da PMPB","twitter_card":"summary_large_image","twitter_misc":{"Escrito por":"Assessoria de Imprensa da PMPB","Est. tempo de leitura":"3 minutos"},"schema":{"@context":"https:\/\/schema.org","@graph":[{"@type":"Article","@id":"https:\/\/www.pm.pb.gov.br\/portal\/2013\/11\/25\/pm_profissionaliza_terapia_assistida_por_caes\/#article","isPartOf":{"@id":"https:\/\/www.pm.pb.gov.br\/portal\/2013\/11\/25\/pm_profissionaliza_terapia_assistida_por_caes\/"},"author":{"name":"Assessoria de Imprensa da PMPB","@id":"https:\/\/www.pm.pb.gov.br\/portal\/#\/schema\/person\/e8454f46651c3ecf0e1ba3c1666d9947"},"headline":"PM profissionaliza terapia assistida por c\u00e3es","datePublished":"2013-11-25T13:11:48+00:00","dateModified":"2013-11-25T13:11:48+00:00","mainEntityOfPage":{"@id":"https:\/\/www.pm.pb.gov.br\/portal\/2013\/11\/25\/pm_profissionaliza_terapia_assistida_por_caes\/"},"wordCount":535,"publisher":{"@id":"https:\/\/www.pm.pb.gov.br\/portal\/#organization"},"articleSection":["A\u00e7\u00f5es Policiais"],"inLanguage":"pt-BR"},{"@type":"WebPage","@id":"https:\/\/www.pm.pb.gov.br\/portal\/2013\/11\/25\/pm_profissionaliza_terapia_assistida_por_caes\/","url":"https:\/\/www.pm.pb.gov.br\/portal\/2013\/11\/25\/pm_profissionaliza_terapia_assistida_por_caes\/","name":"PM profissionaliza terapia assistida por c\u00e3es - Pol\u00edcia Militar da Para\u00edba","isPartOf":{"@id":"https:\/\/www.pm.pb.gov.br\/portal\/#website"},"datePublished":"2013-11-25T13:11:48+00:00","dateModified":"2013-11-25T13:11:48+00:00","breadcrumb":{"@id":"https:\/\/www.pm.pb.gov.br\/portal\/2013\/11\/25\/pm_profissionaliza_terapia_assistida_por_caes\/#breadcrumb"},"inLanguage":"pt-BR","potentialAction":[{"@type":"ReadAction","target":["https:\/\/www.pm.pb.gov.br\/portal\/2013\/11\/25\/pm_profissionaliza_terapia_assistida_por_caes\/"]}]},{"@type":"BreadcrumbList","@id":"https:\/\/www.pm.pb.gov.br\/portal\/2013\/11\/25\/pm_profissionaliza_terapia_assistida_por_caes\/#breadcrumb","itemListElement":[{"@type":"ListItem","position":1,"name":"In\u00edcio","item":"https:\/\/www.pm.pb.gov.br\/portal\/"},{"@type":"ListItem","position":2,"name":"PM profissionaliza terapia assistida por c\u00e3es"}]},{"@type":"WebSite","@id":"https:\/\/www.pm.pb.gov.br\/portal\/#website","url":"https:\/\/www.pm.pb.gov.br\/portal\/","name":"Pol\u00edcia Militar da Para\u00edba","description":"","publisher":{"@id":"https:\/\/www.pm.pb.gov.br\/portal\/#organization"},"potentialAction":[{"@type":"SearchAction","target":{"@type":"EntryPoint","urlTemplate":"https:\/\/www.pm.pb.gov.br\/portal\/?s={search_term_string}"},"query-input":"required name=search_term_string"}],"inLanguage":"pt-BR"},{"@type":"Organization","@id":"https:\/\/www.pm.pb.gov.br\/portal\/#organization","name":"Pol\u00edcia Militar da Para\u00edba","url":"https:\/\/www.pm.pb.gov.br\/portal\/","logo":{"@type":"ImageObject","inLanguage":"pt-BR","@id":"https:\/\/www.pm.pb.gov.br\/portal\/#\/schema\/logo\/image\/","url":"https:\/\/www.pm.pb.gov.br\/portal\/wp-content\/uploads\/2025\/03\/cropped-logo-site-mag2-1.png","contentUrl":"https:\/\/www.pm.pb.gov.br\/portal\/wp-content\/uploads\/2025\/03\/cropped-logo-site-mag2-1.png","width":320,"height":90,"caption":"Pol\u00edcia Militar da Para\u00edba"},"image":{"@id":"https:\/\/www.pm.pb.gov.br\/portal\/#\/schema\/logo\/image\/"}},{"@type":"Person","@id":"https:\/\/www.pm.pb.gov.br\/portal\/#\/schema\/person\/e8454f46651c3ecf0e1ba3c1666d9947","name":"Assessoria de Imprensa da PMPB","image":{"@type":"ImageObject","inLanguage":"pt-BR","@id":"https:\/\/www.pm.pb.gov.br\/portal\/#\/schema\/person\/image\/","url":"https:\/\/secure.gravatar.com\/avatar\/2efe197438265d1e90bd98c4c8e1acf8?s=96&d=mm&r=g","contentUrl":"https:\/\/secure.gravatar.com\/avatar\/2efe197438265d1e90bd98c4c8e1acf8?s=96&d=mm&r=g","caption":"Assessoria de Imprensa da PMPB"},"url":"https:\/\/www.pm.pb.gov.br\/portal\/author\/assessoria\/"}]}},"_links":{"self":[{"href":"https:\/\/www.pm.pb.gov.br\/portal\/wp-json\/wp\/v2\/posts\/8800"}],"collection":[{"href":"https:\/\/www.pm.pb.gov.br\/portal\/wp-json\/wp\/v2\/posts"}],"about":[{"href":"https:\/\/www.pm.pb.gov.br\/portal\/wp-json\/wp\/v2\/types\/post"}],"author":[{"embeddable":true,"href":"https:\/\/www.pm.pb.gov.br\/portal\/wp-json\/wp\/v2\/users\/5"}],"replies":[{"embeddable":true,"href":"https:\/\/www.pm.pb.gov.br\/portal\/wp-json\/wp\/v2\/comments?post=8800"}],"version-history":[{"count":0,"href":"https:\/\/www.pm.pb.gov.br\/portal\/wp-json\/wp\/v2\/posts\/8800\/revisions"}],"wp:featuredmedia":[{"embeddable":true,"href":"https:\/\/www.pm.pb.gov.br\/portal\/wp-json\/wp\/v2\/media\/11823"}],"wp:attachment":[{"href":"https:\/\/www.pm.pb.gov.br\/portal\/wp-json\/wp\/v2\/media?parent=8800"}],"wp:term":[{"taxonomy":"category","embeddable":true,"href":"https:\/\/www.pm.pb.gov.br\/portal\/wp-json\/wp\/v2\/categories?post=8800"},{"taxonomy":"post_tag","embeddable":true,"href":"https:\/\/www.pm.pb.gov.br\/portal\/wp-json\/wp\/v2\/tags?post=8800"}],"curies":[{"name":"wp","href":"https:\/\/api.w.org\/{rel}","templated":true}]}}