{"id":8613,"date":"2013-10-14T09:10:37","date_gmt":"2013-10-14T12:10:37","guid":{"rendered":"http:\/\/www.pm.pb.gov.br\/portal\/2013\/10\/militares_da_paraiba_conquistam_medalhas_em_competicao_nacional\/"},"modified":"2013-10-14T09:10:37","modified_gmt":"2013-10-14T12:10:37","slug":"militares_da_paraiba_conquistam_medalhas_em_competicao_nacional","status":"publish","type":"post","link":"https:\/\/www.pm.pb.gov.br\/portal\/2013\/10\/14\/militares_da_paraiba_conquistam_medalhas_em_competicao_nacional\/","title":{"rendered":"Militares da Para\u00edba conquistam medalhas em competi\u00e7\u00e3o nacional"},"content":{"rendered":"<figure style=\"width: 500px\" class=\"wp-caption alignnone\"><img decoding=\"async\" class=\"alignnone size-medium\" src=\"http:\/\/www.pm.pb.gov.br\/portal\/wp-content\/uploads\/2013\/10\/8613_11405.jpg\" title=\"Delega\u00e7\u00e3o conquistou excelentes resultados em diversas modalidades\" width=\"100%\" \/><figcaption class=\"wp-caption-text\">Delega\u00e7\u00e3o conquistou excelentes resultados em diversas modalidades<\/figcaption><\/figure>\n<div style=\"text-align: justify;\">A equipe de 60 cadetes (30 PMs e 30 BMs) da Academia de Pol\u00edcia Militar do Cabo Branco chegou a Jo\u00e3o Pessoa, esta semana, com a bagagem cheia. Ap\u00f3s participar da 30\u00aa Edi\u00e7\u00e3o dos Jogos Acad\u00eamicos Nacional, que reuniu 879 militares de dez delega\u00e7\u00f5es de todo o pa\u00eds em Belo Horizonte (MG) &#8211; de 28 \u00faltimo a 5 deste m\u00eas -, o grupo trouxe no hall de conquistas o terceiro lugar geral na classifica\u00e7\u00e3o por equipes &#8211; ficando atr\u00e1s, apenas, das duas maiores delega\u00e7\u00f5es da competi\u00e7\u00e3o, Paran\u00e1 e Minas Gerais.<\/p>\n<p>Afora esse resultado, a Para\u00edba tamb\u00e9m se destacou na competi\u00e7\u00e3o de equipes por modalidades esportivas. O grupo misto de xadrez (composto por tr\u00eas cadetes) e a equipe de nata\u00e7\u00e3o (com 12 esportistas) conquistaram o ouro. No Atletismo,  os cadetes alcan\u00e7aram o segundo lugar geral, com destaque para o cadete Rizardo,  medalhista de ouro em tr\u00eas modalidades (Salto em Altura, Dardo e Revezamento quatro por cem).<\/p>\n<p>\u0093A delega\u00e7\u00e3o paraibana ficou conhecida na competi\u00e7\u00e3o como a dos \u0091guerreiros\u0092, pois apesar de ser pequena, conquistou excelentes resultados em todas as modalidades\u0094, frisou o chefe da equipe paraibana no evento, o major Juce\u00edlton Soares de Oliveira. Ele, que tamb\u00e9m \u00e9 coordenador de Educa\u00e7\u00e3o F\u00edsica do Centro de Educa\u00e7\u00e3o (CE) da PMPB, ainda destacou a uni\u00e3o e a dedica\u00e7\u00e3o do grupo.<\/p>\n<p>Conforme o oficial, historicamente a Para\u00edba tem bons resultados no evento nacional. Em 2011, por exemplo, as policiais e bombeiros femininas sagraram-se vice-campe\u00e3s, no quadro de pontos geral, ficando \u00e0 frente de delega\u00e7\u00f5es mais numerosas como a da Bahia, Mato Grosso e Goi\u00e1s. No masculino, os paraibanos alcan\u00e7aram o terceiro lugar geral, perdendo apenas para S\u00e3o Paulo (1\u00ba colocado) e Bahia \u0096 que possu\u00edam equipes maiores.<\/p>\n<div class=\"row\" align=\"center\"><a href=\"http:\/\/www.pm.pb.gov.br\/portal\/wp-content\/uploads\/2013\/10\/8613_11406.jpg\"><figure style=\"width: 500px\" class=\"wp-caption alignnone\"><img decoding=\"async\" class=\"image-responsive\" src=\"http:\/\/www.pm.pb.gov.br\/portal\/wp-content\/uploads\/2013\/10\/8613_11406.jpg\" title=\"Competi\u00e7\u00e3o reuniu mais de 800 militares do pa\u00eds\" width=\"100%\" \/><figcaption class=\"wp-caption-text\">Competi\u00e7\u00e3o reuniu mais de 800 militares do pa\u00eds<\/figcaption><\/figure><\/a><\/div>\n<\/div>\n","protected":false},"excerpt":{"rendered":"<p>A equipe de 60 cadetes (30 PMs e 30 BMs) da Academia de Pol\u00edcia Militar do Cabo Branco chegou a<\/p>\n","protected":false},"author":5,"featured_media":11405,"comment_status":"closed","ping_status":"closed","sticky":false,"template":"","format":"standard","meta":{"_exactmetrics_skip_tracking":false,"_exactmetrics_sitenote_active":false,"_exactmetrics_sitenote_note":"","_exactmetrics_sitenote_category":0,"footnotes":""},"categories":[15],"tags":[],"yoast_head":"<!-- This site is optimized with the Yoast SEO plugin v22.0 - https:\/\/yoast.com\/wordpress\/plugins\/seo\/ -->\n<title>Militares da Para\u00edba conquistam medalhas em competi\u00e7\u00e3o nacional - Pol\u00edcia Militar da Para\u00edba<\/title>\n<meta name=\"robots\" content=\"index, follow, max-snippet:-1, max-image-preview:large, max-video-preview:-1\" \/>\n<link rel=\"canonical\" href=\"https:\/\/www.pm.pb.gov.br\/portal\/2013\/10\/14\/militares_da_paraiba_conquistam_medalhas_em_competicao_nacional\/\" \/>\n<meta property=\"og:locale\" content=\"pt_BR\" \/>\n<meta property=\"og:type\" content=\"article\" \/>\n<meta property=\"og:title\" content=\"Militares da Para\u00edba conquistam medalhas em competi\u00e7\u00e3o nacional - Pol\u00edcia Militar da Para\u00edba\" \/>\n<meta property=\"og:description\" content=\"A equipe de 60 cadetes (30 PMs e 30 BMs) da Academia de Pol\u00edcia Militar do Cabo Branco chegou a\" \/>\n<meta property=\"og:url\" content=\"https:\/\/www.pm.pb.gov.br\/portal\/2013\/10\/14\/militares_da_paraiba_conquistam_medalhas_em_competicao_nacional\/\" \/>\n<meta property=\"og:site_name\" content=\"Pol\u00edcia Militar da Para\u00edba\" \/>\n<meta property=\"article:published_time\" content=\"2013-10-14T12:10:37+00:00\" \/>\n<meta property=\"og:image\" content=\"https:\/\/www.pm.pb.gov.br\/portal\/wp-content\/uploads\/2013\/10\/8613_11405.jpg\" \/>\n\t<meta property=\"og:image:width\" content=\"500\" \/>\n\t<meta property=\"og:image:height\" content=\"375\" \/>\n\t<meta property=\"og:image:type\" content=\"image\/jpeg\" \/>\n<meta name=\"author\" content=\"Assessoria de Imprensa da PMPB\" \/>\n<meta name=\"twitter:card\" content=\"summary_large_image\" \/>\n<meta name=\"twitter:label1\" content=\"Escrito por\" \/>\n\t<meta name=\"twitter:data1\" content=\"Assessoria de Imprensa da PMPB\" \/>\n\t<meta name=\"twitter:label2\" content=\"Est. tempo de leitura\" \/>\n\t<meta name=\"twitter:data2\" content=\"2 minutos\" \/>\n<script type=\"application\/ld+json\" class=\"yoast-schema-graph\">{\"@context\":\"https:\/\/schema.org\",\"@graph\":[{\"@type\":\"Article\",\"@id\":\"https:\/\/www.pm.pb.gov.br\/portal\/2013\/10\/14\/militares_da_paraiba_conquistam_medalhas_em_competicao_nacional\/#article\",\"isPartOf\":{\"@id\":\"https:\/\/www.pm.pb.gov.br\/portal\/2013\/10\/14\/militares_da_paraiba_conquistam_medalhas_em_competicao_nacional\/\"},\"author\":{\"name\":\"Assessoria de Imprensa da PMPB\",\"@id\":\"https:\/\/www.pm.pb.gov.br\/portal\/#\/schema\/person\/e8454f46651c3ecf0e1ba3c1666d9947\"},\"headline\":\"Militares da Para\u00edba conquistam medalhas em competi\u00e7\u00e3o nacional\",\"datePublished\":\"2013-10-14T12:10:37+00:00\",\"dateModified\":\"2013-10-14T12:10:37+00:00\",\"mainEntityOfPage\":{\"@id\":\"https:\/\/www.pm.pb.gov.br\/portal\/2013\/10\/14\/militares_da_paraiba_conquistam_medalhas_em_competicao_nacional\/\"},\"wordCount\":343,\"publisher\":{\"@id\":\"https:\/\/www.pm.pb.gov.br\/portal\/#organization\"},\"articleSection\":[\"Informativo\"],\"inLanguage\":\"pt-BR\"},{\"@type\":\"WebPage\",\"@id\":\"https:\/\/www.pm.pb.gov.br\/portal\/2013\/10\/14\/militares_da_paraiba_conquistam_medalhas_em_competicao_nacional\/\",\"url\":\"https:\/\/www.pm.pb.gov.br\/portal\/2013\/10\/14\/militares_da_paraiba_conquistam_medalhas_em_competicao_nacional\/\",\"name\":\"Militares da Para\u00edba conquistam medalhas em competi\u00e7\u00e3o nacional - Pol\u00edcia Militar da Para\u00edba\",\"isPartOf\":{\"@id\":\"https:\/\/www.pm.pb.gov.br\/portal\/#website\"},\"datePublished\":\"2013-10-14T12:10:37+00:00\",\"dateModified\":\"2013-10-14T12:10:37+00:00\",\"breadcrumb\":{\"@id\":\"https:\/\/www.pm.pb.gov.br\/portal\/2013\/10\/14\/militares_da_paraiba_conquistam_medalhas_em_competicao_nacional\/#breadcrumb\"},\"inLanguage\":\"pt-BR\",\"potentialAction\":[{\"@type\":\"ReadAction\",\"target\":[\"https:\/\/www.pm.pb.gov.br\/portal\/2013\/10\/14\/militares_da_paraiba_conquistam_medalhas_em_competicao_nacional\/\"]}]},{\"@type\":\"BreadcrumbList\",\"@id\":\"https:\/\/www.pm.pb.gov.br\/portal\/2013\/10\/14\/militares_da_paraiba_conquistam_medalhas_em_competicao_nacional\/#breadcrumb\",\"itemListElement\":[{\"@type\":\"ListItem\",\"position\":1,\"name\":\"In\u00edcio\",\"item\":\"https:\/\/www.pm.pb.gov.br\/portal\/\"},{\"@type\":\"ListItem\",\"position\":2,\"name\":\"Militares da Para\u00edba conquistam medalhas em competi\u00e7\u00e3o nacional\"}]},{\"@type\":\"WebSite\",\"@id\":\"https:\/\/www.pm.pb.gov.br\/portal\/#website\",\"url\":\"https:\/\/www.pm.pb.gov.br\/portal\/\",\"name\":\"Pol\u00edcia Militar da Para\u00edba\",\"description\":\"\",\"publisher\":{\"@id\":\"https:\/\/www.pm.pb.gov.br\/portal\/#organization\"},\"potentialAction\":[{\"@type\":\"SearchAction\",\"target\":{\"@type\":\"EntryPoint\",\"urlTemplate\":\"https:\/\/www.pm.pb.gov.br\/portal\/?s={search_term_string}\"},\"query-input\":\"required name=search_term_string\"}],\"inLanguage\":\"pt-BR\"},{\"@type\":\"Organization\",\"@id\":\"https:\/\/www.pm.pb.gov.br\/portal\/#organization\",\"name\":\"Pol\u00edcia Militar da Para\u00edba\",\"url\":\"https:\/\/www.pm.pb.gov.br\/portal\/\",\"logo\":{\"@type\":\"ImageObject\",\"inLanguage\":\"pt-BR\",\"@id\":\"https:\/\/www.pm.pb.gov.br\/portal\/#\/schema\/logo\/image\/\",\"url\":\"https:\/\/www.pm.pb.gov.br\/portal\/wp-content\/uploads\/2025\/03\/cropped-logo-site-mag2-1.png\",\"contentUrl\":\"https:\/\/www.pm.pb.gov.br\/portal\/wp-content\/uploads\/2025\/03\/cropped-logo-site-mag2-1.png\",\"width\":320,\"height\":90,\"caption\":\"Pol\u00edcia Militar da Para\u00edba\"},\"image\":{\"@id\":\"https:\/\/www.pm.pb.gov.br\/portal\/#\/schema\/logo\/image\/\"}},{\"@type\":\"Person\",\"@id\":\"https:\/\/www.pm.pb.gov.br\/portal\/#\/schema\/person\/e8454f46651c3ecf0e1ba3c1666d9947\",\"name\":\"Assessoria de Imprensa da PMPB\",\"image\":{\"@type\":\"ImageObject\",\"inLanguage\":\"pt-BR\",\"@id\":\"https:\/\/www.pm.pb.gov.br\/portal\/#\/schema\/person\/image\/\",\"url\":\"https:\/\/secure.gravatar.com\/avatar\/2efe197438265d1e90bd98c4c8e1acf8?s=96&d=mm&r=g\",\"contentUrl\":\"https:\/\/secure.gravatar.com\/avatar\/2efe197438265d1e90bd98c4c8e1acf8?s=96&d=mm&r=g\",\"caption\":\"Assessoria de Imprensa da PMPB\"},\"url\":\"https:\/\/www.pm.pb.gov.br\/portal\/author\/assessoria\/\"}]}<\/script>\n<!-- \/ Yoast SEO plugin. -->","yoast_head_json":{"title":"Militares da Para\u00edba conquistam medalhas em competi\u00e7\u00e3o nacional - Pol\u00edcia Militar da Para\u00edba","robots":{"index":"index","follow":"follow","max-snippet":"max-snippet:-1","max-image-preview":"max-image-preview:large","max-video-preview":"max-video-preview:-1"},"canonical":"https:\/\/www.pm.pb.gov.br\/portal\/2013\/10\/14\/militares_da_paraiba_conquistam_medalhas_em_competicao_nacional\/","og_locale":"pt_BR","og_type":"article","og_title":"Militares da Para\u00edba conquistam medalhas em competi\u00e7\u00e3o nacional - Pol\u00edcia Militar da Para\u00edba","og_description":"A equipe de 60 cadetes (30 PMs e 30 BMs) da Academia de Pol\u00edcia Militar do Cabo Branco chegou a","og_url":"https:\/\/www.pm.pb.gov.br\/portal\/2013\/10\/14\/militares_da_paraiba_conquistam_medalhas_em_competicao_nacional\/","og_site_name":"Pol\u00edcia Militar da Para\u00edba","article_published_time":"2013-10-14T12:10:37+00:00","og_image":[{"width":500,"height":375,"url":"https:\/\/www.pm.pb.gov.br\/portal\/wp-content\/uploads\/2013\/10\/8613_11405.jpg","type":"image\/jpeg"}],"author":"Assessoria de Imprensa da PMPB","twitter_card":"summary_large_image","twitter_misc":{"Escrito por":"Assessoria de Imprensa da PMPB","Est. tempo de leitura":"2 minutos"},"schema":{"@context":"https:\/\/schema.org","@graph":[{"@type":"Article","@id":"https:\/\/www.pm.pb.gov.br\/portal\/2013\/10\/14\/militares_da_paraiba_conquistam_medalhas_em_competicao_nacional\/#article","isPartOf":{"@id":"https:\/\/www.pm.pb.gov.br\/portal\/2013\/10\/14\/militares_da_paraiba_conquistam_medalhas_em_competicao_nacional\/"},"author":{"name":"Assessoria de Imprensa da PMPB","@id":"https:\/\/www.pm.pb.gov.br\/portal\/#\/schema\/person\/e8454f46651c3ecf0e1ba3c1666d9947"},"headline":"Militares da Para\u00edba conquistam medalhas em competi\u00e7\u00e3o nacional","datePublished":"2013-10-14T12:10:37+00:00","dateModified":"2013-10-14T12:10:37+00:00","mainEntityOfPage":{"@id":"https:\/\/www.pm.pb.gov.br\/portal\/2013\/10\/14\/militares_da_paraiba_conquistam_medalhas_em_competicao_nacional\/"},"wordCount":343,"publisher":{"@id":"https:\/\/www.pm.pb.gov.br\/portal\/#organization"},"articleSection":["Informativo"],"inLanguage":"pt-BR"},{"@type":"WebPage","@id":"https:\/\/www.pm.pb.gov.br\/portal\/2013\/10\/14\/militares_da_paraiba_conquistam_medalhas_em_competicao_nacional\/","url":"https:\/\/www.pm.pb.gov.br\/portal\/2013\/10\/14\/militares_da_paraiba_conquistam_medalhas_em_competicao_nacional\/","name":"Militares da Para\u00edba conquistam medalhas em competi\u00e7\u00e3o nacional - Pol\u00edcia Militar da Para\u00edba","isPartOf":{"@id":"https:\/\/www.pm.pb.gov.br\/portal\/#website"},"datePublished":"2013-10-14T12:10:37+00:00","dateModified":"2013-10-14T12:10:37+00:00","breadcrumb":{"@id":"https:\/\/www.pm.pb.gov.br\/portal\/2013\/10\/14\/militares_da_paraiba_conquistam_medalhas_em_competicao_nacional\/#breadcrumb"},"inLanguage":"pt-BR","potentialAction":[{"@type":"ReadAction","target":["https:\/\/www.pm.pb.gov.br\/portal\/2013\/10\/14\/militares_da_paraiba_conquistam_medalhas_em_competicao_nacional\/"]}]},{"@type":"BreadcrumbList","@id":"https:\/\/www.pm.pb.gov.br\/portal\/2013\/10\/14\/militares_da_paraiba_conquistam_medalhas_em_competicao_nacional\/#breadcrumb","itemListElement":[{"@type":"ListItem","position":1,"name":"In\u00edcio","item":"https:\/\/www.pm.pb.gov.br\/portal\/"},{"@type":"ListItem","position":2,"name":"Militares da Para\u00edba conquistam medalhas em competi\u00e7\u00e3o nacional"}]},{"@type":"WebSite","@id":"https:\/\/www.pm.pb.gov.br\/portal\/#website","url":"https:\/\/www.pm.pb.gov.br\/portal\/","name":"Pol\u00edcia Militar da Para\u00edba","description":"","publisher":{"@id":"https:\/\/www.pm.pb.gov.br\/portal\/#organization"},"potentialAction":[{"@type":"SearchAction","target":{"@type":"EntryPoint","urlTemplate":"https:\/\/www.pm.pb.gov.br\/portal\/?s={search_term_string}"},"query-input":"required name=search_term_string"}],"inLanguage":"pt-BR"},{"@type":"Organization","@id":"https:\/\/www.pm.pb.gov.br\/portal\/#organization","name":"Pol\u00edcia Militar da Para\u00edba","url":"https:\/\/www.pm.pb.gov.br\/portal\/","logo":{"@type":"ImageObject","inLanguage":"pt-BR","@id":"https:\/\/www.pm.pb.gov.br\/portal\/#\/schema\/logo\/image\/","url":"https:\/\/www.pm.pb.gov.br\/portal\/wp-content\/uploads\/2025\/03\/cropped-logo-site-mag2-1.png","contentUrl":"https:\/\/www.pm.pb.gov.br\/portal\/wp-content\/uploads\/2025\/03\/cropped-logo-site-mag2-1.png","width":320,"height":90,"caption":"Pol\u00edcia Militar da Para\u00edba"},"image":{"@id":"https:\/\/www.pm.pb.gov.br\/portal\/#\/schema\/logo\/image\/"}},{"@type":"Person","@id":"https:\/\/www.pm.pb.gov.br\/portal\/#\/schema\/person\/e8454f46651c3ecf0e1ba3c1666d9947","name":"Assessoria de Imprensa da PMPB","image":{"@type":"ImageObject","inLanguage":"pt-BR","@id":"https:\/\/www.pm.pb.gov.br\/portal\/#\/schema\/person\/image\/","url":"https:\/\/secure.gravatar.com\/avatar\/2efe197438265d1e90bd98c4c8e1acf8?s=96&d=mm&r=g","contentUrl":"https:\/\/secure.gravatar.com\/avatar\/2efe197438265d1e90bd98c4c8e1acf8?s=96&d=mm&r=g","caption":"Assessoria de Imprensa da PMPB"},"url":"https:\/\/www.pm.pb.gov.br\/portal\/author\/assessoria\/"}]}},"_links":{"self":[{"href":"https:\/\/www.pm.pb.gov.br\/portal\/wp-json\/wp\/v2\/posts\/8613"}],"collection":[{"href":"https:\/\/www.pm.pb.gov.br\/portal\/wp-json\/wp\/v2\/posts"}],"about":[{"href":"https:\/\/www.pm.pb.gov.br\/portal\/wp-json\/wp\/v2\/types\/post"}],"author":[{"embeddable":true,"href":"https:\/\/www.pm.pb.gov.br\/portal\/wp-json\/wp\/v2\/users\/5"}],"replies":[{"embeddable":true,"href":"https:\/\/www.pm.pb.gov.br\/portal\/wp-json\/wp\/v2\/comments?post=8613"}],"version-history":[{"count":0,"href":"https:\/\/www.pm.pb.gov.br\/portal\/wp-json\/wp\/v2\/posts\/8613\/revisions"}],"wp:featuredmedia":[{"embeddable":true,"href":"https:\/\/www.pm.pb.gov.br\/portal\/wp-json\/wp\/v2\/media\/11405"}],"wp:attachment":[{"href":"https:\/\/www.pm.pb.gov.br\/portal\/wp-json\/wp\/v2\/media?parent=8613"}],"wp:term":[{"taxonomy":"category","embeddable":true,"href":"https:\/\/www.pm.pb.gov.br\/portal\/wp-json\/wp\/v2\/categories?post=8613"},{"taxonomy":"post_tag","embeddable":true,"href":"https:\/\/www.pm.pb.gov.br\/portal\/wp-json\/wp\/v2\/tags?post=8613"}],"curies":[{"name":"wp","href":"https:\/\/api.w.org\/{rel}","templated":true}]}}