{"id":8610,"date":"2013-10-11T07:10:43","date_gmt":"2013-10-11T10:10:43","guid":{"rendered":"http:\/\/www.pm.pb.gov.br\/portal\/2013\/10\/presa_quadrilha_que_planejava_sequestro_de_empresario_em_sape\/"},"modified":"2013-10-11T07:10:43","modified_gmt":"2013-10-11T10:10:43","slug":"presa_quadrilha_que_planejava_sequestro_de_empresario_em_sape","status":"publish","type":"post","link":"https:\/\/www.pm.pb.gov.br\/portal\/2013\/10\/11\/presa_quadrilha_que_planejava_sequestro_de_empresario_em_sape\/","title":{"rendered":"Presa quadrilha que planejava sequestro de empres\u00e1rio em Sap\u00e9"},"content":{"rendered":"<figure style=\"width: 500px\" class=\"wp-caption alignnone\"><img decoding=\"async\" class=\"alignnone size-medium\" src=\"http:\/\/www.pm.pb.gov.br\/portal\/wp-content\/uploads\/2013\/10\/8610_11394.jpg\" title=\"Armas apreendidas com a quadrilha\" width=\"100%\" \/><figcaption class=\"wp-caption-text\">Armas apreendidas com a quadrilha<\/figcaption><\/figure>\n<div style=\"text-align: justify;\">A Pol\u00edcia Militar desarticulou nesta quinta-feira (10) uma quadrilha formada por tr\u00eas cariocas e dois paraibanos que estariam planejando o sequestro de um empres\u00e1rio do ramo de a\u00e7\u00facar da cidade de Sap\u00e9, distante 55 km de Jo\u00e3o Pessoa. A dupla foi interceptada em um carro, na cidade de Riach\u00e3o do Po\u00e7o. O ve\u00edculo possu\u00eda sons de sirene e um r\u00e1dio de comunica\u00e7\u00e3o &#8211; utilizados pela pol\u00edcia. Com a pris\u00e3o do grupo, os Policiais Militares juntamente com a Pol\u00edcia Civil foram at\u00e9 uma resid\u00eancia em Campina Grande, onde encontraram um carro roubado e cinco armas.<\/p>\n<p>De acordo com o Comandante da 3\u00aa Companhia do 7\u00ba Batalh\u00e3o, Capit\u00e3o Davi Batista, respons\u00e1vel pela pris\u00e3o, o carro encontrado pertence ao filho do empres\u00e1rio que seria alvo da quadrilha e havia sido roubado no come\u00e7o desta semana de um funcion\u00e1rio da v\u00edtima, em Sap\u00e9.<\/p>\n<p>\u0093No assalto eles chegaram a levar o funcion\u00e1rio achando que era o empres\u00e1rio, mas ao perceber que n\u00e3o era ele e nem se tratava de nenhum familiar dele, abandonaram a v\u00edtima na cidade de Sobrado e fugiram com o ve\u00edculo\u0094, contou o Capit\u00e3o.<\/p>\n<p>Ele disse ainda que na tarde desta quinta-feira (10) o bando voltou para tentar concretizar o sequestro, mas ao passar em frente da Companhia da Pol\u00edcia Militar de Sap\u00e9 foram perseguidos em uma a\u00e7\u00e3o que contou com tr\u00eas viaturas que seguiram os acusados intercept\u00e1-los na cidade vizinha, em Riach\u00e3o do Po\u00e7o.<\/p>\n<p>No momento da pris\u00e3o, estavam no carro o paraibano Luiz Vasconcelos de Ara\u00fajo, de 21 anos; Os cariocas Epit\u00e1cio Nilo Martinz Matzker, 22; Suely da Silva Souza, 29 anos; e Moacir Vasconcelos de Ara\u00fajo, 25, este com dois mandados de pris\u00e3o em aberto por roubo e porte ilegal de arma.<\/p>\n<p>A Pol\u00edcia Civil foi acionada e os integrantes das duas quadrilhas chegaram at\u00e9 uma casa no bairro do Cruzeiro, em Campina Grande, onde foi encontrado o carro roubado do filho do empres\u00e1rio e mais cinco espingarda, sendo uma dela de calibre 44, de uso exclusivo das for\u00e7as armas. Na resid\u00eancia os policiais prenderam ainda o paraibano Rubens de Souza Ferreira, de 31 anos, que guardava as armas e os ve\u00edculos utilizados pelos acusados.<\/p>\n<p>A quadrilha foi levada para a Delegacia de Sap\u00e9 e apresentada ao Delegado Frederico Magalh\u00e3es, que vai investigar quem seria o mentor do plano para sequestrar o empres\u00e1rio. Os presos devem ser encaminhados para a Cadeia P\u00fablica de Sap\u00e9 e a mulher para o pres\u00eddio J\u00falia Maranh\u00e3o, em Jo\u00e3o Pessoa.<br \/>\n\u00a0<\/p>\n<div class=\"row\" align=\"center\"><a href=\"http:\/\/www.pm.pb.gov.br\/exportacao\/fotos_noticias\/8610_11395.jpg\"><figure style=\"width: 500px\" class=\"wp-caption alignnone\"><img decoding=\"async\" class=\"image-responsive\" src=\"http:\/\/www.pm.pb.gov.br\/exportacao\/fotos_noticias\/8610_11395.jpg\" title=\"Carro que tinha sido roubado do filho do empres\u00e1rio que foi roubado j\u00e1 esta semana\" width=\"100%\" \/><figcaption class=\"wp-caption-text\">Carro que tinha sido roubado do filho do empres\u00e1rio que foi roubado j\u00e1 esta semana<\/figcaption><\/figure><\/a><a href=\"http:\/\/www.pm.pb.gov.br\/portal\/wp-content\/uploads\/2013\/10\/8610_11396.jpg\"><figure style=\"width: 500px\" class=\"wp-caption alignnone\"><img decoding=\"async\" class=\"image-responsive\" src=\"http:\/\/www.pm.pb.gov.br\/portal\/wp-content\/uploads\/2013\/10\/8610_11396.jpg\" title=\"A quadrilha praticava os crimes nesta Blazer, que possu\u00eda sons de sirene e r\u00e1dio comunicador\" width=\"100%\" \/><figcaption class=\"wp-caption-text\">A quadrilha praticava os crimes nesta Blazer, que possu\u00eda sons de sirene e r\u00e1dio comunicador<\/figcaption><\/figure><\/a><\/div>\n<\/div>\n","protected":false},"excerpt":{"rendered":"<p>A Pol\u00edcia Militar desarticulou nesta quinta-feira (10) uma quadrilha formada por tr\u00eas cariocas e dois paraibanos que estariam planejando o<\/p>\n","protected":false},"author":5,"featured_media":11394,"comment_status":"closed","ping_status":"closed","sticky":false,"template":"","format":"standard","meta":{"_exactmetrics_skip_tracking":false,"_exactmetrics_sitenote_active":false,"_exactmetrics_sitenote_note":"","_exactmetrics_sitenote_category":0,"footnotes":""},"categories":[4],"tags":[],"yoast_head":"<!-- This site is optimized with the Yoast SEO plugin v22.0 - https:\/\/yoast.com\/wordpress\/plugins\/seo\/ -->\n<title>Presa quadrilha que planejava sequestro de empres\u00e1rio em Sap\u00e9 - Pol\u00edcia Militar da Para\u00edba<\/title>\n<meta name=\"robots\" content=\"index, follow, max-snippet:-1, max-image-preview:large, max-video-preview:-1\" \/>\n<link rel=\"canonical\" href=\"https:\/\/www.pm.pb.gov.br\/portal\/2013\/10\/11\/presa_quadrilha_que_planejava_sequestro_de_empresario_em_sape\/\" \/>\n<meta property=\"og:locale\" content=\"pt_BR\" \/>\n<meta property=\"og:type\" content=\"article\" \/>\n<meta property=\"og:title\" content=\"Presa quadrilha que planejava sequestro de empres\u00e1rio em Sap\u00e9 - Pol\u00edcia Militar da Para\u00edba\" \/>\n<meta property=\"og:description\" content=\"A Pol\u00edcia Militar desarticulou nesta quinta-feira (10) uma quadrilha formada por tr\u00eas cariocas e dois paraibanos que estariam planejando o\" \/>\n<meta property=\"og:url\" content=\"https:\/\/www.pm.pb.gov.br\/portal\/2013\/10\/11\/presa_quadrilha_que_planejava_sequestro_de_empresario_em_sape\/\" \/>\n<meta property=\"og:site_name\" content=\"Pol\u00edcia Militar da Para\u00edba\" \/>\n<meta property=\"article:published_time\" content=\"2013-10-11T10:10:43+00:00\" \/>\n<meta property=\"og:image\" content=\"https:\/\/www.pm.pb.gov.br\/portal\/wp-content\/uploads\/2013\/10\/8610_11394.jpg\" \/>\n\t<meta property=\"og:image:width\" content=\"500\" \/>\n\t<meta property=\"og:image:height\" content=\"375\" \/>\n\t<meta property=\"og:image:type\" content=\"image\/jpeg\" \/>\n<meta name=\"author\" content=\"Assessoria de Imprensa da PMPB\" \/>\n<meta name=\"twitter:card\" content=\"summary_large_image\" \/>\n<meta name=\"twitter:label1\" content=\"Escrito por\" \/>\n\t<meta name=\"twitter:data1\" content=\"Assessoria de Imprensa da PMPB\" \/>\n\t<meta name=\"twitter:label2\" content=\"Est. tempo de leitura\" \/>\n\t<meta name=\"twitter:data2\" content=\"3 minutos\" \/>\n<script type=\"application\/ld+json\" class=\"yoast-schema-graph\">{\"@context\":\"https:\/\/schema.org\",\"@graph\":[{\"@type\":\"Article\",\"@id\":\"https:\/\/www.pm.pb.gov.br\/portal\/2013\/10\/11\/presa_quadrilha_que_planejava_sequestro_de_empresario_em_sape\/#article\",\"isPartOf\":{\"@id\":\"https:\/\/www.pm.pb.gov.br\/portal\/2013\/10\/11\/presa_quadrilha_que_planejava_sequestro_de_empresario_em_sape\/\"},\"author\":{\"name\":\"Assessoria de Imprensa da PMPB\",\"@id\":\"https:\/\/www.pm.pb.gov.br\/portal\/#\/schema\/person\/e8454f46651c3ecf0e1ba3c1666d9947\"},\"headline\":\"Presa quadrilha que planejava sequestro de empres\u00e1rio em Sap\u00e9\",\"datePublished\":\"2013-10-11T10:10:43+00:00\",\"dateModified\":\"2013-10-11T10:10:43+00:00\",\"mainEntityOfPage\":{\"@id\":\"https:\/\/www.pm.pb.gov.br\/portal\/2013\/10\/11\/presa_quadrilha_que_planejava_sequestro_de_empresario_em_sape\/\"},\"wordCount\":513,\"publisher\":{\"@id\":\"https:\/\/www.pm.pb.gov.br\/portal\/#organization\"},\"articleSection\":[\"A\u00e7\u00f5es Policiais\"],\"inLanguage\":\"pt-BR\"},{\"@type\":\"WebPage\",\"@id\":\"https:\/\/www.pm.pb.gov.br\/portal\/2013\/10\/11\/presa_quadrilha_que_planejava_sequestro_de_empresario_em_sape\/\",\"url\":\"https:\/\/www.pm.pb.gov.br\/portal\/2013\/10\/11\/presa_quadrilha_que_planejava_sequestro_de_empresario_em_sape\/\",\"name\":\"Presa quadrilha que planejava sequestro de empres\u00e1rio em Sap\u00e9 - Pol\u00edcia Militar da Para\u00edba\",\"isPartOf\":{\"@id\":\"https:\/\/www.pm.pb.gov.br\/portal\/#website\"},\"datePublished\":\"2013-10-11T10:10:43+00:00\",\"dateModified\":\"2013-10-11T10:10:43+00:00\",\"breadcrumb\":{\"@id\":\"https:\/\/www.pm.pb.gov.br\/portal\/2013\/10\/11\/presa_quadrilha_que_planejava_sequestro_de_empresario_em_sape\/#breadcrumb\"},\"inLanguage\":\"pt-BR\",\"potentialAction\":[{\"@type\":\"ReadAction\",\"target\":[\"https:\/\/www.pm.pb.gov.br\/portal\/2013\/10\/11\/presa_quadrilha_que_planejava_sequestro_de_empresario_em_sape\/\"]}]},{\"@type\":\"BreadcrumbList\",\"@id\":\"https:\/\/www.pm.pb.gov.br\/portal\/2013\/10\/11\/presa_quadrilha_que_planejava_sequestro_de_empresario_em_sape\/#breadcrumb\",\"itemListElement\":[{\"@type\":\"ListItem\",\"position\":1,\"name\":\"In\u00edcio\",\"item\":\"https:\/\/www.pm.pb.gov.br\/portal\/\"},{\"@type\":\"ListItem\",\"position\":2,\"name\":\"Presa quadrilha que planejava sequestro de empres\u00e1rio em Sap\u00e9\"}]},{\"@type\":\"WebSite\",\"@id\":\"https:\/\/www.pm.pb.gov.br\/portal\/#website\",\"url\":\"https:\/\/www.pm.pb.gov.br\/portal\/\",\"name\":\"Pol\u00edcia Militar da Para\u00edba\",\"description\":\"\",\"publisher\":{\"@id\":\"https:\/\/www.pm.pb.gov.br\/portal\/#organization\"},\"potentialAction\":[{\"@type\":\"SearchAction\",\"target\":{\"@type\":\"EntryPoint\",\"urlTemplate\":\"https:\/\/www.pm.pb.gov.br\/portal\/?s={search_term_string}\"},\"query-input\":\"required name=search_term_string\"}],\"inLanguage\":\"pt-BR\"},{\"@type\":\"Organization\",\"@id\":\"https:\/\/www.pm.pb.gov.br\/portal\/#organization\",\"name\":\"Pol\u00edcia Militar da Para\u00edba\",\"url\":\"https:\/\/www.pm.pb.gov.br\/portal\/\",\"logo\":{\"@type\":\"ImageObject\",\"inLanguage\":\"pt-BR\",\"@id\":\"https:\/\/www.pm.pb.gov.br\/portal\/#\/schema\/logo\/image\/\",\"url\":\"https:\/\/www.pm.pb.gov.br\/portal\/wp-content\/uploads\/2025\/03\/cropped-logo-site-mag2-1.png\",\"contentUrl\":\"https:\/\/www.pm.pb.gov.br\/portal\/wp-content\/uploads\/2025\/03\/cropped-logo-site-mag2-1.png\",\"width\":320,\"height\":90,\"caption\":\"Pol\u00edcia Militar da Para\u00edba\"},\"image\":{\"@id\":\"https:\/\/www.pm.pb.gov.br\/portal\/#\/schema\/logo\/image\/\"}},{\"@type\":\"Person\",\"@id\":\"https:\/\/www.pm.pb.gov.br\/portal\/#\/schema\/person\/e8454f46651c3ecf0e1ba3c1666d9947\",\"name\":\"Assessoria de Imprensa da PMPB\",\"image\":{\"@type\":\"ImageObject\",\"inLanguage\":\"pt-BR\",\"@id\":\"https:\/\/www.pm.pb.gov.br\/portal\/#\/schema\/person\/image\/\",\"url\":\"https:\/\/secure.gravatar.com\/avatar\/2efe197438265d1e90bd98c4c8e1acf8?s=96&d=mm&r=g\",\"contentUrl\":\"https:\/\/secure.gravatar.com\/avatar\/2efe197438265d1e90bd98c4c8e1acf8?s=96&d=mm&r=g\",\"caption\":\"Assessoria de Imprensa da PMPB\"},\"url\":\"https:\/\/www.pm.pb.gov.br\/portal\/author\/assessoria\/\"}]}<\/script>\n<!-- \/ Yoast SEO plugin. -->","yoast_head_json":{"title":"Presa quadrilha que planejava sequestro de empres\u00e1rio em Sap\u00e9 - Pol\u00edcia Militar da Para\u00edba","robots":{"index":"index","follow":"follow","max-snippet":"max-snippet:-1","max-image-preview":"max-image-preview:large","max-video-preview":"max-video-preview:-1"},"canonical":"https:\/\/www.pm.pb.gov.br\/portal\/2013\/10\/11\/presa_quadrilha_que_planejava_sequestro_de_empresario_em_sape\/","og_locale":"pt_BR","og_type":"article","og_title":"Presa quadrilha que planejava sequestro de empres\u00e1rio em Sap\u00e9 - Pol\u00edcia Militar da Para\u00edba","og_description":"A Pol\u00edcia Militar desarticulou nesta quinta-feira (10) uma quadrilha formada por tr\u00eas cariocas e dois paraibanos que estariam planejando o","og_url":"https:\/\/www.pm.pb.gov.br\/portal\/2013\/10\/11\/presa_quadrilha_que_planejava_sequestro_de_empresario_em_sape\/","og_site_name":"Pol\u00edcia Militar da Para\u00edba","article_published_time":"2013-10-11T10:10:43+00:00","og_image":[{"width":500,"height":375,"url":"https:\/\/www.pm.pb.gov.br\/portal\/wp-content\/uploads\/2013\/10\/8610_11394.jpg","type":"image\/jpeg"}],"author":"Assessoria de Imprensa da PMPB","twitter_card":"summary_large_image","twitter_misc":{"Escrito por":"Assessoria de Imprensa da PMPB","Est. tempo de leitura":"3 minutos"},"schema":{"@context":"https:\/\/schema.org","@graph":[{"@type":"Article","@id":"https:\/\/www.pm.pb.gov.br\/portal\/2013\/10\/11\/presa_quadrilha_que_planejava_sequestro_de_empresario_em_sape\/#article","isPartOf":{"@id":"https:\/\/www.pm.pb.gov.br\/portal\/2013\/10\/11\/presa_quadrilha_que_planejava_sequestro_de_empresario_em_sape\/"},"author":{"name":"Assessoria de Imprensa da PMPB","@id":"https:\/\/www.pm.pb.gov.br\/portal\/#\/schema\/person\/e8454f46651c3ecf0e1ba3c1666d9947"},"headline":"Presa quadrilha que planejava sequestro de empres\u00e1rio em Sap\u00e9","datePublished":"2013-10-11T10:10:43+00:00","dateModified":"2013-10-11T10:10:43+00:00","mainEntityOfPage":{"@id":"https:\/\/www.pm.pb.gov.br\/portal\/2013\/10\/11\/presa_quadrilha_que_planejava_sequestro_de_empresario_em_sape\/"},"wordCount":513,"publisher":{"@id":"https:\/\/www.pm.pb.gov.br\/portal\/#organization"},"articleSection":["A\u00e7\u00f5es Policiais"],"inLanguage":"pt-BR"},{"@type":"WebPage","@id":"https:\/\/www.pm.pb.gov.br\/portal\/2013\/10\/11\/presa_quadrilha_que_planejava_sequestro_de_empresario_em_sape\/","url":"https:\/\/www.pm.pb.gov.br\/portal\/2013\/10\/11\/presa_quadrilha_que_planejava_sequestro_de_empresario_em_sape\/","name":"Presa quadrilha que planejava sequestro de empres\u00e1rio em Sap\u00e9 - Pol\u00edcia Militar da Para\u00edba","isPartOf":{"@id":"https:\/\/www.pm.pb.gov.br\/portal\/#website"},"datePublished":"2013-10-11T10:10:43+00:00","dateModified":"2013-10-11T10:10:43+00:00","breadcrumb":{"@id":"https:\/\/www.pm.pb.gov.br\/portal\/2013\/10\/11\/presa_quadrilha_que_planejava_sequestro_de_empresario_em_sape\/#breadcrumb"},"inLanguage":"pt-BR","potentialAction":[{"@type":"ReadAction","target":["https:\/\/www.pm.pb.gov.br\/portal\/2013\/10\/11\/presa_quadrilha_que_planejava_sequestro_de_empresario_em_sape\/"]}]},{"@type":"BreadcrumbList","@id":"https:\/\/www.pm.pb.gov.br\/portal\/2013\/10\/11\/presa_quadrilha_que_planejava_sequestro_de_empresario_em_sape\/#breadcrumb","itemListElement":[{"@type":"ListItem","position":1,"name":"In\u00edcio","item":"https:\/\/www.pm.pb.gov.br\/portal\/"},{"@type":"ListItem","position":2,"name":"Presa quadrilha que planejava sequestro de empres\u00e1rio em Sap\u00e9"}]},{"@type":"WebSite","@id":"https:\/\/www.pm.pb.gov.br\/portal\/#website","url":"https:\/\/www.pm.pb.gov.br\/portal\/","name":"Pol\u00edcia Militar da Para\u00edba","description":"","publisher":{"@id":"https:\/\/www.pm.pb.gov.br\/portal\/#organization"},"potentialAction":[{"@type":"SearchAction","target":{"@type":"EntryPoint","urlTemplate":"https:\/\/www.pm.pb.gov.br\/portal\/?s={search_term_string}"},"query-input":"required name=search_term_string"}],"inLanguage":"pt-BR"},{"@type":"Organization","@id":"https:\/\/www.pm.pb.gov.br\/portal\/#organization","name":"Pol\u00edcia Militar da Para\u00edba","url":"https:\/\/www.pm.pb.gov.br\/portal\/","logo":{"@type":"ImageObject","inLanguage":"pt-BR","@id":"https:\/\/www.pm.pb.gov.br\/portal\/#\/schema\/logo\/image\/","url":"https:\/\/www.pm.pb.gov.br\/portal\/wp-content\/uploads\/2025\/03\/cropped-logo-site-mag2-1.png","contentUrl":"https:\/\/www.pm.pb.gov.br\/portal\/wp-content\/uploads\/2025\/03\/cropped-logo-site-mag2-1.png","width":320,"height":90,"caption":"Pol\u00edcia Militar da Para\u00edba"},"image":{"@id":"https:\/\/www.pm.pb.gov.br\/portal\/#\/schema\/logo\/image\/"}},{"@type":"Person","@id":"https:\/\/www.pm.pb.gov.br\/portal\/#\/schema\/person\/e8454f46651c3ecf0e1ba3c1666d9947","name":"Assessoria de Imprensa da PMPB","image":{"@type":"ImageObject","inLanguage":"pt-BR","@id":"https:\/\/www.pm.pb.gov.br\/portal\/#\/schema\/person\/image\/","url":"https:\/\/secure.gravatar.com\/avatar\/2efe197438265d1e90bd98c4c8e1acf8?s=96&d=mm&r=g","contentUrl":"https:\/\/secure.gravatar.com\/avatar\/2efe197438265d1e90bd98c4c8e1acf8?s=96&d=mm&r=g","caption":"Assessoria de Imprensa da PMPB"},"url":"https:\/\/www.pm.pb.gov.br\/portal\/author\/assessoria\/"}]}},"_links":{"self":[{"href":"https:\/\/www.pm.pb.gov.br\/portal\/wp-json\/wp\/v2\/posts\/8610"}],"collection":[{"href":"https:\/\/www.pm.pb.gov.br\/portal\/wp-json\/wp\/v2\/posts"}],"about":[{"href":"https:\/\/www.pm.pb.gov.br\/portal\/wp-json\/wp\/v2\/types\/post"}],"author":[{"embeddable":true,"href":"https:\/\/www.pm.pb.gov.br\/portal\/wp-json\/wp\/v2\/users\/5"}],"replies":[{"embeddable":true,"href":"https:\/\/www.pm.pb.gov.br\/portal\/wp-json\/wp\/v2\/comments?post=8610"}],"version-history":[{"count":0,"href":"https:\/\/www.pm.pb.gov.br\/portal\/wp-json\/wp\/v2\/posts\/8610\/revisions"}],"wp:featuredmedia":[{"embeddable":true,"href":"https:\/\/www.pm.pb.gov.br\/portal\/wp-json\/wp\/v2\/media\/11394"}],"wp:attachment":[{"href":"https:\/\/www.pm.pb.gov.br\/portal\/wp-json\/wp\/v2\/media?parent=8610"}],"wp:term":[{"taxonomy":"category","embeddable":true,"href":"https:\/\/www.pm.pb.gov.br\/portal\/wp-json\/wp\/v2\/categories?post=8610"},{"taxonomy":"post_tag","embeddable":true,"href":"https:\/\/www.pm.pb.gov.br\/portal\/wp-json\/wp\/v2\/tags?post=8610"}],"curies":[{"name":"wp","href":"https:\/\/api.w.org\/{rel}","templated":true}]}}