{"id":8566,"date":"2013-09-26T11:09:59","date_gmt":"2013-09-26T14:09:59","guid":{"rendered":"http:\/\/www.pm.pb.gov.br\/portal\/2013\/09\/faculdade_reconhece_contribuicao_da_pm_em_acoes_sociais\/"},"modified":"2013-09-26T11:09:59","modified_gmt":"2013-09-26T14:09:59","slug":"faculdade_reconhece_contribuicao_da_pm_em_acoes_sociais","status":"publish","type":"post","link":"https:\/\/www.pm.pb.gov.br\/portal\/2013\/09\/26\/faculdade_reconhece_contribuicao_da_pm_em_acoes_sociais\/","title":{"rendered":"Faculdade reconhece contribui\u00e7\u00e3o da PM em a\u00e7\u00f5es sociais"},"content":{"rendered":"<figure style=\"width: 500px\" class=\"wp-caption alignnone\"><img decoding=\"async\" class=\"alignnone size-medium\" src=\"http:\/\/www.pm.pb.gov.br\/portal\/wp-content\/uploads\/2013\/09\/8566_11319.jpg\" title=\"A coordenadora adjunta de Comunica\u00e7\u00e3o e Marketing da PM, a capit\u00e3 Rakel Alencar recebeu o certificado em nome de toda a Pol\u00edcia Militar (Fotos: Ricardo S\u00e9rgio)\" width=\"100%\" \/><figcaption class=\"wp-caption-text\">A coordenadora adjunta de Comunica\u00e7\u00e3o e Marketing da PM, a capit\u00e3 Rakel Alencar recebeu o certificado em nome de toda a Pol\u00edcia Militar (Fotos: Ricardo S\u00e9rgio)<\/figcaption><\/figure>\n<div style=\"text-align: justify;\">A Pol\u00edcia Militar da Para\u00edba (PMPB) , por meio de sua Banda de M\u00fasica, foi homenageada pelas institui\u00e7\u00f5es de ensino Nova Esperan\u00e7a na manh\u00e3 desta quinta-feira (26).  O reconhecimento foi feito durante a reuni\u00e3o que marca o lan\u00e7amento da Mega-A\u00e7\u00e3o 2013 \u0096 um evento social desenvolvido pela institui\u00e7\u00e3o anualmente, beneficiando as comunidades inseridas no Valentina Figueiredo e Gramame, na Capital.<\/p>\n<p>Conforme a coordenadora de eventos do grupo Nova Esperan\u00e7a, Carolina Cunha Lima, a PMPB tem apoiado a a\u00e7\u00e3o social nas dez edi\u00e7\u00f5es j\u00e1 consolidados. \u0093A Banda de M\u00fasica da PM sempre faz a abertura da Mega-A\u00e7\u00e3o, al\u00e9m de tamb\u00e9m contarmos com o apoio da institui\u00e7\u00e3o no que tange a seguran\u00e7a e policiamento dessa \u00e1rea\u0094, frisou Caroline, durante o lan\u00e7amento da 11\u00ba edi\u00e7\u00e3o do evento, na sede Famene (Faculdade de Medicina do grupo Nova Esperan\u00e7a) , no Valentina de Figueiredo.<\/p>\n<p>Na ocasi\u00e3o, a coordenadora adjunta da sess\u00e3o de Comunica\u00e7\u00e3o e Marketing da PM, a capit\u00e3 Rakel Alencar, recebeu em nome da institui\u00e7\u00e3o o certificado de \u0091Amigo Mega-A\u00e7\u00e3o\u0092 &#8211; honraria concedida \u00e0queles que colaboram para a realiza\u00e7\u00e3o do projeto de responsabilidade social. \u0093A Pol\u00edcia vem cada vez mais realizando um trabalho de proximidade junto \u00e0 popula\u00e7\u00e3o e \u00e9 um prazer para n\u00f3s apoiar a\u00e7\u00f5es como essa, que beneficiam os mais carentes e trazem integra\u00e7\u00e3o entre a nossa institui\u00e7\u00e3o e a comunidade\u0094, comentou a oficial.<\/p>\n<p>O evento &#8211; Este ano, a \u0091Mega-A\u00e7\u00e3o\u0092 acontece em 25 de outubro, no Sesc Gravat\u00e1. Est\u00e1 prevista a disponibiliza\u00e7\u00e3o gratuita de servi\u00e7os de Sa\u00fade (com aferi\u00e7\u00e3o de press\u00e3o arterial, medi\u00e7\u00e3o de taxa de glicemia capilar, consultas m\u00e9dicas, vacina\u00e7\u00e3o de adultos, entre outros), Cidadania (emiss\u00e3o de documentos pessoais e consultoria jur\u00eddica) e Lazer (brincadeiras, conta\u00e7\u00e3o de hist\u00f3ria, cama el\u00e1stica, apresenta\u00e7\u00f5es culturais). Al\u00e9m disso, tamb\u00e9m ser\u00e3o feitas doa\u00e7\u00f5es de dezenas de cestas b\u00e1sicas para as fam\u00edlias cadastradas previamente atrav\u00e9s das representa\u00e7\u00f5es comunit\u00e1rias, Kits de higiene pessoal, brinquedos, roupas e cal\u00e7ados.<\/p>\n<p>\u0093O projeto tamb\u00e9m incentiva a pr\u00e1tica do voluntariado, do exerc\u00edcio da cidadania ativa e de valores como partilha e solidariedade com o pr\u00f3ximo\u0094, elencou a coordenadora de eventos do grupo Nova Esperan\u00e7a, Carolina Cunha, ao citar que ao longo do ano a institui\u00e7\u00e3o realiza outros projetos como  o \u0091Promovendo Sa\u00fade no Pres\u00eddio Feminino\u0092, \u0091Envelhecimento Saud\u00e1vel\u0092 e \u0091Grupo de Gestantes\u0092.<\/p>\n<div class=\"row\" align=\"center\"><a href=\"http:\/\/www.pm.pb.gov.br\/exportacao\/fotos_noticias\/8566_11320.jpg\"><figure style=\"width: 500px\" class=\"wp-caption alignnone\"><img decoding=\"async\" class=\"image-responsive\" src=\"http:\/\/www.pm.pb.gov.br\/exportacao\/fotos_noticias\/8566_11320.jpg\" title=\"Evento reuniu parceiros do projeto na sede da Famene\" width=\"100%\" \/><figcaption class=\"wp-caption-text\">Evento reuniu parceiros do projeto na sede da Famene<\/figcaption><\/figure><\/a><a href=\"http:\/\/www.pm.pb.gov.br\/portal\/wp-content\/uploads\/2013\/09\/8566_11321.jpg\"><figure style=\"width: 500px\" class=\"wp-caption alignnone\"><img decoding=\"async\" class=\"image-responsive\" src=\"http:\/\/www.pm.pb.gov.br\/portal\/wp-content\/uploads\/2013\/09\/8566_11321.jpg\" title=\"Certificado 'Amigo Mega A\u00e7\u00e3o' \u00e9 dado \u00e0queles que contribuem para realiza\u00e7\u00e3o do projeto\" width=\"100%\" \/><figcaption class=\"wp-caption-text\">Certificado &#8216;Amigo Mega A\u00e7\u00e3o&#8217; \u00e9 dado \u00e0queles que contribuem para realiza\u00e7\u00e3o do projeto<\/figcaption><\/figure><\/a><\/div>\n<\/div>\n","protected":false},"excerpt":{"rendered":"<p>A Pol\u00edcia Militar da Para\u00edba (PMPB) , por meio de sua Banda de M\u00fasica, foi homenageada pelas institui\u00e7\u00f5es de ensino<\/p>\n","protected":false},"author":5,"featured_media":11319,"comment_status":"closed","ping_status":"closed","sticky":false,"template":"","format":"standard","meta":{"_exactmetrics_skip_tracking":false,"_exactmetrics_sitenote_active":false,"_exactmetrics_sitenote_note":"","_exactmetrics_sitenote_category":0,"footnotes":""},"categories":[4],"tags":[],"yoast_head":"<!-- This site is optimized with the Yoast SEO plugin v22.0 - https:\/\/yoast.com\/wordpress\/plugins\/seo\/ -->\n<title>Faculdade reconhece contribui\u00e7\u00e3o da PM em a\u00e7\u00f5es sociais - Pol\u00edcia Militar da Para\u00edba<\/title>\n<meta name=\"robots\" content=\"index, follow, max-snippet:-1, max-image-preview:large, max-video-preview:-1\" \/>\n<link rel=\"canonical\" href=\"https:\/\/www.pm.pb.gov.br\/portal\/2013\/09\/26\/faculdade_reconhece_contribuicao_da_pm_em_acoes_sociais\/\" \/>\n<meta property=\"og:locale\" content=\"pt_BR\" \/>\n<meta property=\"og:type\" content=\"article\" \/>\n<meta property=\"og:title\" content=\"Faculdade reconhece contribui\u00e7\u00e3o da PM em a\u00e7\u00f5es sociais - Pol\u00edcia Militar da Para\u00edba\" \/>\n<meta property=\"og:description\" content=\"A Pol\u00edcia Militar da Para\u00edba (PMPB) , por meio de sua Banda de M\u00fasica, foi homenageada pelas institui\u00e7\u00f5es de ensino\" \/>\n<meta property=\"og:url\" content=\"https:\/\/www.pm.pb.gov.br\/portal\/2013\/09\/26\/faculdade_reconhece_contribuicao_da_pm_em_acoes_sociais\/\" \/>\n<meta property=\"og:site_name\" content=\"Pol\u00edcia Militar da Para\u00edba\" \/>\n<meta property=\"article:published_time\" content=\"2013-09-26T14:09:59+00:00\" \/>\n<meta property=\"og:image\" content=\"https:\/\/www.pm.pb.gov.br\/portal\/wp-content\/uploads\/2013\/09\/8566_11319.jpg\" \/>\n\t<meta property=\"og:image:width\" content=\"500\" \/>\n\t<meta property=\"og:image:height\" content=\"333\" \/>\n\t<meta property=\"og:image:type\" content=\"image\/jpeg\" \/>\n<meta name=\"author\" content=\"Assessoria de Imprensa da PMPB\" \/>\n<meta name=\"twitter:card\" content=\"summary_large_image\" \/>\n<meta name=\"twitter:label1\" content=\"Escrito por\" \/>\n\t<meta name=\"twitter:data1\" content=\"Assessoria de Imprensa da PMPB\" \/>\n\t<meta name=\"twitter:label2\" content=\"Est. tempo de leitura\" \/>\n\t<meta name=\"twitter:data2\" content=\"2 minutos\" \/>\n<script type=\"application\/ld+json\" class=\"yoast-schema-graph\">{\"@context\":\"https:\/\/schema.org\",\"@graph\":[{\"@type\":\"Article\",\"@id\":\"https:\/\/www.pm.pb.gov.br\/portal\/2013\/09\/26\/faculdade_reconhece_contribuicao_da_pm_em_acoes_sociais\/#article\",\"isPartOf\":{\"@id\":\"https:\/\/www.pm.pb.gov.br\/portal\/2013\/09\/26\/faculdade_reconhece_contribuicao_da_pm_em_acoes_sociais\/\"},\"author\":{\"name\":\"Assessoria de Imprensa da PMPB\",\"@id\":\"https:\/\/www.pm.pb.gov.br\/portal\/#\/schema\/person\/e8454f46651c3ecf0e1ba3c1666d9947\"},\"headline\":\"Faculdade reconhece contribui\u00e7\u00e3o da PM em a\u00e7\u00f5es sociais\",\"datePublished\":\"2013-09-26T14:09:59+00:00\",\"dateModified\":\"2013-09-26T14:09:59+00:00\",\"mainEntityOfPage\":{\"@id\":\"https:\/\/www.pm.pb.gov.br\/portal\/2013\/09\/26\/faculdade_reconhece_contribuicao_da_pm_em_acoes_sociais\/\"},\"wordCount\":507,\"publisher\":{\"@id\":\"https:\/\/www.pm.pb.gov.br\/portal\/#organization\"},\"articleSection\":[\"A\u00e7\u00f5es Policiais\"],\"inLanguage\":\"pt-BR\"},{\"@type\":\"WebPage\",\"@id\":\"https:\/\/www.pm.pb.gov.br\/portal\/2013\/09\/26\/faculdade_reconhece_contribuicao_da_pm_em_acoes_sociais\/\",\"url\":\"https:\/\/www.pm.pb.gov.br\/portal\/2013\/09\/26\/faculdade_reconhece_contribuicao_da_pm_em_acoes_sociais\/\",\"name\":\"Faculdade reconhece contribui\u00e7\u00e3o da PM em a\u00e7\u00f5es sociais - Pol\u00edcia Militar da Para\u00edba\",\"isPartOf\":{\"@id\":\"https:\/\/www.pm.pb.gov.br\/portal\/#website\"},\"datePublished\":\"2013-09-26T14:09:59+00:00\",\"dateModified\":\"2013-09-26T14:09:59+00:00\",\"breadcrumb\":{\"@id\":\"https:\/\/www.pm.pb.gov.br\/portal\/2013\/09\/26\/faculdade_reconhece_contribuicao_da_pm_em_acoes_sociais\/#breadcrumb\"},\"inLanguage\":\"pt-BR\",\"potentialAction\":[{\"@type\":\"ReadAction\",\"target\":[\"https:\/\/www.pm.pb.gov.br\/portal\/2013\/09\/26\/faculdade_reconhece_contribuicao_da_pm_em_acoes_sociais\/\"]}]},{\"@type\":\"BreadcrumbList\",\"@id\":\"https:\/\/www.pm.pb.gov.br\/portal\/2013\/09\/26\/faculdade_reconhece_contribuicao_da_pm_em_acoes_sociais\/#breadcrumb\",\"itemListElement\":[{\"@type\":\"ListItem\",\"position\":1,\"name\":\"In\u00edcio\",\"item\":\"https:\/\/www.pm.pb.gov.br\/portal\/\"},{\"@type\":\"ListItem\",\"position\":2,\"name\":\"Faculdade reconhece contribui\u00e7\u00e3o da PM em a\u00e7\u00f5es sociais\"}]},{\"@type\":\"WebSite\",\"@id\":\"https:\/\/www.pm.pb.gov.br\/portal\/#website\",\"url\":\"https:\/\/www.pm.pb.gov.br\/portal\/\",\"name\":\"Pol\u00edcia Militar da Para\u00edba\",\"description\":\"\",\"publisher\":{\"@id\":\"https:\/\/www.pm.pb.gov.br\/portal\/#organization\"},\"potentialAction\":[{\"@type\":\"SearchAction\",\"target\":{\"@type\":\"EntryPoint\",\"urlTemplate\":\"https:\/\/www.pm.pb.gov.br\/portal\/?s={search_term_string}\"},\"query-input\":\"required name=search_term_string\"}],\"inLanguage\":\"pt-BR\"},{\"@type\":\"Organization\",\"@id\":\"https:\/\/www.pm.pb.gov.br\/portal\/#organization\",\"name\":\"Pol\u00edcia Militar da Para\u00edba\",\"url\":\"https:\/\/www.pm.pb.gov.br\/portal\/\",\"logo\":{\"@type\":\"ImageObject\",\"inLanguage\":\"pt-BR\",\"@id\":\"https:\/\/www.pm.pb.gov.br\/portal\/#\/schema\/logo\/image\/\",\"url\":\"https:\/\/www.pm.pb.gov.br\/portal\/wp-content\/uploads\/2025\/03\/cropped-logo-site-mag2-1.png\",\"contentUrl\":\"https:\/\/www.pm.pb.gov.br\/portal\/wp-content\/uploads\/2025\/03\/cropped-logo-site-mag2-1.png\",\"width\":320,\"height\":90,\"caption\":\"Pol\u00edcia Militar da Para\u00edba\"},\"image\":{\"@id\":\"https:\/\/www.pm.pb.gov.br\/portal\/#\/schema\/logo\/image\/\"}},{\"@type\":\"Person\",\"@id\":\"https:\/\/www.pm.pb.gov.br\/portal\/#\/schema\/person\/e8454f46651c3ecf0e1ba3c1666d9947\",\"name\":\"Assessoria de Imprensa da PMPB\",\"image\":{\"@type\":\"ImageObject\",\"inLanguage\":\"pt-BR\",\"@id\":\"https:\/\/www.pm.pb.gov.br\/portal\/#\/schema\/person\/image\/\",\"url\":\"https:\/\/secure.gravatar.com\/avatar\/2efe197438265d1e90bd98c4c8e1acf8?s=96&d=mm&r=g\",\"contentUrl\":\"https:\/\/secure.gravatar.com\/avatar\/2efe197438265d1e90bd98c4c8e1acf8?s=96&d=mm&r=g\",\"caption\":\"Assessoria de Imprensa da PMPB\"},\"url\":\"https:\/\/www.pm.pb.gov.br\/portal\/author\/assessoria\/\"}]}<\/script>\n<!-- \/ Yoast SEO plugin. -->","yoast_head_json":{"title":"Faculdade reconhece contribui\u00e7\u00e3o da PM em a\u00e7\u00f5es sociais - Pol\u00edcia Militar da Para\u00edba","robots":{"index":"index","follow":"follow","max-snippet":"max-snippet:-1","max-image-preview":"max-image-preview:large","max-video-preview":"max-video-preview:-1"},"canonical":"https:\/\/www.pm.pb.gov.br\/portal\/2013\/09\/26\/faculdade_reconhece_contribuicao_da_pm_em_acoes_sociais\/","og_locale":"pt_BR","og_type":"article","og_title":"Faculdade reconhece contribui\u00e7\u00e3o da PM em a\u00e7\u00f5es sociais - Pol\u00edcia Militar da Para\u00edba","og_description":"A Pol\u00edcia Militar da Para\u00edba (PMPB) , por meio de sua Banda de M\u00fasica, foi homenageada pelas institui\u00e7\u00f5es de ensino","og_url":"https:\/\/www.pm.pb.gov.br\/portal\/2013\/09\/26\/faculdade_reconhece_contribuicao_da_pm_em_acoes_sociais\/","og_site_name":"Pol\u00edcia Militar da Para\u00edba","article_published_time":"2013-09-26T14:09:59+00:00","og_image":[{"width":500,"height":333,"url":"https:\/\/www.pm.pb.gov.br\/portal\/wp-content\/uploads\/2013\/09\/8566_11319.jpg","type":"image\/jpeg"}],"author":"Assessoria de Imprensa da PMPB","twitter_card":"summary_large_image","twitter_misc":{"Escrito por":"Assessoria de Imprensa da PMPB","Est. tempo de leitura":"2 minutos"},"schema":{"@context":"https:\/\/schema.org","@graph":[{"@type":"Article","@id":"https:\/\/www.pm.pb.gov.br\/portal\/2013\/09\/26\/faculdade_reconhece_contribuicao_da_pm_em_acoes_sociais\/#article","isPartOf":{"@id":"https:\/\/www.pm.pb.gov.br\/portal\/2013\/09\/26\/faculdade_reconhece_contribuicao_da_pm_em_acoes_sociais\/"},"author":{"name":"Assessoria de Imprensa da PMPB","@id":"https:\/\/www.pm.pb.gov.br\/portal\/#\/schema\/person\/e8454f46651c3ecf0e1ba3c1666d9947"},"headline":"Faculdade reconhece contribui\u00e7\u00e3o da PM em a\u00e7\u00f5es sociais","datePublished":"2013-09-26T14:09:59+00:00","dateModified":"2013-09-26T14:09:59+00:00","mainEntityOfPage":{"@id":"https:\/\/www.pm.pb.gov.br\/portal\/2013\/09\/26\/faculdade_reconhece_contribuicao_da_pm_em_acoes_sociais\/"},"wordCount":507,"publisher":{"@id":"https:\/\/www.pm.pb.gov.br\/portal\/#organization"},"articleSection":["A\u00e7\u00f5es Policiais"],"inLanguage":"pt-BR"},{"@type":"WebPage","@id":"https:\/\/www.pm.pb.gov.br\/portal\/2013\/09\/26\/faculdade_reconhece_contribuicao_da_pm_em_acoes_sociais\/","url":"https:\/\/www.pm.pb.gov.br\/portal\/2013\/09\/26\/faculdade_reconhece_contribuicao_da_pm_em_acoes_sociais\/","name":"Faculdade reconhece contribui\u00e7\u00e3o da PM em a\u00e7\u00f5es sociais - Pol\u00edcia Militar da Para\u00edba","isPartOf":{"@id":"https:\/\/www.pm.pb.gov.br\/portal\/#website"},"datePublished":"2013-09-26T14:09:59+00:00","dateModified":"2013-09-26T14:09:59+00:00","breadcrumb":{"@id":"https:\/\/www.pm.pb.gov.br\/portal\/2013\/09\/26\/faculdade_reconhece_contribuicao_da_pm_em_acoes_sociais\/#breadcrumb"},"inLanguage":"pt-BR","potentialAction":[{"@type":"ReadAction","target":["https:\/\/www.pm.pb.gov.br\/portal\/2013\/09\/26\/faculdade_reconhece_contribuicao_da_pm_em_acoes_sociais\/"]}]},{"@type":"BreadcrumbList","@id":"https:\/\/www.pm.pb.gov.br\/portal\/2013\/09\/26\/faculdade_reconhece_contribuicao_da_pm_em_acoes_sociais\/#breadcrumb","itemListElement":[{"@type":"ListItem","position":1,"name":"In\u00edcio","item":"https:\/\/www.pm.pb.gov.br\/portal\/"},{"@type":"ListItem","position":2,"name":"Faculdade reconhece contribui\u00e7\u00e3o da PM em a\u00e7\u00f5es sociais"}]},{"@type":"WebSite","@id":"https:\/\/www.pm.pb.gov.br\/portal\/#website","url":"https:\/\/www.pm.pb.gov.br\/portal\/","name":"Pol\u00edcia Militar da Para\u00edba","description":"","publisher":{"@id":"https:\/\/www.pm.pb.gov.br\/portal\/#organization"},"potentialAction":[{"@type":"SearchAction","target":{"@type":"EntryPoint","urlTemplate":"https:\/\/www.pm.pb.gov.br\/portal\/?s={search_term_string}"},"query-input":"required name=search_term_string"}],"inLanguage":"pt-BR"},{"@type":"Organization","@id":"https:\/\/www.pm.pb.gov.br\/portal\/#organization","name":"Pol\u00edcia Militar da Para\u00edba","url":"https:\/\/www.pm.pb.gov.br\/portal\/","logo":{"@type":"ImageObject","inLanguage":"pt-BR","@id":"https:\/\/www.pm.pb.gov.br\/portal\/#\/schema\/logo\/image\/","url":"https:\/\/www.pm.pb.gov.br\/portal\/wp-content\/uploads\/2025\/03\/cropped-logo-site-mag2-1.png","contentUrl":"https:\/\/www.pm.pb.gov.br\/portal\/wp-content\/uploads\/2025\/03\/cropped-logo-site-mag2-1.png","width":320,"height":90,"caption":"Pol\u00edcia Militar da Para\u00edba"},"image":{"@id":"https:\/\/www.pm.pb.gov.br\/portal\/#\/schema\/logo\/image\/"}},{"@type":"Person","@id":"https:\/\/www.pm.pb.gov.br\/portal\/#\/schema\/person\/e8454f46651c3ecf0e1ba3c1666d9947","name":"Assessoria de Imprensa da PMPB","image":{"@type":"ImageObject","inLanguage":"pt-BR","@id":"https:\/\/www.pm.pb.gov.br\/portal\/#\/schema\/person\/image\/","url":"https:\/\/secure.gravatar.com\/avatar\/2efe197438265d1e90bd98c4c8e1acf8?s=96&d=mm&r=g","contentUrl":"https:\/\/secure.gravatar.com\/avatar\/2efe197438265d1e90bd98c4c8e1acf8?s=96&d=mm&r=g","caption":"Assessoria de Imprensa da PMPB"},"url":"https:\/\/www.pm.pb.gov.br\/portal\/author\/assessoria\/"}]}},"_links":{"self":[{"href":"https:\/\/www.pm.pb.gov.br\/portal\/wp-json\/wp\/v2\/posts\/8566"}],"collection":[{"href":"https:\/\/www.pm.pb.gov.br\/portal\/wp-json\/wp\/v2\/posts"}],"about":[{"href":"https:\/\/www.pm.pb.gov.br\/portal\/wp-json\/wp\/v2\/types\/post"}],"author":[{"embeddable":true,"href":"https:\/\/www.pm.pb.gov.br\/portal\/wp-json\/wp\/v2\/users\/5"}],"replies":[{"embeddable":true,"href":"https:\/\/www.pm.pb.gov.br\/portal\/wp-json\/wp\/v2\/comments?post=8566"}],"version-history":[{"count":0,"href":"https:\/\/www.pm.pb.gov.br\/portal\/wp-json\/wp\/v2\/posts\/8566\/revisions"}],"wp:featuredmedia":[{"embeddable":true,"href":"https:\/\/www.pm.pb.gov.br\/portal\/wp-json\/wp\/v2\/media\/11319"}],"wp:attachment":[{"href":"https:\/\/www.pm.pb.gov.br\/portal\/wp-json\/wp\/v2\/media?parent=8566"}],"wp:term":[{"taxonomy":"category","embeddable":true,"href":"https:\/\/www.pm.pb.gov.br\/portal\/wp-json\/wp\/v2\/categories?post=8566"},{"taxonomy":"post_tag","embeddable":true,"href":"https:\/\/www.pm.pb.gov.br\/portal\/wp-json\/wp\/v2\/tags?post=8566"}],"curies":[{"name":"wp","href":"https:\/\/api.w.org\/{rel}","templated":true}]}}