{"id":8499,"date":"2013-09-11T07:09:39","date_gmt":"2013-09-11T10:09:39","guid":{"rendered":"http:\/\/www.pm.pb.gov.br\/portal\/2013\/09\/pb_registra_reducao_no_assassinato_de_mulheres_em_2013\/"},"modified":"2013-09-11T07:09:39","modified_gmt":"2013-09-11T10:09:39","slug":"pb_registra_reducao_no_assassinato_de_mulheres_em_2013","status":"publish","type":"post","link":"https:\/\/www.pm.pb.gov.br\/portal\/2013\/09\/11\/pb_registra_reducao_no_assassinato_de_mulheres_em_2013\/","title":{"rendered":"PB registra redu\u00e7\u00e3o no assassinato de mulheres em 2013"},"content":{"rendered":"<figure style=\"width: 500px\" class=\"wp-caption alignnone\"><img decoding=\"async\" class=\"alignnone size-medium\" src=\"http:\/\/www.pm.pb.gov.br\/portal\/wp-content\/uploads\/2013\/09\/8499_11187.jpg\" title=\"A\u00e7\u00f5es integradas das Pol\u00edcia Civil e Militar tem contribu\u00eddo com a redu\u00e7\u00e3o dos \u00edndices (Foto Ilustrativa)\" width=\"100%\" \/><figcaption class=\"wp-caption-text\">A\u00e7\u00f5es integradas das Pol\u00edcia Civil e Militar tem contribu\u00eddo com a redu\u00e7\u00e3o dos \u00edndices (Foto Ilustrativa)<\/figcaption><\/figure>\n<div style=\"text-align: justify;\">A redu\u00e7\u00e3o de crimes contra a vida na Para\u00edba atingiu uma redu\u00e7\u00e3o de 15% no n\u00famero de mulheres assassinadas de janeiro a agosto deste ano em rela\u00e7\u00e3o ao mesmo per\u00edodo de 2012. Os dados s\u00e3o do N\u00facleo de An\u00e1lise Criminal e Estat\u00edstica (Nace) da Secretaria da Seguran\u00e7a e da Defesa Social (Seds), que aponta a ocorr\u00eancia de 15 casos a menos nos oito primeiros meses de 2013, enquanto que no ano anterior, nos dois quadrimestres, foram registrados 101 Crimes Violentos Letais Intencionais (CVLI) \u0096 homic\u00eddios dolosos ou qualquer outro crime doloso que resulte em morte. Em 2011, o n\u00famero de homic\u00eddios de mulheres foi de 146 nos oito primeiros meses.<\/p>\n<p>Ainda segundo dados da Seds, at\u00e9 o fim de agosto, 190 munic\u00edpios n\u00e3o registraram homic\u00eddios de mulheres na Para\u00edba. Em Jo\u00e3o Pessoa, cidade que concentra a maioria dos casos de CVLI de mulheres, este ano foram contabilizados 28 casos, seis a menos que em 2013, tamb\u00e9m de janeiro a agosto.<\/p>\n<p>O secret\u00e1rio da Seguran\u00e7a e da Defesa Social, Cl\u00e1udio Lima, destacou que esses n\u00fameros s\u00e3o resultado de um trabalho mais qualificado das pol\u00edcias Civil e Militar. \u0093Na Civil, temos a integra\u00e7\u00e3o com redes de prote\u00e7\u00e3o \u00e0 mulher e com outras secretarias de Estado, al\u00e9m da parceria com a Delegacia de Crimes contra a Pessoa (Homic\u00eddios), abordando tanto o aspecto de preven\u00e7\u00e3o quanto a elucida\u00e7\u00e3o e crimes. A Pol\u00edcia Militar, por sua vez, est\u00e1 cada vez mais presente, colaborando com as delegacias da mulher. Em Campina Grande h\u00e1 um importante projeto de visitas e acompanhamento da PM a mulheres v\u00edtimas de viol\u00eancia\u0094, afirmou Cl\u00e1udio Lima.<\/p>\n<p>Em 2012, a portaria n\u00ba 54 da Seds determinou que nos casos de crimes de amea\u00e7a contra a vida ou qualquer crime cometido contra a mulher, ainda que sem a apresenta\u00e7\u00e3o de testemunhas, a autoridade policial deve receber a \u0091not\u00edcia crime\u0092, intimar e inquirir o suposto agressor, al\u00e9m de realizar as dilig\u00eancias necess\u00e1rias para encaminhar o caso \u00e0 esfera judicial.<\/p>\n<p>No caso espec\u00edfico de amea\u00e7a contra a vida, as ocorr\u00eancias ainda ser\u00e3o repassadas para a Delegacia de Crimes contra a Pessoa (Homic\u00eddios) da Capital.<\/p>\n<p>O documento, publicado no Di\u00e1rio Oficial do dia 3 de julho, ainda determina que a vontade da v\u00edtima, de que seja instaurado o inqu\u00e9rito policial, deve ser registrada por escrito e que o Instituto de Pol\u00edcia Cient\u00edfica (IPC) viabilize a celeridade na realiza\u00e7\u00e3o de exames periciais e apresenta\u00e7\u00e3o de laudos dentro do prazo legal.<\/p>\n<p>\u0091Opera\u00e7\u00e3o contra Amea\u00e7a\u0092 contribui para queda nos registros \u0096 Para Renata Matias, adjunta da Delegacia Especializada de Atendimento a Mulher (Deam) da Capital, um dos fatores que contribui para a redu\u00e7\u00e3o de assassinatos de mulheres, principalmente aqueles relacionados \u00e0 viol\u00eancia dom\u00e9stica, \u00e9 a \u0091Opera\u00e7\u00e3o Contra Amea\u00e7a\u0092, executada desde 2011 e constante no Plano Operacional da Seds.<\/p>\n<p>Segundo ela, na pr\u00e1tica, a mulher chega na delegacia, relata que foi amea\u00e7ada por qualquer pessoa que cause a viol\u00eancia e \u00e9 ouvida em Termos de Declara\u00e7\u00f5es. Imediatamente o agressor \u00e9 intimado para comparecer \u00e0 delegacia e, se h\u00e1 receio de que outras viol\u00eancias possam acontecer, se requisita ao Judici\u00e1rio uma medida protetiva, que vai do afastamento do lar at\u00e9 a proibi\u00e7\u00e3o de qualquer tipo de contato ou proximidade, por exemplo.<\/p>\n<p>\u0093O interessante \u00e9 que o agressor tem ci\u00eancia, o mais r\u00e1pido poss\u00edvel, de que a Pol\u00edcia Civil est\u00e1 sabendo da agress\u00e3o sofrida pela mulher, o que inibe a pr\u00e1tica de outros crimes\u0094, disse a delegada, ressaltando que a divulga\u00e7\u00e3o do trabalho das Delegacias de Atendimento a Mulher no Estado e as campanhas contra a viol\u00eancia dom\u00e9stica t\u00eam encorajado as den\u00fancias. \u0093O movimento tem aumentado, mas isso n\u00e3o significa que h\u00e1 um maior n\u00famero de crimes. H\u00e1 sim um empoderamento, encorajamento, de mulheres que procuram a delegacia j\u00e1 na primeira agress\u00e3o, decididas a dar um fim \u00e0 viol\u00eancia assim que ela come\u00e7a\u0094, finalizou.<\/p>\n<p>Confira abaixo endere\u00e7o e telefone das Delegacias Especializadas de Atendimento \u00e0 Mulher na Para\u00edba:<\/p>\n<p>Delegacia da Mulher de Jo\u00e3o Pessoa (funciona 24 horas e nos finais de semana e feriados atende aos munic\u00edpios de Bayeux, Santa Rita e Cabedelo:<\/p>\n<p>Avenida Pedro II, n\u00ba 853, Centro, Jo\u00e3o Pessoa. Fone: (83) 3218-5317<\/p>\n<p>Delegacia da Mulher de Cabedelo:<\/p>\n<p>R. Ernesto Vital, 34, Monte Castelo. Fone: (83) 3228-3707<\/p>\n<p>Delegacia da Mulher de Bayeux:<\/p>\n<p>R. Engenheiro de Carvalho, Centro. Fone: (83) 3232-3339<\/p>\n<p>Delegacia da Mulher de Santa Rita:<\/p>\n<p>Loteamento Jardim Maurit\u00e2nia S\/N Fone: (83) 3289-8738<\/p>\n<p>Delegacia da Mulher de Campina Grande:<\/p>\n<p>R. Raimundo Nonato de Ara\u00fajo, S\/N, Catol\u00e9 Fone: (83) 3310-9300\/9303<\/p>\n<p>Delegacia da Mulher de Guarabira<\/p>\n<p>R. Manoel Francisco do Nascimento, n\u00ba 157, Nordeste II. Fone: (83) 3271-2986<\/p>\n<p>Delegacia da Mulher de Patos:<\/p>\n<p>Rua Bossuet Wanderley, n\u00ba 337, Centro. Fone: (83) 3423-2237<\/p>\n<p>Delegacia da Mulher de Cajazeiras<\/p>\n<p>R. Romualdo Rolim, n\u00ba 636, Centro  Fone:  (83) 3531-7022<\/p>\n<p>Delegacia da Mulher de Sousa<\/p>\n<p>R. Sardyr Fernandes de Arag\u00e3o S\/N, Gato Preto. Fone: (83) 3531-2948<\/p>\n<div class=\"row\" align=\"center\"><\/div>\n<\/div>\n","protected":false},"excerpt":{"rendered":"<p>A redu\u00e7\u00e3o de crimes contra a vida na Para\u00edba atingiu uma redu\u00e7\u00e3o de 15% no n\u00famero de mulheres assassinadas de<\/p>\n","protected":false},"author":5,"featured_media":11187,"comment_status":"closed","ping_status":"closed","sticky":false,"template":"","format":"standard","meta":{"_exactmetrics_skip_tracking":false,"_exactmetrics_sitenote_active":false,"_exactmetrics_sitenote_note":"","_exactmetrics_sitenote_category":0,"footnotes":""},"categories":[4],"tags":[],"yoast_head":"<!-- This site is optimized with the Yoast SEO plugin v22.0 - https:\/\/yoast.com\/wordpress\/plugins\/seo\/ -->\n<title>PB registra redu\u00e7\u00e3o no assassinato de mulheres em 2013 - Pol\u00edcia Militar da Para\u00edba<\/title>\n<meta name=\"robots\" content=\"index, follow, max-snippet:-1, max-image-preview:large, max-video-preview:-1\" \/>\n<link rel=\"canonical\" href=\"https:\/\/www.pm.pb.gov.br\/portal\/2013\/09\/11\/pb_registra_reducao_no_assassinato_de_mulheres_em_2013\/\" \/>\n<meta property=\"og:locale\" content=\"pt_BR\" \/>\n<meta property=\"og:type\" content=\"article\" \/>\n<meta property=\"og:title\" content=\"PB registra redu\u00e7\u00e3o no assassinato de mulheres em 2013 - Pol\u00edcia Militar da Para\u00edba\" \/>\n<meta property=\"og:description\" content=\"A redu\u00e7\u00e3o de crimes contra a vida na Para\u00edba atingiu uma redu\u00e7\u00e3o de 15% no n\u00famero de mulheres assassinadas de\" \/>\n<meta property=\"og:url\" content=\"https:\/\/www.pm.pb.gov.br\/portal\/2013\/09\/11\/pb_registra_reducao_no_assassinato_de_mulheres_em_2013\/\" \/>\n<meta property=\"og:site_name\" content=\"Pol\u00edcia Militar da Para\u00edba\" \/>\n<meta property=\"article:published_time\" content=\"2013-09-11T10:09:39+00:00\" \/>\n<meta property=\"og:image\" content=\"https:\/\/www.pm.pb.gov.br\/portal\/wp-content\/uploads\/2013\/09\/8499_11187.jpg\" \/>\n\t<meta property=\"og:image:width\" content=\"500\" \/>\n\t<meta property=\"og:image:height\" content=\"333\" \/>\n\t<meta property=\"og:image:type\" content=\"image\/jpeg\" \/>\n<meta name=\"author\" content=\"Assessoria de Imprensa da PMPB\" \/>\n<meta name=\"twitter:card\" content=\"summary_large_image\" \/>\n<meta name=\"twitter:label1\" content=\"Escrito por\" \/>\n\t<meta name=\"twitter:data1\" content=\"Assessoria de Imprensa da PMPB\" \/>\n\t<meta name=\"twitter:label2\" content=\"Est. tempo de leitura\" \/>\n\t<meta name=\"twitter:data2\" content=\"4 minutos\" \/>\n<script type=\"application\/ld+json\" class=\"yoast-schema-graph\">{\"@context\":\"https:\/\/schema.org\",\"@graph\":[{\"@type\":\"Article\",\"@id\":\"https:\/\/www.pm.pb.gov.br\/portal\/2013\/09\/11\/pb_registra_reducao_no_assassinato_de_mulheres_em_2013\/#article\",\"isPartOf\":{\"@id\":\"https:\/\/www.pm.pb.gov.br\/portal\/2013\/09\/11\/pb_registra_reducao_no_assassinato_de_mulheres_em_2013\/\"},\"author\":{\"name\":\"Assessoria de Imprensa da PMPB\",\"@id\":\"https:\/\/www.pm.pb.gov.br\/portal\/#\/schema\/person\/e8454f46651c3ecf0e1ba3c1666d9947\"},\"headline\":\"PB registra redu\u00e7\u00e3o no assassinato de mulheres em 2013\",\"datePublished\":\"2013-09-11T10:09:39+00:00\",\"dateModified\":\"2013-09-11T10:09:39+00:00\",\"mainEntityOfPage\":{\"@id\":\"https:\/\/www.pm.pb.gov.br\/portal\/2013\/09\/11\/pb_registra_reducao_no_assassinato_de_mulheres_em_2013\/\"},\"wordCount\":888,\"publisher\":{\"@id\":\"https:\/\/www.pm.pb.gov.br\/portal\/#organization\"},\"articleSection\":[\"A\u00e7\u00f5es Policiais\"],\"inLanguage\":\"pt-BR\"},{\"@type\":\"WebPage\",\"@id\":\"https:\/\/www.pm.pb.gov.br\/portal\/2013\/09\/11\/pb_registra_reducao_no_assassinato_de_mulheres_em_2013\/\",\"url\":\"https:\/\/www.pm.pb.gov.br\/portal\/2013\/09\/11\/pb_registra_reducao_no_assassinato_de_mulheres_em_2013\/\",\"name\":\"PB registra redu\u00e7\u00e3o no assassinato de mulheres em 2013 - Pol\u00edcia Militar da Para\u00edba\",\"isPartOf\":{\"@id\":\"https:\/\/www.pm.pb.gov.br\/portal\/#website\"},\"datePublished\":\"2013-09-11T10:09:39+00:00\",\"dateModified\":\"2013-09-11T10:09:39+00:00\",\"breadcrumb\":{\"@id\":\"https:\/\/www.pm.pb.gov.br\/portal\/2013\/09\/11\/pb_registra_reducao_no_assassinato_de_mulheres_em_2013\/#breadcrumb\"},\"inLanguage\":\"pt-BR\",\"potentialAction\":[{\"@type\":\"ReadAction\",\"target\":[\"https:\/\/www.pm.pb.gov.br\/portal\/2013\/09\/11\/pb_registra_reducao_no_assassinato_de_mulheres_em_2013\/\"]}]},{\"@type\":\"BreadcrumbList\",\"@id\":\"https:\/\/www.pm.pb.gov.br\/portal\/2013\/09\/11\/pb_registra_reducao_no_assassinato_de_mulheres_em_2013\/#breadcrumb\",\"itemListElement\":[{\"@type\":\"ListItem\",\"position\":1,\"name\":\"In\u00edcio\",\"item\":\"https:\/\/www.pm.pb.gov.br\/portal\/\"},{\"@type\":\"ListItem\",\"position\":2,\"name\":\"PB registra redu\u00e7\u00e3o no assassinato de mulheres em 2013\"}]},{\"@type\":\"WebSite\",\"@id\":\"https:\/\/www.pm.pb.gov.br\/portal\/#website\",\"url\":\"https:\/\/www.pm.pb.gov.br\/portal\/\",\"name\":\"Pol\u00edcia Militar da Para\u00edba\",\"description\":\"\",\"publisher\":{\"@id\":\"https:\/\/www.pm.pb.gov.br\/portal\/#organization\"},\"potentialAction\":[{\"@type\":\"SearchAction\",\"target\":{\"@type\":\"EntryPoint\",\"urlTemplate\":\"https:\/\/www.pm.pb.gov.br\/portal\/?s={search_term_string}\"},\"query-input\":\"required name=search_term_string\"}],\"inLanguage\":\"pt-BR\"},{\"@type\":\"Organization\",\"@id\":\"https:\/\/www.pm.pb.gov.br\/portal\/#organization\",\"name\":\"Pol\u00edcia Militar da Para\u00edba\",\"url\":\"https:\/\/www.pm.pb.gov.br\/portal\/\",\"logo\":{\"@type\":\"ImageObject\",\"inLanguage\":\"pt-BR\",\"@id\":\"https:\/\/www.pm.pb.gov.br\/portal\/#\/schema\/logo\/image\/\",\"url\":\"https:\/\/www.pm.pb.gov.br\/portal\/wp-content\/uploads\/2025\/03\/cropped-logo-site-mag2-1.png\",\"contentUrl\":\"https:\/\/www.pm.pb.gov.br\/portal\/wp-content\/uploads\/2025\/03\/cropped-logo-site-mag2-1.png\",\"width\":320,\"height\":90,\"caption\":\"Pol\u00edcia Militar da Para\u00edba\"},\"image\":{\"@id\":\"https:\/\/www.pm.pb.gov.br\/portal\/#\/schema\/logo\/image\/\"}},{\"@type\":\"Person\",\"@id\":\"https:\/\/www.pm.pb.gov.br\/portal\/#\/schema\/person\/e8454f46651c3ecf0e1ba3c1666d9947\",\"name\":\"Assessoria de Imprensa da PMPB\",\"image\":{\"@type\":\"ImageObject\",\"inLanguage\":\"pt-BR\",\"@id\":\"https:\/\/www.pm.pb.gov.br\/portal\/#\/schema\/person\/image\/\",\"url\":\"https:\/\/secure.gravatar.com\/avatar\/2efe197438265d1e90bd98c4c8e1acf8?s=96&d=mm&r=g\",\"contentUrl\":\"https:\/\/secure.gravatar.com\/avatar\/2efe197438265d1e90bd98c4c8e1acf8?s=96&d=mm&r=g\",\"caption\":\"Assessoria de Imprensa da PMPB\"},\"url\":\"https:\/\/www.pm.pb.gov.br\/portal\/author\/assessoria\/\"}]}<\/script>\n<!-- \/ Yoast SEO plugin. -->","yoast_head_json":{"title":"PB registra redu\u00e7\u00e3o no assassinato de mulheres em 2013 - Pol\u00edcia Militar da Para\u00edba","robots":{"index":"index","follow":"follow","max-snippet":"max-snippet:-1","max-image-preview":"max-image-preview:large","max-video-preview":"max-video-preview:-1"},"canonical":"https:\/\/www.pm.pb.gov.br\/portal\/2013\/09\/11\/pb_registra_reducao_no_assassinato_de_mulheres_em_2013\/","og_locale":"pt_BR","og_type":"article","og_title":"PB registra redu\u00e7\u00e3o no assassinato de mulheres em 2013 - Pol\u00edcia Militar da Para\u00edba","og_description":"A redu\u00e7\u00e3o de crimes contra a vida na Para\u00edba atingiu uma redu\u00e7\u00e3o de 15% no n\u00famero de mulheres assassinadas de","og_url":"https:\/\/www.pm.pb.gov.br\/portal\/2013\/09\/11\/pb_registra_reducao_no_assassinato_de_mulheres_em_2013\/","og_site_name":"Pol\u00edcia Militar da Para\u00edba","article_published_time":"2013-09-11T10:09:39+00:00","og_image":[{"width":500,"height":333,"url":"https:\/\/www.pm.pb.gov.br\/portal\/wp-content\/uploads\/2013\/09\/8499_11187.jpg","type":"image\/jpeg"}],"author":"Assessoria de Imprensa da PMPB","twitter_card":"summary_large_image","twitter_misc":{"Escrito por":"Assessoria de Imprensa da PMPB","Est. tempo de leitura":"4 minutos"},"schema":{"@context":"https:\/\/schema.org","@graph":[{"@type":"Article","@id":"https:\/\/www.pm.pb.gov.br\/portal\/2013\/09\/11\/pb_registra_reducao_no_assassinato_de_mulheres_em_2013\/#article","isPartOf":{"@id":"https:\/\/www.pm.pb.gov.br\/portal\/2013\/09\/11\/pb_registra_reducao_no_assassinato_de_mulheres_em_2013\/"},"author":{"name":"Assessoria de Imprensa da PMPB","@id":"https:\/\/www.pm.pb.gov.br\/portal\/#\/schema\/person\/e8454f46651c3ecf0e1ba3c1666d9947"},"headline":"PB registra redu\u00e7\u00e3o no assassinato de mulheres em 2013","datePublished":"2013-09-11T10:09:39+00:00","dateModified":"2013-09-11T10:09:39+00:00","mainEntityOfPage":{"@id":"https:\/\/www.pm.pb.gov.br\/portal\/2013\/09\/11\/pb_registra_reducao_no_assassinato_de_mulheres_em_2013\/"},"wordCount":888,"publisher":{"@id":"https:\/\/www.pm.pb.gov.br\/portal\/#organization"},"articleSection":["A\u00e7\u00f5es Policiais"],"inLanguage":"pt-BR"},{"@type":"WebPage","@id":"https:\/\/www.pm.pb.gov.br\/portal\/2013\/09\/11\/pb_registra_reducao_no_assassinato_de_mulheres_em_2013\/","url":"https:\/\/www.pm.pb.gov.br\/portal\/2013\/09\/11\/pb_registra_reducao_no_assassinato_de_mulheres_em_2013\/","name":"PB registra redu\u00e7\u00e3o no assassinato de mulheres em 2013 - Pol\u00edcia Militar da Para\u00edba","isPartOf":{"@id":"https:\/\/www.pm.pb.gov.br\/portal\/#website"},"datePublished":"2013-09-11T10:09:39+00:00","dateModified":"2013-09-11T10:09:39+00:00","breadcrumb":{"@id":"https:\/\/www.pm.pb.gov.br\/portal\/2013\/09\/11\/pb_registra_reducao_no_assassinato_de_mulheres_em_2013\/#breadcrumb"},"inLanguage":"pt-BR","potentialAction":[{"@type":"ReadAction","target":["https:\/\/www.pm.pb.gov.br\/portal\/2013\/09\/11\/pb_registra_reducao_no_assassinato_de_mulheres_em_2013\/"]}]},{"@type":"BreadcrumbList","@id":"https:\/\/www.pm.pb.gov.br\/portal\/2013\/09\/11\/pb_registra_reducao_no_assassinato_de_mulheres_em_2013\/#breadcrumb","itemListElement":[{"@type":"ListItem","position":1,"name":"In\u00edcio","item":"https:\/\/www.pm.pb.gov.br\/portal\/"},{"@type":"ListItem","position":2,"name":"PB registra redu\u00e7\u00e3o no assassinato de mulheres em 2013"}]},{"@type":"WebSite","@id":"https:\/\/www.pm.pb.gov.br\/portal\/#website","url":"https:\/\/www.pm.pb.gov.br\/portal\/","name":"Pol\u00edcia Militar da Para\u00edba","description":"","publisher":{"@id":"https:\/\/www.pm.pb.gov.br\/portal\/#organization"},"potentialAction":[{"@type":"SearchAction","target":{"@type":"EntryPoint","urlTemplate":"https:\/\/www.pm.pb.gov.br\/portal\/?s={search_term_string}"},"query-input":"required name=search_term_string"}],"inLanguage":"pt-BR"},{"@type":"Organization","@id":"https:\/\/www.pm.pb.gov.br\/portal\/#organization","name":"Pol\u00edcia Militar da Para\u00edba","url":"https:\/\/www.pm.pb.gov.br\/portal\/","logo":{"@type":"ImageObject","inLanguage":"pt-BR","@id":"https:\/\/www.pm.pb.gov.br\/portal\/#\/schema\/logo\/image\/","url":"https:\/\/www.pm.pb.gov.br\/portal\/wp-content\/uploads\/2025\/03\/cropped-logo-site-mag2-1.png","contentUrl":"https:\/\/www.pm.pb.gov.br\/portal\/wp-content\/uploads\/2025\/03\/cropped-logo-site-mag2-1.png","width":320,"height":90,"caption":"Pol\u00edcia Militar da Para\u00edba"},"image":{"@id":"https:\/\/www.pm.pb.gov.br\/portal\/#\/schema\/logo\/image\/"}},{"@type":"Person","@id":"https:\/\/www.pm.pb.gov.br\/portal\/#\/schema\/person\/e8454f46651c3ecf0e1ba3c1666d9947","name":"Assessoria de Imprensa da PMPB","image":{"@type":"ImageObject","inLanguage":"pt-BR","@id":"https:\/\/www.pm.pb.gov.br\/portal\/#\/schema\/person\/image\/","url":"https:\/\/secure.gravatar.com\/avatar\/2efe197438265d1e90bd98c4c8e1acf8?s=96&d=mm&r=g","contentUrl":"https:\/\/secure.gravatar.com\/avatar\/2efe197438265d1e90bd98c4c8e1acf8?s=96&d=mm&r=g","caption":"Assessoria de Imprensa da PMPB"},"url":"https:\/\/www.pm.pb.gov.br\/portal\/author\/assessoria\/"}]}},"_links":{"self":[{"href":"https:\/\/www.pm.pb.gov.br\/portal\/wp-json\/wp\/v2\/posts\/8499"}],"collection":[{"href":"https:\/\/www.pm.pb.gov.br\/portal\/wp-json\/wp\/v2\/posts"}],"about":[{"href":"https:\/\/www.pm.pb.gov.br\/portal\/wp-json\/wp\/v2\/types\/post"}],"author":[{"embeddable":true,"href":"https:\/\/www.pm.pb.gov.br\/portal\/wp-json\/wp\/v2\/users\/5"}],"replies":[{"embeddable":true,"href":"https:\/\/www.pm.pb.gov.br\/portal\/wp-json\/wp\/v2\/comments?post=8499"}],"version-history":[{"count":0,"href":"https:\/\/www.pm.pb.gov.br\/portal\/wp-json\/wp\/v2\/posts\/8499\/revisions"}],"wp:featuredmedia":[{"embeddable":true,"href":"https:\/\/www.pm.pb.gov.br\/portal\/wp-json\/wp\/v2\/media\/11187"}],"wp:attachment":[{"href":"https:\/\/www.pm.pb.gov.br\/portal\/wp-json\/wp\/v2\/media?parent=8499"}],"wp:term":[{"taxonomy":"category","embeddable":true,"href":"https:\/\/www.pm.pb.gov.br\/portal\/wp-json\/wp\/v2\/categories?post=8499"},{"taxonomy":"post_tag","embeddable":true,"href":"https:\/\/www.pm.pb.gov.br\/portal\/wp-json\/wp\/v2\/tags?post=8499"}],"curies":[{"name":"wp","href":"https:\/\/api.w.org\/{rel}","templated":true}]}}