{"id":8491,"date":"2013-09-11T04:09:16","date_gmt":"2013-09-11T07:09:16","guid":{"rendered":"http:\/\/www.pm.pb.gov.br\/portal\/2013\/09\/comando_regional_em_campina_reune_oficiais_para_debater_acoes\/"},"modified":"2013-09-11T04:09:16","modified_gmt":"2013-09-11T07:09:16","slug":"comando_regional_em_campina_reune_oficiais_para_debater_acoes","status":"publish","type":"post","link":"https:\/\/www.pm.pb.gov.br\/portal\/2013\/09\/11\/comando_regional_em_campina_reune_oficiais_para_debater_acoes\/","title":{"rendered":"Comando Regional em Campina re\u00fane oficiais para debater a\u00e7\u00f5es"},"content":{"rendered":"<figure style=\"width: 500px\" class=\"wp-caption alignnone\"><img decoding=\"async\" class=\"alignnone size-medium\" src=\"http:\/\/www.pm.pb.gov.br\/portal\/wp-content\/uploads\/2013\/09\/8491_11172.jpg\" title=\"Comandantes de batalh\u00f5es operacionais e especializados conheceram nova filosofia de gest\u00e3o do governo \" width=\"100%\" \/><figcaption class=\"wp-caption-text\">Comandantes de batalh\u00f5es operacionais e especializados conheceram nova filosofia de gest\u00e3o do governo<\/figcaption><\/figure>\n<div style=\"text-align: justify;\">O Comando do Policiamento Regional I (ligado \u00e0 2\u00aa Regi\u00e3o Integrada de Seguran\u00e7a P\u00fablica &#8211; 2\u00aa REISP), sediado em Campina Grande, reuniu os comandantes dos batalh\u00f5es operacionais e especializados da \u00e1rea para avalia\u00e7\u00e3o dos dados e planejamentos de opera\u00e7\u00f5es \u0096 a fim de reduzir os \u00edndices criminais em todas as 107 cidades pertencentes  regional.<\/p>\n<p>Na ocasi\u00e3o, o coronel Marcos Sobreira, comandante do CPRI, apresentou o novo modelo de gest\u00e3o da Secretaria de Estado da Seguran\u00e7a, que determina a divis\u00e3o geoadministrativa do Estado e munic\u00edpios por quadrantes. \u0093\u00c9 muito importante essa divis\u00e3o dos Distritos Integrados de Seguran\u00e7a P\u00fablica em ambientes geogr\u00e1ficos menores, os denominados quadrantes, a fim de designar policiamento espec\u00edfico para cada um desses espa\u00e7os f\u00edsicos\u0094, comentou.<\/p>\n<p>Segundo o coronel, nessa nova filosofia de trabalho, os policiais empenhados em cada quadrante conhecer\u00e3o detalhadamente, no decorrer dos dias, a din\u00e2mica do bairro, os pontos de maior incid\u00eancia criminal, o tipo de delito, o hor\u00e1rio que ocorre, entre outras variantes. \u0093Ou seja, o PM ter\u00e1 condi\u00e7\u00f5es de agir mais proativamente, evitando que o crime ocorra, al\u00e9m de passar a conhecer melhor os moradores dos bairros e tamb\u00e9m ser conhecidos por todos\u0094, explicou Sobreira.<\/p>\n<p>Nesse contexto, conforme o oficial, os policiais naturalmente ter\u00e3o uma integra\u00e7\u00e3o maior com as entidades representativas da comunidade, facilitando a identifica\u00e7\u00e3o e a solu\u00e7\u00e3o dos problemas que afligem os moradores.<\/p>\n<div class=\"row\" align=\"center\"><a href=\"http:\/\/www.pm.pb.gov.br\/portal\/wp-content\/uploads\/2013\/09\/8491_11173.jpg\"><figure style=\"width: 500px\" class=\"wp-caption alignnone\"><img decoding=\"async\" class=\"image-responsive\" src=\"http:\/\/www.pm.pb.gov.br\/portal\/wp-content\/uploads\/2013\/09\/8491_11173.jpg\" title=\"Coronel Sobreira elencou benef\u00edcio da nova filosofia de trabalho\" width=\"100%\" \/><figcaption class=\"wp-caption-text\">Coronel Sobreira elencou benef\u00edcio da nova filosofia de trabalho<\/figcaption><\/figure><\/a><\/div>\n<\/div>\n","protected":false},"excerpt":{"rendered":"<p>O Comando do Policiamento Regional I (ligado \u00e0 2\u00aa Regi\u00e3o Integrada de Seguran\u00e7a P\u00fablica &#8211; 2\u00aa REISP), sediado em Campina<\/p>\n","protected":false},"author":5,"featured_media":11172,"comment_status":"closed","ping_status":"closed","sticky":false,"template":"","format":"standard","meta":{"_exactmetrics_skip_tracking":false,"_exactmetrics_sitenote_active":false,"_exactmetrics_sitenote_note":"","_exactmetrics_sitenote_category":0,"footnotes":""},"categories":[4],"tags":[],"yoast_head":"<!-- This site is optimized with the Yoast SEO plugin v22.0 - https:\/\/yoast.com\/wordpress\/plugins\/seo\/ -->\n<title>Comando Regional em Campina re\u00fane oficiais para debater a\u00e7\u00f5es - Pol\u00edcia Militar da Para\u00edba<\/title>\n<meta name=\"robots\" content=\"index, follow, max-snippet:-1, max-image-preview:large, max-video-preview:-1\" \/>\n<link rel=\"canonical\" href=\"https:\/\/www.pm.pb.gov.br\/portal\/2013\/09\/11\/comando_regional_em_campina_reune_oficiais_para_debater_acoes\/\" \/>\n<meta property=\"og:locale\" content=\"pt_BR\" \/>\n<meta property=\"og:type\" content=\"article\" \/>\n<meta property=\"og:title\" content=\"Comando Regional em Campina re\u00fane oficiais para debater a\u00e7\u00f5es - Pol\u00edcia Militar da Para\u00edba\" \/>\n<meta property=\"og:description\" content=\"O Comando do Policiamento Regional I (ligado \u00e0 2\u00aa Regi\u00e3o Integrada de Seguran\u00e7a P\u00fablica &#8211; 2\u00aa REISP), sediado em Campina\" \/>\n<meta property=\"og:url\" content=\"https:\/\/www.pm.pb.gov.br\/portal\/2013\/09\/11\/comando_regional_em_campina_reune_oficiais_para_debater_acoes\/\" \/>\n<meta property=\"og:site_name\" content=\"Pol\u00edcia Militar da Para\u00edba\" \/>\n<meta property=\"article:published_time\" content=\"2013-09-11T07:09:16+00:00\" \/>\n<meta property=\"og:image\" content=\"https:\/\/www.pm.pb.gov.br\/portal\/wp-content\/uploads\/2013\/09\/8491_11172.jpg\" \/>\n\t<meta property=\"og:image:width\" content=\"500\" \/>\n\t<meta property=\"og:image:height\" content=\"375\" \/>\n\t<meta property=\"og:image:type\" content=\"image\/jpeg\" \/>\n<meta name=\"author\" content=\"Assessoria de Imprensa da PMPB\" \/>\n<meta name=\"twitter:card\" content=\"summary_large_image\" \/>\n<meta name=\"twitter:label1\" content=\"Escrito por\" \/>\n\t<meta name=\"twitter:data1\" content=\"Assessoria de Imprensa da PMPB\" \/>\n\t<meta name=\"twitter:label2\" content=\"Est. tempo de leitura\" \/>\n\t<meta name=\"twitter:data2\" content=\"1 minuto\" \/>\n<script type=\"application\/ld+json\" class=\"yoast-schema-graph\">{\"@context\":\"https:\/\/schema.org\",\"@graph\":[{\"@type\":\"Article\",\"@id\":\"https:\/\/www.pm.pb.gov.br\/portal\/2013\/09\/11\/comando_regional_em_campina_reune_oficiais_para_debater_acoes\/#article\",\"isPartOf\":{\"@id\":\"https:\/\/www.pm.pb.gov.br\/portal\/2013\/09\/11\/comando_regional_em_campina_reune_oficiais_para_debater_acoes\/\"},\"author\":{\"name\":\"Assessoria de Imprensa da PMPB\",\"@id\":\"https:\/\/www.pm.pb.gov.br\/portal\/#\/schema\/person\/e8454f46651c3ecf0e1ba3c1666d9947\"},\"headline\":\"Comando Regional em Campina re\u00fane oficiais para debater a\u00e7\u00f5es\",\"datePublished\":\"2013-09-11T07:09:16+00:00\",\"dateModified\":\"2013-09-11T07:09:16+00:00\",\"mainEntityOfPage\":{\"@id\":\"https:\/\/www.pm.pb.gov.br\/portal\/2013\/09\/11\/comando_regional_em_campina_reune_oficiais_para_debater_acoes\/\"},\"wordCount\":292,\"publisher\":{\"@id\":\"https:\/\/www.pm.pb.gov.br\/portal\/#organization\"},\"articleSection\":[\"A\u00e7\u00f5es Policiais\"],\"inLanguage\":\"pt-BR\"},{\"@type\":\"WebPage\",\"@id\":\"https:\/\/www.pm.pb.gov.br\/portal\/2013\/09\/11\/comando_regional_em_campina_reune_oficiais_para_debater_acoes\/\",\"url\":\"https:\/\/www.pm.pb.gov.br\/portal\/2013\/09\/11\/comando_regional_em_campina_reune_oficiais_para_debater_acoes\/\",\"name\":\"Comando Regional em Campina re\u00fane oficiais para debater a\u00e7\u00f5es - Pol\u00edcia Militar da Para\u00edba\",\"isPartOf\":{\"@id\":\"https:\/\/www.pm.pb.gov.br\/portal\/#website\"},\"datePublished\":\"2013-09-11T07:09:16+00:00\",\"dateModified\":\"2013-09-11T07:09:16+00:00\",\"breadcrumb\":{\"@id\":\"https:\/\/www.pm.pb.gov.br\/portal\/2013\/09\/11\/comando_regional_em_campina_reune_oficiais_para_debater_acoes\/#breadcrumb\"},\"inLanguage\":\"pt-BR\",\"potentialAction\":[{\"@type\":\"ReadAction\",\"target\":[\"https:\/\/www.pm.pb.gov.br\/portal\/2013\/09\/11\/comando_regional_em_campina_reune_oficiais_para_debater_acoes\/\"]}]},{\"@type\":\"BreadcrumbList\",\"@id\":\"https:\/\/www.pm.pb.gov.br\/portal\/2013\/09\/11\/comando_regional_em_campina_reune_oficiais_para_debater_acoes\/#breadcrumb\",\"itemListElement\":[{\"@type\":\"ListItem\",\"position\":1,\"name\":\"In\u00edcio\",\"item\":\"https:\/\/www.pm.pb.gov.br\/portal\/\"},{\"@type\":\"ListItem\",\"position\":2,\"name\":\"Comando Regional em Campina re\u00fane oficiais para debater a\u00e7\u00f5es\"}]},{\"@type\":\"WebSite\",\"@id\":\"https:\/\/www.pm.pb.gov.br\/portal\/#website\",\"url\":\"https:\/\/www.pm.pb.gov.br\/portal\/\",\"name\":\"Pol\u00edcia Militar da Para\u00edba\",\"description\":\"\",\"publisher\":{\"@id\":\"https:\/\/www.pm.pb.gov.br\/portal\/#organization\"},\"potentialAction\":[{\"@type\":\"SearchAction\",\"target\":{\"@type\":\"EntryPoint\",\"urlTemplate\":\"https:\/\/www.pm.pb.gov.br\/portal\/?s={search_term_string}\"},\"query-input\":\"required name=search_term_string\"}],\"inLanguage\":\"pt-BR\"},{\"@type\":\"Organization\",\"@id\":\"https:\/\/www.pm.pb.gov.br\/portal\/#organization\",\"name\":\"Pol\u00edcia Militar da Para\u00edba\",\"url\":\"https:\/\/www.pm.pb.gov.br\/portal\/\",\"logo\":{\"@type\":\"ImageObject\",\"inLanguage\":\"pt-BR\",\"@id\":\"https:\/\/www.pm.pb.gov.br\/portal\/#\/schema\/logo\/image\/\",\"url\":\"https:\/\/www.pm.pb.gov.br\/portal\/wp-content\/uploads\/2025\/03\/cropped-logo-site-mag2-1.png\",\"contentUrl\":\"https:\/\/www.pm.pb.gov.br\/portal\/wp-content\/uploads\/2025\/03\/cropped-logo-site-mag2-1.png\",\"width\":320,\"height\":90,\"caption\":\"Pol\u00edcia Militar da Para\u00edba\"},\"image\":{\"@id\":\"https:\/\/www.pm.pb.gov.br\/portal\/#\/schema\/logo\/image\/\"}},{\"@type\":\"Person\",\"@id\":\"https:\/\/www.pm.pb.gov.br\/portal\/#\/schema\/person\/e8454f46651c3ecf0e1ba3c1666d9947\",\"name\":\"Assessoria de Imprensa da PMPB\",\"image\":{\"@type\":\"ImageObject\",\"inLanguage\":\"pt-BR\",\"@id\":\"https:\/\/www.pm.pb.gov.br\/portal\/#\/schema\/person\/image\/\",\"url\":\"https:\/\/secure.gravatar.com\/avatar\/2efe197438265d1e90bd98c4c8e1acf8?s=96&d=mm&r=g\",\"contentUrl\":\"https:\/\/secure.gravatar.com\/avatar\/2efe197438265d1e90bd98c4c8e1acf8?s=96&d=mm&r=g\",\"caption\":\"Assessoria de Imprensa da PMPB\"},\"url\":\"https:\/\/www.pm.pb.gov.br\/portal\/author\/assessoria\/\"}]}<\/script>\n<!-- \/ Yoast SEO plugin. -->","yoast_head_json":{"title":"Comando Regional em Campina re\u00fane oficiais para debater a\u00e7\u00f5es - Pol\u00edcia Militar da Para\u00edba","robots":{"index":"index","follow":"follow","max-snippet":"max-snippet:-1","max-image-preview":"max-image-preview:large","max-video-preview":"max-video-preview:-1"},"canonical":"https:\/\/www.pm.pb.gov.br\/portal\/2013\/09\/11\/comando_regional_em_campina_reune_oficiais_para_debater_acoes\/","og_locale":"pt_BR","og_type":"article","og_title":"Comando Regional em Campina re\u00fane oficiais para debater a\u00e7\u00f5es - Pol\u00edcia Militar da Para\u00edba","og_description":"O Comando do Policiamento Regional I (ligado \u00e0 2\u00aa Regi\u00e3o Integrada de Seguran\u00e7a P\u00fablica &#8211; 2\u00aa REISP), sediado em Campina","og_url":"https:\/\/www.pm.pb.gov.br\/portal\/2013\/09\/11\/comando_regional_em_campina_reune_oficiais_para_debater_acoes\/","og_site_name":"Pol\u00edcia Militar da Para\u00edba","article_published_time":"2013-09-11T07:09:16+00:00","og_image":[{"width":500,"height":375,"url":"https:\/\/www.pm.pb.gov.br\/portal\/wp-content\/uploads\/2013\/09\/8491_11172.jpg","type":"image\/jpeg"}],"author":"Assessoria de Imprensa da PMPB","twitter_card":"summary_large_image","twitter_misc":{"Escrito por":"Assessoria de Imprensa da PMPB","Est. tempo de leitura":"1 minuto"},"schema":{"@context":"https:\/\/schema.org","@graph":[{"@type":"Article","@id":"https:\/\/www.pm.pb.gov.br\/portal\/2013\/09\/11\/comando_regional_em_campina_reune_oficiais_para_debater_acoes\/#article","isPartOf":{"@id":"https:\/\/www.pm.pb.gov.br\/portal\/2013\/09\/11\/comando_regional_em_campina_reune_oficiais_para_debater_acoes\/"},"author":{"name":"Assessoria de Imprensa da PMPB","@id":"https:\/\/www.pm.pb.gov.br\/portal\/#\/schema\/person\/e8454f46651c3ecf0e1ba3c1666d9947"},"headline":"Comando Regional em Campina re\u00fane oficiais para debater a\u00e7\u00f5es","datePublished":"2013-09-11T07:09:16+00:00","dateModified":"2013-09-11T07:09:16+00:00","mainEntityOfPage":{"@id":"https:\/\/www.pm.pb.gov.br\/portal\/2013\/09\/11\/comando_regional_em_campina_reune_oficiais_para_debater_acoes\/"},"wordCount":292,"publisher":{"@id":"https:\/\/www.pm.pb.gov.br\/portal\/#organization"},"articleSection":["A\u00e7\u00f5es Policiais"],"inLanguage":"pt-BR"},{"@type":"WebPage","@id":"https:\/\/www.pm.pb.gov.br\/portal\/2013\/09\/11\/comando_regional_em_campina_reune_oficiais_para_debater_acoes\/","url":"https:\/\/www.pm.pb.gov.br\/portal\/2013\/09\/11\/comando_regional_em_campina_reune_oficiais_para_debater_acoes\/","name":"Comando Regional em Campina re\u00fane oficiais para debater a\u00e7\u00f5es - Pol\u00edcia Militar da Para\u00edba","isPartOf":{"@id":"https:\/\/www.pm.pb.gov.br\/portal\/#website"},"datePublished":"2013-09-11T07:09:16+00:00","dateModified":"2013-09-11T07:09:16+00:00","breadcrumb":{"@id":"https:\/\/www.pm.pb.gov.br\/portal\/2013\/09\/11\/comando_regional_em_campina_reune_oficiais_para_debater_acoes\/#breadcrumb"},"inLanguage":"pt-BR","potentialAction":[{"@type":"ReadAction","target":["https:\/\/www.pm.pb.gov.br\/portal\/2013\/09\/11\/comando_regional_em_campina_reune_oficiais_para_debater_acoes\/"]}]},{"@type":"BreadcrumbList","@id":"https:\/\/www.pm.pb.gov.br\/portal\/2013\/09\/11\/comando_regional_em_campina_reune_oficiais_para_debater_acoes\/#breadcrumb","itemListElement":[{"@type":"ListItem","position":1,"name":"In\u00edcio","item":"https:\/\/www.pm.pb.gov.br\/portal\/"},{"@type":"ListItem","position":2,"name":"Comando Regional em Campina re\u00fane oficiais para debater a\u00e7\u00f5es"}]},{"@type":"WebSite","@id":"https:\/\/www.pm.pb.gov.br\/portal\/#website","url":"https:\/\/www.pm.pb.gov.br\/portal\/","name":"Pol\u00edcia Militar da Para\u00edba","description":"","publisher":{"@id":"https:\/\/www.pm.pb.gov.br\/portal\/#organization"},"potentialAction":[{"@type":"SearchAction","target":{"@type":"EntryPoint","urlTemplate":"https:\/\/www.pm.pb.gov.br\/portal\/?s={search_term_string}"},"query-input":"required name=search_term_string"}],"inLanguage":"pt-BR"},{"@type":"Organization","@id":"https:\/\/www.pm.pb.gov.br\/portal\/#organization","name":"Pol\u00edcia Militar da Para\u00edba","url":"https:\/\/www.pm.pb.gov.br\/portal\/","logo":{"@type":"ImageObject","inLanguage":"pt-BR","@id":"https:\/\/www.pm.pb.gov.br\/portal\/#\/schema\/logo\/image\/","url":"https:\/\/www.pm.pb.gov.br\/portal\/wp-content\/uploads\/2025\/03\/cropped-logo-site-mag2-1.png","contentUrl":"https:\/\/www.pm.pb.gov.br\/portal\/wp-content\/uploads\/2025\/03\/cropped-logo-site-mag2-1.png","width":320,"height":90,"caption":"Pol\u00edcia Militar da Para\u00edba"},"image":{"@id":"https:\/\/www.pm.pb.gov.br\/portal\/#\/schema\/logo\/image\/"}},{"@type":"Person","@id":"https:\/\/www.pm.pb.gov.br\/portal\/#\/schema\/person\/e8454f46651c3ecf0e1ba3c1666d9947","name":"Assessoria de Imprensa da PMPB","image":{"@type":"ImageObject","inLanguage":"pt-BR","@id":"https:\/\/www.pm.pb.gov.br\/portal\/#\/schema\/person\/image\/","url":"https:\/\/secure.gravatar.com\/avatar\/2efe197438265d1e90bd98c4c8e1acf8?s=96&d=mm&r=g","contentUrl":"https:\/\/secure.gravatar.com\/avatar\/2efe197438265d1e90bd98c4c8e1acf8?s=96&d=mm&r=g","caption":"Assessoria de Imprensa da PMPB"},"url":"https:\/\/www.pm.pb.gov.br\/portal\/author\/assessoria\/"}]}},"_links":{"self":[{"href":"https:\/\/www.pm.pb.gov.br\/portal\/wp-json\/wp\/v2\/posts\/8491"}],"collection":[{"href":"https:\/\/www.pm.pb.gov.br\/portal\/wp-json\/wp\/v2\/posts"}],"about":[{"href":"https:\/\/www.pm.pb.gov.br\/portal\/wp-json\/wp\/v2\/types\/post"}],"author":[{"embeddable":true,"href":"https:\/\/www.pm.pb.gov.br\/portal\/wp-json\/wp\/v2\/users\/5"}],"replies":[{"embeddable":true,"href":"https:\/\/www.pm.pb.gov.br\/portal\/wp-json\/wp\/v2\/comments?post=8491"}],"version-history":[{"count":0,"href":"https:\/\/www.pm.pb.gov.br\/portal\/wp-json\/wp\/v2\/posts\/8491\/revisions"}],"wp:featuredmedia":[{"embeddable":true,"href":"https:\/\/www.pm.pb.gov.br\/portal\/wp-json\/wp\/v2\/media\/11172"}],"wp:attachment":[{"href":"https:\/\/www.pm.pb.gov.br\/portal\/wp-json\/wp\/v2\/media?parent=8491"}],"wp:term":[{"taxonomy":"category","embeddable":true,"href":"https:\/\/www.pm.pb.gov.br\/portal\/wp-json\/wp\/v2\/categories?post=8491"},{"taxonomy":"post_tag","embeddable":true,"href":"https:\/\/www.pm.pb.gov.br\/portal\/wp-json\/wp\/v2\/tags?post=8491"}],"curies":[{"name":"wp","href":"https:\/\/api.w.org\/{rel}","templated":true}]}}