{"id":8436,"date":"2013-08-28T05:08:44","date_gmt":"2013-08-28T08:08:44","guid":{"rendered":"http:\/\/www.pm.pb.gov.br\/portal\/2013\/08\/policia_desarticula_quadrilha_suspeita_de_homicidios_e_assaltos\/"},"modified":"2013-08-28T05:08:44","modified_gmt":"2013-08-28T08:08:44","slug":"policia_desarticula_quadrilha_suspeita_de_homicidios_e_assaltos","status":"publish","type":"post","link":"https:\/\/www.pm.pb.gov.br\/portal\/2013\/08\/28\/policia_desarticula_quadrilha_suspeita_de_homicidios_e_assaltos\/","title":{"rendered":"Pol\u00edcia desarticula quadrilha suspeita de homic\u00eddios e assaltos"},"content":{"rendered":"<figure style=\"width: 500px\" class=\"wp-caption alignnone\"><img decoding=\"async\" class=\"alignnone size-medium\" src=\"http:\/\/www.pm.pb.gov.br\/portal\/wp-content\/uploads\/2013\/08\/8436_11073.jpg\" title=\"Suspeitos foram apresentados em entrevista coletiva na sede da 10\u00aa Delegacia Seccional de Pol\u00edcia Civil (10\u00aa DSPC), em Campina Grande\" width=\"100%\" \/><figcaption class=\"wp-caption-text\">Suspeitos foram apresentados em entrevista coletiva na sede da 10\u00aa Delegacia Seccional de Pol\u00edcia Civil (10\u00aa DSPC), em Campina Grande<\/figcaption><\/figure>\n<div style=\"text-align: justify;\">Uma opera\u00e7\u00e3o conjunta das pol\u00edcias Civil e Militar de Lagoa Seca desarticulou, na noite dessa segunda-feira (26), uma quadrilha suspeita de homic\u00eddios e assaltados na regi\u00e3o. Os acusados foram apresentados, na manh\u00e3 desta ter\u00e7a-feira (27), na sede da 10\u00aa Delegacia Seccional de Pol\u00edcia Civil (10\u00aa DSPC), em Campina Grande.<\/p>\n<p>O grupo \u00e9 suspeito de pelo menos dez assassinatos, sendo oito em Lagoa Seca e dois em Lagoa de Ro\u00e7a. O tr\u00e1fico de drogas na regi\u00e3o tamb\u00e9m estava sob o comando do trio, conforme apontam as investiga\u00e7\u00f5es policiais. Os presos s\u00e3o Carlos Andr\u00e9 Silva Xavier; F\u00e1bio Santos Silva e Leandro Farias Guimar\u00e3es.<\/p>\n<p>O delegado J\u00falio Ferreira destacou a opera\u00e7\u00e3o. \u0093Com essa pris\u00e3o, haver\u00e1 uma redu\u00e7\u00e3o no n\u00famero de homic\u00eddios e assaltos em Lagoa Seca e Lagoa de Ro\u00e7a\u0094, comentou. O delegado seccional de Campina Grande, Iasley Almeida, informou que Carlos Andr\u00e9 \u00e9 o l\u00edder da quadrilha e j\u00e1 vinha sendo investigado pela Delegacia de Homic\u00eddios e pela Delegacia de Roubos e Furtos (DRF). \u0093Ele j\u00e1 cumpriu pena por homic\u00eddio e \u00e9 conhecido da pol\u00edcia de Campina Grande\u0094, relatou Iasley.<\/p>\n<p>Ele acredita que, com os acusados presos, muitas v\u00edtimas ou testemunhas de outros crimes praticados pelo bando devem procurar a pol\u00edcia para fazer as den\u00fancias. \u0093Vale lembrar que n\u00f3s temos o n\u00famero 197, que \u00e9 o nosso disque-den\u00fancia, no qual as pessoas n\u00e3o precisam se identificar para fazer as acusa\u00e7\u00f5es\u0094, frisou o delegado.<\/p>\n<p>Os tr\u00eas homens ser\u00e3o encaminhados ao sistema penitenci\u00e1rio de Campina Grande, onde ficar\u00e3o \u00e0 disposi\u00e7\u00e3o da Justi\u00e7a. A pol\u00edcia vai continuar com as investiga\u00e7\u00f5es, com o intuito de prender outros membros da quadrilha que, eventualmente, possam estar escondidos na regi\u00e3o.<\/p>\n<div class=\"row\" align=\"center\"><\/div>\n<\/div>\n","protected":false},"excerpt":{"rendered":"<p>Uma opera\u00e7\u00e3o conjunta das pol\u00edcias Civil e Militar de Lagoa Seca desarticulou, na noite dessa segunda-feira (26), uma quadrilha suspeita<\/p>\n","protected":false},"author":5,"featured_media":11073,"comment_status":"closed","ping_status":"closed","sticky":false,"template":"","format":"standard","meta":{"_exactmetrics_skip_tracking":false,"_exactmetrics_sitenote_active":false,"_exactmetrics_sitenote_note":"","_exactmetrics_sitenote_category":0,"footnotes":""},"categories":[4],"tags":[],"yoast_head":"<!-- This site is optimized with the Yoast SEO plugin v22.0 - https:\/\/yoast.com\/wordpress\/plugins\/seo\/ -->\n<title>Pol\u00edcia desarticula quadrilha suspeita de homic\u00eddios e assaltos - Pol\u00edcia Militar da Para\u00edba<\/title>\n<meta name=\"robots\" content=\"index, follow, max-snippet:-1, max-image-preview:large, max-video-preview:-1\" \/>\n<link rel=\"canonical\" href=\"https:\/\/www.pm.pb.gov.br\/portal\/2013\/08\/28\/policia_desarticula_quadrilha_suspeita_de_homicidios_e_assaltos\/\" \/>\n<meta property=\"og:locale\" content=\"pt_BR\" \/>\n<meta property=\"og:type\" content=\"article\" \/>\n<meta property=\"og:title\" content=\"Pol\u00edcia desarticula quadrilha suspeita de homic\u00eddios e assaltos - Pol\u00edcia Militar da Para\u00edba\" \/>\n<meta property=\"og:description\" content=\"Uma opera\u00e7\u00e3o conjunta das pol\u00edcias Civil e Militar de Lagoa Seca desarticulou, na noite dessa segunda-feira (26), uma quadrilha suspeita\" \/>\n<meta property=\"og:url\" content=\"https:\/\/www.pm.pb.gov.br\/portal\/2013\/08\/28\/policia_desarticula_quadrilha_suspeita_de_homicidios_e_assaltos\/\" \/>\n<meta property=\"og:site_name\" content=\"Pol\u00edcia Militar da Para\u00edba\" \/>\n<meta property=\"article:published_time\" content=\"2013-08-28T08:08:44+00:00\" \/>\n<meta property=\"og:image\" content=\"https:\/\/www.pm.pb.gov.br\/portal\/wp-content\/uploads\/2013\/08\/8436_11073.jpg\" \/>\n\t<meta property=\"og:image:width\" content=\"500\" \/>\n\t<meta property=\"og:image:height\" content=\"375\" \/>\n\t<meta property=\"og:image:type\" content=\"image\/jpeg\" \/>\n<meta name=\"author\" content=\"Assessoria de Imprensa da PMPB\" \/>\n<meta name=\"twitter:card\" content=\"summary_large_image\" \/>\n<meta name=\"twitter:label1\" content=\"Escrito por\" \/>\n\t<meta name=\"twitter:data1\" content=\"Assessoria de Imprensa da PMPB\" \/>\n\t<meta name=\"twitter:label2\" content=\"Est. tempo de leitura\" \/>\n\t<meta name=\"twitter:data2\" content=\"2 minutos\" \/>\n<script type=\"application\/ld+json\" class=\"yoast-schema-graph\">{\"@context\":\"https:\/\/schema.org\",\"@graph\":[{\"@type\":\"Article\",\"@id\":\"https:\/\/www.pm.pb.gov.br\/portal\/2013\/08\/28\/policia_desarticula_quadrilha_suspeita_de_homicidios_e_assaltos\/#article\",\"isPartOf\":{\"@id\":\"https:\/\/www.pm.pb.gov.br\/portal\/2013\/08\/28\/policia_desarticula_quadrilha_suspeita_de_homicidios_e_assaltos\/\"},\"author\":{\"name\":\"Assessoria de Imprensa da PMPB\",\"@id\":\"https:\/\/www.pm.pb.gov.br\/portal\/#\/schema\/person\/e8454f46651c3ecf0e1ba3c1666d9947\"},\"headline\":\"Pol\u00edcia desarticula quadrilha suspeita de homic\u00eddios e assaltos\",\"datePublished\":\"2013-08-28T08:08:44+00:00\",\"dateModified\":\"2013-08-28T08:08:44+00:00\",\"mainEntityOfPage\":{\"@id\":\"https:\/\/www.pm.pb.gov.br\/portal\/2013\/08\/28\/policia_desarticula_quadrilha_suspeita_de_homicidios_e_assaltos\/\"},\"wordCount\":338,\"publisher\":{\"@id\":\"https:\/\/www.pm.pb.gov.br\/portal\/#organization\"},\"articleSection\":[\"A\u00e7\u00f5es Policiais\"],\"inLanguage\":\"pt-BR\"},{\"@type\":\"WebPage\",\"@id\":\"https:\/\/www.pm.pb.gov.br\/portal\/2013\/08\/28\/policia_desarticula_quadrilha_suspeita_de_homicidios_e_assaltos\/\",\"url\":\"https:\/\/www.pm.pb.gov.br\/portal\/2013\/08\/28\/policia_desarticula_quadrilha_suspeita_de_homicidios_e_assaltos\/\",\"name\":\"Pol\u00edcia desarticula quadrilha suspeita de homic\u00eddios e assaltos - Pol\u00edcia Militar da Para\u00edba\",\"isPartOf\":{\"@id\":\"https:\/\/www.pm.pb.gov.br\/portal\/#website\"},\"datePublished\":\"2013-08-28T08:08:44+00:00\",\"dateModified\":\"2013-08-28T08:08:44+00:00\",\"breadcrumb\":{\"@id\":\"https:\/\/www.pm.pb.gov.br\/portal\/2013\/08\/28\/policia_desarticula_quadrilha_suspeita_de_homicidios_e_assaltos\/#breadcrumb\"},\"inLanguage\":\"pt-BR\",\"potentialAction\":[{\"@type\":\"ReadAction\",\"target\":[\"https:\/\/www.pm.pb.gov.br\/portal\/2013\/08\/28\/policia_desarticula_quadrilha_suspeita_de_homicidios_e_assaltos\/\"]}]},{\"@type\":\"BreadcrumbList\",\"@id\":\"https:\/\/www.pm.pb.gov.br\/portal\/2013\/08\/28\/policia_desarticula_quadrilha_suspeita_de_homicidios_e_assaltos\/#breadcrumb\",\"itemListElement\":[{\"@type\":\"ListItem\",\"position\":1,\"name\":\"In\u00edcio\",\"item\":\"https:\/\/www.pm.pb.gov.br\/portal\/\"},{\"@type\":\"ListItem\",\"position\":2,\"name\":\"Pol\u00edcia desarticula quadrilha suspeita de homic\u00eddios e assaltos\"}]},{\"@type\":\"WebSite\",\"@id\":\"https:\/\/www.pm.pb.gov.br\/portal\/#website\",\"url\":\"https:\/\/www.pm.pb.gov.br\/portal\/\",\"name\":\"Pol\u00edcia Militar da Para\u00edba\",\"description\":\"\",\"publisher\":{\"@id\":\"https:\/\/www.pm.pb.gov.br\/portal\/#organization\"},\"potentialAction\":[{\"@type\":\"SearchAction\",\"target\":{\"@type\":\"EntryPoint\",\"urlTemplate\":\"https:\/\/www.pm.pb.gov.br\/portal\/?s={search_term_string}\"},\"query-input\":\"required name=search_term_string\"}],\"inLanguage\":\"pt-BR\"},{\"@type\":\"Organization\",\"@id\":\"https:\/\/www.pm.pb.gov.br\/portal\/#organization\",\"name\":\"Pol\u00edcia Militar da Para\u00edba\",\"url\":\"https:\/\/www.pm.pb.gov.br\/portal\/\",\"logo\":{\"@type\":\"ImageObject\",\"inLanguage\":\"pt-BR\",\"@id\":\"https:\/\/www.pm.pb.gov.br\/portal\/#\/schema\/logo\/image\/\",\"url\":\"https:\/\/www.pm.pb.gov.br\/portal\/wp-content\/uploads\/2025\/03\/cropped-logo-site-mag2-1.png\",\"contentUrl\":\"https:\/\/www.pm.pb.gov.br\/portal\/wp-content\/uploads\/2025\/03\/cropped-logo-site-mag2-1.png\",\"width\":320,\"height\":90,\"caption\":\"Pol\u00edcia Militar da Para\u00edba\"},\"image\":{\"@id\":\"https:\/\/www.pm.pb.gov.br\/portal\/#\/schema\/logo\/image\/\"}},{\"@type\":\"Person\",\"@id\":\"https:\/\/www.pm.pb.gov.br\/portal\/#\/schema\/person\/e8454f46651c3ecf0e1ba3c1666d9947\",\"name\":\"Assessoria de Imprensa da PMPB\",\"image\":{\"@type\":\"ImageObject\",\"inLanguage\":\"pt-BR\",\"@id\":\"https:\/\/www.pm.pb.gov.br\/portal\/#\/schema\/person\/image\/\",\"url\":\"https:\/\/secure.gravatar.com\/avatar\/2efe197438265d1e90bd98c4c8e1acf8?s=96&d=mm&r=g\",\"contentUrl\":\"https:\/\/secure.gravatar.com\/avatar\/2efe197438265d1e90bd98c4c8e1acf8?s=96&d=mm&r=g\",\"caption\":\"Assessoria de Imprensa da PMPB\"},\"url\":\"https:\/\/www.pm.pb.gov.br\/portal\/author\/assessoria\/\"}]}<\/script>\n<!-- \/ Yoast SEO plugin. -->","yoast_head_json":{"title":"Pol\u00edcia desarticula quadrilha suspeita de homic\u00eddios e assaltos - Pol\u00edcia Militar da Para\u00edba","robots":{"index":"index","follow":"follow","max-snippet":"max-snippet:-1","max-image-preview":"max-image-preview:large","max-video-preview":"max-video-preview:-1"},"canonical":"https:\/\/www.pm.pb.gov.br\/portal\/2013\/08\/28\/policia_desarticula_quadrilha_suspeita_de_homicidios_e_assaltos\/","og_locale":"pt_BR","og_type":"article","og_title":"Pol\u00edcia desarticula quadrilha suspeita de homic\u00eddios e assaltos - Pol\u00edcia Militar da Para\u00edba","og_description":"Uma opera\u00e7\u00e3o conjunta das pol\u00edcias Civil e Militar de Lagoa Seca desarticulou, na noite dessa segunda-feira (26), uma quadrilha suspeita","og_url":"https:\/\/www.pm.pb.gov.br\/portal\/2013\/08\/28\/policia_desarticula_quadrilha_suspeita_de_homicidios_e_assaltos\/","og_site_name":"Pol\u00edcia Militar da Para\u00edba","article_published_time":"2013-08-28T08:08:44+00:00","og_image":[{"width":500,"height":375,"url":"https:\/\/www.pm.pb.gov.br\/portal\/wp-content\/uploads\/2013\/08\/8436_11073.jpg","type":"image\/jpeg"}],"author":"Assessoria de Imprensa da PMPB","twitter_card":"summary_large_image","twitter_misc":{"Escrito por":"Assessoria de Imprensa da PMPB","Est. tempo de leitura":"2 minutos"},"schema":{"@context":"https:\/\/schema.org","@graph":[{"@type":"Article","@id":"https:\/\/www.pm.pb.gov.br\/portal\/2013\/08\/28\/policia_desarticula_quadrilha_suspeita_de_homicidios_e_assaltos\/#article","isPartOf":{"@id":"https:\/\/www.pm.pb.gov.br\/portal\/2013\/08\/28\/policia_desarticula_quadrilha_suspeita_de_homicidios_e_assaltos\/"},"author":{"name":"Assessoria de Imprensa da PMPB","@id":"https:\/\/www.pm.pb.gov.br\/portal\/#\/schema\/person\/e8454f46651c3ecf0e1ba3c1666d9947"},"headline":"Pol\u00edcia desarticula quadrilha suspeita de homic\u00eddios e assaltos","datePublished":"2013-08-28T08:08:44+00:00","dateModified":"2013-08-28T08:08:44+00:00","mainEntityOfPage":{"@id":"https:\/\/www.pm.pb.gov.br\/portal\/2013\/08\/28\/policia_desarticula_quadrilha_suspeita_de_homicidios_e_assaltos\/"},"wordCount":338,"publisher":{"@id":"https:\/\/www.pm.pb.gov.br\/portal\/#organization"},"articleSection":["A\u00e7\u00f5es Policiais"],"inLanguage":"pt-BR"},{"@type":"WebPage","@id":"https:\/\/www.pm.pb.gov.br\/portal\/2013\/08\/28\/policia_desarticula_quadrilha_suspeita_de_homicidios_e_assaltos\/","url":"https:\/\/www.pm.pb.gov.br\/portal\/2013\/08\/28\/policia_desarticula_quadrilha_suspeita_de_homicidios_e_assaltos\/","name":"Pol\u00edcia desarticula quadrilha suspeita de homic\u00eddios e assaltos - Pol\u00edcia Militar da Para\u00edba","isPartOf":{"@id":"https:\/\/www.pm.pb.gov.br\/portal\/#website"},"datePublished":"2013-08-28T08:08:44+00:00","dateModified":"2013-08-28T08:08:44+00:00","breadcrumb":{"@id":"https:\/\/www.pm.pb.gov.br\/portal\/2013\/08\/28\/policia_desarticula_quadrilha_suspeita_de_homicidios_e_assaltos\/#breadcrumb"},"inLanguage":"pt-BR","potentialAction":[{"@type":"ReadAction","target":["https:\/\/www.pm.pb.gov.br\/portal\/2013\/08\/28\/policia_desarticula_quadrilha_suspeita_de_homicidios_e_assaltos\/"]}]},{"@type":"BreadcrumbList","@id":"https:\/\/www.pm.pb.gov.br\/portal\/2013\/08\/28\/policia_desarticula_quadrilha_suspeita_de_homicidios_e_assaltos\/#breadcrumb","itemListElement":[{"@type":"ListItem","position":1,"name":"In\u00edcio","item":"https:\/\/www.pm.pb.gov.br\/portal\/"},{"@type":"ListItem","position":2,"name":"Pol\u00edcia desarticula quadrilha suspeita de homic\u00eddios e assaltos"}]},{"@type":"WebSite","@id":"https:\/\/www.pm.pb.gov.br\/portal\/#website","url":"https:\/\/www.pm.pb.gov.br\/portal\/","name":"Pol\u00edcia Militar da Para\u00edba","description":"","publisher":{"@id":"https:\/\/www.pm.pb.gov.br\/portal\/#organization"},"potentialAction":[{"@type":"SearchAction","target":{"@type":"EntryPoint","urlTemplate":"https:\/\/www.pm.pb.gov.br\/portal\/?s={search_term_string}"},"query-input":"required name=search_term_string"}],"inLanguage":"pt-BR"},{"@type":"Organization","@id":"https:\/\/www.pm.pb.gov.br\/portal\/#organization","name":"Pol\u00edcia Militar da Para\u00edba","url":"https:\/\/www.pm.pb.gov.br\/portal\/","logo":{"@type":"ImageObject","inLanguage":"pt-BR","@id":"https:\/\/www.pm.pb.gov.br\/portal\/#\/schema\/logo\/image\/","url":"https:\/\/www.pm.pb.gov.br\/portal\/wp-content\/uploads\/2025\/03\/cropped-logo-site-mag2-1.png","contentUrl":"https:\/\/www.pm.pb.gov.br\/portal\/wp-content\/uploads\/2025\/03\/cropped-logo-site-mag2-1.png","width":320,"height":90,"caption":"Pol\u00edcia Militar da Para\u00edba"},"image":{"@id":"https:\/\/www.pm.pb.gov.br\/portal\/#\/schema\/logo\/image\/"}},{"@type":"Person","@id":"https:\/\/www.pm.pb.gov.br\/portal\/#\/schema\/person\/e8454f46651c3ecf0e1ba3c1666d9947","name":"Assessoria de Imprensa da PMPB","image":{"@type":"ImageObject","inLanguage":"pt-BR","@id":"https:\/\/www.pm.pb.gov.br\/portal\/#\/schema\/person\/image\/","url":"https:\/\/secure.gravatar.com\/avatar\/2efe197438265d1e90bd98c4c8e1acf8?s=96&d=mm&r=g","contentUrl":"https:\/\/secure.gravatar.com\/avatar\/2efe197438265d1e90bd98c4c8e1acf8?s=96&d=mm&r=g","caption":"Assessoria de Imprensa da PMPB"},"url":"https:\/\/www.pm.pb.gov.br\/portal\/author\/assessoria\/"}]}},"_links":{"self":[{"href":"https:\/\/www.pm.pb.gov.br\/portal\/wp-json\/wp\/v2\/posts\/8436"}],"collection":[{"href":"https:\/\/www.pm.pb.gov.br\/portal\/wp-json\/wp\/v2\/posts"}],"about":[{"href":"https:\/\/www.pm.pb.gov.br\/portal\/wp-json\/wp\/v2\/types\/post"}],"author":[{"embeddable":true,"href":"https:\/\/www.pm.pb.gov.br\/portal\/wp-json\/wp\/v2\/users\/5"}],"replies":[{"embeddable":true,"href":"https:\/\/www.pm.pb.gov.br\/portal\/wp-json\/wp\/v2\/comments?post=8436"}],"version-history":[{"count":0,"href":"https:\/\/www.pm.pb.gov.br\/portal\/wp-json\/wp\/v2\/posts\/8436\/revisions"}],"wp:featuredmedia":[{"embeddable":true,"href":"https:\/\/www.pm.pb.gov.br\/portal\/wp-json\/wp\/v2\/media\/11073"}],"wp:attachment":[{"href":"https:\/\/www.pm.pb.gov.br\/portal\/wp-json\/wp\/v2\/media?parent=8436"}],"wp:term":[{"taxonomy":"category","embeddable":true,"href":"https:\/\/www.pm.pb.gov.br\/portal\/wp-json\/wp\/v2\/categories?post=8436"},{"taxonomy":"post_tag","embeddable":true,"href":"https:\/\/www.pm.pb.gov.br\/portal\/wp-json\/wp\/v2\/tags?post=8436"}],"curies":[{"name":"wp","href":"https:\/\/api.w.org\/{rel}","templated":true}]}}