{"id":8403,"date":"2013-08-20T08:08:08","date_gmt":"2013-08-20T11:08:08","guid":{"rendered":"http:\/\/www.pm.pb.gov.br\/portal\/2013\/08\/policia_garante_seguranca_da_festa_da_padroeira_de_alhandra\/"},"modified":"2013-08-20T08:08:08","modified_gmt":"2013-08-20T11:08:08","slug":"policia_garante_seguranca_da_festa_da_padroeira_de_alhandra","status":"publish","type":"post","link":"https:\/\/www.pm.pb.gov.br\/portal\/2013\/08\/20\/policia_garante_seguranca_da_festa_da_padroeira_de_alhandra\/","title":{"rendered":"Pol\u00edcia garante seguran\u00e7a da festa da padroeira de Alhandra"},"content":{"rendered":"<figure style=\"width: 500px\" class=\"wp-caption alignnone\"><img decoding=\"async\" class=\"alignnone size-medium\" src=\"http:\/\/www.pm.pb.gov.br\/portal\/wp-content\/uploads\/2013\/08\/8403_11012.jpg\" title=\"Festa reuniu cerca de 10 mil pessoa por noite e terminou sem registro de ocorr\u00eancias graves\" width=\"100%\" \/><figcaption class=\"wp-caption-text\">Festa reuniu cerca de 10 mil pessoa por noite e terminou sem registro de ocorr\u00eancias graves<\/figcaption><\/figure>\n<div style=\"text-align: justify;\">A Pol\u00edcia Militar em Alhandra, no Litoral Sul do Estado, garantiu a tranquilidade dos festejos de Nossa Senhora de Assun\u00e7\u00e3o, a padroeira da cidade. O evento, que aconteceu no \u00faltimo fim de semana (nos dias 16,17,18), reuniu cerca de 10 mil pessoas por noite e terminou sem registro de ocorr\u00eancias graves em todo o per\u00edmetro do evento, no Centro da cidade.<\/p>\n<p>Conforme o major Crist\u00f3v\u00e3o Lucas, comandante da 1\u00aa Companhia Independente de Alhandra, a PM empregou 80 homens, por noite, no policiamento da festa. \u0093O planejamento antecipado e a quantidade do efetivo empregado foi a contento e garantiu uma festa sem viol\u00eancia\u0094, frisou o major, ao citar que a popula\u00e7\u00e3o tamb\u00e9m se portou com bastante ordem, ajudando no trabalho policial.<\/p>\n<p>Ainda segundo Lucas, foram instalados estrategicamente, na \u00e1rea da festa, cinco Postos de Observa\u00e7\u00e3o Policial (POP) \u0096 estruturas mais elevadas que auxiliam na identifica\u00e7\u00e3o  de infratores. \u0093Al\u00e9m do policiamento velado (policiais sem fardamento), que tamb\u00e9m nos ajudou na preven\u00e7\u00e3o dos crimes\u0094, completou Lucas, ao lembrar que tamb\u00e9m integraram o plano de seguran\u00e7a PMs do Batalh\u00e3o de Tr\u00e2nsito e do Centro de Educa\u00e7\u00e3o.<\/p>\n<div class=\"row\" align=\"center\"><a href=\"http:\/\/www.pm.pb.gov.br\/portal\/wp-content\/uploads\/2013\/08\/8403_11013.jpg\"><figure style=\"width: 500px\" class=\"wp-caption alignnone\"><img decoding=\"async\" class=\"image-responsive\" src=\"http:\/\/www.pm.pb.gov.br\/portal\/wp-content\/uploads\/2013\/08\/8403_11013.jpg\" title=\"major Lucas coordenou o policiamento 'in loco'\" width=\"100%\" \/><figcaption class=\"wp-caption-text\">major Lucas coordenou o policiamento &#8216;in loco&#8217;<\/figcaption><\/figure><\/a><\/div>\n<\/div>\n","protected":false},"excerpt":{"rendered":"<p>A Pol\u00edcia Militar em Alhandra, no Litoral Sul do Estado, garantiu a tranquilidade dos festejos de Nossa Senhora de Assun\u00e7\u00e3o,<\/p>\n","protected":false},"author":5,"featured_media":11012,"comment_status":"closed","ping_status":"closed","sticky":false,"template":"","format":"standard","meta":{"_exactmetrics_skip_tracking":false,"_exactmetrics_sitenote_active":false,"_exactmetrics_sitenote_note":"","_exactmetrics_sitenote_category":0,"footnotes":""},"categories":[9],"tags":[],"yoast_head":"<!-- This site is optimized with the Yoast SEO plugin v22.0 - https:\/\/yoast.com\/wordpress\/plugins\/seo\/ -->\n<title>Pol\u00edcia garante seguran\u00e7a da festa da padroeira de Alhandra - Pol\u00edcia Militar da Para\u00edba<\/title>\n<meta name=\"robots\" content=\"index, follow, max-snippet:-1, max-image-preview:large, max-video-preview:-1\" \/>\n<link rel=\"canonical\" href=\"https:\/\/www.pm.pb.gov.br\/portal\/2013\/08\/20\/policia_garante_seguranca_da_festa_da_padroeira_de_alhandra\/\" \/>\n<meta property=\"og:locale\" content=\"pt_BR\" \/>\n<meta property=\"og:type\" content=\"article\" \/>\n<meta property=\"og:title\" content=\"Pol\u00edcia garante seguran\u00e7a da festa da padroeira de Alhandra - Pol\u00edcia Militar da Para\u00edba\" \/>\n<meta property=\"og:description\" content=\"A Pol\u00edcia Militar em Alhandra, no Litoral Sul do Estado, garantiu a tranquilidade dos festejos de Nossa Senhora de Assun\u00e7\u00e3o,\" \/>\n<meta property=\"og:url\" content=\"https:\/\/www.pm.pb.gov.br\/portal\/2013\/08\/20\/policia_garante_seguranca_da_festa_da_padroeira_de_alhandra\/\" \/>\n<meta property=\"og:site_name\" content=\"Pol\u00edcia Militar da Para\u00edba\" \/>\n<meta property=\"article:published_time\" content=\"2013-08-20T11:08:08+00:00\" \/>\n<meta property=\"og:image\" content=\"https:\/\/www.pm.pb.gov.br\/portal\/wp-content\/uploads\/2013\/08\/8403_11012.jpg\" \/>\n\t<meta property=\"og:image:width\" content=\"500\" \/>\n\t<meta property=\"og:image:height\" content=\"375\" \/>\n\t<meta property=\"og:image:type\" content=\"image\/jpeg\" \/>\n<meta name=\"author\" content=\"Assessoria de Imprensa da PMPB\" \/>\n<meta name=\"twitter:card\" content=\"summary_large_image\" \/>\n<meta name=\"twitter:label1\" content=\"Escrito por\" \/>\n\t<meta name=\"twitter:data1\" content=\"Assessoria de Imprensa da PMPB\" \/>\n\t<meta name=\"twitter:label2\" content=\"Est. tempo de leitura\" \/>\n\t<meta name=\"twitter:data2\" content=\"1 minuto\" \/>\n<script type=\"application\/ld+json\" class=\"yoast-schema-graph\">{\"@context\":\"https:\/\/schema.org\",\"@graph\":[{\"@type\":\"Article\",\"@id\":\"https:\/\/www.pm.pb.gov.br\/portal\/2013\/08\/20\/policia_garante_seguranca_da_festa_da_padroeira_de_alhandra\/#article\",\"isPartOf\":{\"@id\":\"https:\/\/www.pm.pb.gov.br\/portal\/2013\/08\/20\/policia_garante_seguranca_da_festa_da_padroeira_de_alhandra\/\"},\"author\":{\"name\":\"Assessoria de Imprensa da PMPB\",\"@id\":\"https:\/\/www.pm.pb.gov.br\/portal\/#\/schema\/person\/e8454f46651c3ecf0e1ba3c1666d9947\"},\"headline\":\"Pol\u00edcia garante seguran\u00e7a da festa da padroeira de Alhandra\",\"datePublished\":\"2013-08-20T11:08:08+00:00\",\"dateModified\":\"2013-08-20T11:08:08+00:00\",\"mainEntityOfPage\":{\"@id\":\"https:\/\/www.pm.pb.gov.br\/portal\/2013\/08\/20\/policia_garante_seguranca_da_festa_da_padroeira_de_alhandra\/\"},\"wordCount\":242,\"publisher\":{\"@id\":\"https:\/\/www.pm.pb.gov.br\/portal\/#organization\"},\"articleSection\":[\"Eventos\"],\"inLanguage\":\"pt-BR\"},{\"@type\":\"WebPage\",\"@id\":\"https:\/\/www.pm.pb.gov.br\/portal\/2013\/08\/20\/policia_garante_seguranca_da_festa_da_padroeira_de_alhandra\/\",\"url\":\"https:\/\/www.pm.pb.gov.br\/portal\/2013\/08\/20\/policia_garante_seguranca_da_festa_da_padroeira_de_alhandra\/\",\"name\":\"Pol\u00edcia garante seguran\u00e7a da festa da padroeira de Alhandra - Pol\u00edcia Militar da Para\u00edba\",\"isPartOf\":{\"@id\":\"https:\/\/www.pm.pb.gov.br\/portal\/#website\"},\"datePublished\":\"2013-08-20T11:08:08+00:00\",\"dateModified\":\"2013-08-20T11:08:08+00:00\",\"breadcrumb\":{\"@id\":\"https:\/\/www.pm.pb.gov.br\/portal\/2013\/08\/20\/policia_garante_seguranca_da_festa_da_padroeira_de_alhandra\/#breadcrumb\"},\"inLanguage\":\"pt-BR\",\"potentialAction\":[{\"@type\":\"ReadAction\",\"target\":[\"https:\/\/www.pm.pb.gov.br\/portal\/2013\/08\/20\/policia_garante_seguranca_da_festa_da_padroeira_de_alhandra\/\"]}]},{\"@type\":\"BreadcrumbList\",\"@id\":\"https:\/\/www.pm.pb.gov.br\/portal\/2013\/08\/20\/policia_garante_seguranca_da_festa_da_padroeira_de_alhandra\/#breadcrumb\",\"itemListElement\":[{\"@type\":\"ListItem\",\"position\":1,\"name\":\"In\u00edcio\",\"item\":\"https:\/\/www.pm.pb.gov.br\/portal\/\"},{\"@type\":\"ListItem\",\"position\":2,\"name\":\"Pol\u00edcia garante seguran\u00e7a da festa da padroeira de Alhandra\"}]},{\"@type\":\"WebSite\",\"@id\":\"https:\/\/www.pm.pb.gov.br\/portal\/#website\",\"url\":\"https:\/\/www.pm.pb.gov.br\/portal\/\",\"name\":\"Pol\u00edcia Militar da Para\u00edba\",\"description\":\"\",\"publisher\":{\"@id\":\"https:\/\/www.pm.pb.gov.br\/portal\/#organization\"},\"potentialAction\":[{\"@type\":\"SearchAction\",\"target\":{\"@type\":\"EntryPoint\",\"urlTemplate\":\"https:\/\/www.pm.pb.gov.br\/portal\/?s={search_term_string}\"},\"query-input\":\"required name=search_term_string\"}],\"inLanguage\":\"pt-BR\"},{\"@type\":\"Organization\",\"@id\":\"https:\/\/www.pm.pb.gov.br\/portal\/#organization\",\"name\":\"Pol\u00edcia Militar da Para\u00edba\",\"url\":\"https:\/\/www.pm.pb.gov.br\/portal\/\",\"logo\":{\"@type\":\"ImageObject\",\"inLanguage\":\"pt-BR\",\"@id\":\"https:\/\/www.pm.pb.gov.br\/portal\/#\/schema\/logo\/image\/\",\"url\":\"https:\/\/www.pm.pb.gov.br\/portal\/wp-content\/uploads\/2025\/03\/cropped-logo-site-mag2-1.png\",\"contentUrl\":\"https:\/\/www.pm.pb.gov.br\/portal\/wp-content\/uploads\/2025\/03\/cropped-logo-site-mag2-1.png\",\"width\":320,\"height\":90,\"caption\":\"Pol\u00edcia Militar da Para\u00edba\"},\"image\":{\"@id\":\"https:\/\/www.pm.pb.gov.br\/portal\/#\/schema\/logo\/image\/\"}},{\"@type\":\"Person\",\"@id\":\"https:\/\/www.pm.pb.gov.br\/portal\/#\/schema\/person\/e8454f46651c3ecf0e1ba3c1666d9947\",\"name\":\"Assessoria de Imprensa da PMPB\",\"image\":{\"@type\":\"ImageObject\",\"inLanguage\":\"pt-BR\",\"@id\":\"https:\/\/www.pm.pb.gov.br\/portal\/#\/schema\/person\/image\/\",\"url\":\"https:\/\/secure.gravatar.com\/avatar\/2efe197438265d1e90bd98c4c8e1acf8?s=96&d=mm&r=g\",\"contentUrl\":\"https:\/\/secure.gravatar.com\/avatar\/2efe197438265d1e90bd98c4c8e1acf8?s=96&d=mm&r=g\",\"caption\":\"Assessoria de Imprensa da PMPB\"},\"url\":\"https:\/\/www.pm.pb.gov.br\/portal\/author\/assessoria\/\"}]}<\/script>\n<!-- \/ Yoast SEO plugin. -->","yoast_head_json":{"title":"Pol\u00edcia garante seguran\u00e7a da festa da padroeira de Alhandra - Pol\u00edcia Militar da Para\u00edba","robots":{"index":"index","follow":"follow","max-snippet":"max-snippet:-1","max-image-preview":"max-image-preview:large","max-video-preview":"max-video-preview:-1"},"canonical":"https:\/\/www.pm.pb.gov.br\/portal\/2013\/08\/20\/policia_garante_seguranca_da_festa_da_padroeira_de_alhandra\/","og_locale":"pt_BR","og_type":"article","og_title":"Pol\u00edcia garante seguran\u00e7a da festa da padroeira de Alhandra - Pol\u00edcia Militar da Para\u00edba","og_description":"A Pol\u00edcia Militar em Alhandra, no Litoral Sul do Estado, garantiu a tranquilidade dos festejos de Nossa Senhora de Assun\u00e7\u00e3o,","og_url":"https:\/\/www.pm.pb.gov.br\/portal\/2013\/08\/20\/policia_garante_seguranca_da_festa_da_padroeira_de_alhandra\/","og_site_name":"Pol\u00edcia Militar da Para\u00edba","article_published_time":"2013-08-20T11:08:08+00:00","og_image":[{"width":500,"height":375,"url":"https:\/\/www.pm.pb.gov.br\/portal\/wp-content\/uploads\/2013\/08\/8403_11012.jpg","type":"image\/jpeg"}],"author":"Assessoria de Imprensa da PMPB","twitter_card":"summary_large_image","twitter_misc":{"Escrito por":"Assessoria de Imprensa da PMPB","Est. tempo de leitura":"1 minuto"},"schema":{"@context":"https:\/\/schema.org","@graph":[{"@type":"Article","@id":"https:\/\/www.pm.pb.gov.br\/portal\/2013\/08\/20\/policia_garante_seguranca_da_festa_da_padroeira_de_alhandra\/#article","isPartOf":{"@id":"https:\/\/www.pm.pb.gov.br\/portal\/2013\/08\/20\/policia_garante_seguranca_da_festa_da_padroeira_de_alhandra\/"},"author":{"name":"Assessoria de Imprensa da PMPB","@id":"https:\/\/www.pm.pb.gov.br\/portal\/#\/schema\/person\/e8454f46651c3ecf0e1ba3c1666d9947"},"headline":"Pol\u00edcia garante seguran\u00e7a da festa da padroeira de Alhandra","datePublished":"2013-08-20T11:08:08+00:00","dateModified":"2013-08-20T11:08:08+00:00","mainEntityOfPage":{"@id":"https:\/\/www.pm.pb.gov.br\/portal\/2013\/08\/20\/policia_garante_seguranca_da_festa_da_padroeira_de_alhandra\/"},"wordCount":242,"publisher":{"@id":"https:\/\/www.pm.pb.gov.br\/portal\/#organization"},"articleSection":["Eventos"],"inLanguage":"pt-BR"},{"@type":"WebPage","@id":"https:\/\/www.pm.pb.gov.br\/portal\/2013\/08\/20\/policia_garante_seguranca_da_festa_da_padroeira_de_alhandra\/","url":"https:\/\/www.pm.pb.gov.br\/portal\/2013\/08\/20\/policia_garante_seguranca_da_festa_da_padroeira_de_alhandra\/","name":"Pol\u00edcia garante seguran\u00e7a da festa da padroeira de Alhandra - Pol\u00edcia Militar da Para\u00edba","isPartOf":{"@id":"https:\/\/www.pm.pb.gov.br\/portal\/#website"},"datePublished":"2013-08-20T11:08:08+00:00","dateModified":"2013-08-20T11:08:08+00:00","breadcrumb":{"@id":"https:\/\/www.pm.pb.gov.br\/portal\/2013\/08\/20\/policia_garante_seguranca_da_festa_da_padroeira_de_alhandra\/#breadcrumb"},"inLanguage":"pt-BR","potentialAction":[{"@type":"ReadAction","target":["https:\/\/www.pm.pb.gov.br\/portal\/2013\/08\/20\/policia_garante_seguranca_da_festa_da_padroeira_de_alhandra\/"]}]},{"@type":"BreadcrumbList","@id":"https:\/\/www.pm.pb.gov.br\/portal\/2013\/08\/20\/policia_garante_seguranca_da_festa_da_padroeira_de_alhandra\/#breadcrumb","itemListElement":[{"@type":"ListItem","position":1,"name":"In\u00edcio","item":"https:\/\/www.pm.pb.gov.br\/portal\/"},{"@type":"ListItem","position":2,"name":"Pol\u00edcia garante seguran\u00e7a da festa da padroeira de Alhandra"}]},{"@type":"WebSite","@id":"https:\/\/www.pm.pb.gov.br\/portal\/#website","url":"https:\/\/www.pm.pb.gov.br\/portal\/","name":"Pol\u00edcia Militar da Para\u00edba","description":"","publisher":{"@id":"https:\/\/www.pm.pb.gov.br\/portal\/#organization"},"potentialAction":[{"@type":"SearchAction","target":{"@type":"EntryPoint","urlTemplate":"https:\/\/www.pm.pb.gov.br\/portal\/?s={search_term_string}"},"query-input":"required name=search_term_string"}],"inLanguage":"pt-BR"},{"@type":"Organization","@id":"https:\/\/www.pm.pb.gov.br\/portal\/#organization","name":"Pol\u00edcia Militar da Para\u00edba","url":"https:\/\/www.pm.pb.gov.br\/portal\/","logo":{"@type":"ImageObject","inLanguage":"pt-BR","@id":"https:\/\/www.pm.pb.gov.br\/portal\/#\/schema\/logo\/image\/","url":"https:\/\/www.pm.pb.gov.br\/portal\/wp-content\/uploads\/2025\/03\/cropped-logo-site-mag2-1.png","contentUrl":"https:\/\/www.pm.pb.gov.br\/portal\/wp-content\/uploads\/2025\/03\/cropped-logo-site-mag2-1.png","width":320,"height":90,"caption":"Pol\u00edcia Militar da Para\u00edba"},"image":{"@id":"https:\/\/www.pm.pb.gov.br\/portal\/#\/schema\/logo\/image\/"}},{"@type":"Person","@id":"https:\/\/www.pm.pb.gov.br\/portal\/#\/schema\/person\/e8454f46651c3ecf0e1ba3c1666d9947","name":"Assessoria de Imprensa da PMPB","image":{"@type":"ImageObject","inLanguage":"pt-BR","@id":"https:\/\/www.pm.pb.gov.br\/portal\/#\/schema\/person\/image\/","url":"https:\/\/secure.gravatar.com\/avatar\/2efe197438265d1e90bd98c4c8e1acf8?s=96&d=mm&r=g","contentUrl":"https:\/\/secure.gravatar.com\/avatar\/2efe197438265d1e90bd98c4c8e1acf8?s=96&d=mm&r=g","caption":"Assessoria de Imprensa da PMPB"},"url":"https:\/\/www.pm.pb.gov.br\/portal\/author\/assessoria\/"}]}},"_links":{"self":[{"href":"https:\/\/www.pm.pb.gov.br\/portal\/wp-json\/wp\/v2\/posts\/8403"}],"collection":[{"href":"https:\/\/www.pm.pb.gov.br\/portal\/wp-json\/wp\/v2\/posts"}],"about":[{"href":"https:\/\/www.pm.pb.gov.br\/portal\/wp-json\/wp\/v2\/types\/post"}],"author":[{"embeddable":true,"href":"https:\/\/www.pm.pb.gov.br\/portal\/wp-json\/wp\/v2\/users\/5"}],"replies":[{"embeddable":true,"href":"https:\/\/www.pm.pb.gov.br\/portal\/wp-json\/wp\/v2\/comments?post=8403"}],"version-history":[{"count":0,"href":"https:\/\/www.pm.pb.gov.br\/portal\/wp-json\/wp\/v2\/posts\/8403\/revisions"}],"wp:featuredmedia":[{"embeddable":true,"href":"https:\/\/www.pm.pb.gov.br\/portal\/wp-json\/wp\/v2\/media\/11012"}],"wp:attachment":[{"href":"https:\/\/www.pm.pb.gov.br\/portal\/wp-json\/wp\/v2\/media?parent=8403"}],"wp:term":[{"taxonomy":"category","embeddable":true,"href":"https:\/\/www.pm.pb.gov.br\/portal\/wp-json\/wp\/v2\/categories?post=8403"},{"taxonomy":"post_tag","embeddable":true,"href":"https:\/\/www.pm.pb.gov.br\/portal\/wp-json\/wp\/v2\/tags?post=8403"}],"curies":[{"name":"wp","href":"https:\/\/api.w.org\/{rel}","templated":true}]}}