{"id":8401,"date":"2013-08-20T07:08:32","date_gmt":"2013-08-20T10:08:32","guid":{"rendered":"http:\/\/www.pm.pb.gov.br\/portal\/2013\/08\/operacao_nomade_apreende_arma_e_drogas_em_campina_grande\/"},"modified":"2013-08-20T07:08:32","modified_gmt":"2013-08-20T10:08:32","slug":"operacao_nomade_apreende_arma_e_drogas_em_campina_grande","status":"publish","type":"post","link":"https:\/\/www.pm.pb.gov.br\/portal\/2013\/08\/20\/operacao_nomade_apreende_arma_e_drogas_em_campina_grande\/","title":{"rendered":"&#8216;Opera\u00e7\u00e3o N\u00f4made&#8217; apreende arma e drogas em Campina Grande"},"content":{"rendered":"<figure style=\"width: 500px\" class=\"wp-caption alignnone\"><img decoding=\"async\" class=\"alignnone size-medium\" src=\"http:\/\/www.pm.pb.gov.br\/portal\/wp-content\/uploads\/2013\/08\/8401_11011.jpg\" title=\"Nas a\u00e7\u00f5es, um um rev\u00f3lver 38 foi apreendodo\" width=\"100%\" \/><figcaption class=\"wp-caption-text\">Nas a\u00e7\u00f5es, um um rev\u00f3lver 38 foi apreendodo<\/figcaption><\/figure>\n<div style=\"text-align: justify;\">Durante mais uma edi\u00e7\u00e3o da Opera\u00e7\u00e3o N\u00f4made, nesta segunda-feira (19), em Campina Grande, a Pol\u00edcia Militar prendeu dois suspeitos e apreendeu arma e drogas. Na primeira ocorr\u00eancia registrada, um jovem de apenas 18 anos foi preso em flagrante, de posse de 39 papelotes de maconha.<\/p>\n<p>Jo\u00e3o Pedro de Oliveira Ferreira foi abordado e detido por policiais do 2\u00ba Batalh\u00e3o, que realizavam rondas e incurs\u00f5es no bairro do Jos\u00e9 Pinheiro.Segundo as informa\u00e7\u00f5es prestadas ao Centro Integrado de Opera\u00e7\u00f5es Policiais (Ciop), Jo\u00e3o Pedro ainda tentou fugir ao ver a aproxima\u00e7\u00e3o da pol\u00edcia, mas foi alcan\u00e7ado, detido e levado para a 1\u00aa Delegacia Distrital.<\/p>\n<p>Poucas horas depois, j\u00e1 na zona oeste de Campina, um homem foi preso com um rev\u00f3lver 38, da marca Taurus, com cinco muni\u00e7\u00f5es intactas. Ele foi levado para a delegacia da cidade, na qual foi autuado por porte ilegal de arma de fogo. Segundo informa\u00e7\u00f5es do 2\u00ba Batalh\u00e3o, a unidade j\u00e1 retirou das ruas mais de 450 armas de fogo, s\u00f3 este ano.<\/p>\n<p>Ve\u00edculos recuperados<\/p>\n<p>Guarni\u00e7\u00f5es da For\u00e7a T\u00e1tica do 10\u00ba Batalh\u00e3o recuperaram dois ve\u00edculos roubados em rondas nesta segunda (19). Foram apreendidos dois Corsas, sendo um vermelho vermelho, localizado na zona rural de Areial; e um branco, encontrado em Lagoa Seca. Os ve\u00edculos foram levados para as delegacias local para a posterior devolu\u00e7\u00e3o aos propriet\u00e1rios.<\/p>\n<div class=\"row\" align=\"center\"><\/div>\n<\/div>\n","protected":false},"excerpt":{"rendered":"<p>Durante mais uma edi\u00e7\u00e3o da Opera\u00e7\u00e3o N\u00f4made, nesta segunda-feira (19), em Campina Grande, a Pol\u00edcia Militar prendeu dois suspeitos e<\/p>\n","protected":false},"author":5,"featured_media":11011,"comment_status":"closed","ping_status":"closed","sticky":false,"template":"","format":"standard","meta":{"_exactmetrics_skip_tracking":false,"_exactmetrics_sitenote_active":false,"_exactmetrics_sitenote_note":"","_exactmetrics_sitenote_category":0,"footnotes":""},"categories":[4],"tags":[],"yoast_head":"<!-- This site is optimized with the Yoast SEO plugin v22.0 - https:\/\/yoast.com\/wordpress\/plugins\/seo\/ -->\n<title>&#039;Opera\u00e7\u00e3o N\u00f4made&#039; apreende arma e drogas em Campina Grande - Pol\u00edcia Militar da Para\u00edba<\/title>\n<meta name=\"robots\" content=\"index, follow, max-snippet:-1, max-image-preview:large, max-video-preview:-1\" \/>\n<link rel=\"canonical\" href=\"https:\/\/www.pm.pb.gov.br\/portal\/2013\/08\/20\/operacao_nomade_apreende_arma_e_drogas_em_campina_grande\/\" \/>\n<meta property=\"og:locale\" content=\"pt_BR\" \/>\n<meta property=\"og:type\" content=\"article\" \/>\n<meta property=\"og:title\" content=\"&#039;Opera\u00e7\u00e3o N\u00f4made&#039; apreende arma e drogas em Campina Grande - Pol\u00edcia Militar da Para\u00edba\" \/>\n<meta property=\"og:description\" content=\"Durante mais uma edi\u00e7\u00e3o da Opera\u00e7\u00e3o N\u00f4made, nesta segunda-feira (19), em Campina Grande, a Pol\u00edcia Militar prendeu dois suspeitos e\" \/>\n<meta property=\"og:url\" content=\"https:\/\/www.pm.pb.gov.br\/portal\/2013\/08\/20\/operacao_nomade_apreende_arma_e_drogas_em_campina_grande\/\" \/>\n<meta property=\"og:site_name\" content=\"Pol\u00edcia Militar da Para\u00edba\" \/>\n<meta property=\"article:published_time\" content=\"2013-08-20T10:08:32+00:00\" \/>\n<meta property=\"og:image\" content=\"https:\/\/www.pm.pb.gov.br\/portal\/wp-content\/uploads\/2013\/08\/8401_11011.jpg\" \/>\n\t<meta property=\"og:image:width\" content=\"500\" \/>\n\t<meta property=\"og:image:height\" content=\"375\" \/>\n\t<meta property=\"og:image:type\" content=\"image\/jpeg\" \/>\n<meta name=\"author\" content=\"Assessoria de Imprensa da PMPB\" \/>\n<meta name=\"twitter:card\" content=\"summary_large_image\" \/>\n<meta name=\"twitter:label1\" content=\"Escrito por\" \/>\n\t<meta name=\"twitter:data1\" content=\"Assessoria de Imprensa da PMPB\" \/>\n\t<meta name=\"twitter:label2\" content=\"Est. tempo de leitura\" \/>\n\t<meta name=\"twitter:data2\" content=\"1 minuto\" \/>\n<script type=\"application\/ld+json\" class=\"yoast-schema-graph\">{\"@context\":\"https:\/\/schema.org\",\"@graph\":[{\"@type\":\"Article\",\"@id\":\"https:\/\/www.pm.pb.gov.br\/portal\/2013\/08\/20\/operacao_nomade_apreende_arma_e_drogas_em_campina_grande\/#article\",\"isPartOf\":{\"@id\":\"https:\/\/www.pm.pb.gov.br\/portal\/2013\/08\/20\/operacao_nomade_apreende_arma_e_drogas_em_campina_grande\/\"},\"author\":{\"name\":\"Assessoria de Imprensa da PMPB\",\"@id\":\"https:\/\/www.pm.pb.gov.br\/portal\/#\/schema\/person\/e8454f46651c3ecf0e1ba3c1666d9947\"},\"headline\":\"&#8216;Opera\u00e7\u00e3o N\u00f4made&#8217; apreende arma e drogas em Campina Grande\",\"datePublished\":\"2013-08-20T10:08:32+00:00\",\"dateModified\":\"2013-08-20T10:08:32+00:00\",\"mainEntityOfPage\":{\"@id\":\"https:\/\/www.pm.pb.gov.br\/portal\/2013\/08\/20\/operacao_nomade_apreende_arma_e_drogas_em_campina_grande\/\"},\"wordCount\":261,\"publisher\":{\"@id\":\"https:\/\/www.pm.pb.gov.br\/portal\/#organization\"},\"articleSection\":[\"A\u00e7\u00f5es Policiais\"],\"inLanguage\":\"pt-BR\"},{\"@type\":\"WebPage\",\"@id\":\"https:\/\/www.pm.pb.gov.br\/portal\/2013\/08\/20\/operacao_nomade_apreende_arma_e_drogas_em_campina_grande\/\",\"url\":\"https:\/\/www.pm.pb.gov.br\/portal\/2013\/08\/20\/operacao_nomade_apreende_arma_e_drogas_em_campina_grande\/\",\"name\":\"'Opera\u00e7\u00e3o N\u00f4made' apreende arma e drogas em Campina Grande - Pol\u00edcia Militar da Para\u00edba\",\"isPartOf\":{\"@id\":\"https:\/\/www.pm.pb.gov.br\/portal\/#website\"},\"datePublished\":\"2013-08-20T10:08:32+00:00\",\"dateModified\":\"2013-08-20T10:08:32+00:00\",\"breadcrumb\":{\"@id\":\"https:\/\/www.pm.pb.gov.br\/portal\/2013\/08\/20\/operacao_nomade_apreende_arma_e_drogas_em_campina_grande\/#breadcrumb\"},\"inLanguage\":\"pt-BR\",\"potentialAction\":[{\"@type\":\"ReadAction\",\"target\":[\"https:\/\/www.pm.pb.gov.br\/portal\/2013\/08\/20\/operacao_nomade_apreende_arma_e_drogas_em_campina_grande\/\"]}]},{\"@type\":\"BreadcrumbList\",\"@id\":\"https:\/\/www.pm.pb.gov.br\/portal\/2013\/08\/20\/operacao_nomade_apreende_arma_e_drogas_em_campina_grande\/#breadcrumb\",\"itemListElement\":[{\"@type\":\"ListItem\",\"position\":1,\"name\":\"In\u00edcio\",\"item\":\"https:\/\/www.pm.pb.gov.br\/portal\/\"},{\"@type\":\"ListItem\",\"position\":2,\"name\":\"&#8216;Opera\u00e7\u00e3o N\u00f4made&#8217; apreende arma e drogas em Campina Grande\"}]},{\"@type\":\"WebSite\",\"@id\":\"https:\/\/www.pm.pb.gov.br\/portal\/#website\",\"url\":\"https:\/\/www.pm.pb.gov.br\/portal\/\",\"name\":\"Pol\u00edcia Militar da Para\u00edba\",\"description\":\"\",\"publisher\":{\"@id\":\"https:\/\/www.pm.pb.gov.br\/portal\/#organization\"},\"potentialAction\":[{\"@type\":\"SearchAction\",\"target\":{\"@type\":\"EntryPoint\",\"urlTemplate\":\"https:\/\/www.pm.pb.gov.br\/portal\/?s={search_term_string}\"},\"query-input\":\"required name=search_term_string\"}],\"inLanguage\":\"pt-BR\"},{\"@type\":\"Organization\",\"@id\":\"https:\/\/www.pm.pb.gov.br\/portal\/#organization\",\"name\":\"Pol\u00edcia Militar da Para\u00edba\",\"url\":\"https:\/\/www.pm.pb.gov.br\/portal\/\",\"logo\":{\"@type\":\"ImageObject\",\"inLanguage\":\"pt-BR\",\"@id\":\"https:\/\/www.pm.pb.gov.br\/portal\/#\/schema\/logo\/image\/\",\"url\":\"https:\/\/www.pm.pb.gov.br\/portal\/wp-content\/uploads\/2025\/03\/cropped-logo-site-mag2-1.png\",\"contentUrl\":\"https:\/\/www.pm.pb.gov.br\/portal\/wp-content\/uploads\/2025\/03\/cropped-logo-site-mag2-1.png\",\"width\":320,\"height\":90,\"caption\":\"Pol\u00edcia Militar da Para\u00edba\"},\"image\":{\"@id\":\"https:\/\/www.pm.pb.gov.br\/portal\/#\/schema\/logo\/image\/\"}},{\"@type\":\"Person\",\"@id\":\"https:\/\/www.pm.pb.gov.br\/portal\/#\/schema\/person\/e8454f46651c3ecf0e1ba3c1666d9947\",\"name\":\"Assessoria de Imprensa da PMPB\",\"image\":{\"@type\":\"ImageObject\",\"inLanguage\":\"pt-BR\",\"@id\":\"https:\/\/www.pm.pb.gov.br\/portal\/#\/schema\/person\/image\/\",\"url\":\"https:\/\/secure.gravatar.com\/avatar\/2efe197438265d1e90bd98c4c8e1acf8?s=96&d=mm&r=g\",\"contentUrl\":\"https:\/\/secure.gravatar.com\/avatar\/2efe197438265d1e90bd98c4c8e1acf8?s=96&d=mm&r=g\",\"caption\":\"Assessoria de Imprensa da PMPB\"},\"url\":\"https:\/\/www.pm.pb.gov.br\/portal\/author\/assessoria\/\"}]}<\/script>\n<!-- \/ Yoast SEO plugin. -->","yoast_head_json":{"title":"'Opera\u00e7\u00e3o N\u00f4made' apreende arma e drogas em Campina Grande - Pol\u00edcia Militar da Para\u00edba","robots":{"index":"index","follow":"follow","max-snippet":"max-snippet:-1","max-image-preview":"max-image-preview:large","max-video-preview":"max-video-preview:-1"},"canonical":"https:\/\/www.pm.pb.gov.br\/portal\/2013\/08\/20\/operacao_nomade_apreende_arma_e_drogas_em_campina_grande\/","og_locale":"pt_BR","og_type":"article","og_title":"'Opera\u00e7\u00e3o N\u00f4made' apreende arma e drogas em Campina Grande - Pol\u00edcia Militar da Para\u00edba","og_description":"Durante mais uma edi\u00e7\u00e3o da Opera\u00e7\u00e3o N\u00f4made, nesta segunda-feira (19), em Campina Grande, a Pol\u00edcia Militar prendeu dois suspeitos e","og_url":"https:\/\/www.pm.pb.gov.br\/portal\/2013\/08\/20\/operacao_nomade_apreende_arma_e_drogas_em_campina_grande\/","og_site_name":"Pol\u00edcia Militar da Para\u00edba","article_published_time":"2013-08-20T10:08:32+00:00","og_image":[{"width":500,"height":375,"url":"https:\/\/www.pm.pb.gov.br\/portal\/wp-content\/uploads\/2013\/08\/8401_11011.jpg","type":"image\/jpeg"}],"author":"Assessoria de Imprensa da PMPB","twitter_card":"summary_large_image","twitter_misc":{"Escrito por":"Assessoria de Imprensa da PMPB","Est. tempo de leitura":"1 minuto"},"schema":{"@context":"https:\/\/schema.org","@graph":[{"@type":"Article","@id":"https:\/\/www.pm.pb.gov.br\/portal\/2013\/08\/20\/operacao_nomade_apreende_arma_e_drogas_em_campina_grande\/#article","isPartOf":{"@id":"https:\/\/www.pm.pb.gov.br\/portal\/2013\/08\/20\/operacao_nomade_apreende_arma_e_drogas_em_campina_grande\/"},"author":{"name":"Assessoria de Imprensa da PMPB","@id":"https:\/\/www.pm.pb.gov.br\/portal\/#\/schema\/person\/e8454f46651c3ecf0e1ba3c1666d9947"},"headline":"&#8216;Opera\u00e7\u00e3o N\u00f4made&#8217; apreende arma e drogas em Campina Grande","datePublished":"2013-08-20T10:08:32+00:00","dateModified":"2013-08-20T10:08:32+00:00","mainEntityOfPage":{"@id":"https:\/\/www.pm.pb.gov.br\/portal\/2013\/08\/20\/operacao_nomade_apreende_arma_e_drogas_em_campina_grande\/"},"wordCount":261,"publisher":{"@id":"https:\/\/www.pm.pb.gov.br\/portal\/#organization"},"articleSection":["A\u00e7\u00f5es Policiais"],"inLanguage":"pt-BR"},{"@type":"WebPage","@id":"https:\/\/www.pm.pb.gov.br\/portal\/2013\/08\/20\/operacao_nomade_apreende_arma_e_drogas_em_campina_grande\/","url":"https:\/\/www.pm.pb.gov.br\/portal\/2013\/08\/20\/operacao_nomade_apreende_arma_e_drogas_em_campina_grande\/","name":"'Opera\u00e7\u00e3o N\u00f4made' apreende arma e drogas em Campina Grande - Pol\u00edcia Militar da Para\u00edba","isPartOf":{"@id":"https:\/\/www.pm.pb.gov.br\/portal\/#website"},"datePublished":"2013-08-20T10:08:32+00:00","dateModified":"2013-08-20T10:08:32+00:00","breadcrumb":{"@id":"https:\/\/www.pm.pb.gov.br\/portal\/2013\/08\/20\/operacao_nomade_apreende_arma_e_drogas_em_campina_grande\/#breadcrumb"},"inLanguage":"pt-BR","potentialAction":[{"@type":"ReadAction","target":["https:\/\/www.pm.pb.gov.br\/portal\/2013\/08\/20\/operacao_nomade_apreende_arma_e_drogas_em_campina_grande\/"]}]},{"@type":"BreadcrumbList","@id":"https:\/\/www.pm.pb.gov.br\/portal\/2013\/08\/20\/operacao_nomade_apreende_arma_e_drogas_em_campina_grande\/#breadcrumb","itemListElement":[{"@type":"ListItem","position":1,"name":"In\u00edcio","item":"https:\/\/www.pm.pb.gov.br\/portal\/"},{"@type":"ListItem","position":2,"name":"&#8216;Opera\u00e7\u00e3o N\u00f4made&#8217; apreende arma e drogas em Campina Grande"}]},{"@type":"WebSite","@id":"https:\/\/www.pm.pb.gov.br\/portal\/#website","url":"https:\/\/www.pm.pb.gov.br\/portal\/","name":"Pol\u00edcia Militar da Para\u00edba","description":"","publisher":{"@id":"https:\/\/www.pm.pb.gov.br\/portal\/#organization"},"potentialAction":[{"@type":"SearchAction","target":{"@type":"EntryPoint","urlTemplate":"https:\/\/www.pm.pb.gov.br\/portal\/?s={search_term_string}"},"query-input":"required name=search_term_string"}],"inLanguage":"pt-BR"},{"@type":"Organization","@id":"https:\/\/www.pm.pb.gov.br\/portal\/#organization","name":"Pol\u00edcia Militar da Para\u00edba","url":"https:\/\/www.pm.pb.gov.br\/portal\/","logo":{"@type":"ImageObject","inLanguage":"pt-BR","@id":"https:\/\/www.pm.pb.gov.br\/portal\/#\/schema\/logo\/image\/","url":"https:\/\/www.pm.pb.gov.br\/portal\/wp-content\/uploads\/2025\/03\/cropped-logo-site-mag2-1.png","contentUrl":"https:\/\/www.pm.pb.gov.br\/portal\/wp-content\/uploads\/2025\/03\/cropped-logo-site-mag2-1.png","width":320,"height":90,"caption":"Pol\u00edcia Militar da Para\u00edba"},"image":{"@id":"https:\/\/www.pm.pb.gov.br\/portal\/#\/schema\/logo\/image\/"}},{"@type":"Person","@id":"https:\/\/www.pm.pb.gov.br\/portal\/#\/schema\/person\/e8454f46651c3ecf0e1ba3c1666d9947","name":"Assessoria de Imprensa da PMPB","image":{"@type":"ImageObject","inLanguage":"pt-BR","@id":"https:\/\/www.pm.pb.gov.br\/portal\/#\/schema\/person\/image\/","url":"https:\/\/secure.gravatar.com\/avatar\/2efe197438265d1e90bd98c4c8e1acf8?s=96&d=mm&r=g","contentUrl":"https:\/\/secure.gravatar.com\/avatar\/2efe197438265d1e90bd98c4c8e1acf8?s=96&d=mm&r=g","caption":"Assessoria de Imprensa da PMPB"},"url":"https:\/\/www.pm.pb.gov.br\/portal\/author\/assessoria\/"}]}},"_links":{"self":[{"href":"https:\/\/www.pm.pb.gov.br\/portal\/wp-json\/wp\/v2\/posts\/8401"}],"collection":[{"href":"https:\/\/www.pm.pb.gov.br\/portal\/wp-json\/wp\/v2\/posts"}],"about":[{"href":"https:\/\/www.pm.pb.gov.br\/portal\/wp-json\/wp\/v2\/types\/post"}],"author":[{"embeddable":true,"href":"https:\/\/www.pm.pb.gov.br\/portal\/wp-json\/wp\/v2\/users\/5"}],"replies":[{"embeddable":true,"href":"https:\/\/www.pm.pb.gov.br\/portal\/wp-json\/wp\/v2\/comments?post=8401"}],"version-history":[{"count":0,"href":"https:\/\/www.pm.pb.gov.br\/portal\/wp-json\/wp\/v2\/posts\/8401\/revisions"}],"wp:featuredmedia":[{"embeddable":true,"href":"https:\/\/www.pm.pb.gov.br\/portal\/wp-json\/wp\/v2\/media\/11011"}],"wp:attachment":[{"href":"https:\/\/www.pm.pb.gov.br\/portal\/wp-json\/wp\/v2\/media?parent=8401"}],"wp:term":[{"taxonomy":"category","embeddable":true,"href":"https:\/\/www.pm.pb.gov.br\/portal\/wp-json\/wp\/v2\/categories?post=8401"},{"taxonomy":"post_tag","embeddable":true,"href":"https:\/\/www.pm.pb.gov.br\/portal\/wp-json\/wp\/v2\/tags?post=8401"}],"curies":[{"name":"wp","href":"https:\/\/api.w.org\/{rel}","templated":true}]}}