{"id":8385,"date":"2013-08-14T07:08:03","date_gmt":"2013-08-14T10:08:03","guid":{"rendered":"http:\/\/www.pm.pb.gov.br\/portal\/2013\/08\/companhia_de_alhandra_comemora_ativacao_e_divulga_acoes\/"},"modified":"2013-08-14T07:08:03","modified_gmt":"2013-08-14T10:08:03","slug":"companhia_de_alhandra_comemora_ativacao_e_divulga_acoes","status":"publish","type":"post","link":"https:\/\/www.pm.pb.gov.br\/portal\/2013\/08\/14\/companhia_de_alhandra_comemora_ativacao_e_divulga_acoes\/","title":{"rendered":"Companhia de Alhandra comemora ativa\u00e7\u00e3o e divulga a\u00e7\u00f5es"},"content":{"rendered":"<figure style=\"width: 500px\" class=\"wp-caption alignnone\"><img decoding=\"async\" class=\"alignnone size-medium\" src=\"http:\/\/www.pm.pb.gov.br\/portal\/wp-content\/uploads\/2013\/08\/8385_10977.jpg\" title=\"Tropa participou da formatura com novos uniformes finos\" width=\"100%\" \/><figcaption class=\"wp-caption-text\">Tropa participou da formatura com novos uniformes finos<\/figcaption><\/figure>\n<div style=\"text-align: justify;\">A 1\u00aa Companhia Independente de Pol\u00edcia Militar (1\u00aa CIPM) de Alhandra comemorou, na \u00faltima quinta (08), um ano de forma\u00e7\u00e3o e divulgou o balan\u00e7o das a\u00e7\u00f5es. Na ocasi\u00e3o, houve uma formatura de tropa, em frente \u00e0 sede da unidade, no Centro de Alhandra, e 18 policiais foram agraciados com medalhas de M\u00e9rito Operacional ou Servi\u00e7os Distintos.<\/p>\n<p>Segundo o major Crist\u00f3v\u00e3o Lucas, comandante da 1\u00aa CIPM h\u00e1 nove meses, a solenidade tamb\u00e9m marcou a conclus\u00e3o da reforma que melhorou toda a estrutura da sede da companhia. \u0093O pr\u00e9dio ganhou climatiza\u00e7\u00e3o, nova mob\u00edlia e v\u00e1rios computadores\u0094, exemplificou Lucas, ao lembrar que a tropa est\u00e1 motivada e t\u00eam obtido bons resultados operacionais.<\/p>\n<p>Para se ter uma ideia, conforme Lucas, nos seis primeiros meses deste ano foram tiradas 70 armas de circula\u00e7\u00e3o , n\u00famero 40% maior do que o registrado no mesmo per\u00edodo do ano passado. Tamb\u00e9m houve aumento no cumprimento dos mandados de pris\u00f5es (25%) e nas apreens\u00f5es de ve\u00edculos roubados (60%).<\/p>\n<p>\u0093A tropa t\u00eam se mostrado satisfeita com a nossa filosofia de trabalho. Este comando tem uma grande preocupa\u00e7\u00e3o em sempre melhorar as condi\u00e7\u00f5es de trabalho dos PMs, fornecendo fardamentos novos, viaturas em bom estado, entre outros equipamentos\u0094, citou o major , ao acrescentar que este m\u00eas todo o efetivo da companhia, compostos por 192 militares, recebeu novos fardamentos finos e sapatos. Inclusive, todos participaram da formatura de anivers\u00e1rio usando os novos uniformes.<\/p>\n<p>Solenidade<\/p>\n<p>Durante as comemora\u00e7\u00f5es do primeiro ano de atividade da 1\u00aa CIPM, diversas autoridades civis foram agraciadas com o certificado de \u0091Amigo da 1\u00aa CIPM\u0092. Al\u00e9m deles, tamb\u00e9m compareceram ao evento o assistente de gabinete do Comandante Geral, coronel Jo\u00e3o Carlos Coutinho (representando o coronel Euller), e o sub-comandante do Policiamento Regional Metropolitano, tenente coronel L\u00edvio Delgado.<\/p>\n<p>Ap\u00f3s a solenidade, todos participaram de um coffee break servido na sede da companhia. Atualmente, a 1\u00aa CIPM atende cinco munic\u00edpios do Litoral Norte do Estado (Alhandra, Pitimbu, Caapor\u00e3, Pedras de Fogo e Conde), em uma \u00e1rea equivalente a 1.042 quil\u00f4metros quadrados. A popula\u00e7\u00e3o atendida chega a 104 mil.<\/p>\n<div class=\"row\" align=\"center\"><a href=\"http:\/\/www.pm.pb.gov.br\/exportacao\/fotos_noticias\/8385_10978.jpg\"><figure style=\"width: 500px\" class=\"wp-caption alignnone\"><img decoding=\"async\" class=\"image-responsive\" src=\"http:\/\/www.pm.pb.gov.br\/exportacao\/fotos_noticias\/8385_10978.jpg\" title=\"O comandante da unidade, major Lucas, divulgou a\u00e7\u00f5es da unidade\" width=\"100%\" \/><figcaption class=\"wp-caption-text\">O comandante da unidade, major Lucas, divulgou a\u00e7\u00f5es da unidade<\/figcaption><\/figure><\/a><a href=\"http:\/\/www.pm.pb.gov.br\/portal\/wp-content\/uploads\/2013\/08\/8385_10979.jpg\"><figure style=\"width: 500px\" class=\"wp-caption alignnone\"><img decoding=\"async\" class=\"image-responsive\" src=\"http:\/\/www.pm.pb.gov.br\/portal\/wp-content\/uploads\/2013\/08\/8385_10979.jpg\" title=\"Civis foram agraciados com o certificado de 'Amigo da 1\u00aa CIPM\" width=\"100%\" \/><figcaption class=\"wp-caption-text\">Civis foram agraciados com o certificado de &#8216;Amigo da 1\u00aa CIPM<\/figcaption><\/figure><\/a><\/div>\n<\/div>\n","protected":false},"excerpt":{"rendered":"<p>A 1\u00aa Companhia Independente de Pol\u00edcia Militar (1\u00aa CIPM) de Alhandra comemorou, na \u00faltima quinta (08), um ano de forma\u00e7\u00e3o<\/p>\n","protected":false},"author":5,"featured_media":10977,"comment_status":"closed","ping_status":"closed","sticky":false,"template":"","format":"standard","meta":{"_exactmetrics_skip_tracking":false,"_exactmetrics_sitenote_active":false,"_exactmetrics_sitenote_note":"","_exactmetrics_sitenote_category":0,"footnotes":""},"categories":[4],"tags":[],"yoast_head":"<!-- This site is optimized with the Yoast SEO plugin v22.0 - https:\/\/yoast.com\/wordpress\/plugins\/seo\/ -->\n<title>Companhia de Alhandra comemora ativa\u00e7\u00e3o e divulga a\u00e7\u00f5es - Pol\u00edcia Militar da Para\u00edba<\/title>\n<meta name=\"robots\" content=\"index, follow, max-snippet:-1, max-image-preview:large, max-video-preview:-1\" \/>\n<link rel=\"canonical\" href=\"https:\/\/www.pm.pb.gov.br\/portal\/2013\/08\/14\/companhia_de_alhandra_comemora_ativacao_e_divulga_acoes\/\" \/>\n<meta property=\"og:locale\" content=\"pt_BR\" \/>\n<meta property=\"og:type\" content=\"article\" \/>\n<meta property=\"og:title\" content=\"Companhia de Alhandra comemora ativa\u00e7\u00e3o e divulga a\u00e7\u00f5es - Pol\u00edcia Militar da Para\u00edba\" \/>\n<meta property=\"og:description\" content=\"A 1\u00aa Companhia Independente de Pol\u00edcia Militar (1\u00aa CIPM) de Alhandra comemorou, na \u00faltima quinta (08), um ano de forma\u00e7\u00e3o\" \/>\n<meta property=\"og:url\" content=\"https:\/\/www.pm.pb.gov.br\/portal\/2013\/08\/14\/companhia_de_alhandra_comemora_ativacao_e_divulga_acoes\/\" \/>\n<meta property=\"og:site_name\" content=\"Pol\u00edcia Militar da Para\u00edba\" \/>\n<meta property=\"article:published_time\" content=\"2013-08-14T10:08:03+00:00\" \/>\n<meta property=\"og:image\" content=\"https:\/\/www.pm.pb.gov.br\/portal\/wp-content\/uploads\/2013\/08\/8385_10977.jpg\" \/>\n\t<meta property=\"og:image:width\" content=\"500\" \/>\n\t<meta property=\"og:image:height\" content=\"375\" \/>\n\t<meta property=\"og:image:type\" content=\"image\/jpeg\" \/>\n<meta name=\"author\" content=\"Assessoria de Imprensa da PMPB\" \/>\n<meta name=\"twitter:card\" content=\"summary_large_image\" \/>\n<meta name=\"twitter:label1\" content=\"Escrito por\" \/>\n\t<meta name=\"twitter:data1\" content=\"Assessoria de Imprensa da PMPB\" \/>\n\t<meta name=\"twitter:label2\" content=\"Est. tempo de leitura\" \/>\n\t<meta name=\"twitter:data2\" content=\"2 minutos\" \/>\n<script type=\"application\/ld+json\" class=\"yoast-schema-graph\">{\"@context\":\"https:\/\/schema.org\",\"@graph\":[{\"@type\":\"Article\",\"@id\":\"https:\/\/www.pm.pb.gov.br\/portal\/2013\/08\/14\/companhia_de_alhandra_comemora_ativacao_e_divulga_acoes\/#article\",\"isPartOf\":{\"@id\":\"https:\/\/www.pm.pb.gov.br\/portal\/2013\/08\/14\/companhia_de_alhandra_comemora_ativacao_e_divulga_acoes\/\"},\"author\":{\"name\":\"Assessoria de Imprensa da PMPB\",\"@id\":\"https:\/\/www.pm.pb.gov.br\/portal\/#\/schema\/person\/e8454f46651c3ecf0e1ba3c1666d9947\"},\"headline\":\"Companhia de Alhandra comemora ativa\u00e7\u00e3o e divulga a\u00e7\u00f5es\",\"datePublished\":\"2013-08-14T10:08:03+00:00\",\"dateModified\":\"2013-08-14T10:08:03+00:00\",\"mainEntityOfPage\":{\"@id\":\"https:\/\/www.pm.pb.gov.br\/portal\/2013\/08\/14\/companhia_de_alhandra_comemora_ativacao_e_divulga_acoes\/\"},\"wordCount\":413,\"publisher\":{\"@id\":\"https:\/\/www.pm.pb.gov.br\/portal\/#organization\"},\"articleSection\":[\"A\u00e7\u00f5es Policiais\"],\"inLanguage\":\"pt-BR\"},{\"@type\":\"WebPage\",\"@id\":\"https:\/\/www.pm.pb.gov.br\/portal\/2013\/08\/14\/companhia_de_alhandra_comemora_ativacao_e_divulga_acoes\/\",\"url\":\"https:\/\/www.pm.pb.gov.br\/portal\/2013\/08\/14\/companhia_de_alhandra_comemora_ativacao_e_divulga_acoes\/\",\"name\":\"Companhia de Alhandra comemora ativa\u00e7\u00e3o e divulga a\u00e7\u00f5es - Pol\u00edcia Militar da Para\u00edba\",\"isPartOf\":{\"@id\":\"https:\/\/www.pm.pb.gov.br\/portal\/#website\"},\"datePublished\":\"2013-08-14T10:08:03+00:00\",\"dateModified\":\"2013-08-14T10:08:03+00:00\",\"breadcrumb\":{\"@id\":\"https:\/\/www.pm.pb.gov.br\/portal\/2013\/08\/14\/companhia_de_alhandra_comemora_ativacao_e_divulga_acoes\/#breadcrumb\"},\"inLanguage\":\"pt-BR\",\"potentialAction\":[{\"@type\":\"ReadAction\",\"target\":[\"https:\/\/www.pm.pb.gov.br\/portal\/2013\/08\/14\/companhia_de_alhandra_comemora_ativacao_e_divulga_acoes\/\"]}]},{\"@type\":\"BreadcrumbList\",\"@id\":\"https:\/\/www.pm.pb.gov.br\/portal\/2013\/08\/14\/companhia_de_alhandra_comemora_ativacao_e_divulga_acoes\/#breadcrumb\",\"itemListElement\":[{\"@type\":\"ListItem\",\"position\":1,\"name\":\"In\u00edcio\",\"item\":\"https:\/\/www.pm.pb.gov.br\/portal\/\"},{\"@type\":\"ListItem\",\"position\":2,\"name\":\"Companhia de Alhandra comemora ativa\u00e7\u00e3o e divulga a\u00e7\u00f5es\"}]},{\"@type\":\"WebSite\",\"@id\":\"https:\/\/www.pm.pb.gov.br\/portal\/#website\",\"url\":\"https:\/\/www.pm.pb.gov.br\/portal\/\",\"name\":\"Pol\u00edcia Militar da Para\u00edba\",\"description\":\"\",\"publisher\":{\"@id\":\"https:\/\/www.pm.pb.gov.br\/portal\/#organization\"},\"potentialAction\":[{\"@type\":\"SearchAction\",\"target\":{\"@type\":\"EntryPoint\",\"urlTemplate\":\"https:\/\/www.pm.pb.gov.br\/portal\/?s={search_term_string}\"},\"query-input\":\"required name=search_term_string\"}],\"inLanguage\":\"pt-BR\"},{\"@type\":\"Organization\",\"@id\":\"https:\/\/www.pm.pb.gov.br\/portal\/#organization\",\"name\":\"Pol\u00edcia Militar da Para\u00edba\",\"url\":\"https:\/\/www.pm.pb.gov.br\/portal\/\",\"logo\":{\"@type\":\"ImageObject\",\"inLanguage\":\"pt-BR\",\"@id\":\"https:\/\/www.pm.pb.gov.br\/portal\/#\/schema\/logo\/image\/\",\"url\":\"https:\/\/www.pm.pb.gov.br\/portal\/wp-content\/uploads\/2025\/03\/cropped-logo-site-mag2-1.png\",\"contentUrl\":\"https:\/\/www.pm.pb.gov.br\/portal\/wp-content\/uploads\/2025\/03\/cropped-logo-site-mag2-1.png\",\"width\":320,\"height\":90,\"caption\":\"Pol\u00edcia Militar da Para\u00edba\"},\"image\":{\"@id\":\"https:\/\/www.pm.pb.gov.br\/portal\/#\/schema\/logo\/image\/\"}},{\"@type\":\"Person\",\"@id\":\"https:\/\/www.pm.pb.gov.br\/portal\/#\/schema\/person\/e8454f46651c3ecf0e1ba3c1666d9947\",\"name\":\"Assessoria de Imprensa da PMPB\",\"image\":{\"@type\":\"ImageObject\",\"inLanguage\":\"pt-BR\",\"@id\":\"https:\/\/www.pm.pb.gov.br\/portal\/#\/schema\/person\/image\/\",\"url\":\"https:\/\/secure.gravatar.com\/avatar\/2efe197438265d1e90bd98c4c8e1acf8?s=96&d=mm&r=g\",\"contentUrl\":\"https:\/\/secure.gravatar.com\/avatar\/2efe197438265d1e90bd98c4c8e1acf8?s=96&d=mm&r=g\",\"caption\":\"Assessoria de Imprensa da PMPB\"},\"url\":\"https:\/\/www.pm.pb.gov.br\/portal\/author\/assessoria\/\"}]}<\/script>\n<!-- \/ Yoast SEO plugin. -->","yoast_head_json":{"title":"Companhia de Alhandra comemora ativa\u00e7\u00e3o e divulga a\u00e7\u00f5es - Pol\u00edcia Militar da Para\u00edba","robots":{"index":"index","follow":"follow","max-snippet":"max-snippet:-1","max-image-preview":"max-image-preview:large","max-video-preview":"max-video-preview:-1"},"canonical":"https:\/\/www.pm.pb.gov.br\/portal\/2013\/08\/14\/companhia_de_alhandra_comemora_ativacao_e_divulga_acoes\/","og_locale":"pt_BR","og_type":"article","og_title":"Companhia de Alhandra comemora ativa\u00e7\u00e3o e divulga a\u00e7\u00f5es - Pol\u00edcia Militar da Para\u00edba","og_description":"A 1\u00aa Companhia Independente de Pol\u00edcia Militar (1\u00aa CIPM) de Alhandra comemorou, na \u00faltima quinta (08), um ano de forma\u00e7\u00e3o","og_url":"https:\/\/www.pm.pb.gov.br\/portal\/2013\/08\/14\/companhia_de_alhandra_comemora_ativacao_e_divulga_acoes\/","og_site_name":"Pol\u00edcia Militar da Para\u00edba","article_published_time":"2013-08-14T10:08:03+00:00","og_image":[{"width":500,"height":375,"url":"https:\/\/www.pm.pb.gov.br\/portal\/wp-content\/uploads\/2013\/08\/8385_10977.jpg","type":"image\/jpeg"}],"author":"Assessoria de Imprensa da PMPB","twitter_card":"summary_large_image","twitter_misc":{"Escrito por":"Assessoria de Imprensa da PMPB","Est. tempo de leitura":"2 minutos"},"schema":{"@context":"https:\/\/schema.org","@graph":[{"@type":"Article","@id":"https:\/\/www.pm.pb.gov.br\/portal\/2013\/08\/14\/companhia_de_alhandra_comemora_ativacao_e_divulga_acoes\/#article","isPartOf":{"@id":"https:\/\/www.pm.pb.gov.br\/portal\/2013\/08\/14\/companhia_de_alhandra_comemora_ativacao_e_divulga_acoes\/"},"author":{"name":"Assessoria de Imprensa da PMPB","@id":"https:\/\/www.pm.pb.gov.br\/portal\/#\/schema\/person\/e8454f46651c3ecf0e1ba3c1666d9947"},"headline":"Companhia de Alhandra comemora ativa\u00e7\u00e3o e divulga a\u00e7\u00f5es","datePublished":"2013-08-14T10:08:03+00:00","dateModified":"2013-08-14T10:08:03+00:00","mainEntityOfPage":{"@id":"https:\/\/www.pm.pb.gov.br\/portal\/2013\/08\/14\/companhia_de_alhandra_comemora_ativacao_e_divulga_acoes\/"},"wordCount":413,"publisher":{"@id":"https:\/\/www.pm.pb.gov.br\/portal\/#organization"},"articleSection":["A\u00e7\u00f5es Policiais"],"inLanguage":"pt-BR"},{"@type":"WebPage","@id":"https:\/\/www.pm.pb.gov.br\/portal\/2013\/08\/14\/companhia_de_alhandra_comemora_ativacao_e_divulga_acoes\/","url":"https:\/\/www.pm.pb.gov.br\/portal\/2013\/08\/14\/companhia_de_alhandra_comemora_ativacao_e_divulga_acoes\/","name":"Companhia de Alhandra comemora ativa\u00e7\u00e3o e divulga a\u00e7\u00f5es - Pol\u00edcia Militar da Para\u00edba","isPartOf":{"@id":"https:\/\/www.pm.pb.gov.br\/portal\/#website"},"datePublished":"2013-08-14T10:08:03+00:00","dateModified":"2013-08-14T10:08:03+00:00","breadcrumb":{"@id":"https:\/\/www.pm.pb.gov.br\/portal\/2013\/08\/14\/companhia_de_alhandra_comemora_ativacao_e_divulga_acoes\/#breadcrumb"},"inLanguage":"pt-BR","potentialAction":[{"@type":"ReadAction","target":["https:\/\/www.pm.pb.gov.br\/portal\/2013\/08\/14\/companhia_de_alhandra_comemora_ativacao_e_divulga_acoes\/"]}]},{"@type":"BreadcrumbList","@id":"https:\/\/www.pm.pb.gov.br\/portal\/2013\/08\/14\/companhia_de_alhandra_comemora_ativacao_e_divulga_acoes\/#breadcrumb","itemListElement":[{"@type":"ListItem","position":1,"name":"In\u00edcio","item":"https:\/\/www.pm.pb.gov.br\/portal\/"},{"@type":"ListItem","position":2,"name":"Companhia de Alhandra comemora ativa\u00e7\u00e3o e divulga a\u00e7\u00f5es"}]},{"@type":"WebSite","@id":"https:\/\/www.pm.pb.gov.br\/portal\/#website","url":"https:\/\/www.pm.pb.gov.br\/portal\/","name":"Pol\u00edcia Militar da Para\u00edba","description":"","publisher":{"@id":"https:\/\/www.pm.pb.gov.br\/portal\/#organization"},"potentialAction":[{"@type":"SearchAction","target":{"@type":"EntryPoint","urlTemplate":"https:\/\/www.pm.pb.gov.br\/portal\/?s={search_term_string}"},"query-input":"required name=search_term_string"}],"inLanguage":"pt-BR"},{"@type":"Organization","@id":"https:\/\/www.pm.pb.gov.br\/portal\/#organization","name":"Pol\u00edcia Militar da Para\u00edba","url":"https:\/\/www.pm.pb.gov.br\/portal\/","logo":{"@type":"ImageObject","inLanguage":"pt-BR","@id":"https:\/\/www.pm.pb.gov.br\/portal\/#\/schema\/logo\/image\/","url":"https:\/\/www.pm.pb.gov.br\/portal\/wp-content\/uploads\/2025\/03\/cropped-logo-site-mag2-1.png","contentUrl":"https:\/\/www.pm.pb.gov.br\/portal\/wp-content\/uploads\/2025\/03\/cropped-logo-site-mag2-1.png","width":320,"height":90,"caption":"Pol\u00edcia Militar da Para\u00edba"},"image":{"@id":"https:\/\/www.pm.pb.gov.br\/portal\/#\/schema\/logo\/image\/"}},{"@type":"Person","@id":"https:\/\/www.pm.pb.gov.br\/portal\/#\/schema\/person\/e8454f46651c3ecf0e1ba3c1666d9947","name":"Assessoria de Imprensa da PMPB","image":{"@type":"ImageObject","inLanguage":"pt-BR","@id":"https:\/\/www.pm.pb.gov.br\/portal\/#\/schema\/person\/image\/","url":"https:\/\/secure.gravatar.com\/avatar\/2efe197438265d1e90bd98c4c8e1acf8?s=96&d=mm&r=g","contentUrl":"https:\/\/secure.gravatar.com\/avatar\/2efe197438265d1e90bd98c4c8e1acf8?s=96&d=mm&r=g","caption":"Assessoria de Imprensa da PMPB"},"url":"https:\/\/www.pm.pb.gov.br\/portal\/author\/assessoria\/"}]}},"_links":{"self":[{"href":"https:\/\/www.pm.pb.gov.br\/portal\/wp-json\/wp\/v2\/posts\/8385"}],"collection":[{"href":"https:\/\/www.pm.pb.gov.br\/portal\/wp-json\/wp\/v2\/posts"}],"about":[{"href":"https:\/\/www.pm.pb.gov.br\/portal\/wp-json\/wp\/v2\/types\/post"}],"author":[{"embeddable":true,"href":"https:\/\/www.pm.pb.gov.br\/portal\/wp-json\/wp\/v2\/users\/5"}],"replies":[{"embeddable":true,"href":"https:\/\/www.pm.pb.gov.br\/portal\/wp-json\/wp\/v2\/comments?post=8385"}],"version-history":[{"count":0,"href":"https:\/\/www.pm.pb.gov.br\/portal\/wp-json\/wp\/v2\/posts\/8385\/revisions"}],"wp:featuredmedia":[{"embeddable":true,"href":"https:\/\/www.pm.pb.gov.br\/portal\/wp-json\/wp\/v2\/media\/10977"}],"wp:attachment":[{"href":"https:\/\/www.pm.pb.gov.br\/portal\/wp-json\/wp\/v2\/media?parent=8385"}],"wp:term":[{"taxonomy":"category","embeddable":true,"href":"https:\/\/www.pm.pb.gov.br\/portal\/wp-json\/wp\/v2\/categories?post=8385"},{"taxonomy":"post_tag","embeddable":true,"href":"https:\/\/www.pm.pb.gov.br\/portal\/wp-json\/wp\/v2\/tags?post=8385"}],"curies":[{"name":"wp","href":"https:\/\/api.w.org\/{rel}","templated":true}]}}