{"id":8332,"date":"2013-07-30T08:07:07","date_gmt":"2013-07-30T11:07:07","guid":{"rendered":"http:\/\/www.pm.pb.gov.br\/portal\/2013\/07\/policia_e_juizado_discutem_violencia_domestica_e_familiar\/"},"modified":"2013-07-30T08:07:07","modified_gmt":"2013-07-30T11:07:07","slug":"policia_e_juizado_discutem_violencia_domestica_e_familiar","status":"publish","type":"post","link":"https:\/\/www.pm.pb.gov.br\/portal\/2013\/07\/30\/policia_e_juizado_discutem_violencia_domestica_e_familiar\/","title":{"rendered":"Pol\u00edcia e Juizado discutem viol\u00eancia dom\u00e9stica e familiar"},"content":{"rendered":"<figure style=\"width: 500px\" class=\"wp-caption alignnone\"><img decoding=\"async\" class=\"alignnone size-medium\" src=\"http:\/\/www.pm.pb.gov.br\/portal\/wp-content\/uploads\/2013\/07\/8332_10894.jpg\" title=\"Encontro no gabinete do Comando Geral definiu data da palestra\" width=\"100%\" \/><figcaption class=\"wp-caption-text\">Encontro no gabinete do Comando Geral definiu data da palestra<\/figcaption><\/figure>\n<div style=\"text-align: justify;\">A ju\u00edza titular da Vara da Viol\u00eancia Dom\u00e9stica e Familiar de Jo\u00e3o Pessoa, doutora Rita de C\u00e1ssia Martins, ministra, \u00e0s 9h desta ter\u00e7a (30), uma palestra sobre a Lei Maria da Penha e o papel do policial militar no combate \u00e0 viol\u00eancia dom\u00e9stica e familiar. O evento acontece no audit\u00f3rio do Centro de Educa\u00e7\u00e3o da PM, no bairro de Mangabeira (na capital), e contar\u00e1 com a presen\u00e7a de Comandantes e representantes de batalh\u00f5es e unidades independente da Pol\u00edcia Militar, al\u00e9m de cadetes que est\u00e3o em forma\u00e7\u00e3o.<\/p>\n<p>O objetivo \u00e9 que o p\u00fablico presente sirva de multiplicador dos direitos da mulher, dentro da sua \u00e1rea de trabalho e principalmente no lugar onde vive e no pr\u00f3prio lar. Conforme a doutora Rita de C\u00e1ssia, a palestra faz parte do projeto \u0091Justi\u00e7a em seu bairro \u0096 mulher merece respeito\u0092, da Vara da Viol\u00eancia Dom\u00e9stica e Familiar.<\/p>\n<p>\u0093No projeto, n\u00f3s visitamos diversas comunidades e orientamos as fam\u00edlias acerca da viol\u00eancia dom\u00e9stica, o uso de drogas, entre outros problemas sociais que envolvem o seio familiar. Essa palestra faz parte desse importante trabalho, que busca diminuir os preocupantes \u00edndices de viol\u00eancia contra a mulher\u0094, destacou Rita de C\u00e1ssia Martins, ao lembrar que mais de 200 policiais devem participar da palestra.<\/p>\n<p>Para o comandante geral da PM, coronel Euller Chaves, \u0093nossa pol\u00edcia busca a cada dia trabalhar em conjunto com a popula\u00e7\u00e3o, em uma rela\u00e7\u00e3o de proximidade e respeito. E esse projeto tem tudo a ver com o que pregamos e com a nossa fun\u00e7\u00e3o de pacificadores sociais e guardadores do direito\u0094. O comandante recebeu em seu gabinete, h\u00e1 cerca de 15 dias, a doutora Rita de C\u00e1ssia, ocasi\u00e3o em que ambos discutiram a\u00e7\u00f5es conjunta e agendaram a realiza\u00e7\u00e3o da palestra.<\/p>\n<div class=\"row\" align=\"center\"><\/div>\n<\/div>\n","protected":false},"excerpt":{"rendered":"<p>A ju\u00edza titular da Vara da Viol\u00eancia Dom\u00e9stica e Familiar de Jo\u00e3o Pessoa, doutora Rita de C\u00e1ssia Martins, ministra, \u00e0s<\/p>\n","protected":false},"author":5,"featured_media":10894,"comment_status":"closed","ping_status":"closed","sticky":false,"template":"","format":"standard","meta":{"_exactmetrics_skip_tracking":false,"_exactmetrics_sitenote_active":false,"_exactmetrics_sitenote_note":"","_exactmetrics_sitenote_category":0,"footnotes":""},"categories":[16],"tags":[],"yoast_head":"<!-- This site is optimized with the Yoast SEO plugin v22.0 - https:\/\/yoast.com\/wordpress\/plugins\/seo\/ -->\n<title>Pol\u00edcia e Juizado discutem viol\u00eancia dom\u00e9stica e familiar - Pol\u00edcia Militar da Para\u00edba<\/title>\n<meta name=\"robots\" content=\"index, follow, max-snippet:-1, max-image-preview:large, max-video-preview:-1\" \/>\n<link rel=\"canonical\" href=\"https:\/\/www.pm.pb.gov.br\/portal\/2013\/07\/30\/policia_e_juizado_discutem_violencia_domestica_e_familiar\/\" \/>\n<meta property=\"og:locale\" content=\"pt_BR\" \/>\n<meta property=\"og:type\" content=\"article\" \/>\n<meta property=\"og:title\" content=\"Pol\u00edcia e Juizado discutem viol\u00eancia dom\u00e9stica e familiar - Pol\u00edcia Militar da Para\u00edba\" \/>\n<meta property=\"og:description\" content=\"A ju\u00edza titular da Vara da Viol\u00eancia Dom\u00e9stica e Familiar de Jo\u00e3o Pessoa, doutora Rita de C\u00e1ssia Martins, ministra, \u00e0s\" \/>\n<meta property=\"og:url\" content=\"https:\/\/www.pm.pb.gov.br\/portal\/2013\/07\/30\/policia_e_juizado_discutem_violencia_domestica_e_familiar\/\" \/>\n<meta property=\"og:site_name\" content=\"Pol\u00edcia Militar da Para\u00edba\" \/>\n<meta property=\"article:published_time\" content=\"2013-07-30T11:07:07+00:00\" \/>\n<meta property=\"og:image\" content=\"https:\/\/www.pm.pb.gov.br\/portal\/wp-content\/uploads\/2013\/07\/8332_10894.jpg\" \/>\n\t<meta property=\"og:image:width\" content=\"500\" \/>\n\t<meta property=\"og:image:height\" content=\"333\" \/>\n\t<meta property=\"og:image:type\" content=\"image\/jpeg\" \/>\n<meta name=\"author\" content=\"Assessoria de Imprensa da PMPB\" \/>\n<meta name=\"twitter:card\" content=\"summary_large_image\" \/>\n<meta name=\"twitter:label1\" content=\"Escrito por\" \/>\n\t<meta name=\"twitter:data1\" content=\"Assessoria de Imprensa da PMPB\" \/>\n\t<meta name=\"twitter:label2\" content=\"Est. tempo de leitura\" \/>\n\t<meta name=\"twitter:data2\" content=\"2 minutos\" \/>\n<script type=\"application\/ld+json\" class=\"yoast-schema-graph\">{\"@context\":\"https:\/\/schema.org\",\"@graph\":[{\"@type\":\"Article\",\"@id\":\"https:\/\/www.pm.pb.gov.br\/portal\/2013\/07\/30\/policia_e_juizado_discutem_violencia_domestica_e_familiar\/#article\",\"isPartOf\":{\"@id\":\"https:\/\/www.pm.pb.gov.br\/portal\/2013\/07\/30\/policia_e_juizado_discutem_violencia_domestica_e_familiar\/\"},\"author\":{\"name\":\"Assessoria de Imprensa da PMPB\",\"@id\":\"https:\/\/www.pm.pb.gov.br\/portal\/#\/schema\/person\/e8454f46651c3ecf0e1ba3c1666d9947\"},\"headline\":\"Pol\u00edcia e Juizado discutem viol\u00eancia dom\u00e9stica e familiar\",\"datePublished\":\"2013-07-30T11:07:07+00:00\",\"dateModified\":\"2013-07-30T11:07:07+00:00\",\"mainEntityOfPage\":{\"@id\":\"https:\/\/www.pm.pb.gov.br\/portal\/2013\/07\/30\/policia_e_juizado_discutem_violencia_domestica_e_familiar\/\"},\"wordCount\":341,\"publisher\":{\"@id\":\"https:\/\/www.pm.pb.gov.br\/portal\/#organization\"},\"articleSection\":[\"Orienta\u00e7\u00f5es\"],\"inLanguage\":\"pt-BR\"},{\"@type\":\"WebPage\",\"@id\":\"https:\/\/www.pm.pb.gov.br\/portal\/2013\/07\/30\/policia_e_juizado_discutem_violencia_domestica_e_familiar\/\",\"url\":\"https:\/\/www.pm.pb.gov.br\/portal\/2013\/07\/30\/policia_e_juizado_discutem_violencia_domestica_e_familiar\/\",\"name\":\"Pol\u00edcia e Juizado discutem viol\u00eancia dom\u00e9stica e familiar - Pol\u00edcia Militar da Para\u00edba\",\"isPartOf\":{\"@id\":\"https:\/\/www.pm.pb.gov.br\/portal\/#website\"},\"datePublished\":\"2013-07-30T11:07:07+00:00\",\"dateModified\":\"2013-07-30T11:07:07+00:00\",\"breadcrumb\":{\"@id\":\"https:\/\/www.pm.pb.gov.br\/portal\/2013\/07\/30\/policia_e_juizado_discutem_violencia_domestica_e_familiar\/#breadcrumb\"},\"inLanguage\":\"pt-BR\",\"potentialAction\":[{\"@type\":\"ReadAction\",\"target\":[\"https:\/\/www.pm.pb.gov.br\/portal\/2013\/07\/30\/policia_e_juizado_discutem_violencia_domestica_e_familiar\/\"]}]},{\"@type\":\"BreadcrumbList\",\"@id\":\"https:\/\/www.pm.pb.gov.br\/portal\/2013\/07\/30\/policia_e_juizado_discutem_violencia_domestica_e_familiar\/#breadcrumb\",\"itemListElement\":[{\"@type\":\"ListItem\",\"position\":1,\"name\":\"In\u00edcio\",\"item\":\"https:\/\/www.pm.pb.gov.br\/portal\/\"},{\"@type\":\"ListItem\",\"position\":2,\"name\":\"Pol\u00edcia e Juizado discutem viol\u00eancia dom\u00e9stica e familiar\"}]},{\"@type\":\"WebSite\",\"@id\":\"https:\/\/www.pm.pb.gov.br\/portal\/#website\",\"url\":\"https:\/\/www.pm.pb.gov.br\/portal\/\",\"name\":\"Pol\u00edcia Militar da Para\u00edba\",\"description\":\"\",\"publisher\":{\"@id\":\"https:\/\/www.pm.pb.gov.br\/portal\/#organization\"},\"potentialAction\":[{\"@type\":\"SearchAction\",\"target\":{\"@type\":\"EntryPoint\",\"urlTemplate\":\"https:\/\/www.pm.pb.gov.br\/portal\/?s={search_term_string}\"},\"query-input\":\"required name=search_term_string\"}],\"inLanguage\":\"pt-BR\"},{\"@type\":\"Organization\",\"@id\":\"https:\/\/www.pm.pb.gov.br\/portal\/#organization\",\"name\":\"Pol\u00edcia Militar da Para\u00edba\",\"url\":\"https:\/\/www.pm.pb.gov.br\/portal\/\",\"logo\":{\"@type\":\"ImageObject\",\"inLanguage\":\"pt-BR\",\"@id\":\"https:\/\/www.pm.pb.gov.br\/portal\/#\/schema\/logo\/image\/\",\"url\":\"https:\/\/www.pm.pb.gov.br\/portal\/wp-content\/uploads\/2025\/03\/cropped-logo-site-mag2-1.png\",\"contentUrl\":\"https:\/\/www.pm.pb.gov.br\/portal\/wp-content\/uploads\/2025\/03\/cropped-logo-site-mag2-1.png\",\"width\":320,\"height\":90,\"caption\":\"Pol\u00edcia Militar da Para\u00edba\"},\"image\":{\"@id\":\"https:\/\/www.pm.pb.gov.br\/portal\/#\/schema\/logo\/image\/\"}},{\"@type\":\"Person\",\"@id\":\"https:\/\/www.pm.pb.gov.br\/portal\/#\/schema\/person\/e8454f46651c3ecf0e1ba3c1666d9947\",\"name\":\"Assessoria de Imprensa da PMPB\",\"image\":{\"@type\":\"ImageObject\",\"inLanguage\":\"pt-BR\",\"@id\":\"https:\/\/www.pm.pb.gov.br\/portal\/#\/schema\/person\/image\/\",\"url\":\"https:\/\/secure.gravatar.com\/avatar\/2efe197438265d1e90bd98c4c8e1acf8?s=96&d=mm&r=g\",\"contentUrl\":\"https:\/\/secure.gravatar.com\/avatar\/2efe197438265d1e90bd98c4c8e1acf8?s=96&d=mm&r=g\",\"caption\":\"Assessoria de Imprensa da PMPB\"},\"url\":\"https:\/\/www.pm.pb.gov.br\/portal\/author\/assessoria\/\"}]}<\/script>\n<!-- \/ Yoast SEO plugin. -->","yoast_head_json":{"title":"Pol\u00edcia e Juizado discutem viol\u00eancia dom\u00e9stica e familiar - Pol\u00edcia Militar da Para\u00edba","robots":{"index":"index","follow":"follow","max-snippet":"max-snippet:-1","max-image-preview":"max-image-preview:large","max-video-preview":"max-video-preview:-1"},"canonical":"https:\/\/www.pm.pb.gov.br\/portal\/2013\/07\/30\/policia_e_juizado_discutem_violencia_domestica_e_familiar\/","og_locale":"pt_BR","og_type":"article","og_title":"Pol\u00edcia e Juizado discutem viol\u00eancia dom\u00e9stica e familiar - Pol\u00edcia Militar da Para\u00edba","og_description":"A ju\u00edza titular da Vara da Viol\u00eancia Dom\u00e9stica e Familiar de Jo\u00e3o Pessoa, doutora Rita de C\u00e1ssia Martins, ministra, \u00e0s","og_url":"https:\/\/www.pm.pb.gov.br\/portal\/2013\/07\/30\/policia_e_juizado_discutem_violencia_domestica_e_familiar\/","og_site_name":"Pol\u00edcia Militar da Para\u00edba","article_published_time":"2013-07-30T11:07:07+00:00","og_image":[{"width":500,"height":333,"url":"https:\/\/www.pm.pb.gov.br\/portal\/wp-content\/uploads\/2013\/07\/8332_10894.jpg","type":"image\/jpeg"}],"author":"Assessoria de Imprensa da PMPB","twitter_card":"summary_large_image","twitter_misc":{"Escrito por":"Assessoria de Imprensa da PMPB","Est. tempo de leitura":"2 minutos"},"schema":{"@context":"https:\/\/schema.org","@graph":[{"@type":"Article","@id":"https:\/\/www.pm.pb.gov.br\/portal\/2013\/07\/30\/policia_e_juizado_discutem_violencia_domestica_e_familiar\/#article","isPartOf":{"@id":"https:\/\/www.pm.pb.gov.br\/portal\/2013\/07\/30\/policia_e_juizado_discutem_violencia_domestica_e_familiar\/"},"author":{"name":"Assessoria de Imprensa da PMPB","@id":"https:\/\/www.pm.pb.gov.br\/portal\/#\/schema\/person\/e8454f46651c3ecf0e1ba3c1666d9947"},"headline":"Pol\u00edcia e Juizado discutem viol\u00eancia dom\u00e9stica e familiar","datePublished":"2013-07-30T11:07:07+00:00","dateModified":"2013-07-30T11:07:07+00:00","mainEntityOfPage":{"@id":"https:\/\/www.pm.pb.gov.br\/portal\/2013\/07\/30\/policia_e_juizado_discutem_violencia_domestica_e_familiar\/"},"wordCount":341,"publisher":{"@id":"https:\/\/www.pm.pb.gov.br\/portal\/#organization"},"articleSection":["Orienta\u00e7\u00f5es"],"inLanguage":"pt-BR"},{"@type":"WebPage","@id":"https:\/\/www.pm.pb.gov.br\/portal\/2013\/07\/30\/policia_e_juizado_discutem_violencia_domestica_e_familiar\/","url":"https:\/\/www.pm.pb.gov.br\/portal\/2013\/07\/30\/policia_e_juizado_discutem_violencia_domestica_e_familiar\/","name":"Pol\u00edcia e Juizado discutem viol\u00eancia dom\u00e9stica e familiar - Pol\u00edcia Militar da Para\u00edba","isPartOf":{"@id":"https:\/\/www.pm.pb.gov.br\/portal\/#website"},"datePublished":"2013-07-30T11:07:07+00:00","dateModified":"2013-07-30T11:07:07+00:00","breadcrumb":{"@id":"https:\/\/www.pm.pb.gov.br\/portal\/2013\/07\/30\/policia_e_juizado_discutem_violencia_domestica_e_familiar\/#breadcrumb"},"inLanguage":"pt-BR","potentialAction":[{"@type":"ReadAction","target":["https:\/\/www.pm.pb.gov.br\/portal\/2013\/07\/30\/policia_e_juizado_discutem_violencia_domestica_e_familiar\/"]}]},{"@type":"BreadcrumbList","@id":"https:\/\/www.pm.pb.gov.br\/portal\/2013\/07\/30\/policia_e_juizado_discutem_violencia_domestica_e_familiar\/#breadcrumb","itemListElement":[{"@type":"ListItem","position":1,"name":"In\u00edcio","item":"https:\/\/www.pm.pb.gov.br\/portal\/"},{"@type":"ListItem","position":2,"name":"Pol\u00edcia e Juizado discutem viol\u00eancia dom\u00e9stica e familiar"}]},{"@type":"WebSite","@id":"https:\/\/www.pm.pb.gov.br\/portal\/#website","url":"https:\/\/www.pm.pb.gov.br\/portal\/","name":"Pol\u00edcia Militar da Para\u00edba","description":"","publisher":{"@id":"https:\/\/www.pm.pb.gov.br\/portal\/#organization"},"potentialAction":[{"@type":"SearchAction","target":{"@type":"EntryPoint","urlTemplate":"https:\/\/www.pm.pb.gov.br\/portal\/?s={search_term_string}"},"query-input":"required name=search_term_string"}],"inLanguage":"pt-BR"},{"@type":"Organization","@id":"https:\/\/www.pm.pb.gov.br\/portal\/#organization","name":"Pol\u00edcia Militar da Para\u00edba","url":"https:\/\/www.pm.pb.gov.br\/portal\/","logo":{"@type":"ImageObject","inLanguage":"pt-BR","@id":"https:\/\/www.pm.pb.gov.br\/portal\/#\/schema\/logo\/image\/","url":"https:\/\/www.pm.pb.gov.br\/portal\/wp-content\/uploads\/2025\/03\/cropped-logo-site-mag2-1.png","contentUrl":"https:\/\/www.pm.pb.gov.br\/portal\/wp-content\/uploads\/2025\/03\/cropped-logo-site-mag2-1.png","width":320,"height":90,"caption":"Pol\u00edcia Militar da Para\u00edba"},"image":{"@id":"https:\/\/www.pm.pb.gov.br\/portal\/#\/schema\/logo\/image\/"}},{"@type":"Person","@id":"https:\/\/www.pm.pb.gov.br\/portal\/#\/schema\/person\/e8454f46651c3ecf0e1ba3c1666d9947","name":"Assessoria de Imprensa da PMPB","image":{"@type":"ImageObject","inLanguage":"pt-BR","@id":"https:\/\/www.pm.pb.gov.br\/portal\/#\/schema\/person\/image\/","url":"https:\/\/secure.gravatar.com\/avatar\/2efe197438265d1e90bd98c4c8e1acf8?s=96&d=mm&r=g","contentUrl":"https:\/\/secure.gravatar.com\/avatar\/2efe197438265d1e90bd98c4c8e1acf8?s=96&d=mm&r=g","caption":"Assessoria de Imprensa da PMPB"},"url":"https:\/\/www.pm.pb.gov.br\/portal\/author\/assessoria\/"}]}},"_links":{"self":[{"href":"https:\/\/www.pm.pb.gov.br\/portal\/wp-json\/wp\/v2\/posts\/8332"}],"collection":[{"href":"https:\/\/www.pm.pb.gov.br\/portal\/wp-json\/wp\/v2\/posts"}],"about":[{"href":"https:\/\/www.pm.pb.gov.br\/portal\/wp-json\/wp\/v2\/types\/post"}],"author":[{"embeddable":true,"href":"https:\/\/www.pm.pb.gov.br\/portal\/wp-json\/wp\/v2\/users\/5"}],"replies":[{"embeddable":true,"href":"https:\/\/www.pm.pb.gov.br\/portal\/wp-json\/wp\/v2\/comments?post=8332"}],"version-history":[{"count":0,"href":"https:\/\/www.pm.pb.gov.br\/portal\/wp-json\/wp\/v2\/posts\/8332\/revisions"}],"wp:featuredmedia":[{"embeddable":true,"href":"https:\/\/www.pm.pb.gov.br\/portal\/wp-json\/wp\/v2\/media\/10894"}],"wp:attachment":[{"href":"https:\/\/www.pm.pb.gov.br\/portal\/wp-json\/wp\/v2\/media?parent=8332"}],"wp:term":[{"taxonomy":"category","embeddable":true,"href":"https:\/\/www.pm.pb.gov.br\/portal\/wp-json\/wp\/v2\/categories?post=8332"},{"taxonomy":"post_tag","embeddable":true,"href":"https:\/\/www.pm.pb.gov.br\/portal\/wp-json\/wp\/v2\/tags?post=8332"}],"curies":[{"name":"wp","href":"https:\/\/api.w.org\/{rel}","templated":true}]}}