{"id":8274,"date":"2013-07-16T10:07:40","date_gmt":"2013-07-16T13:07:40","guid":{"rendered":"http:\/\/www.pm.pb.gov.br\/portal\/2013\/07\/comemoracoes_do_policia_solidaria_animam_radio_tabajara\/"},"modified":"2013-07-16T10:07:40","modified_gmt":"2013-07-16T13:07:40","slug":"comemoracoes_do_policia_solidaria_animam_radio_tabajara","status":"publish","type":"post","link":"https:\/\/www.pm.pb.gov.br\/portal\/2013\/07\/16\/comemoracoes_do_policia_solidaria_animam_radio_tabajara\/","title":{"rendered":"Comemora\u00e7\u00f5es do &#8216;Pol\u00edcia Solid\u00e1ria&#8217; animam R\u00e1dio Tabajara"},"content":{"rendered":"<figure style=\"width: 500px\" class=\"wp-caption alignnone\"><img decoding=\"async\" class=\"alignnone size-medium\" src=\"http:\/\/www.pm.pb.gov.br\/portal\/wp-content\/uploads\/2013\/07\/8274_10790.jpg\" title=\"Pol\u00edticos e autoridades militares acompanharam as comemora\u00e7\u00f5es do programa\" width=\"100%\" \/><figcaption class=\"wp-caption-text\">Pol\u00edticos e autoridades militares acompanharam as comemora\u00e7\u00f5es do programa<\/figcaption><\/figure>\n<div style=\"text-align: justify;\">As comemora\u00e7\u00f5es de um ano de cria\u00e7\u00e3o do programa \u0091Pol\u00edcia Solid\u00e1ria\u0092, exibido semanalmente na r\u00e1dio Tabajara AM 1.110, reuniu dezenas de militares e civis envolvidos na atividade de policiamento comunit\u00e1rio; al\u00e9m do vice-governador do Estado, R\u00f4mulo Gouveia.<\/p>\n<p>A celebra\u00e7\u00e3o aconteceu na sede r\u00e1dio, na avenida Pedro II, em Jo\u00e3o Pessoa, e contou com apresenta\u00e7\u00f5es da Banda de M\u00fasica da PM e das crian\u00e7as do projeto \u0091 Uma nota Musical que Salva\u0092 \u0096 desenvolvido em Mandacaru com o apoio da Pol\u00edcia Militar.<\/p>\n<p>Na ocasi\u00e3o, foram homenageadas com medalhas, certificados ou bottons diversos PMs, entre eles o comandante geral, coronel Euller Chaves, o coordenador de Integra\u00e7\u00e3o Comunit\u00e1ria e Direitos Humanos da PMPB, tenente coronel Valterlins Dutra; o comandante do Centro de Educa\u00e7\u00e3o, coronel Salles J\u00fanior, e o comandante da Unidade de Pol\u00edcia Solid\u00e1ria de Mandacaru, capit\u00e3o Ant\u00f4nio de Souza.<\/p>\n<p>Toda a festa foi feita junto com os ouvintes, que acompanharam tudo no ar, durante as duas horas de programa (das 17h \u00e0s 19h). Houve ainda participa\u00e7\u00e3o pelo telefone e pelas redes sociais.<\/p>\n<p>Confira fotos:<\/p>\n<div class=\"row\" align=\"center\"><a href=\"http:\/\/www.pm.pb.gov.br\/exportacao\/fotos_noticias\/8274_10791.jpg\"><figure style=\"width: 500px\" class=\"wp-caption alignnone\"><img decoding=\"async\" class=\"image-responsive\" src=\"http:\/\/www.pm.pb.gov.br\/exportacao\/fotos_noticias\/8274_10791.jpg\" title=\"Coronel Sobreira, um dos fundadores do programa, fez uma participa\u00e7\u00e3o especial\" width=\"100%\" \/><figcaption class=\"wp-caption-text\">Coronel Sobreira, um dos fundadores do programa, fez uma participa\u00e7\u00e3o especial<\/figcaption><\/figure><\/a><a href=\"http:\/\/www.pm.pb.gov.br\/exportacao\/fotos_noticias\/8274_10792.jpg\"><figure style=\"width: 500px\" class=\"wp-caption alignnone\"><img decoding=\"async\" class=\"image-responsive\" src=\"http:\/\/www.pm.pb.gov.br\/exportacao\/fotos_noticias\/8274_10792.jpg\" title=\"Comandante geral recebeu medalha das m\u00e3os do major L\u00facio\" width=\"100%\" \/><figcaption class=\"wp-caption-text\">Comandante geral recebeu medalha das m\u00e3os do major L\u00facio<\/figcaption><\/figure><\/a><a href=\"http:\/\/www.pm.pb.gov.br\/exportacao\/fotos_noticias\/8274_10793.jpg\"><figure style=\"width: 500px\" class=\"wp-caption alignnone\"><img decoding=\"async\" class=\"image-responsive\" src=\"http:\/\/www.pm.pb.gov.br\/exportacao\/fotos_noticias\/8274_10793.jpg\" title=\"Banda da PM animou evento\" width=\"100%\" \/><figcaption class=\"wp-caption-text\">Banda da PM animou evento<\/figcaption><\/figure><\/a><a href=\"http:\/\/www.pm.pb.gov.br\/exportacao\/fotos_noticias\/8274_10794.jpg\"><figure style=\"width: 500px\" class=\"wp-caption alignnone\"><img decoding=\"async\" class=\"image-responsive\" src=\"http:\/\/www.pm.pb.gov.br\/exportacao\/fotos_noticias\/8274_10794.jpg\" title=\" 'Uma nota musical que salva'  fez apresenta\u00e7\u00f5es\" width=\"100%\" \/><figcaption class=\"wp-caption-text\">&#8216;Uma nota musical que salva&#8217;  fez apresenta\u00e7\u00f5es<\/figcaption><\/figure><\/a><a href=\"http:\/\/www.pm.pb.gov.br\/portal\/wp-content\/uploads\/2013\/07\/8274_10795.jpg\"><figure style=\"width: 500px\" class=\"wp-caption alignnone\"><img decoding=\"async\" class=\"image-responsive\" src=\"http:\/\/www.pm.pb.gov.br\/portal\/wp-content\/uploads\/2013\/07\/8274_10795.jpg\" title=\"O regente da Banda da PM, capit\u00e3o Edson, tamb\u00e9m foi homenageado\" width=\"100%\" \/><figcaption class=\"wp-caption-text\">O regente da Banda da PM, capit\u00e3o Edson, tamb\u00e9m foi homenageado<\/figcaption><\/figure><\/a><\/div>\n<\/div>\n","protected":false},"excerpt":{"rendered":"<p>As comemora\u00e7\u00f5es de um ano de cria\u00e7\u00e3o do programa \u0091Pol\u00edcia Solid\u00e1ria\u0092, exibido semanalmente na r\u00e1dio Tabajara AM 1.110, reuniu dezenas<\/p>\n","protected":false},"author":5,"featured_media":10790,"comment_status":"closed","ping_status":"closed","sticky":false,"template":"","format":"standard","meta":{"_exactmetrics_skip_tracking":false,"_exactmetrics_sitenote_active":false,"_exactmetrics_sitenote_note":"","_exactmetrics_sitenote_category":0,"footnotes":""},"categories":[4],"tags":[],"yoast_head":"<!-- This site is optimized with the Yoast SEO plugin v22.0 - https:\/\/yoast.com\/wordpress\/plugins\/seo\/ -->\n<title>Comemora\u00e7\u00f5es do &#039;Pol\u00edcia Solid\u00e1ria&#039; animam R\u00e1dio Tabajara - Pol\u00edcia Militar da Para\u00edba<\/title>\n<meta name=\"robots\" content=\"index, follow, max-snippet:-1, max-image-preview:large, max-video-preview:-1\" \/>\n<link rel=\"canonical\" href=\"https:\/\/www.pm.pb.gov.br\/portal\/2013\/07\/16\/comemoracoes_do_policia_solidaria_animam_radio_tabajara\/\" \/>\n<meta property=\"og:locale\" content=\"pt_BR\" \/>\n<meta property=\"og:type\" content=\"article\" \/>\n<meta property=\"og:title\" content=\"Comemora\u00e7\u00f5es do &#039;Pol\u00edcia Solid\u00e1ria&#039; animam R\u00e1dio Tabajara - Pol\u00edcia Militar da Para\u00edba\" \/>\n<meta property=\"og:description\" content=\"As comemora\u00e7\u00f5es de um ano de cria\u00e7\u00e3o do programa \u0091Pol\u00edcia Solid\u00e1ria\u0092, exibido semanalmente na r\u00e1dio Tabajara AM 1.110, reuniu dezenas\" \/>\n<meta property=\"og:url\" content=\"https:\/\/www.pm.pb.gov.br\/portal\/2013\/07\/16\/comemoracoes_do_policia_solidaria_animam_radio_tabajara\/\" \/>\n<meta property=\"og:site_name\" content=\"Pol\u00edcia Militar da Para\u00edba\" \/>\n<meta property=\"article:published_time\" content=\"2013-07-16T13:07:40+00:00\" \/>\n<meta property=\"og:image\" content=\"https:\/\/www.pm.pb.gov.br\/portal\/wp-content\/uploads\/2013\/07\/8274_10790.jpg\" \/>\n\t<meta property=\"og:image:width\" content=\"500\" \/>\n\t<meta property=\"og:image:height\" content=\"332\" \/>\n\t<meta property=\"og:image:type\" content=\"image\/jpeg\" \/>\n<meta name=\"author\" content=\"Assessoria de Imprensa da PMPB\" \/>\n<meta name=\"twitter:card\" content=\"summary_large_image\" \/>\n<meta name=\"twitter:label1\" content=\"Escrito por\" \/>\n\t<meta name=\"twitter:data1\" content=\"Assessoria de Imprensa da PMPB\" \/>\n\t<meta name=\"twitter:label2\" content=\"Est. tempo de leitura\" \/>\n\t<meta name=\"twitter:data2\" content=\"1 minuto\" \/>\n<script type=\"application\/ld+json\" class=\"yoast-schema-graph\">{\"@context\":\"https:\/\/schema.org\",\"@graph\":[{\"@type\":\"Article\",\"@id\":\"https:\/\/www.pm.pb.gov.br\/portal\/2013\/07\/16\/comemoracoes_do_policia_solidaria_animam_radio_tabajara\/#article\",\"isPartOf\":{\"@id\":\"https:\/\/www.pm.pb.gov.br\/portal\/2013\/07\/16\/comemoracoes_do_policia_solidaria_animam_radio_tabajara\/\"},\"author\":{\"name\":\"Assessoria de Imprensa da PMPB\",\"@id\":\"https:\/\/www.pm.pb.gov.br\/portal\/#\/schema\/person\/e8454f46651c3ecf0e1ba3c1666d9947\"},\"headline\":\"Comemora\u00e7\u00f5es do &#8216;Pol\u00edcia Solid\u00e1ria&#8217; animam R\u00e1dio Tabajara\",\"datePublished\":\"2013-07-16T13:07:40+00:00\",\"dateModified\":\"2013-07-16T13:07:40+00:00\",\"mainEntityOfPage\":{\"@id\":\"https:\/\/www.pm.pb.gov.br\/portal\/2013\/07\/16\/comemoracoes_do_policia_solidaria_animam_radio_tabajara\/\"},\"wordCount\":301,\"publisher\":{\"@id\":\"https:\/\/www.pm.pb.gov.br\/portal\/#organization\"},\"articleSection\":[\"A\u00e7\u00f5es Policiais\"],\"inLanguage\":\"pt-BR\"},{\"@type\":\"WebPage\",\"@id\":\"https:\/\/www.pm.pb.gov.br\/portal\/2013\/07\/16\/comemoracoes_do_policia_solidaria_animam_radio_tabajara\/\",\"url\":\"https:\/\/www.pm.pb.gov.br\/portal\/2013\/07\/16\/comemoracoes_do_policia_solidaria_animam_radio_tabajara\/\",\"name\":\"Comemora\u00e7\u00f5es do 'Pol\u00edcia Solid\u00e1ria' animam R\u00e1dio Tabajara - Pol\u00edcia Militar da Para\u00edba\",\"isPartOf\":{\"@id\":\"https:\/\/www.pm.pb.gov.br\/portal\/#website\"},\"datePublished\":\"2013-07-16T13:07:40+00:00\",\"dateModified\":\"2013-07-16T13:07:40+00:00\",\"breadcrumb\":{\"@id\":\"https:\/\/www.pm.pb.gov.br\/portal\/2013\/07\/16\/comemoracoes_do_policia_solidaria_animam_radio_tabajara\/#breadcrumb\"},\"inLanguage\":\"pt-BR\",\"potentialAction\":[{\"@type\":\"ReadAction\",\"target\":[\"https:\/\/www.pm.pb.gov.br\/portal\/2013\/07\/16\/comemoracoes_do_policia_solidaria_animam_radio_tabajara\/\"]}]},{\"@type\":\"BreadcrumbList\",\"@id\":\"https:\/\/www.pm.pb.gov.br\/portal\/2013\/07\/16\/comemoracoes_do_policia_solidaria_animam_radio_tabajara\/#breadcrumb\",\"itemListElement\":[{\"@type\":\"ListItem\",\"position\":1,\"name\":\"In\u00edcio\",\"item\":\"https:\/\/www.pm.pb.gov.br\/portal\/\"},{\"@type\":\"ListItem\",\"position\":2,\"name\":\"Comemora\u00e7\u00f5es do &#8216;Pol\u00edcia Solid\u00e1ria&#8217; animam R\u00e1dio Tabajara\"}]},{\"@type\":\"WebSite\",\"@id\":\"https:\/\/www.pm.pb.gov.br\/portal\/#website\",\"url\":\"https:\/\/www.pm.pb.gov.br\/portal\/\",\"name\":\"Pol\u00edcia Militar da Para\u00edba\",\"description\":\"\",\"publisher\":{\"@id\":\"https:\/\/www.pm.pb.gov.br\/portal\/#organization\"},\"potentialAction\":[{\"@type\":\"SearchAction\",\"target\":{\"@type\":\"EntryPoint\",\"urlTemplate\":\"https:\/\/www.pm.pb.gov.br\/portal\/?s={search_term_string}\"},\"query-input\":\"required name=search_term_string\"}],\"inLanguage\":\"pt-BR\"},{\"@type\":\"Organization\",\"@id\":\"https:\/\/www.pm.pb.gov.br\/portal\/#organization\",\"name\":\"Pol\u00edcia Militar da Para\u00edba\",\"url\":\"https:\/\/www.pm.pb.gov.br\/portal\/\",\"logo\":{\"@type\":\"ImageObject\",\"inLanguage\":\"pt-BR\",\"@id\":\"https:\/\/www.pm.pb.gov.br\/portal\/#\/schema\/logo\/image\/\",\"url\":\"https:\/\/www.pm.pb.gov.br\/portal\/wp-content\/uploads\/2025\/03\/cropped-logo-site-mag2-1.png\",\"contentUrl\":\"https:\/\/www.pm.pb.gov.br\/portal\/wp-content\/uploads\/2025\/03\/cropped-logo-site-mag2-1.png\",\"width\":320,\"height\":90,\"caption\":\"Pol\u00edcia Militar da Para\u00edba\"},\"image\":{\"@id\":\"https:\/\/www.pm.pb.gov.br\/portal\/#\/schema\/logo\/image\/\"}},{\"@type\":\"Person\",\"@id\":\"https:\/\/www.pm.pb.gov.br\/portal\/#\/schema\/person\/e8454f46651c3ecf0e1ba3c1666d9947\",\"name\":\"Assessoria de Imprensa da PMPB\",\"image\":{\"@type\":\"ImageObject\",\"inLanguage\":\"pt-BR\",\"@id\":\"https:\/\/www.pm.pb.gov.br\/portal\/#\/schema\/person\/image\/\",\"url\":\"https:\/\/secure.gravatar.com\/avatar\/2efe197438265d1e90bd98c4c8e1acf8?s=96&d=mm&r=g\",\"contentUrl\":\"https:\/\/secure.gravatar.com\/avatar\/2efe197438265d1e90bd98c4c8e1acf8?s=96&d=mm&r=g\",\"caption\":\"Assessoria de Imprensa da PMPB\"},\"url\":\"https:\/\/www.pm.pb.gov.br\/portal\/author\/assessoria\/\"}]}<\/script>\n<!-- \/ Yoast SEO plugin. -->","yoast_head_json":{"title":"Comemora\u00e7\u00f5es do 'Pol\u00edcia Solid\u00e1ria' animam R\u00e1dio Tabajara - Pol\u00edcia Militar da Para\u00edba","robots":{"index":"index","follow":"follow","max-snippet":"max-snippet:-1","max-image-preview":"max-image-preview:large","max-video-preview":"max-video-preview:-1"},"canonical":"https:\/\/www.pm.pb.gov.br\/portal\/2013\/07\/16\/comemoracoes_do_policia_solidaria_animam_radio_tabajara\/","og_locale":"pt_BR","og_type":"article","og_title":"Comemora\u00e7\u00f5es do 'Pol\u00edcia Solid\u00e1ria' animam R\u00e1dio Tabajara - Pol\u00edcia Militar da Para\u00edba","og_description":"As comemora\u00e7\u00f5es de um ano de cria\u00e7\u00e3o do programa \u0091Pol\u00edcia Solid\u00e1ria\u0092, exibido semanalmente na r\u00e1dio Tabajara AM 1.110, reuniu dezenas","og_url":"https:\/\/www.pm.pb.gov.br\/portal\/2013\/07\/16\/comemoracoes_do_policia_solidaria_animam_radio_tabajara\/","og_site_name":"Pol\u00edcia Militar da Para\u00edba","article_published_time":"2013-07-16T13:07:40+00:00","og_image":[{"width":500,"height":332,"url":"https:\/\/www.pm.pb.gov.br\/portal\/wp-content\/uploads\/2013\/07\/8274_10790.jpg","type":"image\/jpeg"}],"author":"Assessoria de Imprensa da PMPB","twitter_card":"summary_large_image","twitter_misc":{"Escrito por":"Assessoria de Imprensa da PMPB","Est. tempo de leitura":"1 minuto"},"schema":{"@context":"https:\/\/schema.org","@graph":[{"@type":"Article","@id":"https:\/\/www.pm.pb.gov.br\/portal\/2013\/07\/16\/comemoracoes_do_policia_solidaria_animam_radio_tabajara\/#article","isPartOf":{"@id":"https:\/\/www.pm.pb.gov.br\/portal\/2013\/07\/16\/comemoracoes_do_policia_solidaria_animam_radio_tabajara\/"},"author":{"name":"Assessoria de Imprensa da PMPB","@id":"https:\/\/www.pm.pb.gov.br\/portal\/#\/schema\/person\/e8454f46651c3ecf0e1ba3c1666d9947"},"headline":"Comemora\u00e7\u00f5es do &#8216;Pol\u00edcia Solid\u00e1ria&#8217; animam R\u00e1dio Tabajara","datePublished":"2013-07-16T13:07:40+00:00","dateModified":"2013-07-16T13:07:40+00:00","mainEntityOfPage":{"@id":"https:\/\/www.pm.pb.gov.br\/portal\/2013\/07\/16\/comemoracoes_do_policia_solidaria_animam_radio_tabajara\/"},"wordCount":301,"publisher":{"@id":"https:\/\/www.pm.pb.gov.br\/portal\/#organization"},"articleSection":["A\u00e7\u00f5es Policiais"],"inLanguage":"pt-BR"},{"@type":"WebPage","@id":"https:\/\/www.pm.pb.gov.br\/portal\/2013\/07\/16\/comemoracoes_do_policia_solidaria_animam_radio_tabajara\/","url":"https:\/\/www.pm.pb.gov.br\/portal\/2013\/07\/16\/comemoracoes_do_policia_solidaria_animam_radio_tabajara\/","name":"Comemora\u00e7\u00f5es do 'Pol\u00edcia Solid\u00e1ria' animam R\u00e1dio Tabajara - Pol\u00edcia Militar da Para\u00edba","isPartOf":{"@id":"https:\/\/www.pm.pb.gov.br\/portal\/#website"},"datePublished":"2013-07-16T13:07:40+00:00","dateModified":"2013-07-16T13:07:40+00:00","breadcrumb":{"@id":"https:\/\/www.pm.pb.gov.br\/portal\/2013\/07\/16\/comemoracoes_do_policia_solidaria_animam_radio_tabajara\/#breadcrumb"},"inLanguage":"pt-BR","potentialAction":[{"@type":"ReadAction","target":["https:\/\/www.pm.pb.gov.br\/portal\/2013\/07\/16\/comemoracoes_do_policia_solidaria_animam_radio_tabajara\/"]}]},{"@type":"BreadcrumbList","@id":"https:\/\/www.pm.pb.gov.br\/portal\/2013\/07\/16\/comemoracoes_do_policia_solidaria_animam_radio_tabajara\/#breadcrumb","itemListElement":[{"@type":"ListItem","position":1,"name":"In\u00edcio","item":"https:\/\/www.pm.pb.gov.br\/portal\/"},{"@type":"ListItem","position":2,"name":"Comemora\u00e7\u00f5es do &#8216;Pol\u00edcia Solid\u00e1ria&#8217; animam R\u00e1dio Tabajara"}]},{"@type":"WebSite","@id":"https:\/\/www.pm.pb.gov.br\/portal\/#website","url":"https:\/\/www.pm.pb.gov.br\/portal\/","name":"Pol\u00edcia Militar da Para\u00edba","description":"","publisher":{"@id":"https:\/\/www.pm.pb.gov.br\/portal\/#organization"},"potentialAction":[{"@type":"SearchAction","target":{"@type":"EntryPoint","urlTemplate":"https:\/\/www.pm.pb.gov.br\/portal\/?s={search_term_string}"},"query-input":"required name=search_term_string"}],"inLanguage":"pt-BR"},{"@type":"Organization","@id":"https:\/\/www.pm.pb.gov.br\/portal\/#organization","name":"Pol\u00edcia Militar da Para\u00edba","url":"https:\/\/www.pm.pb.gov.br\/portal\/","logo":{"@type":"ImageObject","inLanguage":"pt-BR","@id":"https:\/\/www.pm.pb.gov.br\/portal\/#\/schema\/logo\/image\/","url":"https:\/\/www.pm.pb.gov.br\/portal\/wp-content\/uploads\/2025\/03\/cropped-logo-site-mag2-1.png","contentUrl":"https:\/\/www.pm.pb.gov.br\/portal\/wp-content\/uploads\/2025\/03\/cropped-logo-site-mag2-1.png","width":320,"height":90,"caption":"Pol\u00edcia Militar da Para\u00edba"},"image":{"@id":"https:\/\/www.pm.pb.gov.br\/portal\/#\/schema\/logo\/image\/"}},{"@type":"Person","@id":"https:\/\/www.pm.pb.gov.br\/portal\/#\/schema\/person\/e8454f46651c3ecf0e1ba3c1666d9947","name":"Assessoria de Imprensa da PMPB","image":{"@type":"ImageObject","inLanguage":"pt-BR","@id":"https:\/\/www.pm.pb.gov.br\/portal\/#\/schema\/person\/image\/","url":"https:\/\/secure.gravatar.com\/avatar\/2efe197438265d1e90bd98c4c8e1acf8?s=96&d=mm&r=g","contentUrl":"https:\/\/secure.gravatar.com\/avatar\/2efe197438265d1e90bd98c4c8e1acf8?s=96&d=mm&r=g","caption":"Assessoria de Imprensa da PMPB"},"url":"https:\/\/www.pm.pb.gov.br\/portal\/author\/assessoria\/"}]}},"_links":{"self":[{"href":"https:\/\/www.pm.pb.gov.br\/portal\/wp-json\/wp\/v2\/posts\/8274"}],"collection":[{"href":"https:\/\/www.pm.pb.gov.br\/portal\/wp-json\/wp\/v2\/posts"}],"about":[{"href":"https:\/\/www.pm.pb.gov.br\/portal\/wp-json\/wp\/v2\/types\/post"}],"author":[{"embeddable":true,"href":"https:\/\/www.pm.pb.gov.br\/portal\/wp-json\/wp\/v2\/users\/5"}],"replies":[{"embeddable":true,"href":"https:\/\/www.pm.pb.gov.br\/portal\/wp-json\/wp\/v2\/comments?post=8274"}],"version-history":[{"count":0,"href":"https:\/\/www.pm.pb.gov.br\/portal\/wp-json\/wp\/v2\/posts\/8274\/revisions"}],"wp:featuredmedia":[{"embeddable":true,"href":"https:\/\/www.pm.pb.gov.br\/portal\/wp-json\/wp\/v2\/media\/10790"}],"wp:attachment":[{"href":"https:\/\/www.pm.pb.gov.br\/portal\/wp-json\/wp\/v2\/media?parent=8274"}],"wp:term":[{"taxonomy":"category","embeddable":true,"href":"https:\/\/www.pm.pb.gov.br\/portal\/wp-json\/wp\/v2\/categories?post=8274"},{"taxonomy":"post_tag","embeddable":true,"href":"https:\/\/www.pm.pb.gov.br\/portal\/wp-json\/wp\/v2\/tags?post=8274"}],"curies":[{"name":"wp","href":"https:\/\/api.w.org\/{rel}","templated":true}]}}