{"id":8245,"date":"2013-07-08T10:07:48","date_gmt":"2013-07-08T13:07:48","guid":{"rendered":"http:\/\/www.pm.pb.gov.br\/portal\/2013\/07\/assaltantes_de_postos_de_combustivel_sao_presos_no_sertao\/"},"modified":"2013-07-08T10:07:48","modified_gmt":"2013-07-08T13:07:48","slug":"assaltantes_de_postos_de_combustivel_sao_presos_no_sertao","status":"publish","type":"post","link":"https:\/\/www.pm.pb.gov.br\/portal\/2013\/07\/08\/assaltantes_de_postos_de_combustivel_sao_presos_no_sertao\/","title":{"rendered":"Assaltantes de postos de combust\u00edvel s\u00e3o presos no Sert\u00e3o"},"content":{"rendered":"<figure style=\"width: 500px\" class=\"wp-caption alignnone\"><img decoding=\"async\" class=\"alignnone size-medium\" src=\"http:\/\/www.pm.pb.gov.br\/portal\/wp-content\/uploads\/2013\/07\/8245_10731.jpg\" title=\"Com a dupla, a pol\u00edcia apreendeu uma arma e o dinheiro roubado do posto\" width=\"100%\" \/><figcaption class=\"wp-caption-text\">Com a dupla, a pol\u00edcia apreendeu uma arma e o dinheiro roubado do posto<\/figcaption><\/figure>\n<div style=\"text-align: justify;\">Uma dupla que assaltou um posto de combust\u00edvel, neste fim de semana, na cidade de Aparecida, Sert\u00e3o paraibano, foi presa em flagrante por policiais militares do 14\u00ba Batalh\u00e3o (14\u00ba BPM). Ant\u00f4nio Alves da Silva Neto, 21 anos, e um adolescente de 17 anos foram localizados na zona rural do munic\u00edpio em quest\u00e3o.<\/p>\n<p>Com a dupla, que foi reconhecida pelos funcion\u00e1rios do estabelecimento como respons\u00e1veis pelo assalto, a OM apreendeu um rev\u00f3lver calibre 38, uma motocicleta Honda FAN e R$ 381 em esp\u00e9cie. Os suspeitos foram conduzidos para a delegacia de Sousa.<\/p>\n<p>Litoral Norte<\/p>\n<p>A Pol\u00edcia Militar apreendeu mais duas armas de fogo no Litoral Norte do Estado, desta vez na cidade de Capim. Conforme as informa\u00e7\u00f5es do Centro Integrado de Opera\u00e7\u00f5es Policiais (Ciop), a pol\u00edcia foi acionada ap\u00f3s den\u00fancias dando conta que dois homens armados estariam amedrontando populares em frente a um bar da cidade.<\/p>\n<p>Quando a guarni\u00e7\u00e3o chegou ao local, a dupla empreendeu fuga. Foi iniciada uma persegui\u00e7\u00e3o e a pol\u00edcia apreendeu uma bolsa, provavelmente abandonada pelos suspeitos, contendo duas armas de fogo \u0096 sendo um rev\u00f3lver da marca Taurus e outro da marca Rossi. Ambos estavam municiados.  At\u00e9 a manha desta segunda (08), a dupla continuava foragida.<\/p>\n<div class=\"row\" align=\"center\"><a href=\"http:\/\/www.pm.pb.gov.br\/portal\/wp-content\/uploads\/2013\/07\/8245_10732.jpg\"><figure style=\"width: 500px\" class=\"wp-caption alignnone\"><img decoding=\"async\" class=\"image-responsive\" src=\"http:\/\/www.pm.pb.gov.br\/portal\/wp-content\/uploads\/2013\/07\/8245_10732.jpg\" title=\"Nas duas ocorr\u00eancias, foram apreendidas muni\u00e7\u00f5es\" width=\"100%\" \/><figcaption class=\"wp-caption-text\">Nas duas ocorr\u00eancias, foram apreendidas muni\u00e7\u00f5es<\/figcaption><\/figure><\/a><\/div>\n<\/div>\n","protected":false},"excerpt":{"rendered":"<p>Uma dupla que assaltou um posto de combust\u00edvel, neste fim de semana, na cidade de Aparecida, Sert\u00e3o paraibano, foi presa<\/p>\n","protected":false},"author":5,"featured_media":10731,"comment_status":"closed","ping_status":"closed","sticky":false,"template":"","format":"standard","meta":{"_exactmetrics_skip_tracking":false,"_exactmetrics_sitenote_active":false,"_exactmetrics_sitenote_note":"","_exactmetrics_sitenote_category":0,"footnotes":""},"categories":[4],"tags":[],"yoast_head":"<!-- This site is optimized with the Yoast SEO plugin v22.0 - https:\/\/yoast.com\/wordpress\/plugins\/seo\/ -->\n<title>Assaltantes de postos de combust\u00edvel s\u00e3o presos no Sert\u00e3o - Pol\u00edcia Militar da Para\u00edba<\/title>\n<meta name=\"robots\" content=\"index, follow, max-snippet:-1, max-image-preview:large, max-video-preview:-1\" \/>\n<link rel=\"canonical\" href=\"https:\/\/www.pm.pb.gov.br\/portal\/2013\/07\/08\/assaltantes_de_postos_de_combustivel_sao_presos_no_sertao\/\" \/>\n<meta property=\"og:locale\" content=\"pt_BR\" \/>\n<meta property=\"og:type\" content=\"article\" \/>\n<meta property=\"og:title\" content=\"Assaltantes de postos de combust\u00edvel s\u00e3o presos no Sert\u00e3o - Pol\u00edcia Militar da Para\u00edba\" \/>\n<meta property=\"og:description\" content=\"Uma dupla que assaltou um posto de combust\u00edvel, neste fim de semana, na cidade de Aparecida, Sert\u00e3o paraibano, foi presa\" \/>\n<meta property=\"og:url\" content=\"https:\/\/www.pm.pb.gov.br\/portal\/2013\/07\/08\/assaltantes_de_postos_de_combustivel_sao_presos_no_sertao\/\" \/>\n<meta property=\"og:site_name\" content=\"Pol\u00edcia Militar da Para\u00edba\" \/>\n<meta property=\"article:published_time\" content=\"2013-07-08T13:07:48+00:00\" \/>\n<meta property=\"og:image\" content=\"https:\/\/www.pm.pb.gov.br\/portal\/wp-content\/uploads\/2013\/07\/8245_10731.jpg\" \/>\n\t<meta property=\"og:image:width\" content=\"500\" \/>\n\t<meta property=\"og:image:height\" content=\"331\" \/>\n\t<meta property=\"og:image:type\" content=\"image\/jpeg\" \/>\n<meta name=\"author\" content=\"Assessoria de Imprensa da PMPB\" \/>\n<meta name=\"twitter:card\" content=\"summary_large_image\" \/>\n<meta name=\"twitter:label1\" content=\"Escrito por\" \/>\n\t<meta name=\"twitter:data1\" content=\"Assessoria de Imprensa da PMPB\" \/>\n\t<meta name=\"twitter:label2\" content=\"Est. tempo de leitura\" \/>\n\t<meta name=\"twitter:data2\" content=\"1 minuto\" \/>\n<script type=\"application\/ld+json\" class=\"yoast-schema-graph\">{\"@context\":\"https:\/\/schema.org\",\"@graph\":[{\"@type\":\"Article\",\"@id\":\"https:\/\/www.pm.pb.gov.br\/portal\/2013\/07\/08\/assaltantes_de_postos_de_combustivel_sao_presos_no_sertao\/#article\",\"isPartOf\":{\"@id\":\"https:\/\/www.pm.pb.gov.br\/portal\/2013\/07\/08\/assaltantes_de_postos_de_combustivel_sao_presos_no_sertao\/\"},\"author\":{\"name\":\"Assessoria de Imprensa da PMPB\",\"@id\":\"https:\/\/www.pm.pb.gov.br\/portal\/#\/schema\/person\/e8454f46651c3ecf0e1ba3c1666d9947\"},\"headline\":\"Assaltantes de postos de combust\u00edvel s\u00e3o presos no Sert\u00e3o\",\"datePublished\":\"2013-07-08T13:07:48+00:00\",\"dateModified\":\"2013-07-08T13:07:48+00:00\",\"mainEntityOfPage\":{\"@id\":\"https:\/\/www.pm.pb.gov.br\/portal\/2013\/07\/08\/assaltantes_de_postos_de_combustivel_sao_presos_no_sertao\/\"},\"wordCount\":258,\"publisher\":{\"@id\":\"https:\/\/www.pm.pb.gov.br\/portal\/#organization\"},\"articleSection\":[\"A\u00e7\u00f5es Policiais\"],\"inLanguage\":\"pt-BR\"},{\"@type\":\"WebPage\",\"@id\":\"https:\/\/www.pm.pb.gov.br\/portal\/2013\/07\/08\/assaltantes_de_postos_de_combustivel_sao_presos_no_sertao\/\",\"url\":\"https:\/\/www.pm.pb.gov.br\/portal\/2013\/07\/08\/assaltantes_de_postos_de_combustivel_sao_presos_no_sertao\/\",\"name\":\"Assaltantes de postos de combust\u00edvel s\u00e3o presos no Sert\u00e3o - Pol\u00edcia Militar da Para\u00edba\",\"isPartOf\":{\"@id\":\"https:\/\/www.pm.pb.gov.br\/portal\/#website\"},\"datePublished\":\"2013-07-08T13:07:48+00:00\",\"dateModified\":\"2013-07-08T13:07:48+00:00\",\"breadcrumb\":{\"@id\":\"https:\/\/www.pm.pb.gov.br\/portal\/2013\/07\/08\/assaltantes_de_postos_de_combustivel_sao_presos_no_sertao\/#breadcrumb\"},\"inLanguage\":\"pt-BR\",\"potentialAction\":[{\"@type\":\"ReadAction\",\"target\":[\"https:\/\/www.pm.pb.gov.br\/portal\/2013\/07\/08\/assaltantes_de_postos_de_combustivel_sao_presos_no_sertao\/\"]}]},{\"@type\":\"BreadcrumbList\",\"@id\":\"https:\/\/www.pm.pb.gov.br\/portal\/2013\/07\/08\/assaltantes_de_postos_de_combustivel_sao_presos_no_sertao\/#breadcrumb\",\"itemListElement\":[{\"@type\":\"ListItem\",\"position\":1,\"name\":\"In\u00edcio\",\"item\":\"https:\/\/www.pm.pb.gov.br\/portal\/\"},{\"@type\":\"ListItem\",\"position\":2,\"name\":\"Assaltantes de postos de combust\u00edvel s\u00e3o presos no Sert\u00e3o\"}]},{\"@type\":\"WebSite\",\"@id\":\"https:\/\/www.pm.pb.gov.br\/portal\/#website\",\"url\":\"https:\/\/www.pm.pb.gov.br\/portal\/\",\"name\":\"Pol\u00edcia Militar da Para\u00edba\",\"description\":\"\",\"publisher\":{\"@id\":\"https:\/\/www.pm.pb.gov.br\/portal\/#organization\"},\"potentialAction\":[{\"@type\":\"SearchAction\",\"target\":{\"@type\":\"EntryPoint\",\"urlTemplate\":\"https:\/\/www.pm.pb.gov.br\/portal\/?s={search_term_string}\"},\"query-input\":\"required name=search_term_string\"}],\"inLanguage\":\"pt-BR\"},{\"@type\":\"Organization\",\"@id\":\"https:\/\/www.pm.pb.gov.br\/portal\/#organization\",\"name\":\"Pol\u00edcia Militar da Para\u00edba\",\"url\":\"https:\/\/www.pm.pb.gov.br\/portal\/\",\"logo\":{\"@type\":\"ImageObject\",\"inLanguage\":\"pt-BR\",\"@id\":\"https:\/\/www.pm.pb.gov.br\/portal\/#\/schema\/logo\/image\/\",\"url\":\"https:\/\/www.pm.pb.gov.br\/portal\/wp-content\/uploads\/2025\/03\/cropped-logo-site-mag2-1.png\",\"contentUrl\":\"https:\/\/www.pm.pb.gov.br\/portal\/wp-content\/uploads\/2025\/03\/cropped-logo-site-mag2-1.png\",\"width\":320,\"height\":90,\"caption\":\"Pol\u00edcia Militar da Para\u00edba\"},\"image\":{\"@id\":\"https:\/\/www.pm.pb.gov.br\/portal\/#\/schema\/logo\/image\/\"}},{\"@type\":\"Person\",\"@id\":\"https:\/\/www.pm.pb.gov.br\/portal\/#\/schema\/person\/e8454f46651c3ecf0e1ba3c1666d9947\",\"name\":\"Assessoria de Imprensa da PMPB\",\"image\":{\"@type\":\"ImageObject\",\"inLanguage\":\"pt-BR\",\"@id\":\"https:\/\/www.pm.pb.gov.br\/portal\/#\/schema\/person\/image\/\",\"url\":\"https:\/\/secure.gravatar.com\/avatar\/2efe197438265d1e90bd98c4c8e1acf8?s=96&d=mm&r=g\",\"contentUrl\":\"https:\/\/secure.gravatar.com\/avatar\/2efe197438265d1e90bd98c4c8e1acf8?s=96&d=mm&r=g\",\"caption\":\"Assessoria de Imprensa da PMPB\"},\"url\":\"https:\/\/www.pm.pb.gov.br\/portal\/author\/assessoria\/\"}]}<\/script>\n<!-- \/ Yoast SEO plugin. -->","yoast_head_json":{"title":"Assaltantes de postos de combust\u00edvel s\u00e3o presos no Sert\u00e3o - Pol\u00edcia Militar da Para\u00edba","robots":{"index":"index","follow":"follow","max-snippet":"max-snippet:-1","max-image-preview":"max-image-preview:large","max-video-preview":"max-video-preview:-1"},"canonical":"https:\/\/www.pm.pb.gov.br\/portal\/2013\/07\/08\/assaltantes_de_postos_de_combustivel_sao_presos_no_sertao\/","og_locale":"pt_BR","og_type":"article","og_title":"Assaltantes de postos de combust\u00edvel s\u00e3o presos no Sert\u00e3o - Pol\u00edcia Militar da Para\u00edba","og_description":"Uma dupla que assaltou um posto de combust\u00edvel, neste fim de semana, na cidade de Aparecida, Sert\u00e3o paraibano, foi presa","og_url":"https:\/\/www.pm.pb.gov.br\/portal\/2013\/07\/08\/assaltantes_de_postos_de_combustivel_sao_presos_no_sertao\/","og_site_name":"Pol\u00edcia Militar da Para\u00edba","article_published_time":"2013-07-08T13:07:48+00:00","og_image":[{"width":500,"height":331,"url":"https:\/\/www.pm.pb.gov.br\/portal\/wp-content\/uploads\/2013\/07\/8245_10731.jpg","type":"image\/jpeg"}],"author":"Assessoria de Imprensa da PMPB","twitter_card":"summary_large_image","twitter_misc":{"Escrito por":"Assessoria de Imprensa da PMPB","Est. tempo de leitura":"1 minuto"},"schema":{"@context":"https:\/\/schema.org","@graph":[{"@type":"Article","@id":"https:\/\/www.pm.pb.gov.br\/portal\/2013\/07\/08\/assaltantes_de_postos_de_combustivel_sao_presos_no_sertao\/#article","isPartOf":{"@id":"https:\/\/www.pm.pb.gov.br\/portal\/2013\/07\/08\/assaltantes_de_postos_de_combustivel_sao_presos_no_sertao\/"},"author":{"name":"Assessoria de Imprensa da PMPB","@id":"https:\/\/www.pm.pb.gov.br\/portal\/#\/schema\/person\/e8454f46651c3ecf0e1ba3c1666d9947"},"headline":"Assaltantes de postos de combust\u00edvel s\u00e3o presos no Sert\u00e3o","datePublished":"2013-07-08T13:07:48+00:00","dateModified":"2013-07-08T13:07:48+00:00","mainEntityOfPage":{"@id":"https:\/\/www.pm.pb.gov.br\/portal\/2013\/07\/08\/assaltantes_de_postos_de_combustivel_sao_presos_no_sertao\/"},"wordCount":258,"publisher":{"@id":"https:\/\/www.pm.pb.gov.br\/portal\/#organization"},"articleSection":["A\u00e7\u00f5es Policiais"],"inLanguage":"pt-BR"},{"@type":"WebPage","@id":"https:\/\/www.pm.pb.gov.br\/portal\/2013\/07\/08\/assaltantes_de_postos_de_combustivel_sao_presos_no_sertao\/","url":"https:\/\/www.pm.pb.gov.br\/portal\/2013\/07\/08\/assaltantes_de_postos_de_combustivel_sao_presos_no_sertao\/","name":"Assaltantes de postos de combust\u00edvel s\u00e3o presos no Sert\u00e3o - Pol\u00edcia Militar da Para\u00edba","isPartOf":{"@id":"https:\/\/www.pm.pb.gov.br\/portal\/#website"},"datePublished":"2013-07-08T13:07:48+00:00","dateModified":"2013-07-08T13:07:48+00:00","breadcrumb":{"@id":"https:\/\/www.pm.pb.gov.br\/portal\/2013\/07\/08\/assaltantes_de_postos_de_combustivel_sao_presos_no_sertao\/#breadcrumb"},"inLanguage":"pt-BR","potentialAction":[{"@type":"ReadAction","target":["https:\/\/www.pm.pb.gov.br\/portal\/2013\/07\/08\/assaltantes_de_postos_de_combustivel_sao_presos_no_sertao\/"]}]},{"@type":"BreadcrumbList","@id":"https:\/\/www.pm.pb.gov.br\/portal\/2013\/07\/08\/assaltantes_de_postos_de_combustivel_sao_presos_no_sertao\/#breadcrumb","itemListElement":[{"@type":"ListItem","position":1,"name":"In\u00edcio","item":"https:\/\/www.pm.pb.gov.br\/portal\/"},{"@type":"ListItem","position":2,"name":"Assaltantes de postos de combust\u00edvel s\u00e3o presos no Sert\u00e3o"}]},{"@type":"WebSite","@id":"https:\/\/www.pm.pb.gov.br\/portal\/#website","url":"https:\/\/www.pm.pb.gov.br\/portal\/","name":"Pol\u00edcia Militar da Para\u00edba","description":"","publisher":{"@id":"https:\/\/www.pm.pb.gov.br\/portal\/#organization"},"potentialAction":[{"@type":"SearchAction","target":{"@type":"EntryPoint","urlTemplate":"https:\/\/www.pm.pb.gov.br\/portal\/?s={search_term_string}"},"query-input":"required name=search_term_string"}],"inLanguage":"pt-BR"},{"@type":"Organization","@id":"https:\/\/www.pm.pb.gov.br\/portal\/#organization","name":"Pol\u00edcia Militar da Para\u00edba","url":"https:\/\/www.pm.pb.gov.br\/portal\/","logo":{"@type":"ImageObject","inLanguage":"pt-BR","@id":"https:\/\/www.pm.pb.gov.br\/portal\/#\/schema\/logo\/image\/","url":"https:\/\/www.pm.pb.gov.br\/portal\/wp-content\/uploads\/2025\/03\/cropped-logo-site-mag2-1.png","contentUrl":"https:\/\/www.pm.pb.gov.br\/portal\/wp-content\/uploads\/2025\/03\/cropped-logo-site-mag2-1.png","width":320,"height":90,"caption":"Pol\u00edcia Militar da Para\u00edba"},"image":{"@id":"https:\/\/www.pm.pb.gov.br\/portal\/#\/schema\/logo\/image\/"}},{"@type":"Person","@id":"https:\/\/www.pm.pb.gov.br\/portal\/#\/schema\/person\/e8454f46651c3ecf0e1ba3c1666d9947","name":"Assessoria de Imprensa da PMPB","image":{"@type":"ImageObject","inLanguage":"pt-BR","@id":"https:\/\/www.pm.pb.gov.br\/portal\/#\/schema\/person\/image\/","url":"https:\/\/secure.gravatar.com\/avatar\/2efe197438265d1e90bd98c4c8e1acf8?s=96&d=mm&r=g","contentUrl":"https:\/\/secure.gravatar.com\/avatar\/2efe197438265d1e90bd98c4c8e1acf8?s=96&d=mm&r=g","caption":"Assessoria de Imprensa da PMPB"},"url":"https:\/\/www.pm.pb.gov.br\/portal\/author\/assessoria\/"}]}},"_links":{"self":[{"href":"https:\/\/www.pm.pb.gov.br\/portal\/wp-json\/wp\/v2\/posts\/8245"}],"collection":[{"href":"https:\/\/www.pm.pb.gov.br\/portal\/wp-json\/wp\/v2\/posts"}],"about":[{"href":"https:\/\/www.pm.pb.gov.br\/portal\/wp-json\/wp\/v2\/types\/post"}],"author":[{"embeddable":true,"href":"https:\/\/www.pm.pb.gov.br\/portal\/wp-json\/wp\/v2\/users\/5"}],"replies":[{"embeddable":true,"href":"https:\/\/www.pm.pb.gov.br\/portal\/wp-json\/wp\/v2\/comments?post=8245"}],"version-history":[{"count":0,"href":"https:\/\/www.pm.pb.gov.br\/portal\/wp-json\/wp\/v2\/posts\/8245\/revisions"}],"wp:featuredmedia":[{"embeddable":true,"href":"https:\/\/www.pm.pb.gov.br\/portal\/wp-json\/wp\/v2\/media\/10731"}],"wp:attachment":[{"href":"https:\/\/www.pm.pb.gov.br\/portal\/wp-json\/wp\/v2\/media?parent=8245"}],"wp:term":[{"taxonomy":"category","embeddable":true,"href":"https:\/\/www.pm.pb.gov.br\/portal\/wp-json\/wp\/v2\/categories?post=8245"},{"taxonomy":"post_tag","embeddable":true,"href":"https:\/\/www.pm.pb.gov.br\/portal\/wp-json\/wp\/v2\/tags?post=8245"}],"curies":[{"name":"wp","href":"https:\/\/api.w.org\/{rel}","templated":true}]}}