{"id":8240,"date":"2013-07-05T12:07:40","date_gmt":"2013-07-05T15:07:40","guid":{"rendered":"http:\/\/www.pm.pb.gov.br\/portal\/2013\/07\/comandante_geral_participa_das_discussoes_do_juventude_viva\/"},"modified":"2013-07-05T12:07:40","modified_gmt":"2013-07-05T15:07:40","slug":"comandante_geral_participa_das_discussoes_do_juventude_viva","status":"publish","type":"post","link":"https:\/\/www.pm.pb.gov.br\/portal\/2013\/07\/05\/comandante_geral_participa_das_discussoes_do_juventude_viva\/","title":{"rendered":"Comandante geral participa das discuss\u00f5es do &#8216;Juventude Viva&#8217;"},"content":{"rendered":"<figure style=\"width: 500px\" class=\"wp-caption alignnone\"><img decoding=\"async\" class=\"alignnone size-medium\" src=\"http:\/\/www.pm.pb.gov.br\/portal\/wp-content\/uploads\/2013\/07\/8240_10724.jpg\" title=\"O comandante geral, coronel Euller, garantiu apoio da PM para as a\u00e7\u00f5es de enfrentamento \u00e0 viol\u00eancia contra a juventude negra (Fotos: Ricardo S\u00e9rgio)\" width=\"100%\" \/><figcaption class=\"wp-caption-text\">O comandante geral, coronel Euller, garantiu apoio da PM para as a\u00e7\u00f5es de enfrentamento \u00e0 viol\u00eancia contra a juventude negra (Fotos: Ricardo S\u00e9rgio)<\/figcaption><\/figure>\n<div style=\"text-align: justify;\">O comandante geral da Pol\u00edcia Militar da Para\u00edba, coronel Euller Chaves, participou na manh\u00e3 desta sexta-feira (05) do \u0091ponta p\u00e9\u0092 inicial das a\u00e7\u00f5es do programa \u0091Juventude Viva\u0092 na Para\u00edba. A iniciativa, idealizada pela Secretaria Nacional de Juventude e que vem sendo lan\u00e7ada nos Estados, visa diminuir os \u00edndices de mortalidade dos jovens negros e promover pol\u00edticas p\u00fablicas de inclus\u00e3o desse p\u00fablico.<br \/>\nPara isso, uma comitiva Federal veio \u00e0 Para\u00edba para orientar e capacitar os gestores p\u00fablicos de diversas secretarias do Estado (Sa\u00fade, Educa\u00e7\u00e3o, Esporte e Lazer, Cultura, Desenvolvimento Humano e Seguran\u00e7a P\u00fablica) que participar\u00e3o da execu\u00e7\u00e3o do programa na Para\u00edba.<\/p>\n<p>\u0093Ap\u00f3s esse primeiro encontro, daremos in\u00edcio a elabora\u00e7\u00e3o do Plano Estadual de enfrentamento \u00e0 viol\u00eancia contra a juventude negra. Inicialmente, seis munic\u00edpios (Jo\u00e3o Pessoa, Cabedelo, Santa Rita, Bayeux, Campina Grande e Patos)  ser\u00e3o contemplados com o projeto, que prev\u00ea a\u00e7\u00f5es como o incentivo ao esporte nas escolas e a implanta\u00e7\u00e3o de conselhos locais\u0094, adiantou a gerente executiva de Juventude, Esporte e Lazer da Para\u00edba, Joana Darck.<\/p>\n<p>Segundo ela, \u00e9 preciso uma integra\u00e7\u00e3o de diversos entes do Governo para que o projeto atinja seus objetivos. Para o comandante geral da PM, coronel Euller Chaves, os governos federal e local merecem aplausos pela iniciativa e as diversas secretarias devem se unir em busca de uma efetiva prote\u00e7\u00e3o da juventude, por meio de iniciativas p\u00fablicas preventivas.<\/p>\n<p>\u0093A PM vem em um processo de busca de proximidade com a popula\u00e7\u00e3o, dentro de uma concep\u00e7\u00e3o de Pol\u00edcia Solid\u00e1ria e nessa perspectiva h\u00e1 o combate permanente a qualquer tipo de viol\u00eancia e discrimina\u00e7\u00e3o\u0094, garantiu o comandante, ao destacar que a pol\u00edcia n\u00e3o poderia deixar de apoiar um projeto que protege uma camada da popula\u00e7\u00e3o que em anos anteriores j\u00e1 sofreu grandemente com a discrimina\u00e7\u00e3o.<\/p>\n<p>O evento para discuss\u00e3o do projeto aconteceu na sede da Escola de Servi\u00e7o P\u00fablico do Estado da Para\u00edba (Espep), em Mangabeira (na capital), e contou ainda com a participa\u00e7\u00e3o do Secret\u00e1rio de Estado da Seguran\u00e7a e Defesa social, Cl\u00e1udio Lima; o secret\u00e1rio de Estado da Cultura, Chico C\u00e9sar; entre outros gestores p\u00fablicos locais.<\/p>\n<div class=\"row\" align=\"center\"><a href=\"http:\/\/www.pm.pb.gov.br\/portal\/wp-content\/uploads\/2013\/07\/8240_10725.jpg\"><figure style=\"width: 500px\" class=\"wp-caption alignnone\"><img decoding=\"async\" class=\"image-responsive\" src=\"http:\/\/www.pm.pb.gov.br\/portal\/wp-content\/uploads\/2013\/07\/8240_10725.jpg\" title=\"Representantes da Secretaria Nacional de Juventude promoveram o encontro\" width=\"100%\" \/><figcaption class=\"wp-caption-text\">Representantes da Secretaria Nacional de Juventude promoveram o encontro<\/figcaption><\/figure><\/a><\/div>\n<\/div>\n","protected":false},"excerpt":{"rendered":"<p>O comandante geral da Pol\u00edcia Militar da Para\u00edba, coronel Euller Chaves, participou na manh\u00e3 desta sexta-feira (05) do \u0091ponta p\u00e9\u0092<\/p>\n","protected":false},"author":5,"featured_media":10724,"comment_status":"closed","ping_status":"closed","sticky":false,"template":"","format":"standard","meta":{"_exactmetrics_skip_tracking":false,"_exactmetrics_sitenote_active":false,"_exactmetrics_sitenote_note":"","_exactmetrics_sitenote_category":0,"footnotes":""},"categories":[4],"tags":[],"yoast_head":"<!-- This site is optimized with the Yoast SEO plugin v22.0 - https:\/\/yoast.com\/wordpress\/plugins\/seo\/ -->\n<title>Comandante geral participa das discuss\u00f5es do &#039;Juventude Viva&#039; - Pol\u00edcia Militar da Para\u00edba<\/title>\n<meta name=\"robots\" content=\"index, follow, max-snippet:-1, max-image-preview:large, max-video-preview:-1\" \/>\n<link rel=\"canonical\" href=\"https:\/\/www.pm.pb.gov.br\/portal\/2013\/07\/05\/comandante_geral_participa_das_discussoes_do_juventude_viva\/\" \/>\n<meta property=\"og:locale\" content=\"pt_BR\" \/>\n<meta property=\"og:type\" content=\"article\" \/>\n<meta property=\"og:title\" content=\"Comandante geral participa das discuss\u00f5es do &#039;Juventude Viva&#039; - Pol\u00edcia Militar da Para\u00edba\" \/>\n<meta property=\"og:description\" content=\"O comandante geral da Pol\u00edcia Militar da Para\u00edba, coronel Euller Chaves, participou na manh\u00e3 desta sexta-feira (05) do \u0091ponta p\u00e9\u0092\" \/>\n<meta property=\"og:url\" content=\"https:\/\/www.pm.pb.gov.br\/portal\/2013\/07\/05\/comandante_geral_participa_das_discussoes_do_juventude_viva\/\" \/>\n<meta property=\"og:site_name\" content=\"Pol\u00edcia Militar da Para\u00edba\" \/>\n<meta property=\"article:published_time\" content=\"2013-07-05T15:07:40+00:00\" \/>\n<meta property=\"og:image\" content=\"https:\/\/www.pm.pb.gov.br\/portal\/wp-content\/uploads\/2013\/07\/8240_10724.jpg\" \/>\n\t<meta property=\"og:image:width\" content=\"500\" \/>\n\t<meta property=\"og:image:height\" content=\"333\" \/>\n\t<meta property=\"og:image:type\" content=\"image\/jpeg\" \/>\n<meta name=\"author\" content=\"Assessoria de Imprensa da PMPB\" \/>\n<meta name=\"twitter:card\" content=\"summary_large_image\" \/>\n<meta name=\"twitter:label1\" content=\"Escrito por\" \/>\n\t<meta name=\"twitter:data1\" content=\"Assessoria de Imprensa da PMPB\" \/>\n\t<meta name=\"twitter:label2\" content=\"Est. tempo de leitura\" \/>\n\t<meta name=\"twitter:data2\" content=\"2 minutos\" \/>\n<script type=\"application\/ld+json\" class=\"yoast-schema-graph\">{\"@context\":\"https:\/\/schema.org\",\"@graph\":[{\"@type\":\"Article\",\"@id\":\"https:\/\/www.pm.pb.gov.br\/portal\/2013\/07\/05\/comandante_geral_participa_das_discussoes_do_juventude_viva\/#article\",\"isPartOf\":{\"@id\":\"https:\/\/www.pm.pb.gov.br\/portal\/2013\/07\/05\/comandante_geral_participa_das_discussoes_do_juventude_viva\/\"},\"author\":{\"name\":\"Assessoria de Imprensa da PMPB\",\"@id\":\"https:\/\/www.pm.pb.gov.br\/portal\/#\/schema\/person\/e8454f46651c3ecf0e1ba3c1666d9947\"},\"headline\":\"Comandante geral participa das discuss\u00f5es do &#8216;Juventude Viva&#8217;\",\"datePublished\":\"2013-07-05T15:07:40+00:00\",\"dateModified\":\"2013-07-05T15:07:40+00:00\",\"mainEntityOfPage\":{\"@id\":\"https:\/\/www.pm.pb.gov.br\/portal\/2013\/07\/05\/comandante_geral_participa_das_discussoes_do_juventude_viva\/\"},\"wordCount\":444,\"publisher\":{\"@id\":\"https:\/\/www.pm.pb.gov.br\/portal\/#organization\"},\"articleSection\":[\"A\u00e7\u00f5es Policiais\"],\"inLanguage\":\"pt-BR\"},{\"@type\":\"WebPage\",\"@id\":\"https:\/\/www.pm.pb.gov.br\/portal\/2013\/07\/05\/comandante_geral_participa_das_discussoes_do_juventude_viva\/\",\"url\":\"https:\/\/www.pm.pb.gov.br\/portal\/2013\/07\/05\/comandante_geral_participa_das_discussoes_do_juventude_viva\/\",\"name\":\"Comandante geral participa das discuss\u00f5es do 'Juventude Viva' - Pol\u00edcia Militar da Para\u00edba\",\"isPartOf\":{\"@id\":\"https:\/\/www.pm.pb.gov.br\/portal\/#website\"},\"datePublished\":\"2013-07-05T15:07:40+00:00\",\"dateModified\":\"2013-07-05T15:07:40+00:00\",\"breadcrumb\":{\"@id\":\"https:\/\/www.pm.pb.gov.br\/portal\/2013\/07\/05\/comandante_geral_participa_das_discussoes_do_juventude_viva\/#breadcrumb\"},\"inLanguage\":\"pt-BR\",\"potentialAction\":[{\"@type\":\"ReadAction\",\"target\":[\"https:\/\/www.pm.pb.gov.br\/portal\/2013\/07\/05\/comandante_geral_participa_das_discussoes_do_juventude_viva\/\"]}]},{\"@type\":\"BreadcrumbList\",\"@id\":\"https:\/\/www.pm.pb.gov.br\/portal\/2013\/07\/05\/comandante_geral_participa_das_discussoes_do_juventude_viva\/#breadcrumb\",\"itemListElement\":[{\"@type\":\"ListItem\",\"position\":1,\"name\":\"In\u00edcio\",\"item\":\"https:\/\/www.pm.pb.gov.br\/portal\/\"},{\"@type\":\"ListItem\",\"position\":2,\"name\":\"Comandante geral participa das discuss\u00f5es do &#8216;Juventude Viva&#8217;\"}]},{\"@type\":\"WebSite\",\"@id\":\"https:\/\/www.pm.pb.gov.br\/portal\/#website\",\"url\":\"https:\/\/www.pm.pb.gov.br\/portal\/\",\"name\":\"Pol\u00edcia Militar da Para\u00edba\",\"description\":\"\",\"publisher\":{\"@id\":\"https:\/\/www.pm.pb.gov.br\/portal\/#organization\"},\"potentialAction\":[{\"@type\":\"SearchAction\",\"target\":{\"@type\":\"EntryPoint\",\"urlTemplate\":\"https:\/\/www.pm.pb.gov.br\/portal\/?s={search_term_string}\"},\"query-input\":\"required name=search_term_string\"}],\"inLanguage\":\"pt-BR\"},{\"@type\":\"Organization\",\"@id\":\"https:\/\/www.pm.pb.gov.br\/portal\/#organization\",\"name\":\"Pol\u00edcia Militar da Para\u00edba\",\"url\":\"https:\/\/www.pm.pb.gov.br\/portal\/\",\"logo\":{\"@type\":\"ImageObject\",\"inLanguage\":\"pt-BR\",\"@id\":\"https:\/\/www.pm.pb.gov.br\/portal\/#\/schema\/logo\/image\/\",\"url\":\"https:\/\/www.pm.pb.gov.br\/portal\/wp-content\/uploads\/2025\/03\/cropped-logo-site-mag2-1.png\",\"contentUrl\":\"https:\/\/www.pm.pb.gov.br\/portal\/wp-content\/uploads\/2025\/03\/cropped-logo-site-mag2-1.png\",\"width\":320,\"height\":90,\"caption\":\"Pol\u00edcia Militar da Para\u00edba\"},\"image\":{\"@id\":\"https:\/\/www.pm.pb.gov.br\/portal\/#\/schema\/logo\/image\/\"}},{\"@type\":\"Person\",\"@id\":\"https:\/\/www.pm.pb.gov.br\/portal\/#\/schema\/person\/e8454f46651c3ecf0e1ba3c1666d9947\",\"name\":\"Assessoria de Imprensa da PMPB\",\"image\":{\"@type\":\"ImageObject\",\"inLanguage\":\"pt-BR\",\"@id\":\"https:\/\/www.pm.pb.gov.br\/portal\/#\/schema\/person\/image\/\",\"url\":\"https:\/\/secure.gravatar.com\/avatar\/2efe197438265d1e90bd98c4c8e1acf8?s=96&d=mm&r=g\",\"contentUrl\":\"https:\/\/secure.gravatar.com\/avatar\/2efe197438265d1e90bd98c4c8e1acf8?s=96&d=mm&r=g\",\"caption\":\"Assessoria de Imprensa da PMPB\"},\"url\":\"https:\/\/www.pm.pb.gov.br\/portal\/author\/assessoria\/\"}]}<\/script>\n<!-- \/ Yoast SEO plugin. -->","yoast_head_json":{"title":"Comandante geral participa das discuss\u00f5es do 'Juventude Viva' - Pol\u00edcia Militar da Para\u00edba","robots":{"index":"index","follow":"follow","max-snippet":"max-snippet:-1","max-image-preview":"max-image-preview:large","max-video-preview":"max-video-preview:-1"},"canonical":"https:\/\/www.pm.pb.gov.br\/portal\/2013\/07\/05\/comandante_geral_participa_das_discussoes_do_juventude_viva\/","og_locale":"pt_BR","og_type":"article","og_title":"Comandante geral participa das discuss\u00f5es do 'Juventude Viva' - Pol\u00edcia Militar da Para\u00edba","og_description":"O comandante geral da Pol\u00edcia Militar da Para\u00edba, coronel Euller Chaves, participou na manh\u00e3 desta sexta-feira (05) do \u0091ponta p\u00e9\u0092","og_url":"https:\/\/www.pm.pb.gov.br\/portal\/2013\/07\/05\/comandante_geral_participa_das_discussoes_do_juventude_viva\/","og_site_name":"Pol\u00edcia Militar da Para\u00edba","article_published_time":"2013-07-05T15:07:40+00:00","og_image":[{"width":500,"height":333,"url":"https:\/\/www.pm.pb.gov.br\/portal\/wp-content\/uploads\/2013\/07\/8240_10724.jpg","type":"image\/jpeg"}],"author":"Assessoria de Imprensa da PMPB","twitter_card":"summary_large_image","twitter_misc":{"Escrito por":"Assessoria de Imprensa da PMPB","Est. tempo de leitura":"2 minutos"},"schema":{"@context":"https:\/\/schema.org","@graph":[{"@type":"Article","@id":"https:\/\/www.pm.pb.gov.br\/portal\/2013\/07\/05\/comandante_geral_participa_das_discussoes_do_juventude_viva\/#article","isPartOf":{"@id":"https:\/\/www.pm.pb.gov.br\/portal\/2013\/07\/05\/comandante_geral_participa_das_discussoes_do_juventude_viva\/"},"author":{"name":"Assessoria de Imprensa da PMPB","@id":"https:\/\/www.pm.pb.gov.br\/portal\/#\/schema\/person\/e8454f46651c3ecf0e1ba3c1666d9947"},"headline":"Comandante geral participa das discuss\u00f5es do &#8216;Juventude Viva&#8217;","datePublished":"2013-07-05T15:07:40+00:00","dateModified":"2013-07-05T15:07:40+00:00","mainEntityOfPage":{"@id":"https:\/\/www.pm.pb.gov.br\/portal\/2013\/07\/05\/comandante_geral_participa_das_discussoes_do_juventude_viva\/"},"wordCount":444,"publisher":{"@id":"https:\/\/www.pm.pb.gov.br\/portal\/#organization"},"articleSection":["A\u00e7\u00f5es Policiais"],"inLanguage":"pt-BR"},{"@type":"WebPage","@id":"https:\/\/www.pm.pb.gov.br\/portal\/2013\/07\/05\/comandante_geral_participa_das_discussoes_do_juventude_viva\/","url":"https:\/\/www.pm.pb.gov.br\/portal\/2013\/07\/05\/comandante_geral_participa_das_discussoes_do_juventude_viva\/","name":"Comandante geral participa das discuss\u00f5es do 'Juventude Viva' - Pol\u00edcia Militar da Para\u00edba","isPartOf":{"@id":"https:\/\/www.pm.pb.gov.br\/portal\/#website"},"datePublished":"2013-07-05T15:07:40+00:00","dateModified":"2013-07-05T15:07:40+00:00","breadcrumb":{"@id":"https:\/\/www.pm.pb.gov.br\/portal\/2013\/07\/05\/comandante_geral_participa_das_discussoes_do_juventude_viva\/#breadcrumb"},"inLanguage":"pt-BR","potentialAction":[{"@type":"ReadAction","target":["https:\/\/www.pm.pb.gov.br\/portal\/2013\/07\/05\/comandante_geral_participa_das_discussoes_do_juventude_viva\/"]}]},{"@type":"BreadcrumbList","@id":"https:\/\/www.pm.pb.gov.br\/portal\/2013\/07\/05\/comandante_geral_participa_das_discussoes_do_juventude_viva\/#breadcrumb","itemListElement":[{"@type":"ListItem","position":1,"name":"In\u00edcio","item":"https:\/\/www.pm.pb.gov.br\/portal\/"},{"@type":"ListItem","position":2,"name":"Comandante geral participa das discuss\u00f5es do &#8216;Juventude Viva&#8217;"}]},{"@type":"WebSite","@id":"https:\/\/www.pm.pb.gov.br\/portal\/#website","url":"https:\/\/www.pm.pb.gov.br\/portal\/","name":"Pol\u00edcia Militar da Para\u00edba","description":"","publisher":{"@id":"https:\/\/www.pm.pb.gov.br\/portal\/#organization"},"potentialAction":[{"@type":"SearchAction","target":{"@type":"EntryPoint","urlTemplate":"https:\/\/www.pm.pb.gov.br\/portal\/?s={search_term_string}"},"query-input":"required name=search_term_string"}],"inLanguage":"pt-BR"},{"@type":"Organization","@id":"https:\/\/www.pm.pb.gov.br\/portal\/#organization","name":"Pol\u00edcia Militar da Para\u00edba","url":"https:\/\/www.pm.pb.gov.br\/portal\/","logo":{"@type":"ImageObject","inLanguage":"pt-BR","@id":"https:\/\/www.pm.pb.gov.br\/portal\/#\/schema\/logo\/image\/","url":"https:\/\/www.pm.pb.gov.br\/portal\/wp-content\/uploads\/2025\/03\/cropped-logo-site-mag2-1.png","contentUrl":"https:\/\/www.pm.pb.gov.br\/portal\/wp-content\/uploads\/2025\/03\/cropped-logo-site-mag2-1.png","width":320,"height":90,"caption":"Pol\u00edcia Militar da Para\u00edba"},"image":{"@id":"https:\/\/www.pm.pb.gov.br\/portal\/#\/schema\/logo\/image\/"}},{"@type":"Person","@id":"https:\/\/www.pm.pb.gov.br\/portal\/#\/schema\/person\/e8454f46651c3ecf0e1ba3c1666d9947","name":"Assessoria de Imprensa da PMPB","image":{"@type":"ImageObject","inLanguage":"pt-BR","@id":"https:\/\/www.pm.pb.gov.br\/portal\/#\/schema\/person\/image\/","url":"https:\/\/secure.gravatar.com\/avatar\/2efe197438265d1e90bd98c4c8e1acf8?s=96&d=mm&r=g","contentUrl":"https:\/\/secure.gravatar.com\/avatar\/2efe197438265d1e90bd98c4c8e1acf8?s=96&d=mm&r=g","caption":"Assessoria de Imprensa da PMPB"},"url":"https:\/\/www.pm.pb.gov.br\/portal\/author\/assessoria\/"}]}},"_links":{"self":[{"href":"https:\/\/www.pm.pb.gov.br\/portal\/wp-json\/wp\/v2\/posts\/8240"}],"collection":[{"href":"https:\/\/www.pm.pb.gov.br\/portal\/wp-json\/wp\/v2\/posts"}],"about":[{"href":"https:\/\/www.pm.pb.gov.br\/portal\/wp-json\/wp\/v2\/types\/post"}],"author":[{"embeddable":true,"href":"https:\/\/www.pm.pb.gov.br\/portal\/wp-json\/wp\/v2\/users\/5"}],"replies":[{"embeddable":true,"href":"https:\/\/www.pm.pb.gov.br\/portal\/wp-json\/wp\/v2\/comments?post=8240"}],"version-history":[{"count":0,"href":"https:\/\/www.pm.pb.gov.br\/portal\/wp-json\/wp\/v2\/posts\/8240\/revisions"}],"wp:featuredmedia":[{"embeddable":true,"href":"https:\/\/www.pm.pb.gov.br\/portal\/wp-json\/wp\/v2\/media\/10724"}],"wp:attachment":[{"href":"https:\/\/www.pm.pb.gov.br\/portal\/wp-json\/wp\/v2\/media?parent=8240"}],"wp:term":[{"taxonomy":"category","embeddable":true,"href":"https:\/\/www.pm.pb.gov.br\/portal\/wp-json\/wp\/v2\/categories?post=8240"},{"taxonomy":"post_tag","embeddable":true,"href":"https:\/\/www.pm.pb.gov.br\/portal\/wp-json\/wp\/v2\/tags?post=8240"}],"curies":[{"name":"wp","href":"https:\/\/api.w.org\/{rel}","templated":true}]}}