{"id":8084,"date":"2013-05-21T07:05:09","date_gmt":"2013-05-21T10:05:09","guid":{"rendered":"http:\/\/www.pm.pb.gov.br\/portal\/2013\/05\/rpmont_intercepta_carro_com_materiais_para_violar_bancos\/"},"modified":"2013-05-21T07:05:09","modified_gmt":"2013-05-21T10:05:09","slug":"rpmont_intercepta_carro_com_materiais_para_violar_bancos","status":"publish","type":"post","link":"https:\/\/www.pm.pb.gov.br\/portal\/2013\/05\/21\/rpmont_intercepta_carro_com_materiais_para_violar_bancos\/","title":{"rendered":"RPMont intercepta carro com materiais para violar bancos"},"content":{"rendered":"<figure style=\"width: 500px\" class=\"wp-caption alignnone\"><img decoding=\"async\" class=\"alignnone size-medium\" src=\"http:\/\/www.pm.pb.gov.br\/portal\/wp-content\/uploads\/2013\/05\/8084_10455.jpg\" title=\"Ferramentas apreendidas no ve\u00edculo\" width=\"100%\" \/><figcaption class=\"wp-caption-text\">Ferramentas apreendidas no ve\u00edculo<\/figcaption><\/figure>\n<div style=\"text-align: justify;\">Policiais do Regimento de Pol\u00edcia Montada, a Cavalaria da PM, interceptaram um carro, na madrugada desta ter\u00e7a-feira (21), no bairro do Cristo Redentor, suspeito de transportar cinco pessoas que estariam planejando violar caixas eletr\u00f4nicos em Jo\u00e3o Pessoa. Entre os materiais encontrados dentro do ve\u00edculo, estava uma ferramenta conhecida como &#8216;p\u00e9 de cabra&#8217; e um alicante grande, que serviria para quebrar cadeados e at\u00e9 cortar &#8216;chapas&#8217; com espessuras maiores.<\/p>\n<p>De acordo com o Sargento J. Roberto, a viatura fazia rondas pela rua Jos\u00e9 Gomes da Silva, no Cristo Redentor, quando desconfiaram de um ve\u00edculo Wolksvagem Golf, de cor preta, com cinco ocupantes. Quando os policiais voltaram o carro saiu em fuga, s\u00f3 parando ap\u00f3s bater em uma &#8216;mureta&#8217;, j\u00e1 na rua Francisco Lustosa Cabral, no mesmo bairro.<\/p>\n<p>Ap\u00f3s o acidente, os cinco bandidos fugiram. Os policiais realizaram uma busca no carro e encontraram os materiais para violar caixas eletr\u00f4nicos, al\u00e9m de celulares e um aparelho GPS. O caso foi levado para a 9\u00aa Delegacia Distrital, em Mangabeira. O ve\u00edculo est\u00e1 recolhido no p\u00e1tio do Batalh\u00e3o de Tr\u00e2nsito, no bairro do Roger.<\/p>\n<div class=\"row\" align=\"center\"><a href=\"http:\/\/www.pm.pb.gov.br\/portal\/wp-content\/uploads\/2013\/05\/8084_10456.jpg\"><figure style=\"width: 500px\" class=\"wp-caption alignnone\"><img decoding=\"async\" class=\"image-responsive\" src=\"http:\/\/www.pm.pb.gov.br\/portal\/wp-content\/uploads\/2013\/05\/8084_10456.jpg\" title=\"O carro s\u00f3 parou ap\u00f3s bater contra uma 'mureta''\" width=\"100%\" \/><figcaption class=\"wp-caption-text\">O carro s\u00f3 parou ap\u00f3s bater contra uma &#8216;mureta&#8221;<\/figcaption><\/figure><\/a><\/div>\n<\/div>\n","protected":false},"excerpt":{"rendered":"<p>Policiais do Regimento de Pol\u00edcia Montada, a Cavalaria da PM, interceptaram um carro, na madrugada desta ter\u00e7a-feira (21), no bairro<\/p>\n","protected":false},"author":5,"featured_media":10455,"comment_status":"closed","ping_status":"closed","sticky":false,"template":"","format":"standard","meta":{"_exactmetrics_skip_tracking":false,"_exactmetrics_sitenote_active":false,"_exactmetrics_sitenote_note":"","_exactmetrics_sitenote_category":0,"footnotes":""},"categories":[4],"tags":[],"yoast_head":"<!-- This site is optimized with the Yoast SEO plugin v22.0 - https:\/\/yoast.com\/wordpress\/plugins\/seo\/ -->\n<title>RPMont intercepta carro com materiais para violar bancos - Pol\u00edcia Militar da Para\u00edba<\/title>\n<meta name=\"robots\" content=\"index, follow, max-snippet:-1, max-image-preview:large, max-video-preview:-1\" \/>\n<link rel=\"canonical\" href=\"https:\/\/www.pm.pb.gov.br\/portal\/2013\/05\/21\/rpmont_intercepta_carro_com_materiais_para_violar_bancos\/\" \/>\n<meta property=\"og:locale\" content=\"pt_BR\" \/>\n<meta property=\"og:type\" content=\"article\" \/>\n<meta property=\"og:title\" content=\"RPMont intercepta carro com materiais para violar bancos - Pol\u00edcia Militar da Para\u00edba\" \/>\n<meta property=\"og:description\" content=\"Policiais do Regimento de Pol\u00edcia Montada, a Cavalaria da PM, interceptaram um carro, na madrugada desta ter\u00e7a-feira (21), no bairro\" \/>\n<meta property=\"og:url\" content=\"https:\/\/www.pm.pb.gov.br\/portal\/2013\/05\/21\/rpmont_intercepta_carro_com_materiais_para_violar_bancos\/\" \/>\n<meta property=\"og:site_name\" content=\"Pol\u00edcia Militar da Para\u00edba\" \/>\n<meta property=\"article:published_time\" content=\"2013-05-21T10:05:09+00:00\" \/>\n<meta property=\"og:image\" content=\"https:\/\/www.pm.pb.gov.br\/portal\/wp-content\/uploads\/2013\/05\/8084_10455.jpg\" \/>\n\t<meta property=\"og:image:width\" content=\"500\" \/>\n\t<meta property=\"og:image:height\" content=\"331\" \/>\n\t<meta property=\"og:image:type\" content=\"image\/jpeg\" \/>\n<meta name=\"author\" content=\"Assessoria de Imprensa da PMPB\" \/>\n<meta name=\"twitter:card\" content=\"summary_large_image\" \/>\n<meta name=\"twitter:label1\" content=\"Escrito por\" \/>\n\t<meta name=\"twitter:data1\" content=\"Assessoria de Imprensa da PMPB\" \/>\n\t<meta name=\"twitter:label2\" content=\"Est. tempo de leitura\" \/>\n\t<meta name=\"twitter:data2\" content=\"1 minuto\" \/>\n<script type=\"application\/ld+json\" class=\"yoast-schema-graph\">{\"@context\":\"https:\/\/schema.org\",\"@graph\":[{\"@type\":\"Article\",\"@id\":\"https:\/\/www.pm.pb.gov.br\/portal\/2013\/05\/21\/rpmont_intercepta_carro_com_materiais_para_violar_bancos\/#article\",\"isPartOf\":{\"@id\":\"https:\/\/www.pm.pb.gov.br\/portal\/2013\/05\/21\/rpmont_intercepta_carro_com_materiais_para_violar_bancos\/\"},\"author\":{\"name\":\"Assessoria de Imprensa da PMPB\",\"@id\":\"https:\/\/www.pm.pb.gov.br\/portal\/#\/schema\/person\/e8454f46651c3ecf0e1ba3c1666d9947\"},\"headline\":\"RPMont intercepta carro com materiais para violar bancos\",\"datePublished\":\"2013-05-21T10:05:09+00:00\",\"dateModified\":\"2013-05-21T10:05:09+00:00\",\"mainEntityOfPage\":{\"@id\":\"https:\/\/www.pm.pb.gov.br\/portal\/2013\/05\/21\/rpmont_intercepta_carro_com_materiais_para_violar_bancos\/\"},\"wordCount\":227,\"publisher\":{\"@id\":\"https:\/\/www.pm.pb.gov.br\/portal\/#organization\"},\"articleSection\":[\"A\u00e7\u00f5es Policiais\"],\"inLanguage\":\"pt-BR\"},{\"@type\":\"WebPage\",\"@id\":\"https:\/\/www.pm.pb.gov.br\/portal\/2013\/05\/21\/rpmont_intercepta_carro_com_materiais_para_violar_bancos\/\",\"url\":\"https:\/\/www.pm.pb.gov.br\/portal\/2013\/05\/21\/rpmont_intercepta_carro_com_materiais_para_violar_bancos\/\",\"name\":\"RPMont intercepta carro com materiais para violar bancos - Pol\u00edcia Militar da Para\u00edba\",\"isPartOf\":{\"@id\":\"https:\/\/www.pm.pb.gov.br\/portal\/#website\"},\"datePublished\":\"2013-05-21T10:05:09+00:00\",\"dateModified\":\"2013-05-21T10:05:09+00:00\",\"breadcrumb\":{\"@id\":\"https:\/\/www.pm.pb.gov.br\/portal\/2013\/05\/21\/rpmont_intercepta_carro_com_materiais_para_violar_bancos\/#breadcrumb\"},\"inLanguage\":\"pt-BR\",\"potentialAction\":[{\"@type\":\"ReadAction\",\"target\":[\"https:\/\/www.pm.pb.gov.br\/portal\/2013\/05\/21\/rpmont_intercepta_carro_com_materiais_para_violar_bancos\/\"]}]},{\"@type\":\"BreadcrumbList\",\"@id\":\"https:\/\/www.pm.pb.gov.br\/portal\/2013\/05\/21\/rpmont_intercepta_carro_com_materiais_para_violar_bancos\/#breadcrumb\",\"itemListElement\":[{\"@type\":\"ListItem\",\"position\":1,\"name\":\"In\u00edcio\",\"item\":\"https:\/\/www.pm.pb.gov.br\/portal\/\"},{\"@type\":\"ListItem\",\"position\":2,\"name\":\"RPMont intercepta carro com materiais para violar bancos\"}]},{\"@type\":\"WebSite\",\"@id\":\"https:\/\/www.pm.pb.gov.br\/portal\/#website\",\"url\":\"https:\/\/www.pm.pb.gov.br\/portal\/\",\"name\":\"Pol\u00edcia Militar da Para\u00edba\",\"description\":\"\",\"publisher\":{\"@id\":\"https:\/\/www.pm.pb.gov.br\/portal\/#organization\"},\"potentialAction\":[{\"@type\":\"SearchAction\",\"target\":{\"@type\":\"EntryPoint\",\"urlTemplate\":\"https:\/\/www.pm.pb.gov.br\/portal\/?s={search_term_string}\"},\"query-input\":\"required name=search_term_string\"}],\"inLanguage\":\"pt-BR\"},{\"@type\":\"Organization\",\"@id\":\"https:\/\/www.pm.pb.gov.br\/portal\/#organization\",\"name\":\"Pol\u00edcia Militar da Para\u00edba\",\"url\":\"https:\/\/www.pm.pb.gov.br\/portal\/\",\"logo\":{\"@type\":\"ImageObject\",\"inLanguage\":\"pt-BR\",\"@id\":\"https:\/\/www.pm.pb.gov.br\/portal\/#\/schema\/logo\/image\/\",\"url\":\"https:\/\/www.pm.pb.gov.br\/portal\/wp-content\/uploads\/2025\/03\/cropped-logo-site-mag2-1.png\",\"contentUrl\":\"https:\/\/www.pm.pb.gov.br\/portal\/wp-content\/uploads\/2025\/03\/cropped-logo-site-mag2-1.png\",\"width\":320,\"height\":90,\"caption\":\"Pol\u00edcia Militar da Para\u00edba\"},\"image\":{\"@id\":\"https:\/\/www.pm.pb.gov.br\/portal\/#\/schema\/logo\/image\/\"}},{\"@type\":\"Person\",\"@id\":\"https:\/\/www.pm.pb.gov.br\/portal\/#\/schema\/person\/e8454f46651c3ecf0e1ba3c1666d9947\",\"name\":\"Assessoria de Imprensa da PMPB\",\"image\":{\"@type\":\"ImageObject\",\"inLanguage\":\"pt-BR\",\"@id\":\"https:\/\/www.pm.pb.gov.br\/portal\/#\/schema\/person\/image\/\",\"url\":\"https:\/\/secure.gravatar.com\/avatar\/2efe197438265d1e90bd98c4c8e1acf8?s=96&d=mm&r=g\",\"contentUrl\":\"https:\/\/secure.gravatar.com\/avatar\/2efe197438265d1e90bd98c4c8e1acf8?s=96&d=mm&r=g\",\"caption\":\"Assessoria de Imprensa da PMPB\"},\"url\":\"https:\/\/www.pm.pb.gov.br\/portal\/author\/assessoria\/\"}]}<\/script>\n<!-- \/ Yoast SEO plugin. -->","yoast_head_json":{"title":"RPMont intercepta carro com materiais para violar bancos - Pol\u00edcia Militar da Para\u00edba","robots":{"index":"index","follow":"follow","max-snippet":"max-snippet:-1","max-image-preview":"max-image-preview:large","max-video-preview":"max-video-preview:-1"},"canonical":"https:\/\/www.pm.pb.gov.br\/portal\/2013\/05\/21\/rpmont_intercepta_carro_com_materiais_para_violar_bancos\/","og_locale":"pt_BR","og_type":"article","og_title":"RPMont intercepta carro com materiais para violar bancos - Pol\u00edcia Militar da Para\u00edba","og_description":"Policiais do Regimento de Pol\u00edcia Montada, a Cavalaria da PM, interceptaram um carro, na madrugada desta ter\u00e7a-feira (21), no bairro","og_url":"https:\/\/www.pm.pb.gov.br\/portal\/2013\/05\/21\/rpmont_intercepta_carro_com_materiais_para_violar_bancos\/","og_site_name":"Pol\u00edcia Militar da Para\u00edba","article_published_time":"2013-05-21T10:05:09+00:00","og_image":[{"width":500,"height":331,"url":"https:\/\/www.pm.pb.gov.br\/portal\/wp-content\/uploads\/2013\/05\/8084_10455.jpg","type":"image\/jpeg"}],"author":"Assessoria de Imprensa da PMPB","twitter_card":"summary_large_image","twitter_misc":{"Escrito por":"Assessoria de Imprensa da PMPB","Est. tempo de leitura":"1 minuto"},"schema":{"@context":"https:\/\/schema.org","@graph":[{"@type":"Article","@id":"https:\/\/www.pm.pb.gov.br\/portal\/2013\/05\/21\/rpmont_intercepta_carro_com_materiais_para_violar_bancos\/#article","isPartOf":{"@id":"https:\/\/www.pm.pb.gov.br\/portal\/2013\/05\/21\/rpmont_intercepta_carro_com_materiais_para_violar_bancos\/"},"author":{"name":"Assessoria de Imprensa da PMPB","@id":"https:\/\/www.pm.pb.gov.br\/portal\/#\/schema\/person\/e8454f46651c3ecf0e1ba3c1666d9947"},"headline":"RPMont intercepta carro com materiais para violar bancos","datePublished":"2013-05-21T10:05:09+00:00","dateModified":"2013-05-21T10:05:09+00:00","mainEntityOfPage":{"@id":"https:\/\/www.pm.pb.gov.br\/portal\/2013\/05\/21\/rpmont_intercepta_carro_com_materiais_para_violar_bancos\/"},"wordCount":227,"publisher":{"@id":"https:\/\/www.pm.pb.gov.br\/portal\/#organization"},"articleSection":["A\u00e7\u00f5es Policiais"],"inLanguage":"pt-BR"},{"@type":"WebPage","@id":"https:\/\/www.pm.pb.gov.br\/portal\/2013\/05\/21\/rpmont_intercepta_carro_com_materiais_para_violar_bancos\/","url":"https:\/\/www.pm.pb.gov.br\/portal\/2013\/05\/21\/rpmont_intercepta_carro_com_materiais_para_violar_bancos\/","name":"RPMont intercepta carro com materiais para violar bancos - Pol\u00edcia Militar da Para\u00edba","isPartOf":{"@id":"https:\/\/www.pm.pb.gov.br\/portal\/#website"},"datePublished":"2013-05-21T10:05:09+00:00","dateModified":"2013-05-21T10:05:09+00:00","breadcrumb":{"@id":"https:\/\/www.pm.pb.gov.br\/portal\/2013\/05\/21\/rpmont_intercepta_carro_com_materiais_para_violar_bancos\/#breadcrumb"},"inLanguage":"pt-BR","potentialAction":[{"@type":"ReadAction","target":["https:\/\/www.pm.pb.gov.br\/portal\/2013\/05\/21\/rpmont_intercepta_carro_com_materiais_para_violar_bancos\/"]}]},{"@type":"BreadcrumbList","@id":"https:\/\/www.pm.pb.gov.br\/portal\/2013\/05\/21\/rpmont_intercepta_carro_com_materiais_para_violar_bancos\/#breadcrumb","itemListElement":[{"@type":"ListItem","position":1,"name":"In\u00edcio","item":"https:\/\/www.pm.pb.gov.br\/portal\/"},{"@type":"ListItem","position":2,"name":"RPMont intercepta carro com materiais para violar bancos"}]},{"@type":"WebSite","@id":"https:\/\/www.pm.pb.gov.br\/portal\/#website","url":"https:\/\/www.pm.pb.gov.br\/portal\/","name":"Pol\u00edcia Militar da Para\u00edba","description":"","publisher":{"@id":"https:\/\/www.pm.pb.gov.br\/portal\/#organization"},"potentialAction":[{"@type":"SearchAction","target":{"@type":"EntryPoint","urlTemplate":"https:\/\/www.pm.pb.gov.br\/portal\/?s={search_term_string}"},"query-input":"required name=search_term_string"}],"inLanguage":"pt-BR"},{"@type":"Organization","@id":"https:\/\/www.pm.pb.gov.br\/portal\/#organization","name":"Pol\u00edcia Militar da Para\u00edba","url":"https:\/\/www.pm.pb.gov.br\/portal\/","logo":{"@type":"ImageObject","inLanguage":"pt-BR","@id":"https:\/\/www.pm.pb.gov.br\/portal\/#\/schema\/logo\/image\/","url":"https:\/\/www.pm.pb.gov.br\/portal\/wp-content\/uploads\/2025\/03\/cropped-logo-site-mag2-1.png","contentUrl":"https:\/\/www.pm.pb.gov.br\/portal\/wp-content\/uploads\/2025\/03\/cropped-logo-site-mag2-1.png","width":320,"height":90,"caption":"Pol\u00edcia Militar da Para\u00edba"},"image":{"@id":"https:\/\/www.pm.pb.gov.br\/portal\/#\/schema\/logo\/image\/"}},{"@type":"Person","@id":"https:\/\/www.pm.pb.gov.br\/portal\/#\/schema\/person\/e8454f46651c3ecf0e1ba3c1666d9947","name":"Assessoria de Imprensa da PMPB","image":{"@type":"ImageObject","inLanguage":"pt-BR","@id":"https:\/\/www.pm.pb.gov.br\/portal\/#\/schema\/person\/image\/","url":"https:\/\/secure.gravatar.com\/avatar\/2efe197438265d1e90bd98c4c8e1acf8?s=96&d=mm&r=g","contentUrl":"https:\/\/secure.gravatar.com\/avatar\/2efe197438265d1e90bd98c4c8e1acf8?s=96&d=mm&r=g","caption":"Assessoria de Imprensa da PMPB"},"url":"https:\/\/www.pm.pb.gov.br\/portal\/author\/assessoria\/"}]}},"_links":{"self":[{"href":"https:\/\/www.pm.pb.gov.br\/portal\/wp-json\/wp\/v2\/posts\/8084"}],"collection":[{"href":"https:\/\/www.pm.pb.gov.br\/portal\/wp-json\/wp\/v2\/posts"}],"about":[{"href":"https:\/\/www.pm.pb.gov.br\/portal\/wp-json\/wp\/v2\/types\/post"}],"author":[{"embeddable":true,"href":"https:\/\/www.pm.pb.gov.br\/portal\/wp-json\/wp\/v2\/users\/5"}],"replies":[{"embeddable":true,"href":"https:\/\/www.pm.pb.gov.br\/portal\/wp-json\/wp\/v2\/comments?post=8084"}],"version-history":[{"count":0,"href":"https:\/\/www.pm.pb.gov.br\/portal\/wp-json\/wp\/v2\/posts\/8084\/revisions"}],"wp:featuredmedia":[{"embeddable":true,"href":"https:\/\/www.pm.pb.gov.br\/portal\/wp-json\/wp\/v2\/media\/10455"}],"wp:attachment":[{"href":"https:\/\/www.pm.pb.gov.br\/portal\/wp-json\/wp\/v2\/media?parent=8084"}],"wp:term":[{"taxonomy":"category","embeddable":true,"href":"https:\/\/www.pm.pb.gov.br\/portal\/wp-json\/wp\/v2\/categories?post=8084"},{"taxonomy":"post_tag","embeddable":true,"href":"https:\/\/www.pm.pb.gov.br\/portal\/wp-json\/wp\/v2\/tags?post=8084"}],"curies":[{"name":"wp","href":"https:\/\/api.w.org\/{rel}","templated":true}]}}