{"id":8083,"date":"2013-05-20T17:05:51","date_gmt":"2013-05-20T20:05:51","guid":{"rendered":"http:\/\/www.pm.pb.gov.br\/portal\/2013\/05\/hospital_edson_ramalho_realiza_cirurgia_inedita_no_estado\/"},"modified":"2013-05-20T17:05:51","modified_gmt":"2013-05-20T20:05:51","slug":"hospital_edson_ramalho_realiza_cirurgia_inedita_no_estado","status":"publish","type":"post","link":"https:\/\/www.pm.pb.gov.br\/portal\/2013\/05\/20\/hospital_edson_ramalho_realiza_cirurgia_inedita_no_estado\/","title":{"rendered":"Hospital Edson Ramalho realiza cirurgia in\u00e9dita no Estado"},"content":{"rendered":"<figure style=\"width: 500px\" class=\"wp-caption alignnone\"><img decoding=\"async\" class=\"alignnone size-medium\" src=\"http:\/\/www.pm.pb.gov.br\/portal\/wp-content\/uploads\/2013\/05\/8083_10454.jpg\" title=\"Hospital Edson Ramalho\" width=\"100%\" \/><figcaption class=\"wp-caption-text\">Hospital Edson Ramalho<\/figcaption><\/figure>\n<div style=\"text-align: justify;\">Pessoas fumantes e etilistas que apresentam rouquid\u00e3o prolongada s\u00e3o o perfil do paciente com c\u00e2ncer de laringe. Em casos iniciais, o tratamento pode ser menos agressivo e o paciente pode ter sua voz preservada. Entretanto, nos casos mais avan\u00e7ados, faz-se necess\u00e1ria a remo\u00e7\u00e3o cir\u00fargica de toda a laringe, o \u00f3rg\u00e3o respons\u00e1vel pela voz. Com a perda da laringe, cria-se a necessidade de reabilita\u00e7\u00e3o da comunica\u00e7\u00e3o verbal e reinser\u00e7\u00e3o do paciente na comunidade.<\/p>\n<p>Na \u00faltima quinta-feira, dia 16 de maio, no Hospital Edson Ramalho, a equipe composta pelo Cirurgi\u00e3o de Cabe\u00e7a e Pesco\u00e7o, Jo\u00e3o Paulo de Medeiros Vanderlei e a fonoaudi\u00f3loga,   Vivian Lisboa de Lucena, realizaram o sonho de dois pacientes que tiveram suas laringes removidas cirurgicamente devido ao C\u00e2ncer. Pela primeira vez no Estado, Foram instaladas pr\u00f3teses vocais que permitiram que os pacientes voltassem se comunicar com suas fam\u00edlias e amigos.<\/p>\n<p>Para o diretor geral do Hospital Edson Ramalho, coronel Thealmam Queiroz, este \u00e9 mais um procedimento de muito orgulho e de alta complexidade para os que fazem aquela casa de sa\u00fade, que vem paulatinamente conquistando renova\u00e7\u00e3o, e qualidade na \u00e1rea de sa\u00fade. Ele tamb\u00e9m destacou a qualidade e capacidade da equipe m\u00e9dica envolvida nos procedimentos m\u00e9dicos.<\/p>\n<p>Segundo Jo\u00e3o Paulo, o procedimento \u00e9 simples e relativamente r\u00e1pido, por\u00e9m exige pericia t\u00e9cnica conseguida atrav\u00e9s de treinamento em Resid\u00eancia M\u00e9dica. As pr\u00f3teses tamb\u00e9m requerem treinamento do paciente quanto ao uso e cuidados na manuten\u00e7\u00e3o. A dura\u00e7\u00e3o m\u00e9dia dessas pr\u00f3teses varia bastante, em m\u00e9dia, se bem cuidadas duram 8 meses, mas podem durar bem mais, e a troca pode ser feita no consult\u00f3rio, sem a necessidade de nova  cirurgia ou anestesia.<\/p>\n<p>No dia seguinte a cirurgia, mesmo com o edema provocado pelo procedimento, ambos os pacientes j\u00e1 retomaram o treinamento para usar a pr\u00f3tese. A fonoaudi\u00f3loga Vivian Lucena comemorou com os pacientes suas primeiras palavras. Para que pudessem iniciar a fala ap\u00f3s a cirurgia, os pacientes foram submetidos h\u00e1 um treinamento espec\u00edfico, levando em considera\u00e7\u00e3o toda t\u00e9cnica necess\u00e1ria para reabilita\u00e7\u00e3o e que iniciou antes mesmo da cirurgia.<\/p>\n<p>Esses pacientes ainda necessitam de tratamento fonoaudiol\u00f3gico por um longo per\u00edodo para uma melhora da qualidade da voz e inteligibilidade da fala, mas o resultado inicial j\u00e1 mostra que a ressocializa\u00e7\u00e3o \u00e9 quase instant\u00e2nea.<br \/>\nA equipe ressalta que o tempo decorrido da laringectomia (cirurgia para remo\u00e7\u00e3o da laringe) n\u00e3o impede a instala\u00e7\u00e3o da pr\u00f3tese e a reabilita\u00e7\u00e3o do paciente. Um dos pacientes que era locutor esportivo j\u00e1 havia perdido a laringe h\u00e1 2 anos e o outro h\u00e1 6 meses.<\/p>\n<p>\u0093A pr\u00f3tese \u00e9 feita de silicone e n\u00e3o oferece agress\u00e3o ao organismo do paciente, n\u00e3o h\u00e1 relato na literatura de rejei\u00e7\u00e3o e, praticamente todos os pacientes laringectomizados podem ser reabilitados por esse m\u00e9todo, mesmo os que fizeram a cirurgia h\u00e1 longa data ou necessitaram fazer radioterapia ap\u00f3s as laringectomias\u0094,<br \/>\ninforma  Jo\u00e3o Paulo.<\/p>\n<p>\u0093H\u00e1 bastante tempo, procurava reabilitar nossos pacientes laringectomizados com as pr\u00f3teses vocais, mas sempre encontrava dificuldades. Existem outras formas de reabilita\u00e7\u00e3o, por\u00e9m a pr\u00f3tese \u00e9 a que estabelece a melhor qualidade da voz e satisfa\u00e7\u00e3o dos pacientes. Espero que muitos outros pacientes possam realizar seus sonhos\u0094 relata  Vivian Lisboa.<\/p>\n<p>A equipe espera agora poder contar com o apoio do governo do Estado e principalmente das prefeituras para custearem a aquisi\u00e7\u00e3o das pr\u00f3teses.<\/p>\n<p>A dire\u00e7\u00e3o do Hospital Edson Ramalho propiciou o ambiente e parte dos equipamentos para a execu\u00e7\u00e3o do procedimento, a prefeitura da cidade de um dos pacientes custeou uma das pr\u00f3teses e a outra foi comprada pelo pr\u00f3prio paciente.<\/p>\n<p>Os fornecedores das pr\u00f3teses, a MZ medical e a Atos Medical doaram \u00e0 equipe o material especial necess\u00e1rio a instala\u00e7\u00e3o das pr\u00f3teses e seus representantes nacional, Jose Cruz e da America Latina, Patrick Lijekvist, al\u00e9m da fonoaudi\u00f3loga da empresa,  Andrea Maduro vieram pessoalmente acompanhar as cirurgias e o in\u00edcio da reabilita\u00e7\u00e3o in\u00e9ditas no Estado.<\/p>\n<div class=\"row\" align=\"center\"><\/div>\n<\/div>\n","protected":false},"excerpt":{"rendered":"<p>Pessoas fumantes e etilistas que apresentam rouquid\u00e3o prolongada s\u00e3o o perfil do paciente com c\u00e2ncer de laringe. Em casos iniciais,<\/p>\n","protected":false},"author":5,"featured_media":10454,"comment_status":"closed","ping_status":"closed","sticky":false,"template":"","format":"standard","meta":{"_exactmetrics_skip_tracking":false,"_exactmetrics_sitenote_active":false,"_exactmetrics_sitenote_note":"","_exactmetrics_sitenote_category":0,"footnotes":""},"categories":[15],"tags":[],"yoast_head":"<!-- This site is optimized with the Yoast SEO plugin v22.0 - https:\/\/yoast.com\/wordpress\/plugins\/seo\/ -->\n<title>Hospital Edson Ramalho realiza cirurgia in\u00e9dita no Estado - Pol\u00edcia Militar da Para\u00edba<\/title>\n<meta name=\"robots\" content=\"index, follow, max-snippet:-1, max-image-preview:large, max-video-preview:-1\" \/>\n<link rel=\"canonical\" href=\"https:\/\/www.pm.pb.gov.br\/portal\/2013\/05\/20\/hospital_edson_ramalho_realiza_cirurgia_inedita_no_estado\/\" \/>\n<meta property=\"og:locale\" content=\"pt_BR\" \/>\n<meta property=\"og:type\" content=\"article\" \/>\n<meta property=\"og:title\" content=\"Hospital Edson Ramalho realiza cirurgia in\u00e9dita no Estado - Pol\u00edcia Militar da Para\u00edba\" \/>\n<meta property=\"og:description\" content=\"Pessoas fumantes e etilistas que apresentam rouquid\u00e3o prolongada s\u00e3o o perfil do paciente com c\u00e2ncer de laringe. Em casos iniciais,\" \/>\n<meta property=\"og:url\" content=\"https:\/\/www.pm.pb.gov.br\/portal\/2013\/05\/20\/hospital_edson_ramalho_realiza_cirurgia_inedita_no_estado\/\" \/>\n<meta property=\"og:site_name\" content=\"Pol\u00edcia Militar da Para\u00edba\" \/>\n<meta property=\"article:published_time\" content=\"2013-05-20T20:05:51+00:00\" \/>\n<meta property=\"og:image\" content=\"https:\/\/www.pm.pb.gov.br\/portal\/wp-content\/uploads\/2013\/05\/8083_10454.jpg\" \/>\n\t<meta property=\"og:image:width\" content=\"500\" \/>\n\t<meta property=\"og:image:height\" content=\"307\" \/>\n\t<meta property=\"og:image:type\" content=\"image\/jpeg\" \/>\n<meta name=\"author\" content=\"Assessoria de Imprensa da PMPB\" \/>\n<meta name=\"twitter:card\" content=\"summary_large_image\" \/>\n<meta name=\"twitter:label1\" content=\"Escrito por\" \/>\n\t<meta name=\"twitter:data1\" content=\"Assessoria de Imprensa da PMPB\" \/>\n\t<meta name=\"twitter:label2\" content=\"Est. tempo de leitura\" \/>\n\t<meta name=\"twitter:data2\" content=\"4 minutos\" \/>\n<script type=\"application\/ld+json\" class=\"yoast-schema-graph\">{\"@context\":\"https:\/\/schema.org\",\"@graph\":[{\"@type\":\"Article\",\"@id\":\"https:\/\/www.pm.pb.gov.br\/portal\/2013\/05\/20\/hospital_edson_ramalho_realiza_cirurgia_inedita_no_estado\/#article\",\"isPartOf\":{\"@id\":\"https:\/\/www.pm.pb.gov.br\/portal\/2013\/05\/20\/hospital_edson_ramalho_realiza_cirurgia_inedita_no_estado\/\"},\"author\":{\"name\":\"Assessoria de Imprensa da PMPB\",\"@id\":\"https:\/\/www.pm.pb.gov.br\/portal\/#\/schema\/person\/e8454f46651c3ecf0e1ba3c1666d9947\"},\"headline\":\"Hospital Edson Ramalho realiza cirurgia in\u00e9dita no Estado\",\"datePublished\":\"2013-05-20T20:05:51+00:00\",\"dateModified\":\"2013-05-20T20:05:51+00:00\",\"mainEntityOfPage\":{\"@id\":\"https:\/\/www.pm.pb.gov.br\/portal\/2013\/05\/20\/hospital_edson_ramalho_realiza_cirurgia_inedita_no_estado\/\"},\"wordCount\":724,\"publisher\":{\"@id\":\"https:\/\/www.pm.pb.gov.br\/portal\/#organization\"},\"articleSection\":[\"Informativo\"],\"inLanguage\":\"pt-BR\"},{\"@type\":\"WebPage\",\"@id\":\"https:\/\/www.pm.pb.gov.br\/portal\/2013\/05\/20\/hospital_edson_ramalho_realiza_cirurgia_inedita_no_estado\/\",\"url\":\"https:\/\/www.pm.pb.gov.br\/portal\/2013\/05\/20\/hospital_edson_ramalho_realiza_cirurgia_inedita_no_estado\/\",\"name\":\"Hospital Edson Ramalho realiza cirurgia in\u00e9dita no Estado - Pol\u00edcia Militar da Para\u00edba\",\"isPartOf\":{\"@id\":\"https:\/\/www.pm.pb.gov.br\/portal\/#website\"},\"datePublished\":\"2013-05-20T20:05:51+00:00\",\"dateModified\":\"2013-05-20T20:05:51+00:00\",\"breadcrumb\":{\"@id\":\"https:\/\/www.pm.pb.gov.br\/portal\/2013\/05\/20\/hospital_edson_ramalho_realiza_cirurgia_inedita_no_estado\/#breadcrumb\"},\"inLanguage\":\"pt-BR\",\"potentialAction\":[{\"@type\":\"ReadAction\",\"target\":[\"https:\/\/www.pm.pb.gov.br\/portal\/2013\/05\/20\/hospital_edson_ramalho_realiza_cirurgia_inedita_no_estado\/\"]}]},{\"@type\":\"BreadcrumbList\",\"@id\":\"https:\/\/www.pm.pb.gov.br\/portal\/2013\/05\/20\/hospital_edson_ramalho_realiza_cirurgia_inedita_no_estado\/#breadcrumb\",\"itemListElement\":[{\"@type\":\"ListItem\",\"position\":1,\"name\":\"In\u00edcio\",\"item\":\"https:\/\/www.pm.pb.gov.br\/portal\/\"},{\"@type\":\"ListItem\",\"position\":2,\"name\":\"Hospital Edson Ramalho realiza cirurgia in\u00e9dita no Estado\"}]},{\"@type\":\"WebSite\",\"@id\":\"https:\/\/www.pm.pb.gov.br\/portal\/#website\",\"url\":\"https:\/\/www.pm.pb.gov.br\/portal\/\",\"name\":\"Pol\u00edcia Militar da Para\u00edba\",\"description\":\"\",\"publisher\":{\"@id\":\"https:\/\/www.pm.pb.gov.br\/portal\/#organization\"},\"potentialAction\":[{\"@type\":\"SearchAction\",\"target\":{\"@type\":\"EntryPoint\",\"urlTemplate\":\"https:\/\/www.pm.pb.gov.br\/portal\/?s={search_term_string}\"},\"query-input\":\"required name=search_term_string\"}],\"inLanguage\":\"pt-BR\"},{\"@type\":\"Organization\",\"@id\":\"https:\/\/www.pm.pb.gov.br\/portal\/#organization\",\"name\":\"Pol\u00edcia Militar da Para\u00edba\",\"url\":\"https:\/\/www.pm.pb.gov.br\/portal\/\",\"logo\":{\"@type\":\"ImageObject\",\"inLanguage\":\"pt-BR\",\"@id\":\"https:\/\/www.pm.pb.gov.br\/portal\/#\/schema\/logo\/image\/\",\"url\":\"https:\/\/www.pm.pb.gov.br\/portal\/wp-content\/uploads\/2025\/03\/cropped-logo-site-mag2-1.png\",\"contentUrl\":\"https:\/\/www.pm.pb.gov.br\/portal\/wp-content\/uploads\/2025\/03\/cropped-logo-site-mag2-1.png\",\"width\":320,\"height\":90,\"caption\":\"Pol\u00edcia Militar da Para\u00edba\"},\"image\":{\"@id\":\"https:\/\/www.pm.pb.gov.br\/portal\/#\/schema\/logo\/image\/\"}},{\"@type\":\"Person\",\"@id\":\"https:\/\/www.pm.pb.gov.br\/portal\/#\/schema\/person\/e8454f46651c3ecf0e1ba3c1666d9947\",\"name\":\"Assessoria de Imprensa da PMPB\",\"image\":{\"@type\":\"ImageObject\",\"inLanguage\":\"pt-BR\",\"@id\":\"https:\/\/www.pm.pb.gov.br\/portal\/#\/schema\/person\/image\/\",\"url\":\"https:\/\/secure.gravatar.com\/avatar\/2efe197438265d1e90bd98c4c8e1acf8?s=96&d=mm&r=g\",\"contentUrl\":\"https:\/\/secure.gravatar.com\/avatar\/2efe197438265d1e90bd98c4c8e1acf8?s=96&d=mm&r=g\",\"caption\":\"Assessoria de Imprensa da PMPB\"},\"url\":\"https:\/\/www.pm.pb.gov.br\/portal\/author\/assessoria\/\"}]}<\/script>\n<!-- \/ Yoast SEO plugin. -->","yoast_head_json":{"title":"Hospital Edson Ramalho realiza cirurgia in\u00e9dita no Estado - Pol\u00edcia Militar da Para\u00edba","robots":{"index":"index","follow":"follow","max-snippet":"max-snippet:-1","max-image-preview":"max-image-preview:large","max-video-preview":"max-video-preview:-1"},"canonical":"https:\/\/www.pm.pb.gov.br\/portal\/2013\/05\/20\/hospital_edson_ramalho_realiza_cirurgia_inedita_no_estado\/","og_locale":"pt_BR","og_type":"article","og_title":"Hospital Edson Ramalho realiza cirurgia in\u00e9dita no Estado - Pol\u00edcia Militar da Para\u00edba","og_description":"Pessoas fumantes e etilistas que apresentam rouquid\u00e3o prolongada s\u00e3o o perfil do paciente com c\u00e2ncer de laringe. Em casos iniciais,","og_url":"https:\/\/www.pm.pb.gov.br\/portal\/2013\/05\/20\/hospital_edson_ramalho_realiza_cirurgia_inedita_no_estado\/","og_site_name":"Pol\u00edcia Militar da Para\u00edba","article_published_time":"2013-05-20T20:05:51+00:00","og_image":[{"width":500,"height":307,"url":"https:\/\/www.pm.pb.gov.br\/portal\/wp-content\/uploads\/2013\/05\/8083_10454.jpg","type":"image\/jpeg"}],"author":"Assessoria de Imprensa da PMPB","twitter_card":"summary_large_image","twitter_misc":{"Escrito por":"Assessoria de Imprensa da PMPB","Est. tempo de leitura":"4 minutos"},"schema":{"@context":"https:\/\/schema.org","@graph":[{"@type":"Article","@id":"https:\/\/www.pm.pb.gov.br\/portal\/2013\/05\/20\/hospital_edson_ramalho_realiza_cirurgia_inedita_no_estado\/#article","isPartOf":{"@id":"https:\/\/www.pm.pb.gov.br\/portal\/2013\/05\/20\/hospital_edson_ramalho_realiza_cirurgia_inedita_no_estado\/"},"author":{"name":"Assessoria de Imprensa da PMPB","@id":"https:\/\/www.pm.pb.gov.br\/portal\/#\/schema\/person\/e8454f46651c3ecf0e1ba3c1666d9947"},"headline":"Hospital Edson Ramalho realiza cirurgia in\u00e9dita no Estado","datePublished":"2013-05-20T20:05:51+00:00","dateModified":"2013-05-20T20:05:51+00:00","mainEntityOfPage":{"@id":"https:\/\/www.pm.pb.gov.br\/portal\/2013\/05\/20\/hospital_edson_ramalho_realiza_cirurgia_inedita_no_estado\/"},"wordCount":724,"publisher":{"@id":"https:\/\/www.pm.pb.gov.br\/portal\/#organization"},"articleSection":["Informativo"],"inLanguage":"pt-BR"},{"@type":"WebPage","@id":"https:\/\/www.pm.pb.gov.br\/portal\/2013\/05\/20\/hospital_edson_ramalho_realiza_cirurgia_inedita_no_estado\/","url":"https:\/\/www.pm.pb.gov.br\/portal\/2013\/05\/20\/hospital_edson_ramalho_realiza_cirurgia_inedita_no_estado\/","name":"Hospital Edson Ramalho realiza cirurgia in\u00e9dita no Estado - Pol\u00edcia Militar da Para\u00edba","isPartOf":{"@id":"https:\/\/www.pm.pb.gov.br\/portal\/#website"},"datePublished":"2013-05-20T20:05:51+00:00","dateModified":"2013-05-20T20:05:51+00:00","breadcrumb":{"@id":"https:\/\/www.pm.pb.gov.br\/portal\/2013\/05\/20\/hospital_edson_ramalho_realiza_cirurgia_inedita_no_estado\/#breadcrumb"},"inLanguage":"pt-BR","potentialAction":[{"@type":"ReadAction","target":["https:\/\/www.pm.pb.gov.br\/portal\/2013\/05\/20\/hospital_edson_ramalho_realiza_cirurgia_inedita_no_estado\/"]}]},{"@type":"BreadcrumbList","@id":"https:\/\/www.pm.pb.gov.br\/portal\/2013\/05\/20\/hospital_edson_ramalho_realiza_cirurgia_inedita_no_estado\/#breadcrumb","itemListElement":[{"@type":"ListItem","position":1,"name":"In\u00edcio","item":"https:\/\/www.pm.pb.gov.br\/portal\/"},{"@type":"ListItem","position":2,"name":"Hospital Edson Ramalho realiza cirurgia in\u00e9dita no Estado"}]},{"@type":"WebSite","@id":"https:\/\/www.pm.pb.gov.br\/portal\/#website","url":"https:\/\/www.pm.pb.gov.br\/portal\/","name":"Pol\u00edcia Militar da Para\u00edba","description":"","publisher":{"@id":"https:\/\/www.pm.pb.gov.br\/portal\/#organization"},"potentialAction":[{"@type":"SearchAction","target":{"@type":"EntryPoint","urlTemplate":"https:\/\/www.pm.pb.gov.br\/portal\/?s={search_term_string}"},"query-input":"required name=search_term_string"}],"inLanguage":"pt-BR"},{"@type":"Organization","@id":"https:\/\/www.pm.pb.gov.br\/portal\/#organization","name":"Pol\u00edcia Militar da Para\u00edba","url":"https:\/\/www.pm.pb.gov.br\/portal\/","logo":{"@type":"ImageObject","inLanguage":"pt-BR","@id":"https:\/\/www.pm.pb.gov.br\/portal\/#\/schema\/logo\/image\/","url":"https:\/\/www.pm.pb.gov.br\/portal\/wp-content\/uploads\/2025\/03\/cropped-logo-site-mag2-1.png","contentUrl":"https:\/\/www.pm.pb.gov.br\/portal\/wp-content\/uploads\/2025\/03\/cropped-logo-site-mag2-1.png","width":320,"height":90,"caption":"Pol\u00edcia Militar da Para\u00edba"},"image":{"@id":"https:\/\/www.pm.pb.gov.br\/portal\/#\/schema\/logo\/image\/"}},{"@type":"Person","@id":"https:\/\/www.pm.pb.gov.br\/portal\/#\/schema\/person\/e8454f46651c3ecf0e1ba3c1666d9947","name":"Assessoria de Imprensa da PMPB","image":{"@type":"ImageObject","inLanguage":"pt-BR","@id":"https:\/\/www.pm.pb.gov.br\/portal\/#\/schema\/person\/image\/","url":"https:\/\/secure.gravatar.com\/avatar\/2efe197438265d1e90bd98c4c8e1acf8?s=96&d=mm&r=g","contentUrl":"https:\/\/secure.gravatar.com\/avatar\/2efe197438265d1e90bd98c4c8e1acf8?s=96&d=mm&r=g","caption":"Assessoria de Imprensa da PMPB"},"url":"https:\/\/www.pm.pb.gov.br\/portal\/author\/assessoria\/"}]}},"_links":{"self":[{"href":"https:\/\/www.pm.pb.gov.br\/portal\/wp-json\/wp\/v2\/posts\/8083"}],"collection":[{"href":"https:\/\/www.pm.pb.gov.br\/portal\/wp-json\/wp\/v2\/posts"}],"about":[{"href":"https:\/\/www.pm.pb.gov.br\/portal\/wp-json\/wp\/v2\/types\/post"}],"author":[{"embeddable":true,"href":"https:\/\/www.pm.pb.gov.br\/portal\/wp-json\/wp\/v2\/users\/5"}],"replies":[{"embeddable":true,"href":"https:\/\/www.pm.pb.gov.br\/portal\/wp-json\/wp\/v2\/comments?post=8083"}],"version-history":[{"count":0,"href":"https:\/\/www.pm.pb.gov.br\/portal\/wp-json\/wp\/v2\/posts\/8083\/revisions"}],"wp:featuredmedia":[{"embeddable":true,"href":"https:\/\/www.pm.pb.gov.br\/portal\/wp-json\/wp\/v2\/media\/10454"}],"wp:attachment":[{"href":"https:\/\/www.pm.pb.gov.br\/portal\/wp-json\/wp\/v2\/media?parent=8083"}],"wp:term":[{"taxonomy":"category","embeddable":true,"href":"https:\/\/www.pm.pb.gov.br\/portal\/wp-json\/wp\/v2\/categories?post=8083"},{"taxonomy":"post_tag","embeddable":true,"href":"https:\/\/www.pm.pb.gov.br\/portal\/wp-json\/wp\/v2\/tags?post=8083"}],"curies":[{"name":"wp","href":"https:\/\/api.w.org\/{rel}","templated":true}]}}