{"id":7980,"date":"2013-04-23T08:04:42","date_gmt":"2013-04-23T11:04:42","guid":{"rendered":"http:\/\/www.pm.pb.gov.br\/portal\/2013\/04\/radiopatrulha_detem_assaltante_de_onibus_e_recupera_objetos_roubados\/"},"modified":"2013-04-23T08:04:42","modified_gmt":"2013-04-23T11:04:42","slug":"radiopatrulha_detem_assaltante_de_onibus_e_recupera_objetos_roubados","status":"publish","type":"post","link":"https:\/\/www.pm.pb.gov.br\/portal\/2013\/04\/23\/radiopatrulha_detem_assaltante_de_onibus_e_recupera_objetos_roubados\/","title":{"rendered":"R\u00e1diopatrulha det\u00e9m assaltante de \u00f4nibus e recupera objetos roubados"},"content":{"rendered":"<figure style=\"width: 500px\" class=\"wp-caption alignnone\"><img decoding=\"async\" class=\"alignnone size-medium\" src=\"http:\/\/www.pm.pb.gov.br\/portal\/wp-content\/uploads\/2013\/04\/7980_10299.jpg\" title=\"Espingarda calibre 12 foi apreendida com suspeito\" width=\"100%\" \/><figcaption class=\"wp-caption-text\">Espingarda calibre 12 foi apreendida com suspeito<\/figcaption><\/figure>\n<div style=\"text-align: justify;\">A R\u00e1diopatrulha do 2\u00ba Batalh\u00e3o, em Campina Grande, conseguiu prender na noite desta segunda (22) um assaltante de transporte coletivo. Rafael da Silva Santos foi pego quando estava fugindo, ap\u00f3s assaltar passageiro de um \u00f4nibus que circulava pelo bairro Centen\u00e1rio. Com ele, a pol\u00edcia apreendeu uma espingarda calibre 12 e diversos objetos roubados das v\u00edtimas \u0096 como R$ 123 em esp\u00e9cie, sete celulares e dois rel\u00f3gios. Ap\u00f3s o flagrante, Rafael foi levado para a Central de Pol\u00edcia de Campina. <\/p>\n<div class=\"row\" align=\"center\"><\/div>\n<\/div>\n","protected":false},"excerpt":{"rendered":"<p>A R\u00e1diopatrulha do 2\u00ba Batalh\u00e3o, em Campina Grande, conseguiu prender na noite desta segunda (22) um assaltante de transporte coletivo.<\/p>\n","protected":false},"author":5,"featured_media":10299,"comment_status":"closed","ping_status":"closed","sticky":false,"template":"","format":"standard","meta":{"_exactmetrics_skip_tracking":false,"_exactmetrics_sitenote_active":false,"_exactmetrics_sitenote_note":"","_exactmetrics_sitenote_category":0,"footnotes":""},"categories":[4],"tags":[],"yoast_head":"<!-- This site is optimized with the Yoast SEO plugin v22.0 - https:\/\/yoast.com\/wordpress\/plugins\/seo\/ -->\n<title>R\u00e1diopatrulha det\u00e9m assaltante de \u00f4nibus e recupera objetos roubados - Pol\u00edcia Militar da Para\u00edba<\/title>\n<meta name=\"robots\" content=\"index, follow, max-snippet:-1, max-image-preview:large, max-video-preview:-1\" \/>\n<link rel=\"canonical\" href=\"https:\/\/www.pm.pb.gov.br\/portal\/2013\/04\/23\/radiopatrulha_detem_assaltante_de_onibus_e_recupera_objetos_roubados\/\" \/>\n<meta property=\"og:locale\" content=\"pt_BR\" \/>\n<meta property=\"og:type\" content=\"article\" \/>\n<meta property=\"og:title\" content=\"R\u00e1diopatrulha det\u00e9m assaltante de \u00f4nibus e recupera objetos roubados - Pol\u00edcia Militar da Para\u00edba\" \/>\n<meta property=\"og:description\" content=\"A R\u00e1diopatrulha do 2\u00ba Batalh\u00e3o, em Campina Grande, conseguiu prender na noite desta segunda (22) um assaltante de transporte coletivo.\" \/>\n<meta property=\"og:url\" content=\"https:\/\/www.pm.pb.gov.br\/portal\/2013\/04\/23\/radiopatrulha_detem_assaltante_de_onibus_e_recupera_objetos_roubados\/\" \/>\n<meta property=\"og:site_name\" content=\"Pol\u00edcia Militar da Para\u00edba\" \/>\n<meta property=\"article:published_time\" content=\"2013-04-23T11:04:42+00:00\" \/>\n<meta property=\"og:image\" content=\"https:\/\/www.pm.pb.gov.br\/portal\/wp-content\/uploads\/2013\/04\/7980_10299.jpg\" \/>\n\t<meta property=\"og:image:width\" content=\"500\" \/>\n\t<meta property=\"og:image:height\" content=\"375\" \/>\n\t<meta property=\"og:image:type\" content=\"image\/jpeg\" \/>\n<meta name=\"author\" content=\"Assessoria de Imprensa da PMPB\" \/>\n<meta name=\"twitter:card\" content=\"summary_large_image\" \/>\n<meta name=\"twitter:label1\" content=\"Escrito por\" \/>\n\t<meta name=\"twitter:data1\" content=\"Assessoria de Imprensa da PMPB\" \/>\n<script type=\"application\/ld+json\" class=\"yoast-schema-graph\">{\"@context\":\"https:\/\/schema.org\",\"@graph\":[{\"@type\":\"Article\",\"@id\":\"https:\/\/www.pm.pb.gov.br\/portal\/2013\/04\/23\/radiopatrulha_detem_assaltante_de_onibus_e_recupera_objetos_roubados\/#article\",\"isPartOf\":{\"@id\":\"https:\/\/www.pm.pb.gov.br\/portal\/2013\/04\/23\/radiopatrulha_detem_assaltante_de_onibus_e_recupera_objetos_roubados\/\"},\"author\":{\"name\":\"Assessoria de Imprensa da PMPB\",\"@id\":\"https:\/\/www.pm.pb.gov.br\/portal\/#\/schema\/person\/e8454f46651c3ecf0e1ba3c1666d9947\"},\"headline\":\"R\u00e1diopatrulha det\u00e9m assaltante de \u00f4nibus e recupera objetos roubados\",\"datePublished\":\"2013-04-23T11:04:42+00:00\",\"dateModified\":\"2013-04-23T11:04:42+00:00\",\"mainEntityOfPage\":{\"@id\":\"https:\/\/www.pm.pb.gov.br\/portal\/2013\/04\/23\/radiopatrulha_detem_assaltante_de_onibus_e_recupera_objetos_roubados\/\"},\"wordCount\":107,\"publisher\":{\"@id\":\"https:\/\/www.pm.pb.gov.br\/portal\/#organization\"},\"articleSection\":[\"A\u00e7\u00f5es Policiais\"],\"inLanguage\":\"pt-BR\"},{\"@type\":\"WebPage\",\"@id\":\"https:\/\/www.pm.pb.gov.br\/portal\/2013\/04\/23\/radiopatrulha_detem_assaltante_de_onibus_e_recupera_objetos_roubados\/\",\"url\":\"https:\/\/www.pm.pb.gov.br\/portal\/2013\/04\/23\/radiopatrulha_detem_assaltante_de_onibus_e_recupera_objetos_roubados\/\",\"name\":\"R\u00e1diopatrulha det\u00e9m assaltante de \u00f4nibus e recupera objetos roubados - Pol\u00edcia Militar da Para\u00edba\",\"isPartOf\":{\"@id\":\"https:\/\/www.pm.pb.gov.br\/portal\/#website\"},\"datePublished\":\"2013-04-23T11:04:42+00:00\",\"dateModified\":\"2013-04-23T11:04:42+00:00\",\"breadcrumb\":{\"@id\":\"https:\/\/www.pm.pb.gov.br\/portal\/2013\/04\/23\/radiopatrulha_detem_assaltante_de_onibus_e_recupera_objetos_roubados\/#breadcrumb\"},\"inLanguage\":\"pt-BR\",\"potentialAction\":[{\"@type\":\"ReadAction\",\"target\":[\"https:\/\/www.pm.pb.gov.br\/portal\/2013\/04\/23\/radiopatrulha_detem_assaltante_de_onibus_e_recupera_objetos_roubados\/\"]}]},{\"@type\":\"BreadcrumbList\",\"@id\":\"https:\/\/www.pm.pb.gov.br\/portal\/2013\/04\/23\/radiopatrulha_detem_assaltante_de_onibus_e_recupera_objetos_roubados\/#breadcrumb\",\"itemListElement\":[{\"@type\":\"ListItem\",\"position\":1,\"name\":\"In\u00edcio\",\"item\":\"https:\/\/www.pm.pb.gov.br\/portal\/\"},{\"@type\":\"ListItem\",\"position\":2,\"name\":\"R\u00e1diopatrulha det\u00e9m assaltante de \u00f4nibus e recupera objetos roubados\"}]},{\"@type\":\"WebSite\",\"@id\":\"https:\/\/www.pm.pb.gov.br\/portal\/#website\",\"url\":\"https:\/\/www.pm.pb.gov.br\/portal\/\",\"name\":\"Pol\u00edcia Militar da Para\u00edba\",\"description\":\"\",\"publisher\":{\"@id\":\"https:\/\/www.pm.pb.gov.br\/portal\/#organization\"},\"potentialAction\":[{\"@type\":\"SearchAction\",\"target\":{\"@type\":\"EntryPoint\",\"urlTemplate\":\"https:\/\/www.pm.pb.gov.br\/portal\/?s={search_term_string}\"},\"query-input\":\"required name=search_term_string\"}],\"inLanguage\":\"pt-BR\"},{\"@type\":\"Organization\",\"@id\":\"https:\/\/www.pm.pb.gov.br\/portal\/#organization\",\"name\":\"Pol\u00edcia Militar da Para\u00edba\",\"url\":\"https:\/\/www.pm.pb.gov.br\/portal\/\",\"logo\":{\"@type\":\"ImageObject\",\"inLanguage\":\"pt-BR\",\"@id\":\"https:\/\/www.pm.pb.gov.br\/portal\/#\/schema\/logo\/image\/\",\"url\":\"https:\/\/www.pm.pb.gov.br\/portal\/wp-content\/uploads\/2025\/03\/cropped-logo-site-mag2-1.png\",\"contentUrl\":\"https:\/\/www.pm.pb.gov.br\/portal\/wp-content\/uploads\/2025\/03\/cropped-logo-site-mag2-1.png\",\"width\":320,\"height\":90,\"caption\":\"Pol\u00edcia Militar da Para\u00edba\"},\"image\":{\"@id\":\"https:\/\/www.pm.pb.gov.br\/portal\/#\/schema\/logo\/image\/\"}},{\"@type\":\"Person\",\"@id\":\"https:\/\/www.pm.pb.gov.br\/portal\/#\/schema\/person\/e8454f46651c3ecf0e1ba3c1666d9947\",\"name\":\"Assessoria de Imprensa da PMPB\",\"image\":{\"@type\":\"ImageObject\",\"inLanguage\":\"pt-BR\",\"@id\":\"https:\/\/www.pm.pb.gov.br\/portal\/#\/schema\/person\/image\/\",\"url\":\"https:\/\/secure.gravatar.com\/avatar\/2efe197438265d1e90bd98c4c8e1acf8?s=96&d=mm&r=g\",\"contentUrl\":\"https:\/\/secure.gravatar.com\/avatar\/2efe197438265d1e90bd98c4c8e1acf8?s=96&d=mm&r=g\",\"caption\":\"Assessoria de Imprensa da PMPB\"},\"url\":\"https:\/\/www.pm.pb.gov.br\/portal\/author\/assessoria\/\"}]}<\/script>\n<!-- \/ Yoast SEO plugin. -->","yoast_head_json":{"title":"R\u00e1diopatrulha det\u00e9m assaltante de \u00f4nibus e recupera objetos roubados - Pol\u00edcia Militar da Para\u00edba","robots":{"index":"index","follow":"follow","max-snippet":"max-snippet:-1","max-image-preview":"max-image-preview:large","max-video-preview":"max-video-preview:-1"},"canonical":"https:\/\/www.pm.pb.gov.br\/portal\/2013\/04\/23\/radiopatrulha_detem_assaltante_de_onibus_e_recupera_objetos_roubados\/","og_locale":"pt_BR","og_type":"article","og_title":"R\u00e1diopatrulha det\u00e9m assaltante de \u00f4nibus e recupera objetos roubados - Pol\u00edcia Militar da Para\u00edba","og_description":"A R\u00e1diopatrulha do 2\u00ba Batalh\u00e3o, em Campina Grande, conseguiu prender na noite desta segunda (22) um assaltante de transporte coletivo.","og_url":"https:\/\/www.pm.pb.gov.br\/portal\/2013\/04\/23\/radiopatrulha_detem_assaltante_de_onibus_e_recupera_objetos_roubados\/","og_site_name":"Pol\u00edcia Militar da Para\u00edba","article_published_time":"2013-04-23T11:04:42+00:00","og_image":[{"width":500,"height":375,"url":"https:\/\/www.pm.pb.gov.br\/portal\/wp-content\/uploads\/2013\/04\/7980_10299.jpg","type":"image\/jpeg"}],"author":"Assessoria de Imprensa da PMPB","twitter_card":"summary_large_image","twitter_misc":{"Escrito por":"Assessoria de Imprensa da PMPB"},"schema":{"@context":"https:\/\/schema.org","@graph":[{"@type":"Article","@id":"https:\/\/www.pm.pb.gov.br\/portal\/2013\/04\/23\/radiopatrulha_detem_assaltante_de_onibus_e_recupera_objetos_roubados\/#article","isPartOf":{"@id":"https:\/\/www.pm.pb.gov.br\/portal\/2013\/04\/23\/radiopatrulha_detem_assaltante_de_onibus_e_recupera_objetos_roubados\/"},"author":{"name":"Assessoria de Imprensa da PMPB","@id":"https:\/\/www.pm.pb.gov.br\/portal\/#\/schema\/person\/e8454f46651c3ecf0e1ba3c1666d9947"},"headline":"R\u00e1diopatrulha det\u00e9m assaltante de \u00f4nibus e recupera objetos roubados","datePublished":"2013-04-23T11:04:42+00:00","dateModified":"2013-04-23T11:04:42+00:00","mainEntityOfPage":{"@id":"https:\/\/www.pm.pb.gov.br\/portal\/2013\/04\/23\/radiopatrulha_detem_assaltante_de_onibus_e_recupera_objetos_roubados\/"},"wordCount":107,"publisher":{"@id":"https:\/\/www.pm.pb.gov.br\/portal\/#organization"},"articleSection":["A\u00e7\u00f5es Policiais"],"inLanguage":"pt-BR"},{"@type":"WebPage","@id":"https:\/\/www.pm.pb.gov.br\/portal\/2013\/04\/23\/radiopatrulha_detem_assaltante_de_onibus_e_recupera_objetos_roubados\/","url":"https:\/\/www.pm.pb.gov.br\/portal\/2013\/04\/23\/radiopatrulha_detem_assaltante_de_onibus_e_recupera_objetos_roubados\/","name":"R\u00e1diopatrulha det\u00e9m assaltante de \u00f4nibus e recupera objetos roubados - Pol\u00edcia Militar da Para\u00edba","isPartOf":{"@id":"https:\/\/www.pm.pb.gov.br\/portal\/#website"},"datePublished":"2013-04-23T11:04:42+00:00","dateModified":"2013-04-23T11:04:42+00:00","breadcrumb":{"@id":"https:\/\/www.pm.pb.gov.br\/portal\/2013\/04\/23\/radiopatrulha_detem_assaltante_de_onibus_e_recupera_objetos_roubados\/#breadcrumb"},"inLanguage":"pt-BR","potentialAction":[{"@type":"ReadAction","target":["https:\/\/www.pm.pb.gov.br\/portal\/2013\/04\/23\/radiopatrulha_detem_assaltante_de_onibus_e_recupera_objetos_roubados\/"]}]},{"@type":"BreadcrumbList","@id":"https:\/\/www.pm.pb.gov.br\/portal\/2013\/04\/23\/radiopatrulha_detem_assaltante_de_onibus_e_recupera_objetos_roubados\/#breadcrumb","itemListElement":[{"@type":"ListItem","position":1,"name":"In\u00edcio","item":"https:\/\/www.pm.pb.gov.br\/portal\/"},{"@type":"ListItem","position":2,"name":"R\u00e1diopatrulha det\u00e9m assaltante de \u00f4nibus e recupera objetos roubados"}]},{"@type":"WebSite","@id":"https:\/\/www.pm.pb.gov.br\/portal\/#website","url":"https:\/\/www.pm.pb.gov.br\/portal\/","name":"Pol\u00edcia Militar da Para\u00edba","description":"","publisher":{"@id":"https:\/\/www.pm.pb.gov.br\/portal\/#organization"},"potentialAction":[{"@type":"SearchAction","target":{"@type":"EntryPoint","urlTemplate":"https:\/\/www.pm.pb.gov.br\/portal\/?s={search_term_string}"},"query-input":"required name=search_term_string"}],"inLanguage":"pt-BR"},{"@type":"Organization","@id":"https:\/\/www.pm.pb.gov.br\/portal\/#organization","name":"Pol\u00edcia Militar da Para\u00edba","url":"https:\/\/www.pm.pb.gov.br\/portal\/","logo":{"@type":"ImageObject","inLanguage":"pt-BR","@id":"https:\/\/www.pm.pb.gov.br\/portal\/#\/schema\/logo\/image\/","url":"https:\/\/www.pm.pb.gov.br\/portal\/wp-content\/uploads\/2025\/03\/cropped-logo-site-mag2-1.png","contentUrl":"https:\/\/www.pm.pb.gov.br\/portal\/wp-content\/uploads\/2025\/03\/cropped-logo-site-mag2-1.png","width":320,"height":90,"caption":"Pol\u00edcia Militar da Para\u00edba"},"image":{"@id":"https:\/\/www.pm.pb.gov.br\/portal\/#\/schema\/logo\/image\/"}},{"@type":"Person","@id":"https:\/\/www.pm.pb.gov.br\/portal\/#\/schema\/person\/e8454f46651c3ecf0e1ba3c1666d9947","name":"Assessoria de Imprensa da PMPB","image":{"@type":"ImageObject","inLanguage":"pt-BR","@id":"https:\/\/www.pm.pb.gov.br\/portal\/#\/schema\/person\/image\/","url":"https:\/\/secure.gravatar.com\/avatar\/2efe197438265d1e90bd98c4c8e1acf8?s=96&d=mm&r=g","contentUrl":"https:\/\/secure.gravatar.com\/avatar\/2efe197438265d1e90bd98c4c8e1acf8?s=96&d=mm&r=g","caption":"Assessoria de Imprensa da PMPB"},"url":"https:\/\/www.pm.pb.gov.br\/portal\/author\/assessoria\/"}]}},"_links":{"self":[{"href":"https:\/\/www.pm.pb.gov.br\/portal\/wp-json\/wp\/v2\/posts\/7980"}],"collection":[{"href":"https:\/\/www.pm.pb.gov.br\/portal\/wp-json\/wp\/v2\/posts"}],"about":[{"href":"https:\/\/www.pm.pb.gov.br\/portal\/wp-json\/wp\/v2\/types\/post"}],"author":[{"embeddable":true,"href":"https:\/\/www.pm.pb.gov.br\/portal\/wp-json\/wp\/v2\/users\/5"}],"replies":[{"embeddable":true,"href":"https:\/\/www.pm.pb.gov.br\/portal\/wp-json\/wp\/v2\/comments?post=7980"}],"version-history":[{"count":0,"href":"https:\/\/www.pm.pb.gov.br\/portal\/wp-json\/wp\/v2\/posts\/7980\/revisions"}],"wp:featuredmedia":[{"embeddable":true,"href":"https:\/\/www.pm.pb.gov.br\/portal\/wp-json\/wp\/v2\/media\/10299"}],"wp:attachment":[{"href":"https:\/\/www.pm.pb.gov.br\/portal\/wp-json\/wp\/v2\/media?parent=7980"}],"wp:term":[{"taxonomy":"category","embeddable":true,"href":"https:\/\/www.pm.pb.gov.br\/portal\/wp-json\/wp\/v2\/categories?post=7980"},{"taxonomy":"post_tag","embeddable":true,"href":"https:\/\/www.pm.pb.gov.br\/portal\/wp-json\/wp\/v2\/tags?post=7980"}],"curies":[{"name":"wp","href":"https:\/\/api.w.org\/{rel}","templated":true}]}}