{"id":7901,"date":"2013-04-05T15:04:52","date_gmt":"2013-04-05T18:04:52","guid":{"rendered":"http:\/\/www.pm.pb.gov.br\/portal\/2013\/04\/ceatur_reduz_indice_de_criminalidade_em_areas_turisticas\/"},"modified":"2013-04-05T15:04:52","modified_gmt":"2013-04-05T18:04:52","slug":"ceatur_reduz_indice_de_criminalidade_em_areas_turisticas","status":"publish","type":"post","link":"https:\/\/www.pm.pb.gov.br\/portal\/2013\/04\/05\/ceatur_reduz_indice_de_criminalidade_em_areas_turisticas\/","title":{"rendered":"CEATur reduz \u00edndice de criminalidade em \u00e1reas tur\u00edsticas"},"content":{"rendered":"<figure style=\"width: 500px\" class=\"wp-caption alignnone\"><img decoding=\"async\" class=\"alignnone size-medium\" src=\"http:\/\/www.pm.pb.gov.br\/portal\/wp-content\/uploads\/2013\/04\/7901_10156.jpg\" title=\"Vice-governador, R\u00f4mulo Gouveia, representou governador, Ricardo Coutinho (Fotos: Werneck Moreno)\" width=\"100%\" \/><figcaption class=\"wp-caption-text\">Vice-governador, R\u00f4mulo Gouveia, representou governador, Ricardo Coutinho (Fotos: Werneck Moreno)<\/figcaption><\/figure>\n<div style=\"text-align: justify;\">Em apenas dois anos de ativa\u00e7\u00e3o, a Companhia Especializada de Apoio ao Turista (CEATur), da Pol\u00edcia Militar da Para\u00edba, conseguiu reduzir os \u00edndices de criminalidades nas \u00e1reas de interesse tur\u00edstico de Jo\u00e3o Pessoa. Entres os anos 2010 para 2011, a queda no n\u00famero de Crimes Violentos Letais Intencionais (CVLIs) nos bairros do Altiplano, Cabo Branco e Tamba\u00fa chegou a 26%, caindo de 15 para 11 homic\u00eddios.<\/p>\n<p>De 2011 para 2012 (quando foi registrado nove mortes), a tend\u00eancia de queda continuou presente, alcan\u00e7ando o \u00edndice de 18%. \u0093Os investimentos que foram feitos pelo Estado em qualifica\u00e7\u00e3o da tropa, que \u00e9 diferenciada para lidar com o turista, contribu\u00edram para os resultados que temos alcan\u00e7ado tanto na redu\u00e7\u00e3o dos homic\u00eddios como dos Crimes Contra o Patrim\u00f4nio\u0094, comentou o comandante do CEATur, Onieberth Elias.<\/p>\n<p>Segundo ele, os dados mostram que do 2\u00ba semestre de 2011 (no primeiro ainda n\u00e3o era feita essa contabiliza\u00e7\u00e3o) para o mesmo per\u00edodo em 2012, a queda nos crimes patrimoniais chegou a 36,7%, saindo de 166, no primeiro ano, para 105, em 2012. Todos os n\u00fameros da gest\u00e3o da CEATur foram apresentados \u00e0 tropa e autoridades civis e militares, durante solenidade realizada na manh\u00e3 desta sexta-feira (5), no audit\u00f3rio da Empresa Paraibana de Turismo (PBTur) \u0096 na orla de Tamba\u00fa.<\/p>\n<p>Representando o governador do Estado, Ricardo Coutinho, o vice-governador R\u00f4mulo Gouveia prestigiou o evento e destacou o grau de seguran\u00e7a apontado pelos turistas que visitam a Para\u00edba. \u0093Essa companhia tem policiais qualificados e \u00e9 um suporte importante aos turistas brasileiros e estrangeiros que v\u00eam conhecer o nosso Estado\u0094, disse R\u00f4mulo, ao citar pesquisa da Federa\u00e7\u00e3o do Com\u00e9rcio da Para\u00edba (Fecom\u00e9rcio -PB) , que entrevistou 517 turistas, no per\u00edodo de 26 de dezembro de 2012 a 11 de janeiro deste ano, dos quais (379) 73,42% aprovaram a seguran\u00e7a p\u00fablica da Para\u00edba.<\/p>\n<p>A mesma pesquisa ainda mostrou que 96,33% dos entrevistados afirmaram que pretendiam voltar a Regi\u00e3o Metropolitana de Jo\u00e3o Pessoa e 98,07%  que indicariam o local para outros turistas. \u0093A CEATur tem um perfil de aproxima\u00e7\u00e3o e de confian\u00e7a com o turista. Acabo de receber um e-mail de uma pessoa que veio a Para\u00edba e elogiou o policiamento visto aqui. Isso reflete de forma sint\u00e9tica o trabalho qualificado que a CEATur vem realizando\u0094, pontuou o comandante geral da PM, coronel Euller Chaves, ao afirmar que a \u0093CEATur  \u00e9 a atividade de pol\u00edcia ostensiva que pode nos trazer mais desenvolvimento, enquanto Estado\u0094.<\/p>\n<p>\tQualifica\u00e7\u00e3o<\/p>\n<p>A Companhia Especializada de Apoio ao Turista (CEATur)  possui diferenciais que a qualificam para realizar o policiamento tur\u00edstico. Dos 111 policiais (98 homens e 13 mulheres) que integram o seu quadro, 15% (17) s\u00e3o habilitados para falar pelo menos uma l\u00edngua estrangeira.  Todo o efetivo tamb\u00e9m passou por uma capacita\u00e7\u00e3o junto a Empresa Paraibana de Turismo, que envolveu \u00e1reas como: Qualidade do atendimento, Hist\u00f3ria e Geografia da Para\u00edba e Pontos Tur\u00edsticos.<\/p>\n<p>\u0093Hoje a CEATur possui essa dupla fun\u00e7\u00e3o, tanto de policial no sentido da preven\u00e7\u00e3o, como tamb\u00e9m de uma fonte mais orientadora aos cidad\u00e3os que visitam a cidade\u0094, completou Onierbeth Elias.  A CEATur, oficialmente ativada em 21 de mar\u00e7o de 2011, \u00e9 respons\u00e1vel pelo policiamento nos bairros de Tamba\u00fa, Cabo Branco e Altiplano. Al\u00e9m deles, o Centro Hist\u00f3rico da capital, Aeroporto Castro Pinto (em Bayeux), a praia do Jacar\u00e9 (em Cabedelo)  e parte do litoral sul.<\/p>\n<div class=\"row\" align=\"center\"><a href=\"http:\/\/www.pm.pb.gov.br\/exportacao\/fotos_noticias\/7901_10157.jpg\"><figure style=\"width: 500px\" class=\"wp-caption alignnone\"><img decoding=\"async\" class=\"image-responsive\" src=\"http:\/\/www.pm.pb.gov.br\/exportacao\/fotos_noticias\/7901_10157.jpg\" title=\"Comandante da CEATur, capit\u00e3o Onieberth, apresentou relat\u00f3rio de gest\u00e3o\" width=\"100%\" \/><figcaption class=\"wp-caption-text\">Comandante da CEATur, capit\u00e3o Onieberth, apresentou relat\u00f3rio de gest\u00e3o<\/figcaption><\/figure><\/a><a href=\"http:\/\/www.pm.pb.gov.br\/exportacao\/fotos_noticias\/7901_10158.jpg\"><figure style=\"width: 500px\" class=\"wp-caption alignnone\"><img decoding=\"async\" class=\"image-responsive\" src=\"http:\/\/www.pm.pb.gov.br\/exportacao\/fotos_noticias\/7901_10158.jpg\" title=\"10 PMs foram homenageados pelos servi\u00e7os prestados\" width=\"100%\" \/><figcaption class=\"wp-caption-text\">10 PMs foram homenageados pelos servi\u00e7os prestados<\/figcaption><\/figure><\/a><a href=\"http:\/\/www.pm.pb.gov.br\/exportacao\/fotos_noticias\/7901_10159.jpg\"><figure style=\"width: 500px\" class=\"wp-caption alignnone\"><img decoding=\"async\" class=\"image-responsive\" src=\"http:\/\/www.pm.pb.gov.br\/exportacao\/fotos_noticias\/7901_10159.jpg\" title=\"Comandante geral, coronel Euller, cumprimentou os agraciados\" width=\"100%\" \/><figcaption class=\"wp-caption-text\">Comandante geral, coronel Euller, cumprimentou os agraciados<\/figcaption><\/figure><\/a><a href=\"http:\/\/www.pm.pb.gov.br\/exportacao\/fotos_noticias\/7901_10160.jpg\"><figure style=\"width: 500px\" class=\"wp-caption alignnone\"><img decoding=\"async\" class=\"image-responsive\" src=\"http:\/\/www.pm.pb.gov.br\/exportacao\/fotos_noticias\/7901_10160.jpg\" title=\"Banda de M\u00fasica acompanhou a solenidade\" width=\"100%\" \/><figcaption class=\"wp-caption-text\">Banda de M\u00fasica acompanhou a solenidade<\/figcaption><\/figure><\/a><a href=\"http:\/\/www.pm.pb.gov.br\/portal\/wp-content\/uploads\/2013\/04\/7901_10161.jpg\"><figure style=\"width: 500px\" class=\"wp-caption alignnone\"><img decoding=\"async\" class=\"image-responsive\" src=\"http:\/\/www.pm.pb.gov.br\/portal\/wp-content\/uploads\/2013\/04\/7901_10161.jpg\" title=\"Diversas autoridades civis e militares participaram do evento\" width=\"100%\" \/><figcaption class=\"wp-caption-text\">Diversas autoridades civis e militares participaram do evento<\/figcaption><\/figure><\/a><\/div>\n<\/div>\n","protected":false},"excerpt":{"rendered":"<p>Em apenas dois anos de ativa\u00e7\u00e3o, a Companhia Especializada de Apoio ao Turista (CEATur), da Pol\u00edcia Militar da Para\u00edba, conseguiu<\/p>\n","protected":false},"author":5,"featured_media":10156,"comment_status":"closed","ping_status":"closed","sticky":false,"template":"","format":"standard","meta":{"_exactmetrics_skip_tracking":false,"_exactmetrics_sitenote_active":false,"_exactmetrics_sitenote_note":"","_exactmetrics_sitenote_category":0,"footnotes":""},"categories":[4],"tags":[],"yoast_head":"<!-- This site is optimized with the Yoast SEO plugin v22.0 - https:\/\/yoast.com\/wordpress\/plugins\/seo\/ -->\n<title>CEATur reduz \u00edndice de criminalidade em \u00e1reas tur\u00edsticas - Pol\u00edcia Militar da Para\u00edba<\/title>\n<meta name=\"robots\" content=\"index, follow, max-snippet:-1, max-image-preview:large, max-video-preview:-1\" \/>\n<link rel=\"canonical\" href=\"https:\/\/www.pm.pb.gov.br\/portal\/2013\/04\/05\/ceatur_reduz_indice_de_criminalidade_em_areas_turisticas\/\" \/>\n<meta property=\"og:locale\" content=\"pt_BR\" \/>\n<meta property=\"og:type\" content=\"article\" \/>\n<meta property=\"og:title\" content=\"CEATur reduz \u00edndice de criminalidade em \u00e1reas tur\u00edsticas - Pol\u00edcia Militar da Para\u00edba\" \/>\n<meta property=\"og:description\" content=\"Em apenas dois anos de ativa\u00e7\u00e3o, a Companhia Especializada de Apoio ao Turista (CEATur), da Pol\u00edcia Militar da Para\u00edba, conseguiu\" \/>\n<meta property=\"og:url\" content=\"https:\/\/www.pm.pb.gov.br\/portal\/2013\/04\/05\/ceatur_reduz_indice_de_criminalidade_em_areas_turisticas\/\" \/>\n<meta property=\"og:site_name\" content=\"Pol\u00edcia Militar da Para\u00edba\" \/>\n<meta property=\"article:published_time\" content=\"2013-04-05T18:04:52+00:00\" \/>\n<meta property=\"og:image\" content=\"https:\/\/www.pm.pb.gov.br\/portal\/wp-content\/uploads\/2013\/04\/7901_10156.jpg\" \/>\n\t<meta property=\"og:image:width\" content=\"500\" \/>\n\t<meta property=\"og:image:height\" content=\"333\" \/>\n\t<meta property=\"og:image:type\" content=\"image\/jpeg\" \/>\n<meta name=\"author\" content=\"Assessoria de Imprensa da PMPB\" \/>\n<meta name=\"twitter:card\" content=\"summary_large_image\" \/>\n<meta name=\"twitter:label1\" content=\"Escrito por\" \/>\n\t<meta name=\"twitter:data1\" content=\"Assessoria de Imprensa da PMPB\" \/>\n\t<meta name=\"twitter:label2\" content=\"Est. tempo de leitura\" \/>\n\t<meta name=\"twitter:data2\" content=\"3 minutos\" \/>\n<script type=\"application\/ld+json\" class=\"yoast-schema-graph\">{\"@context\":\"https:\/\/schema.org\",\"@graph\":[{\"@type\":\"Article\",\"@id\":\"https:\/\/www.pm.pb.gov.br\/portal\/2013\/04\/05\/ceatur_reduz_indice_de_criminalidade_em_areas_turisticas\/#article\",\"isPartOf\":{\"@id\":\"https:\/\/www.pm.pb.gov.br\/portal\/2013\/04\/05\/ceatur_reduz_indice_de_criminalidade_em_areas_turisticas\/\"},\"author\":{\"name\":\"Assessoria de Imprensa da PMPB\",\"@id\":\"https:\/\/www.pm.pb.gov.br\/portal\/#\/schema\/person\/e8454f46651c3ecf0e1ba3c1666d9947\"},\"headline\":\"CEATur reduz \u00edndice de criminalidade em \u00e1reas tur\u00edsticas\",\"datePublished\":\"2013-04-05T18:04:52+00:00\",\"dateModified\":\"2013-04-05T18:04:52+00:00\",\"mainEntityOfPage\":{\"@id\":\"https:\/\/www.pm.pb.gov.br\/portal\/2013\/04\/05\/ceatur_reduz_indice_de_criminalidade_em_areas_turisticas\/\"},\"wordCount\":664,\"publisher\":{\"@id\":\"https:\/\/www.pm.pb.gov.br\/portal\/#organization\"},\"articleSection\":[\"A\u00e7\u00f5es Policiais\"],\"inLanguage\":\"pt-BR\"},{\"@type\":\"WebPage\",\"@id\":\"https:\/\/www.pm.pb.gov.br\/portal\/2013\/04\/05\/ceatur_reduz_indice_de_criminalidade_em_areas_turisticas\/\",\"url\":\"https:\/\/www.pm.pb.gov.br\/portal\/2013\/04\/05\/ceatur_reduz_indice_de_criminalidade_em_areas_turisticas\/\",\"name\":\"CEATur reduz \u00edndice de criminalidade em \u00e1reas tur\u00edsticas - Pol\u00edcia Militar da Para\u00edba\",\"isPartOf\":{\"@id\":\"https:\/\/www.pm.pb.gov.br\/portal\/#website\"},\"datePublished\":\"2013-04-05T18:04:52+00:00\",\"dateModified\":\"2013-04-05T18:04:52+00:00\",\"breadcrumb\":{\"@id\":\"https:\/\/www.pm.pb.gov.br\/portal\/2013\/04\/05\/ceatur_reduz_indice_de_criminalidade_em_areas_turisticas\/#breadcrumb\"},\"inLanguage\":\"pt-BR\",\"potentialAction\":[{\"@type\":\"ReadAction\",\"target\":[\"https:\/\/www.pm.pb.gov.br\/portal\/2013\/04\/05\/ceatur_reduz_indice_de_criminalidade_em_areas_turisticas\/\"]}]},{\"@type\":\"BreadcrumbList\",\"@id\":\"https:\/\/www.pm.pb.gov.br\/portal\/2013\/04\/05\/ceatur_reduz_indice_de_criminalidade_em_areas_turisticas\/#breadcrumb\",\"itemListElement\":[{\"@type\":\"ListItem\",\"position\":1,\"name\":\"In\u00edcio\",\"item\":\"https:\/\/www.pm.pb.gov.br\/portal\/\"},{\"@type\":\"ListItem\",\"position\":2,\"name\":\"CEATur reduz \u00edndice de criminalidade em \u00e1reas tur\u00edsticas\"}]},{\"@type\":\"WebSite\",\"@id\":\"https:\/\/www.pm.pb.gov.br\/portal\/#website\",\"url\":\"https:\/\/www.pm.pb.gov.br\/portal\/\",\"name\":\"Pol\u00edcia Militar da Para\u00edba\",\"description\":\"\",\"publisher\":{\"@id\":\"https:\/\/www.pm.pb.gov.br\/portal\/#organization\"},\"potentialAction\":[{\"@type\":\"SearchAction\",\"target\":{\"@type\":\"EntryPoint\",\"urlTemplate\":\"https:\/\/www.pm.pb.gov.br\/portal\/?s={search_term_string}\"},\"query-input\":\"required name=search_term_string\"}],\"inLanguage\":\"pt-BR\"},{\"@type\":\"Organization\",\"@id\":\"https:\/\/www.pm.pb.gov.br\/portal\/#organization\",\"name\":\"Pol\u00edcia Militar da Para\u00edba\",\"url\":\"https:\/\/www.pm.pb.gov.br\/portal\/\",\"logo\":{\"@type\":\"ImageObject\",\"inLanguage\":\"pt-BR\",\"@id\":\"https:\/\/www.pm.pb.gov.br\/portal\/#\/schema\/logo\/image\/\",\"url\":\"https:\/\/www.pm.pb.gov.br\/portal\/wp-content\/uploads\/2025\/03\/cropped-logo-site-mag2-1.png\",\"contentUrl\":\"https:\/\/www.pm.pb.gov.br\/portal\/wp-content\/uploads\/2025\/03\/cropped-logo-site-mag2-1.png\",\"width\":320,\"height\":90,\"caption\":\"Pol\u00edcia Militar da Para\u00edba\"},\"image\":{\"@id\":\"https:\/\/www.pm.pb.gov.br\/portal\/#\/schema\/logo\/image\/\"}},{\"@type\":\"Person\",\"@id\":\"https:\/\/www.pm.pb.gov.br\/portal\/#\/schema\/person\/e8454f46651c3ecf0e1ba3c1666d9947\",\"name\":\"Assessoria de Imprensa da PMPB\",\"image\":{\"@type\":\"ImageObject\",\"inLanguage\":\"pt-BR\",\"@id\":\"https:\/\/www.pm.pb.gov.br\/portal\/#\/schema\/person\/image\/\",\"url\":\"https:\/\/secure.gravatar.com\/avatar\/2efe197438265d1e90bd98c4c8e1acf8?s=96&d=mm&r=g\",\"contentUrl\":\"https:\/\/secure.gravatar.com\/avatar\/2efe197438265d1e90bd98c4c8e1acf8?s=96&d=mm&r=g\",\"caption\":\"Assessoria de Imprensa da PMPB\"},\"url\":\"https:\/\/www.pm.pb.gov.br\/portal\/author\/assessoria\/\"}]}<\/script>\n<!-- \/ Yoast SEO plugin. -->","yoast_head_json":{"title":"CEATur reduz \u00edndice de criminalidade em \u00e1reas tur\u00edsticas - Pol\u00edcia Militar da Para\u00edba","robots":{"index":"index","follow":"follow","max-snippet":"max-snippet:-1","max-image-preview":"max-image-preview:large","max-video-preview":"max-video-preview:-1"},"canonical":"https:\/\/www.pm.pb.gov.br\/portal\/2013\/04\/05\/ceatur_reduz_indice_de_criminalidade_em_areas_turisticas\/","og_locale":"pt_BR","og_type":"article","og_title":"CEATur reduz \u00edndice de criminalidade em \u00e1reas tur\u00edsticas - Pol\u00edcia Militar da Para\u00edba","og_description":"Em apenas dois anos de ativa\u00e7\u00e3o, a Companhia Especializada de Apoio ao Turista (CEATur), da Pol\u00edcia Militar da Para\u00edba, conseguiu","og_url":"https:\/\/www.pm.pb.gov.br\/portal\/2013\/04\/05\/ceatur_reduz_indice_de_criminalidade_em_areas_turisticas\/","og_site_name":"Pol\u00edcia Militar da Para\u00edba","article_published_time":"2013-04-05T18:04:52+00:00","og_image":[{"width":500,"height":333,"url":"https:\/\/www.pm.pb.gov.br\/portal\/wp-content\/uploads\/2013\/04\/7901_10156.jpg","type":"image\/jpeg"}],"author":"Assessoria de Imprensa da PMPB","twitter_card":"summary_large_image","twitter_misc":{"Escrito por":"Assessoria de Imprensa da PMPB","Est. tempo de leitura":"3 minutos"},"schema":{"@context":"https:\/\/schema.org","@graph":[{"@type":"Article","@id":"https:\/\/www.pm.pb.gov.br\/portal\/2013\/04\/05\/ceatur_reduz_indice_de_criminalidade_em_areas_turisticas\/#article","isPartOf":{"@id":"https:\/\/www.pm.pb.gov.br\/portal\/2013\/04\/05\/ceatur_reduz_indice_de_criminalidade_em_areas_turisticas\/"},"author":{"name":"Assessoria de Imprensa da PMPB","@id":"https:\/\/www.pm.pb.gov.br\/portal\/#\/schema\/person\/e8454f46651c3ecf0e1ba3c1666d9947"},"headline":"CEATur reduz \u00edndice de criminalidade em \u00e1reas tur\u00edsticas","datePublished":"2013-04-05T18:04:52+00:00","dateModified":"2013-04-05T18:04:52+00:00","mainEntityOfPage":{"@id":"https:\/\/www.pm.pb.gov.br\/portal\/2013\/04\/05\/ceatur_reduz_indice_de_criminalidade_em_areas_turisticas\/"},"wordCount":664,"publisher":{"@id":"https:\/\/www.pm.pb.gov.br\/portal\/#organization"},"articleSection":["A\u00e7\u00f5es Policiais"],"inLanguage":"pt-BR"},{"@type":"WebPage","@id":"https:\/\/www.pm.pb.gov.br\/portal\/2013\/04\/05\/ceatur_reduz_indice_de_criminalidade_em_areas_turisticas\/","url":"https:\/\/www.pm.pb.gov.br\/portal\/2013\/04\/05\/ceatur_reduz_indice_de_criminalidade_em_areas_turisticas\/","name":"CEATur reduz \u00edndice de criminalidade em \u00e1reas tur\u00edsticas - Pol\u00edcia Militar da Para\u00edba","isPartOf":{"@id":"https:\/\/www.pm.pb.gov.br\/portal\/#website"},"datePublished":"2013-04-05T18:04:52+00:00","dateModified":"2013-04-05T18:04:52+00:00","breadcrumb":{"@id":"https:\/\/www.pm.pb.gov.br\/portal\/2013\/04\/05\/ceatur_reduz_indice_de_criminalidade_em_areas_turisticas\/#breadcrumb"},"inLanguage":"pt-BR","potentialAction":[{"@type":"ReadAction","target":["https:\/\/www.pm.pb.gov.br\/portal\/2013\/04\/05\/ceatur_reduz_indice_de_criminalidade_em_areas_turisticas\/"]}]},{"@type":"BreadcrumbList","@id":"https:\/\/www.pm.pb.gov.br\/portal\/2013\/04\/05\/ceatur_reduz_indice_de_criminalidade_em_areas_turisticas\/#breadcrumb","itemListElement":[{"@type":"ListItem","position":1,"name":"In\u00edcio","item":"https:\/\/www.pm.pb.gov.br\/portal\/"},{"@type":"ListItem","position":2,"name":"CEATur reduz \u00edndice de criminalidade em \u00e1reas tur\u00edsticas"}]},{"@type":"WebSite","@id":"https:\/\/www.pm.pb.gov.br\/portal\/#website","url":"https:\/\/www.pm.pb.gov.br\/portal\/","name":"Pol\u00edcia Militar da Para\u00edba","description":"","publisher":{"@id":"https:\/\/www.pm.pb.gov.br\/portal\/#organization"},"potentialAction":[{"@type":"SearchAction","target":{"@type":"EntryPoint","urlTemplate":"https:\/\/www.pm.pb.gov.br\/portal\/?s={search_term_string}"},"query-input":"required name=search_term_string"}],"inLanguage":"pt-BR"},{"@type":"Organization","@id":"https:\/\/www.pm.pb.gov.br\/portal\/#organization","name":"Pol\u00edcia Militar da Para\u00edba","url":"https:\/\/www.pm.pb.gov.br\/portal\/","logo":{"@type":"ImageObject","inLanguage":"pt-BR","@id":"https:\/\/www.pm.pb.gov.br\/portal\/#\/schema\/logo\/image\/","url":"https:\/\/www.pm.pb.gov.br\/portal\/wp-content\/uploads\/2025\/03\/cropped-logo-site-mag2-1.png","contentUrl":"https:\/\/www.pm.pb.gov.br\/portal\/wp-content\/uploads\/2025\/03\/cropped-logo-site-mag2-1.png","width":320,"height":90,"caption":"Pol\u00edcia Militar da Para\u00edba"},"image":{"@id":"https:\/\/www.pm.pb.gov.br\/portal\/#\/schema\/logo\/image\/"}},{"@type":"Person","@id":"https:\/\/www.pm.pb.gov.br\/portal\/#\/schema\/person\/e8454f46651c3ecf0e1ba3c1666d9947","name":"Assessoria de Imprensa da PMPB","image":{"@type":"ImageObject","inLanguage":"pt-BR","@id":"https:\/\/www.pm.pb.gov.br\/portal\/#\/schema\/person\/image\/","url":"https:\/\/secure.gravatar.com\/avatar\/2efe197438265d1e90bd98c4c8e1acf8?s=96&d=mm&r=g","contentUrl":"https:\/\/secure.gravatar.com\/avatar\/2efe197438265d1e90bd98c4c8e1acf8?s=96&d=mm&r=g","caption":"Assessoria de Imprensa da PMPB"},"url":"https:\/\/www.pm.pb.gov.br\/portal\/author\/assessoria\/"}]}},"_links":{"self":[{"href":"https:\/\/www.pm.pb.gov.br\/portal\/wp-json\/wp\/v2\/posts\/7901"}],"collection":[{"href":"https:\/\/www.pm.pb.gov.br\/portal\/wp-json\/wp\/v2\/posts"}],"about":[{"href":"https:\/\/www.pm.pb.gov.br\/portal\/wp-json\/wp\/v2\/types\/post"}],"author":[{"embeddable":true,"href":"https:\/\/www.pm.pb.gov.br\/portal\/wp-json\/wp\/v2\/users\/5"}],"replies":[{"embeddable":true,"href":"https:\/\/www.pm.pb.gov.br\/portal\/wp-json\/wp\/v2\/comments?post=7901"}],"version-history":[{"count":0,"href":"https:\/\/www.pm.pb.gov.br\/portal\/wp-json\/wp\/v2\/posts\/7901\/revisions"}],"wp:featuredmedia":[{"embeddable":true,"href":"https:\/\/www.pm.pb.gov.br\/portal\/wp-json\/wp\/v2\/media\/10156"}],"wp:attachment":[{"href":"https:\/\/www.pm.pb.gov.br\/portal\/wp-json\/wp\/v2\/media?parent=7901"}],"wp:term":[{"taxonomy":"category","embeddable":true,"href":"https:\/\/www.pm.pb.gov.br\/portal\/wp-json\/wp\/v2\/categories?post=7901"},{"taxonomy":"post_tag","embeddable":true,"href":"https:\/\/www.pm.pb.gov.br\/portal\/wp-json\/wp\/v2\/tags?post=7901"}],"curies":[{"name":"wp","href":"https:\/\/api.w.org\/{rel}","templated":true}]}}