{"id":7250,"date":"2012-11-05T11:11:06","date_gmt":"2012-11-05T14:11:06","guid":{"rendered":"http:\/\/www.pm.pb.gov.br\/portal\/2012\/11\/2_bpm_recupera_caminhao_que_foi_roubado_em_pernambuco\/"},"modified":"2012-11-05T11:11:06","modified_gmt":"2012-11-05T14:11:06","slug":"2_bpm_recupera_caminhao_que_foi_roubado_em_pernambuco","status":"publish","type":"post","link":"https:\/\/www.pm.pb.gov.br\/portal\/2012\/11\/05\/2_bpm_recupera_caminhao_que_foi_roubado_em_pernambuco\/","title":{"rendered":"2\u00ba BPM recupera caminh\u00e3o que foi roubado em Pernambuco"},"content":{"rendered":"<figure style=\"width: 500px\" class=\"wp-caption alignnone\"><img decoding=\"async\" class=\"alignnone size-medium\" src=\"http:\/\/www.pm.pb.gov.br\/portal\/wp-content\/uploads\/2012\/11\/7250_8923.jpg\" title=\"O dono do ve\u00edculo foi at\u00e9 o local e recebeu de volta o ve\u00edculo na presen\u00e7a do delegado\" width=\"100%\" \/><figcaption class=\"wp-caption-text\">O dono do ve\u00edculo foi at\u00e9 o local e recebeu de volta o ve\u00edculo na presen\u00e7a do delegado<\/figcaption><\/figure>\n<div style=\"text-align: justify;\">Policiais da R\u00e1dio Patrulha do 2\u00ba Batalh\u00e3o de Pol\u00edcia Militar (2\u00ba BPM) receberam uma den\u00fancia, neste s\u00e1bado (3), de que havia um caminh\u00e3o abandonado na zona rual de Barra de Santana, no agreste do Estado.  A pol\u00edcia foi at\u00e9 local e recuperou o ve\u00edculo \u0096 que havia sido roubado na \u00faltima ter\u00e7a-feira (30), na cidade de Lajedo, em Pernambuco.<\/p>\n<p>De acordo com o comandante do 2\u00ba BPM, Tenente Coronel Souza Neto, o ve\u00edculo foi encontrado pr\u00f3ximo a um matagal. \u0093Foi enviado um refor\u00e7o policial para fazer buscas na \u00e1rea na tentativa de prender os suspeitos. O dono do ve\u00edculo foi localizado, compareceu ao local e a entrega foi feita com a presen\u00e7a do delegado\u0094.<\/p>\n<p>O dono do ve\u00edculo, o pernambucano Ad\u00e9lcio Guilhermino de Lima, de 34 anos, contou a pol\u00edcia que teve o caminh\u00e3o  roubado entre as cidade de Cachoeirinha e Lajedos (Pernambuco) por quatro homens armados em um carro. Eles teriam levado a v\u00edtima como ref\u00e9m at\u00e9 um s\u00edtio que fica pr\u00f3ximo, onde o motorista foi deixado.<\/p>\n<p>Os policiais militares continuam fazendo rondas pela cidade para tentar identificar suspeitos escondidos na regi\u00e3o.<\/p>\n<div class=\"row\" align=\"center\"><a href=\"http:\/\/www.pm.pb.gov.br\/exportacao\/fotos_noticias\/7250_8924.jpg\"><figure style=\"width: 500px\" class=\"wp-caption alignnone\"><img decoding=\"async\" class=\"image-responsive\" src=\"http:\/\/www.pm.pb.gov.br\/exportacao\/fotos_noticias\/7250_8924.jpg\" title=\"O Caminh\u00e3 estava pr\u00f3ximo a um matagal, em barra de Santa Roza\" width=\"100%\" \/><figcaption class=\"wp-caption-text\">O Caminh\u00e3 estava pr\u00f3ximo a um matagal, em barra de Santa Roza<\/figcaption><\/figure><\/a><a href=\"http:\/\/www.pm.pb.gov.br\/portal\/wp-content\/uploads\/2012\/11\/7250_8925.jpg\"><figure style=\"width: 500px\" class=\"wp-caption alignnone\"><img decoding=\"async\" class=\"image-responsive\" src=\"http:\/\/www.pm.pb.gov.br\/portal\/wp-content\/uploads\/2012\/11\/7250_8925.jpg\" title=\"Atrav\u00e9s de consultas, os policiais descobriram que o ve\u00edculo foi roubado tr\u00eas dias antes\" width=\"100%\" \/><figcaption class=\"wp-caption-text\">Atrav\u00e9s de consultas, os policiais descobriram que o ve\u00edculo foi roubado tr\u00eas dias antes<\/figcaption><\/figure><\/a><\/div>\n<\/div>\n","protected":false},"excerpt":{"rendered":"<p>Policiais da R\u00e1dio Patrulha do 2\u00ba Batalh\u00e3o de Pol\u00edcia Militar (2\u00ba BPM) receberam uma den\u00fancia, neste s\u00e1bado (3), de que<\/p>\n","protected":false},"author":5,"featured_media":8923,"comment_status":"closed","ping_status":"closed","sticky":false,"template":"","format":"standard","meta":{"_exactmetrics_skip_tracking":false,"_exactmetrics_sitenote_active":false,"_exactmetrics_sitenote_note":"","_exactmetrics_sitenote_category":0,"footnotes":""},"categories":[4],"tags":[],"yoast_head":"<!-- This site is optimized with the Yoast SEO plugin v22.0 - https:\/\/yoast.com\/wordpress\/plugins\/seo\/ -->\n<title>2\u00ba BPM recupera caminh\u00e3o que foi roubado em Pernambuco - Pol\u00edcia Militar da Para\u00edba<\/title>\n<meta name=\"robots\" content=\"index, follow, max-snippet:-1, max-image-preview:large, max-video-preview:-1\" \/>\n<link rel=\"canonical\" href=\"https:\/\/www.pm.pb.gov.br\/portal\/2012\/11\/05\/2_bpm_recupera_caminhao_que_foi_roubado_em_pernambuco\/\" \/>\n<meta property=\"og:locale\" content=\"pt_BR\" \/>\n<meta property=\"og:type\" content=\"article\" \/>\n<meta property=\"og:title\" content=\"2\u00ba BPM recupera caminh\u00e3o que foi roubado em Pernambuco - Pol\u00edcia Militar da Para\u00edba\" \/>\n<meta property=\"og:description\" content=\"Policiais da R\u00e1dio Patrulha do 2\u00ba Batalh\u00e3o de Pol\u00edcia Militar (2\u00ba BPM) receberam uma den\u00fancia, neste s\u00e1bado (3), de que\" \/>\n<meta property=\"og:url\" content=\"https:\/\/www.pm.pb.gov.br\/portal\/2012\/11\/05\/2_bpm_recupera_caminhao_que_foi_roubado_em_pernambuco\/\" \/>\n<meta property=\"og:site_name\" content=\"Pol\u00edcia Militar da Para\u00edba\" \/>\n<meta property=\"article:published_time\" content=\"2012-11-05T14:11:06+00:00\" \/>\n<meta property=\"og:image\" content=\"https:\/\/www.pm.pb.gov.br\/portal\/wp-content\/uploads\/2012\/11\/7250_8923.jpg\" \/>\n\t<meta property=\"og:image:width\" content=\"500\" \/>\n\t<meta property=\"og:image:height\" content=\"375\" \/>\n\t<meta property=\"og:image:type\" content=\"image\/jpeg\" \/>\n<meta name=\"author\" content=\"Assessoria de Imprensa da PMPB\" \/>\n<meta name=\"twitter:card\" content=\"summary_large_image\" \/>\n<meta name=\"twitter:label1\" content=\"Escrito por\" \/>\n\t<meta name=\"twitter:data1\" content=\"Assessoria de Imprensa da PMPB\" \/>\n\t<meta name=\"twitter:label2\" content=\"Est. tempo de leitura\" \/>\n\t<meta name=\"twitter:data2\" content=\"1 minuto\" \/>\n<script type=\"application\/ld+json\" class=\"yoast-schema-graph\">{\"@context\":\"https:\/\/schema.org\",\"@graph\":[{\"@type\":\"Article\",\"@id\":\"https:\/\/www.pm.pb.gov.br\/portal\/2012\/11\/05\/2_bpm_recupera_caminhao_que_foi_roubado_em_pernambuco\/#article\",\"isPartOf\":{\"@id\":\"https:\/\/www.pm.pb.gov.br\/portal\/2012\/11\/05\/2_bpm_recupera_caminhao_que_foi_roubado_em_pernambuco\/\"},\"author\":{\"name\":\"Assessoria de Imprensa da PMPB\",\"@id\":\"https:\/\/www.pm.pb.gov.br\/portal\/#\/schema\/person\/e8454f46651c3ecf0e1ba3c1666d9947\"},\"headline\":\"2\u00ba BPM recupera caminh\u00e3o que foi roubado em Pernambuco\",\"datePublished\":\"2012-11-05T14:11:06+00:00\",\"dateModified\":\"2012-11-05T14:11:06+00:00\",\"mainEntityOfPage\":{\"@id\":\"https:\/\/www.pm.pb.gov.br\/portal\/2012\/11\/05\/2_bpm_recupera_caminhao_que_foi_roubado_em_pernambuco\/\"},\"wordCount\":277,\"publisher\":{\"@id\":\"https:\/\/www.pm.pb.gov.br\/portal\/#organization\"},\"articleSection\":[\"A\u00e7\u00f5es Policiais\"],\"inLanguage\":\"pt-BR\"},{\"@type\":\"WebPage\",\"@id\":\"https:\/\/www.pm.pb.gov.br\/portal\/2012\/11\/05\/2_bpm_recupera_caminhao_que_foi_roubado_em_pernambuco\/\",\"url\":\"https:\/\/www.pm.pb.gov.br\/portal\/2012\/11\/05\/2_bpm_recupera_caminhao_que_foi_roubado_em_pernambuco\/\",\"name\":\"2\u00ba BPM recupera caminh\u00e3o que foi roubado em Pernambuco - Pol\u00edcia Militar da Para\u00edba\",\"isPartOf\":{\"@id\":\"https:\/\/www.pm.pb.gov.br\/portal\/#website\"},\"datePublished\":\"2012-11-05T14:11:06+00:00\",\"dateModified\":\"2012-11-05T14:11:06+00:00\",\"breadcrumb\":{\"@id\":\"https:\/\/www.pm.pb.gov.br\/portal\/2012\/11\/05\/2_bpm_recupera_caminhao_que_foi_roubado_em_pernambuco\/#breadcrumb\"},\"inLanguage\":\"pt-BR\",\"potentialAction\":[{\"@type\":\"ReadAction\",\"target\":[\"https:\/\/www.pm.pb.gov.br\/portal\/2012\/11\/05\/2_bpm_recupera_caminhao_que_foi_roubado_em_pernambuco\/\"]}]},{\"@type\":\"BreadcrumbList\",\"@id\":\"https:\/\/www.pm.pb.gov.br\/portal\/2012\/11\/05\/2_bpm_recupera_caminhao_que_foi_roubado_em_pernambuco\/#breadcrumb\",\"itemListElement\":[{\"@type\":\"ListItem\",\"position\":1,\"name\":\"In\u00edcio\",\"item\":\"https:\/\/www.pm.pb.gov.br\/portal\/\"},{\"@type\":\"ListItem\",\"position\":2,\"name\":\"2\u00ba BPM recupera caminh\u00e3o que foi roubado em Pernambuco\"}]},{\"@type\":\"WebSite\",\"@id\":\"https:\/\/www.pm.pb.gov.br\/portal\/#website\",\"url\":\"https:\/\/www.pm.pb.gov.br\/portal\/\",\"name\":\"Pol\u00edcia Militar da Para\u00edba\",\"description\":\"\",\"publisher\":{\"@id\":\"https:\/\/www.pm.pb.gov.br\/portal\/#organization\"},\"potentialAction\":[{\"@type\":\"SearchAction\",\"target\":{\"@type\":\"EntryPoint\",\"urlTemplate\":\"https:\/\/www.pm.pb.gov.br\/portal\/?s={search_term_string}\"},\"query-input\":\"required name=search_term_string\"}],\"inLanguage\":\"pt-BR\"},{\"@type\":\"Organization\",\"@id\":\"https:\/\/www.pm.pb.gov.br\/portal\/#organization\",\"name\":\"Pol\u00edcia Militar da Para\u00edba\",\"url\":\"https:\/\/www.pm.pb.gov.br\/portal\/\",\"logo\":{\"@type\":\"ImageObject\",\"inLanguage\":\"pt-BR\",\"@id\":\"https:\/\/www.pm.pb.gov.br\/portal\/#\/schema\/logo\/image\/\",\"url\":\"https:\/\/www.pm.pb.gov.br\/portal\/wp-content\/uploads\/2025\/03\/cropped-logo-site-mag2-1.png\",\"contentUrl\":\"https:\/\/www.pm.pb.gov.br\/portal\/wp-content\/uploads\/2025\/03\/cropped-logo-site-mag2-1.png\",\"width\":320,\"height\":90,\"caption\":\"Pol\u00edcia Militar da Para\u00edba\"},\"image\":{\"@id\":\"https:\/\/www.pm.pb.gov.br\/portal\/#\/schema\/logo\/image\/\"}},{\"@type\":\"Person\",\"@id\":\"https:\/\/www.pm.pb.gov.br\/portal\/#\/schema\/person\/e8454f46651c3ecf0e1ba3c1666d9947\",\"name\":\"Assessoria de Imprensa da PMPB\",\"image\":{\"@type\":\"ImageObject\",\"inLanguage\":\"pt-BR\",\"@id\":\"https:\/\/www.pm.pb.gov.br\/portal\/#\/schema\/person\/image\/\",\"url\":\"https:\/\/secure.gravatar.com\/avatar\/2efe197438265d1e90bd98c4c8e1acf8?s=96&d=mm&r=g\",\"contentUrl\":\"https:\/\/secure.gravatar.com\/avatar\/2efe197438265d1e90bd98c4c8e1acf8?s=96&d=mm&r=g\",\"caption\":\"Assessoria de Imprensa da PMPB\"},\"url\":\"https:\/\/www.pm.pb.gov.br\/portal\/author\/assessoria\/\"}]}<\/script>\n<!-- \/ Yoast SEO plugin. -->","yoast_head_json":{"title":"2\u00ba BPM recupera caminh\u00e3o que foi roubado em Pernambuco - Pol\u00edcia Militar da Para\u00edba","robots":{"index":"index","follow":"follow","max-snippet":"max-snippet:-1","max-image-preview":"max-image-preview:large","max-video-preview":"max-video-preview:-1"},"canonical":"https:\/\/www.pm.pb.gov.br\/portal\/2012\/11\/05\/2_bpm_recupera_caminhao_que_foi_roubado_em_pernambuco\/","og_locale":"pt_BR","og_type":"article","og_title":"2\u00ba BPM recupera caminh\u00e3o que foi roubado em Pernambuco - Pol\u00edcia Militar da Para\u00edba","og_description":"Policiais da R\u00e1dio Patrulha do 2\u00ba Batalh\u00e3o de Pol\u00edcia Militar (2\u00ba BPM) receberam uma den\u00fancia, neste s\u00e1bado (3), de que","og_url":"https:\/\/www.pm.pb.gov.br\/portal\/2012\/11\/05\/2_bpm_recupera_caminhao_que_foi_roubado_em_pernambuco\/","og_site_name":"Pol\u00edcia Militar da Para\u00edba","article_published_time":"2012-11-05T14:11:06+00:00","og_image":[{"width":500,"height":375,"url":"https:\/\/www.pm.pb.gov.br\/portal\/wp-content\/uploads\/2012\/11\/7250_8923.jpg","type":"image\/jpeg"}],"author":"Assessoria de Imprensa da PMPB","twitter_card":"summary_large_image","twitter_misc":{"Escrito por":"Assessoria de Imprensa da PMPB","Est. tempo de leitura":"1 minuto"},"schema":{"@context":"https:\/\/schema.org","@graph":[{"@type":"Article","@id":"https:\/\/www.pm.pb.gov.br\/portal\/2012\/11\/05\/2_bpm_recupera_caminhao_que_foi_roubado_em_pernambuco\/#article","isPartOf":{"@id":"https:\/\/www.pm.pb.gov.br\/portal\/2012\/11\/05\/2_bpm_recupera_caminhao_que_foi_roubado_em_pernambuco\/"},"author":{"name":"Assessoria de Imprensa da PMPB","@id":"https:\/\/www.pm.pb.gov.br\/portal\/#\/schema\/person\/e8454f46651c3ecf0e1ba3c1666d9947"},"headline":"2\u00ba BPM recupera caminh\u00e3o que foi roubado em Pernambuco","datePublished":"2012-11-05T14:11:06+00:00","dateModified":"2012-11-05T14:11:06+00:00","mainEntityOfPage":{"@id":"https:\/\/www.pm.pb.gov.br\/portal\/2012\/11\/05\/2_bpm_recupera_caminhao_que_foi_roubado_em_pernambuco\/"},"wordCount":277,"publisher":{"@id":"https:\/\/www.pm.pb.gov.br\/portal\/#organization"},"articleSection":["A\u00e7\u00f5es Policiais"],"inLanguage":"pt-BR"},{"@type":"WebPage","@id":"https:\/\/www.pm.pb.gov.br\/portal\/2012\/11\/05\/2_bpm_recupera_caminhao_que_foi_roubado_em_pernambuco\/","url":"https:\/\/www.pm.pb.gov.br\/portal\/2012\/11\/05\/2_bpm_recupera_caminhao_que_foi_roubado_em_pernambuco\/","name":"2\u00ba BPM recupera caminh\u00e3o que foi roubado em Pernambuco - Pol\u00edcia Militar da Para\u00edba","isPartOf":{"@id":"https:\/\/www.pm.pb.gov.br\/portal\/#website"},"datePublished":"2012-11-05T14:11:06+00:00","dateModified":"2012-11-05T14:11:06+00:00","breadcrumb":{"@id":"https:\/\/www.pm.pb.gov.br\/portal\/2012\/11\/05\/2_bpm_recupera_caminhao_que_foi_roubado_em_pernambuco\/#breadcrumb"},"inLanguage":"pt-BR","potentialAction":[{"@type":"ReadAction","target":["https:\/\/www.pm.pb.gov.br\/portal\/2012\/11\/05\/2_bpm_recupera_caminhao_que_foi_roubado_em_pernambuco\/"]}]},{"@type":"BreadcrumbList","@id":"https:\/\/www.pm.pb.gov.br\/portal\/2012\/11\/05\/2_bpm_recupera_caminhao_que_foi_roubado_em_pernambuco\/#breadcrumb","itemListElement":[{"@type":"ListItem","position":1,"name":"In\u00edcio","item":"https:\/\/www.pm.pb.gov.br\/portal\/"},{"@type":"ListItem","position":2,"name":"2\u00ba BPM recupera caminh\u00e3o que foi roubado em Pernambuco"}]},{"@type":"WebSite","@id":"https:\/\/www.pm.pb.gov.br\/portal\/#website","url":"https:\/\/www.pm.pb.gov.br\/portal\/","name":"Pol\u00edcia Militar da Para\u00edba","description":"","publisher":{"@id":"https:\/\/www.pm.pb.gov.br\/portal\/#organization"},"potentialAction":[{"@type":"SearchAction","target":{"@type":"EntryPoint","urlTemplate":"https:\/\/www.pm.pb.gov.br\/portal\/?s={search_term_string}"},"query-input":"required name=search_term_string"}],"inLanguage":"pt-BR"},{"@type":"Organization","@id":"https:\/\/www.pm.pb.gov.br\/portal\/#organization","name":"Pol\u00edcia Militar da Para\u00edba","url":"https:\/\/www.pm.pb.gov.br\/portal\/","logo":{"@type":"ImageObject","inLanguage":"pt-BR","@id":"https:\/\/www.pm.pb.gov.br\/portal\/#\/schema\/logo\/image\/","url":"https:\/\/www.pm.pb.gov.br\/portal\/wp-content\/uploads\/2025\/03\/cropped-logo-site-mag2-1.png","contentUrl":"https:\/\/www.pm.pb.gov.br\/portal\/wp-content\/uploads\/2025\/03\/cropped-logo-site-mag2-1.png","width":320,"height":90,"caption":"Pol\u00edcia Militar da Para\u00edba"},"image":{"@id":"https:\/\/www.pm.pb.gov.br\/portal\/#\/schema\/logo\/image\/"}},{"@type":"Person","@id":"https:\/\/www.pm.pb.gov.br\/portal\/#\/schema\/person\/e8454f46651c3ecf0e1ba3c1666d9947","name":"Assessoria de Imprensa da PMPB","image":{"@type":"ImageObject","inLanguage":"pt-BR","@id":"https:\/\/www.pm.pb.gov.br\/portal\/#\/schema\/person\/image\/","url":"https:\/\/secure.gravatar.com\/avatar\/2efe197438265d1e90bd98c4c8e1acf8?s=96&d=mm&r=g","contentUrl":"https:\/\/secure.gravatar.com\/avatar\/2efe197438265d1e90bd98c4c8e1acf8?s=96&d=mm&r=g","caption":"Assessoria de Imprensa da PMPB"},"url":"https:\/\/www.pm.pb.gov.br\/portal\/author\/assessoria\/"}]}},"_links":{"self":[{"href":"https:\/\/www.pm.pb.gov.br\/portal\/wp-json\/wp\/v2\/posts\/7250"}],"collection":[{"href":"https:\/\/www.pm.pb.gov.br\/portal\/wp-json\/wp\/v2\/posts"}],"about":[{"href":"https:\/\/www.pm.pb.gov.br\/portal\/wp-json\/wp\/v2\/types\/post"}],"author":[{"embeddable":true,"href":"https:\/\/www.pm.pb.gov.br\/portal\/wp-json\/wp\/v2\/users\/5"}],"replies":[{"embeddable":true,"href":"https:\/\/www.pm.pb.gov.br\/portal\/wp-json\/wp\/v2\/comments?post=7250"}],"version-history":[{"count":0,"href":"https:\/\/www.pm.pb.gov.br\/portal\/wp-json\/wp\/v2\/posts\/7250\/revisions"}],"wp:featuredmedia":[{"embeddable":true,"href":"https:\/\/www.pm.pb.gov.br\/portal\/wp-json\/wp\/v2\/media\/8923"}],"wp:attachment":[{"href":"https:\/\/www.pm.pb.gov.br\/portal\/wp-json\/wp\/v2\/media?parent=7250"}],"wp:term":[{"taxonomy":"category","embeddable":true,"href":"https:\/\/www.pm.pb.gov.br\/portal\/wp-json\/wp\/v2\/categories?post=7250"},{"taxonomy":"post_tag","embeddable":true,"href":"https:\/\/www.pm.pb.gov.br\/portal\/wp-json\/wp\/v2\/tags?post=7250"}],"curies":[{"name":"wp","href":"https:\/\/api.w.org\/{rel}","templated":true}]}}