{"id":7240,"date":"2012-10-30T22:10:23","date_gmt":"2012-10-31T01:10:23","guid":{"rendered":"http:\/\/www.pm.pb.gov.br\/portal\/2012\/10\/policiais_do_8_bpm_apreendem_adolescente_acusado_de_homicidio\/"},"modified":"2012-10-30T22:10:23","modified_gmt":"2012-10-31T01:10:23","slug":"policiais_do_8_bpm_apreendem_adolescente_acusado_de_homicidio","status":"publish","type":"post","link":"https:\/\/www.pm.pb.gov.br\/portal\/2012\/10\/30\/policiais_do_8_bpm_apreendem_adolescente_acusado_de_homicidio\/","title":{"rendered":"Policiais do 8\u00ba BPM apreendem adolescente acusado de homic\u00eddio"},"content":{"rendered":"<figure style=\"width: 500px\" class=\"wp-caption alignnone\"><img decoding=\"async\" class=\"alignnone size-medium\" src=\"http:\/\/www.pm.pb.gov.br\/portal\/wp-content\/uploads\/2012\/10\/7240_8909.jpg\" title=\"Objetos supostamente utilizados para cometer o crime\" width=\"100%\" \/><figcaption class=\"wp-caption-text\">Objetos supostamente utilizados para cometer o crime<\/figcaption><\/figure>\n<div style=\"text-align: justify;\">Um a\u00e7\u00e3o conjunta entre policiais militares do 8\u00ba Batalh\u00e3o de Pol\u00edcia Militar (8\u00ba BPM) e Policiais Civis da regional de Itabaiana conseguiu apreender, nesta segunda-feira (29), um adolescente de 16 anos acusado de cometer um homic\u00eddio na cidade de S\u00e3o Jos\u00e9 dos Ramos, no Agreste do Estado. O adolescente foi pego quando se preparava para deixar a cidade onde \u00e9 suspeito de cometer o crime.<\/p>\n<p>De acordo com os policiais que realizaram a apreens\u00e3o, desde o momento em que aconteceu o homic\u00eddio,  no domingo (28), as duas pol\u00edcias vinham buscando informa\u00e7\u00f5es para chegar at\u00e9 o suspeito. Em menos de 24 horas, os policiais localizaram o jovem deixando a cidade em um ve\u00edculo que faz transporte alternativo.<\/p>\n<p>Os policiais interceptaram o carro e apreenderam o adolescente. \u0093Foi ent\u00e3o que ele confessou o crime e mostrou o local onde estava a faca e a pedra utilizadas para matar a v\u00edtima\u0094, informou o subcomandante do 8\u00ba BPM, Major Maxsuel de Lima.<\/p>\n<p>As armas utilizadas no crime juntamente com o adolescente suspeito foram encaminhados para Delegacia de Itabaiana.<\/p>\n<div class=\"row\" align=\"center\"><\/div>\n<\/div>\n","protected":false},"excerpt":{"rendered":"<p>Um a\u00e7\u00e3o conjunta entre policiais militares do 8\u00ba Batalh\u00e3o de Pol\u00edcia Militar (8\u00ba BPM) e Policiais Civis da regional de<\/p>\n","protected":false},"author":5,"featured_media":8909,"comment_status":"closed","ping_status":"closed","sticky":false,"template":"","format":"standard","meta":{"_exactmetrics_skip_tracking":false,"_exactmetrics_sitenote_active":false,"_exactmetrics_sitenote_note":"","_exactmetrics_sitenote_category":0,"footnotes":""},"categories":[4],"tags":[],"yoast_head":"<!-- This site is optimized with the Yoast SEO plugin v22.0 - https:\/\/yoast.com\/wordpress\/plugins\/seo\/ -->\n<title>Policiais do 8\u00ba BPM apreendem adolescente acusado de homic\u00eddio - Pol\u00edcia Militar da Para\u00edba<\/title>\n<meta name=\"robots\" content=\"index, follow, max-snippet:-1, max-image-preview:large, max-video-preview:-1\" \/>\n<link rel=\"canonical\" href=\"https:\/\/www.pm.pb.gov.br\/portal\/2012\/10\/30\/policiais_do_8_bpm_apreendem_adolescente_acusado_de_homicidio\/\" \/>\n<meta property=\"og:locale\" content=\"pt_BR\" \/>\n<meta property=\"og:type\" content=\"article\" \/>\n<meta property=\"og:title\" content=\"Policiais do 8\u00ba BPM apreendem adolescente acusado de homic\u00eddio - Pol\u00edcia Militar da Para\u00edba\" \/>\n<meta property=\"og:description\" content=\"Um a\u00e7\u00e3o conjunta entre policiais militares do 8\u00ba Batalh\u00e3o de Pol\u00edcia Militar (8\u00ba BPM) e Policiais Civis da regional de\" \/>\n<meta property=\"og:url\" content=\"https:\/\/www.pm.pb.gov.br\/portal\/2012\/10\/30\/policiais_do_8_bpm_apreendem_adolescente_acusado_de_homicidio\/\" \/>\n<meta property=\"og:site_name\" content=\"Pol\u00edcia Militar da Para\u00edba\" \/>\n<meta property=\"article:published_time\" content=\"2012-10-31T01:10:23+00:00\" \/>\n<meta property=\"og:image\" content=\"https:\/\/www.pm.pb.gov.br\/portal\/wp-content\/uploads\/2012\/10\/7240_8909.jpg\" \/>\n\t<meta property=\"og:image:width\" content=\"500\" \/>\n\t<meta property=\"og:image:height\" content=\"375\" \/>\n\t<meta property=\"og:image:type\" content=\"image\/jpeg\" \/>\n<meta name=\"author\" content=\"Assessoria de Imprensa da PMPB\" \/>\n<meta name=\"twitter:card\" content=\"summary_large_image\" \/>\n<meta name=\"twitter:label1\" content=\"Escrito por\" \/>\n\t<meta name=\"twitter:data1\" content=\"Assessoria de Imprensa da PMPB\" \/>\n\t<meta name=\"twitter:label2\" content=\"Est. tempo de leitura\" \/>\n\t<meta name=\"twitter:data2\" content=\"1 minuto\" \/>\n<script type=\"application\/ld+json\" class=\"yoast-schema-graph\">{\"@context\":\"https:\/\/schema.org\",\"@graph\":[{\"@type\":\"Article\",\"@id\":\"https:\/\/www.pm.pb.gov.br\/portal\/2012\/10\/30\/policiais_do_8_bpm_apreendem_adolescente_acusado_de_homicidio\/#article\",\"isPartOf\":{\"@id\":\"https:\/\/www.pm.pb.gov.br\/portal\/2012\/10\/30\/policiais_do_8_bpm_apreendem_adolescente_acusado_de_homicidio\/\"},\"author\":{\"name\":\"Assessoria de Imprensa da PMPB\",\"@id\":\"https:\/\/www.pm.pb.gov.br\/portal\/#\/schema\/person\/e8454f46651c3ecf0e1ba3c1666d9947\"},\"headline\":\"Policiais do 8\u00ba BPM apreendem adolescente acusado de homic\u00eddio\",\"datePublished\":\"2012-10-31T01:10:23+00:00\",\"dateModified\":\"2012-10-31T01:10:23+00:00\",\"mainEntityOfPage\":{\"@id\":\"https:\/\/www.pm.pb.gov.br\/portal\/2012\/10\/30\/policiais_do_8_bpm_apreendem_adolescente_acusado_de_homicidio\/\"},\"wordCount\":200,\"publisher\":{\"@id\":\"https:\/\/www.pm.pb.gov.br\/portal\/#organization\"},\"articleSection\":[\"A\u00e7\u00f5es Policiais\"],\"inLanguage\":\"pt-BR\"},{\"@type\":\"WebPage\",\"@id\":\"https:\/\/www.pm.pb.gov.br\/portal\/2012\/10\/30\/policiais_do_8_bpm_apreendem_adolescente_acusado_de_homicidio\/\",\"url\":\"https:\/\/www.pm.pb.gov.br\/portal\/2012\/10\/30\/policiais_do_8_bpm_apreendem_adolescente_acusado_de_homicidio\/\",\"name\":\"Policiais do 8\u00ba BPM apreendem adolescente acusado de homic\u00eddio - Pol\u00edcia Militar da Para\u00edba\",\"isPartOf\":{\"@id\":\"https:\/\/www.pm.pb.gov.br\/portal\/#website\"},\"datePublished\":\"2012-10-31T01:10:23+00:00\",\"dateModified\":\"2012-10-31T01:10:23+00:00\",\"breadcrumb\":{\"@id\":\"https:\/\/www.pm.pb.gov.br\/portal\/2012\/10\/30\/policiais_do_8_bpm_apreendem_adolescente_acusado_de_homicidio\/#breadcrumb\"},\"inLanguage\":\"pt-BR\",\"potentialAction\":[{\"@type\":\"ReadAction\",\"target\":[\"https:\/\/www.pm.pb.gov.br\/portal\/2012\/10\/30\/policiais_do_8_bpm_apreendem_adolescente_acusado_de_homicidio\/\"]}]},{\"@type\":\"BreadcrumbList\",\"@id\":\"https:\/\/www.pm.pb.gov.br\/portal\/2012\/10\/30\/policiais_do_8_bpm_apreendem_adolescente_acusado_de_homicidio\/#breadcrumb\",\"itemListElement\":[{\"@type\":\"ListItem\",\"position\":1,\"name\":\"In\u00edcio\",\"item\":\"https:\/\/www.pm.pb.gov.br\/portal\/\"},{\"@type\":\"ListItem\",\"position\":2,\"name\":\"Policiais do 8\u00ba BPM apreendem adolescente acusado de homic\u00eddio\"}]},{\"@type\":\"WebSite\",\"@id\":\"https:\/\/www.pm.pb.gov.br\/portal\/#website\",\"url\":\"https:\/\/www.pm.pb.gov.br\/portal\/\",\"name\":\"Pol\u00edcia Militar da Para\u00edba\",\"description\":\"\",\"publisher\":{\"@id\":\"https:\/\/www.pm.pb.gov.br\/portal\/#organization\"},\"potentialAction\":[{\"@type\":\"SearchAction\",\"target\":{\"@type\":\"EntryPoint\",\"urlTemplate\":\"https:\/\/www.pm.pb.gov.br\/portal\/?s={search_term_string}\"},\"query-input\":\"required name=search_term_string\"}],\"inLanguage\":\"pt-BR\"},{\"@type\":\"Organization\",\"@id\":\"https:\/\/www.pm.pb.gov.br\/portal\/#organization\",\"name\":\"Pol\u00edcia Militar da Para\u00edba\",\"url\":\"https:\/\/www.pm.pb.gov.br\/portal\/\",\"logo\":{\"@type\":\"ImageObject\",\"inLanguage\":\"pt-BR\",\"@id\":\"https:\/\/www.pm.pb.gov.br\/portal\/#\/schema\/logo\/image\/\",\"url\":\"https:\/\/www.pm.pb.gov.br\/portal\/wp-content\/uploads\/2025\/03\/cropped-logo-site-mag2-1.png\",\"contentUrl\":\"https:\/\/www.pm.pb.gov.br\/portal\/wp-content\/uploads\/2025\/03\/cropped-logo-site-mag2-1.png\",\"width\":320,\"height\":90,\"caption\":\"Pol\u00edcia Militar da Para\u00edba\"},\"image\":{\"@id\":\"https:\/\/www.pm.pb.gov.br\/portal\/#\/schema\/logo\/image\/\"}},{\"@type\":\"Person\",\"@id\":\"https:\/\/www.pm.pb.gov.br\/portal\/#\/schema\/person\/e8454f46651c3ecf0e1ba3c1666d9947\",\"name\":\"Assessoria de Imprensa da PMPB\",\"image\":{\"@type\":\"ImageObject\",\"inLanguage\":\"pt-BR\",\"@id\":\"https:\/\/www.pm.pb.gov.br\/portal\/#\/schema\/person\/image\/\",\"url\":\"https:\/\/secure.gravatar.com\/avatar\/2efe197438265d1e90bd98c4c8e1acf8?s=96&d=mm&r=g\",\"contentUrl\":\"https:\/\/secure.gravatar.com\/avatar\/2efe197438265d1e90bd98c4c8e1acf8?s=96&d=mm&r=g\",\"caption\":\"Assessoria de Imprensa da PMPB\"},\"url\":\"https:\/\/www.pm.pb.gov.br\/portal\/author\/assessoria\/\"}]}<\/script>\n<!-- \/ Yoast SEO plugin. -->","yoast_head_json":{"title":"Policiais do 8\u00ba BPM apreendem adolescente acusado de homic\u00eddio - Pol\u00edcia Militar da Para\u00edba","robots":{"index":"index","follow":"follow","max-snippet":"max-snippet:-1","max-image-preview":"max-image-preview:large","max-video-preview":"max-video-preview:-1"},"canonical":"https:\/\/www.pm.pb.gov.br\/portal\/2012\/10\/30\/policiais_do_8_bpm_apreendem_adolescente_acusado_de_homicidio\/","og_locale":"pt_BR","og_type":"article","og_title":"Policiais do 8\u00ba BPM apreendem adolescente acusado de homic\u00eddio - Pol\u00edcia Militar da Para\u00edba","og_description":"Um a\u00e7\u00e3o conjunta entre policiais militares do 8\u00ba Batalh\u00e3o de Pol\u00edcia Militar (8\u00ba BPM) e Policiais Civis da regional de","og_url":"https:\/\/www.pm.pb.gov.br\/portal\/2012\/10\/30\/policiais_do_8_bpm_apreendem_adolescente_acusado_de_homicidio\/","og_site_name":"Pol\u00edcia Militar da Para\u00edba","article_published_time":"2012-10-31T01:10:23+00:00","og_image":[{"width":500,"height":375,"url":"https:\/\/www.pm.pb.gov.br\/portal\/wp-content\/uploads\/2012\/10\/7240_8909.jpg","type":"image\/jpeg"}],"author":"Assessoria de Imprensa da PMPB","twitter_card":"summary_large_image","twitter_misc":{"Escrito por":"Assessoria de Imprensa da PMPB","Est. tempo de leitura":"1 minuto"},"schema":{"@context":"https:\/\/schema.org","@graph":[{"@type":"Article","@id":"https:\/\/www.pm.pb.gov.br\/portal\/2012\/10\/30\/policiais_do_8_bpm_apreendem_adolescente_acusado_de_homicidio\/#article","isPartOf":{"@id":"https:\/\/www.pm.pb.gov.br\/portal\/2012\/10\/30\/policiais_do_8_bpm_apreendem_adolescente_acusado_de_homicidio\/"},"author":{"name":"Assessoria de Imprensa da PMPB","@id":"https:\/\/www.pm.pb.gov.br\/portal\/#\/schema\/person\/e8454f46651c3ecf0e1ba3c1666d9947"},"headline":"Policiais do 8\u00ba BPM apreendem adolescente acusado de homic\u00eddio","datePublished":"2012-10-31T01:10:23+00:00","dateModified":"2012-10-31T01:10:23+00:00","mainEntityOfPage":{"@id":"https:\/\/www.pm.pb.gov.br\/portal\/2012\/10\/30\/policiais_do_8_bpm_apreendem_adolescente_acusado_de_homicidio\/"},"wordCount":200,"publisher":{"@id":"https:\/\/www.pm.pb.gov.br\/portal\/#organization"},"articleSection":["A\u00e7\u00f5es Policiais"],"inLanguage":"pt-BR"},{"@type":"WebPage","@id":"https:\/\/www.pm.pb.gov.br\/portal\/2012\/10\/30\/policiais_do_8_bpm_apreendem_adolescente_acusado_de_homicidio\/","url":"https:\/\/www.pm.pb.gov.br\/portal\/2012\/10\/30\/policiais_do_8_bpm_apreendem_adolescente_acusado_de_homicidio\/","name":"Policiais do 8\u00ba BPM apreendem adolescente acusado de homic\u00eddio - Pol\u00edcia Militar da Para\u00edba","isPartOf":{"@id":"https:\/\/www.pm.pb.gov.br\/portal\/#website"},"datePublished":"2012-10-31T01:10:23+00:00","dateModified":"2012-10-31T01:10:23+00:00","breadcrumb":{"@id":"https:\/\/www.pm.pb.gov.br\/portal\/2012\/10\/30\/policiais_do_8_bpm_apreendem_adolescente_acusado_de_homicidio\/#breadcrumb"},"inLanguage":"pt-BR","potentialAction":[{"@type":"ReadAction","target":["https:\/\/www.pm.pb.gov.br\/portal\/2012\/10\/30\/policiais_do_8_bpm_apreendem_adolescente_acusado_de_homicidio\/"]}]},{"@type":"BreadcrumbList","@id":"https:\/\/www.pm.pb.gov.br\/portal\/2012\/10\/30\/policiais_do_8_bpm_apreendem_adolescente_acusado_de_homicidio\/#breadcrumb","itemListElement":[{"@type":"ListItem","position":1,"name":"In\u00edcio","item":"https:\/\/www.pm.pb.gov.br\/portal\/"},{"@type":"ListItem","position":2,"name":"Policiais do 8\u00ba BPM apreendem adolescente acusado de homic\u00eddio"}]},{"@type":"WebSite","@id":"https:\/\/www.pm.pb.gov.br\/portal\/#website","url":"https:\/\/www.pm.pb.gov.br\/portal\/","name":"Pol\u00edcia Militar da Para\u00edba","description":"","publisher":{"@id":"https:\/\/www.pm.pb.gov.br\/portal\/#organization"},"potentialAction":[{"@type":"SearchAction","target":{"@type":"EntryPoint","urlTemplate":"https:\/\/www.pm.pb.gov.br\/portal\/?s={search_term_string}"},"query-input":"required name=search_term_string"}],"inLanguage":"pt-BR"},{"@type":"Organization","@id":"https:\/\/www.pm.pb.gov.br\/portal\/#organization","name":"Pol\u00edcia Militar da Para\u00edba","url":"https:\/\/www.pm.pb.gov.br\/portal\/","logo":{"@type":"ImageObject","inLanguage":"pt-BR","@id":"https:\/\/www.pm.pb.gov.br\/portal\/#\/schema\/logo\/image\/","url":"https:\/\/www.pm.pb.gov.br\/portal\/wp-content\/uploads\/2025\/03\/cropped-logo-site-mag2-1.png","contentUrl":"https:\/\/www.pm.pb.gov.br\/portal\/wp-content\/uploads\/2025\/03\/cropped-logo-site-mag2-1.png","width":320,"height":90,"caption":"Pol\u00edcia Militar da Para\u00edba"},"image":{"@id":"https:\/\/www.pm.pb.gov.br\/portal\/#\/schema\/logo\/image\/"}},{"@type":"Person","@id":"https:\/\/www.pm.pb.gov.br\/portal\/#\/schema\/person\/e8454f46651c3ecf0e1ba3c1666d9947","name":"Assessoria de Imprensa da PMPB","image":{"@type":"ImageObject","inLanguage":"pt-BR","@id":"https:\/\/www.pm.pb.gov.br\/portal\/#\/schema\/person\/image\/","url":"https:\/\/secure.gravatar.com\/avatar\/2efe197438265d1e90bd98c4c8e1acf8?s=96&d=mm&r=g","contentUrl":"https:\/\/secure.gravatar.com\/avatar\/2efe197438265d1e90bd98c4c8e1acf8?s=96&d=mm&r=g","caption":"Assessoria de Imprensa da PMPB"},"url":"https:\/\/www.pm.pb.gov.br\/portal\/author\/assessoria\/"}]}},"_links":{"self":[{"href":"https:\/\/www.pm.pb.gov.br\/portal\/wp-json\/wp\/v2\/posts\/7240"}],"collection":[{"href":"https:\/\/www.pm.pb.gov.br\/portal\/wp-json\/wp\/v2\/posts"}],"about":[{"href":"https:\/\/www.pm.pb.gov.br\/portal\/wp-json\/wp\/v2\/types\/post"}],"author":[{"embeddable":true,"href":"https:\/\/www.pm.pb.gov.br\/portal\/wp-json\/wp\/v2\/users\/5"}],"replies":[{"embeddable":true,"href":"https:\/\/www.pm.pb.gov.br\/portal\/wp-json\/wp\/v2\/comments?post=7240"}],"version-history":[{"count":0,"href":"https:\/\/www.pm.pb.gov.br\/portal\/wp-json\/wp\/v2\/posts\/7240\/revisions"}],"wp:featuredmedia":[{"embeddable":true,"href":"https:\/\/www.pm.pb.gov.br\/portal\/wp-json\/wp\/v2\/media\/8909"}],"wp:attachment":[{"href":"https:\/\/www.pm.pb.gov.br\/portal\/wp-json\/wp\/v2\/media?parent=7240"}],"wp:term":[{"taxonomy":"category","embeddable":true,"href":"https:\/\/www.pm.pb.gov.br\/portal\/wp-json\/wp\/v2\/categories?post=7240"},{"taxonomy":"post_tag","embeddable":true,"href":"https:\/\/www.pm.pb.gov.br\/portal\/wp-json\/wp\/v2\/tags?post=7240"}],"curies":[{"name":"wp","href":"https:\/\/api.w.org\/{rel}","templated":true}]}}