{"id":7015,"date":"2012-08-23T11:08:01","date_gmt":"2012-08-23T14:08:01","guid":{"rendered":"http:\/\/www.pm.pb.gov.br\/portal\/2012\/08\/governo_reforca_policiamento_em_areas_indigenas\/"},"modified":"2012-08-23T11:08:01","modified_gmt":"2012-08-23T14:08:01","slug":"governo_reforca_policiamento_em_areas_indigenas","status":"publish","type":"post","link":"https:\/\/www.pm.pb.gov.br\/portal\/2012\/08\/23\/governo_reforca_policiamento_em_areas_indigenas\/","title":{"rendered":"Governo refor\u00e7a policiamento em \u00e1reas ind\u00edgenas"},"content":{"rendered":"<div style=\"text-align: justify;\">Representantes do Governo do Estado se reuniram na tarde desta quarta-feira (22) com caciques de 32 aldeias paraibanas para garantir a\u00e7\u00f5es imediatas de prote\u00e7\u00e3o \u00e0s comunidades ind\u00edgenas do Vale do Mamanguape.<\/p>\n<p>O encontro foi realizado na sede da Procuradoria da Rep\u00fablica e contou com a presen\u00e7a do Chefe de Gabinete do Governador, Waldir Porf\u00edrio, do Secret\u00e1rio Executivo de Seguran\u00e7a, Jean Francisco Bezerra, al\u00e9m de representantes do Minist\u00e9rio P\u00fablico Federal, Conselho Estadual de Direitos Humanos, Pol\u00edcia Federal e Funda\u00e7\u00e3o Nacional do \u00cdndio (Funai).<\/p>\n<p>De acordo com Waldir Porf\u00edrio, algumas a\u00e7\u00f5es imediatas j\u00e1 est\u00e3o sendo tomadas para restaurar a tranquilidade nessas comunidades ind\u00edgenas. \u0093Recebemos os caciques no Pal\u00e1cio da Reden\u00e7\u00e3o e o governador determinou a prote\u00e7\u00e3o imediata dos \u00edndios que est\u00e3o sendo amea\u00e7ados. Ele tamb\u00e9m enviou representantes da Secretaria de Seguran\u00e7a, Comando Geral e Pol\u00edcia Civil para atender as necessidades iniciais nessas \u00e1reas espec\u00edficas.\u0094 informou.<\/p>\n<p>Durante o encontro algumas provid\u00eancias foram sugeridas para serem adotadas de forma imediata, entre elas, a troca e amplia\u00e7\u00e3o do efetivo da patrulha ind\u00edgena, intensifica\u00e7\u00e3o do trabalho de intelig\u00eancia e a cria\u00e7\u00e3o de parcerias interpoderes para combater a criminalidade.<\/p>\n<p>\u0093N\u00f3s est\u00e1vamos trabalhando com essa preocupa\u00e7\u00e3o. H\u00e1 quinze dias realizamos uma vistoria nas delegacias e nos comandos da Policia Militar da localidade para identificar as condi\u00e7\u00f5es reais. Vamos agir com mais energia para garantir a seguran\u00e7a dos moradores da regi\u00e3o\u0094, afirmou o secret\u00e1rio executivo da Seguran\u00e7a e Defesa Social, Jean Francisco Bezerra.<\/p>\n<p>Jean Bezerra disse ainda que nos pr\u00f3ximos dez dias vai se reunir novamente com os representantes do movimento, buscando criar um elo entre as den\u00fancias e o trabalho da Secretaria.<\/p>\n<p>No final da reuni\u00e3o, as autoridades assinaram um termo de recomenda\u00e7\u00e3o apresentado pelo Procurador da Rep\u00fablica, Duciran Farena, com sugest\u00f5es para amplia\u00e7\u00e3o do efetivo policial na regi\u00e3o, cria\u00e7\u00e3o de um canal espec\u00edfico para as den\u00fancias ind\u00edgenas e o aumento nas a\u00e7\u00f5es de intelig\u00eancia para combater o tr\u00e1fico de drogas e a criminalidade.<\/p>\n<p>\u0093As autoridades mostraram boa vontade em rela\u00e7\u00e3o ao problema. Eu espero e confio que as medidas sejam adotadas para minimizar a situa\u00e7\u00e3o da seguran\u00e7a do local.\u0094, disse o procurador.<\/p>\n<div class=\"row\" align=\"center\"><\/div>\n<\/div>\n","protected":false},"excerpt":{"rendered":"<p>Representantes do Governo do Estado se reuniram na tarde desta quarta-feira (22) com caciques de 32 aldeias paraibanas para garantir<\/p>\n","protected":false},"author":5,"featured_media":891333,"comment_status":"closed","ping_status":"closed","sticky":false,"template":"","format":"standard","meta":{"_exactmetrics_skip_tracking":false,"_exactmetrics_sitenote_active":false,"_exactmetrics_sitenote_note":"","_exactmetrics_sitenote_category":0,"footnotes":""},"categories":[4],"tags":[],"yoast_head":"<!-- This site is optimized with the Yoast SEO plugin v22.0 - https:\/\/yoast.com\/wordpress\/plugins\/seo\/ -->\n<title>Governo refor\u00e7a policiamento em \u00e1reas ind\u00edgenas - Pol\u00edcia Militar da Para\u00edba<\/title>\n<meta name=\"robots\" content=\"index, follow, max-snippet:-1, max-image-preview:large, max-video-preview:-1\" \/>\n<link rel=\"canonical\" href=\"https:\/\/www.pm.pb.gov.br\/portal\/2012\/08\/23\/governo_reforca_policiamento_em_areas_indigenas\/\" \/>\n<meta property=\"og:locale\" content=\"pt_BR\" \/>\n<meta property=\"og:type\" content=\"article\" \/>\n<meta property=\"og:title\" content=\"Governo refor\u00e7a policiamento em \u00e1reas ind\u00edgenas - Pol\u00edcia Militar da Para\u00edba\" \/>\n<meta property=\"og:description\" content=\"Representantes do Governo do Estado se reuniram na tarde desta quarta-feira (22) com caciques de 32 aldeias paraibanas para garantir\" \/>\n<meta property=\"og:url\" content=\"https:\/\/www.pm.pb.gov.br\/portal\/2012\/08\/23\/governo_reforca_policiamento_em_areas_indigenas\/\" \/>\n<meta property=\"og:site_name\" content=\"Pol\u00edcia Militar da Para\u00edba\" \/>\n<meta property=\"article:published_time\" content=\"2012-08-23T14:08:01+00:00\" \/>\n<meta property=\"og:image\" content=\"https:\/\/www.pm.pb.gov.br\/portal\/wp-content\/uploads\/2012\/09\/foto_brasao-2.jpg\" \/>\n\t<meta property=\"og:image:width\" content=\"620\" \/>\n\t<meta property=\"og:image:height\" content=\"411\" \/>\n\t<meta property=\"og:image:type\" content=\"image\/jpeg\" \/>\n<meta name=\"author\" content=\"Assessoria de Imprensa da PMPB\" \/>\n<meta name=\"twitter:card\" content=\"summary_large_image\" \/>\n<meta name=\"twitter:label1\" content=\"Escrito por\" \/>\n\t<meta name=\"twitter:data1\" content=\"Assessoria de Imprensa da PMPB\" \/>\n\t<meta name=\"twitter:label2\" content=\"Est. tempo de leitura\" \/>\n\t<meta name=\"twitter:data2\" content=\"2 minutos\" \/>\n<script type=\"application\/ld+json\" class=\"yoast-schema-graph\">{\"@context\":\"https:\/\/schema.org\",\"@graph\":[{\"@type\":\"Article\",\"@id\":\"https:\/\/www.pm.pb.gov.br\/portal\/2012\/08\/23\/governo_reforca_policiamento_em_areas_indigenas\/#article\",\"isPartOf\":{\"@id\":\"https:\/\/www.pm.pb.gov.br\/portal\/2012\/08\/23\/governo_reforca_policiamento_em_areas_indigenas\/\"},\"author\":{\"name\":\"Assessoria de Imprensa da PMPB\",\"@id\":\"https:\/\/www.pm.pb.gov.br\/portal\/#\/schema\/person\/e8454f46651c3ecf0e1ba3c1666d9947\"},\"headline\":\"Governo refor\u00e7a policiamento em \u00e1reas ind\u00edgenas\",\"datePublished\":\"2012-08-23T14:08:01+00:00\",\"dateModified\":\"2012-08-23T14:08:01+00:00\",\"mainEntityOfPage\":{\"@id\":\"https:\/\/www.pm.pb.gov.br\/portal\/2012\/08\/23\/governo_reforca_policiamento_em_areas_indigenas\/\"},\"wordCount\":409,\"publisher\":{\"@id\":\"https:\/\/www.pm.pb.gov.br\/portal\/#organization\"},\"articleSection\":[\"A\u00e7\u00f5es Policiais\"],\"inLanguage\":\"pt-BR\"},{\"@type\":\"WebPage\",\"@id\":\"https:\/\/www.pm.pb.gov.br\/portal\/2012\/08\/23\/governo_reforca_policiamento_em_areas_indigenas\/\",\"url\":\"https:\/\/www.pm.pb.gov.br\/portal\/2012\/08\/23\/governo_reforca_policiamento_em_areas_indigenas\/\",\"name\":\"Governo refor\u00e7a policiamento em \u00e1reas ind\u00edgenas - Pol\u00edcia Militar da Para\u00edba\",\"isPartOf\":{\"@id\":\"https:\/\/www.pm.pb.gov.br\/portal\/#website\"},\"datePublished\":\"2012-08-23T14:08:01+00:00\",\"dateModified\":\"2012-08-23T14:08:01+00:00\",\"breadcrumb\":{\"@id\":\"https:\/\/www.pm.pb.gov.br\/portal\/2012\/08\/23\/governo_reforca_policiamento_em_areas_indigenas\/#breadcrumb\"},\"inLanguage\":\"pt-BR\",\"potentialAction\":[{\"@type\":\"ReadAction\",\"target\":[\"https:\/\/www.pm.pb.gov.br\/portal\/2012\/08\/23\/governo_reforca_policiamento_em_areas_indigenas\/\"]}]},{\"@type\":\"BreadcrumbList\",\"@id\":\"https:\/\/www.pm.pb.gov.br\/portal\/2012\/08\/23\/governo_reforca_policiamento_em_areas_indigenas\/#breadcrumb\",\"itemListElement\":[{\"@type\":\"ListItem\",\"position\":1,\"name\":\"In\u00edcio\",\"item\":\"https:\/\/www.pm.pb.gov.br\/portal\/\"},{\"@type\":\"ListItem\",\"position\":2,\"name\":\"Governo refor\u00e7a policiamento em \u00e1reas ind\u00edgenas\"}]},{\"@type\":\"WebSite\",\"@id\":\"https:\/\/www.pm.pb.gov.br\/portal\/#website\",\"url\":\"https:\/\/www.pm.pb.gov.br\/portal\/\",\"name\":\"Pol\u00edcia Militar da Para\u00edba\",\"description\":\"\",\"publisher\":{\"@id\":\"https:\/\/www.pm.pb.gov.br\/portal\/#organization\"},\"potentialAction\":[{\"@type\":\"SearchAction\",\"target\":{\"@type\":\"EntryPoint\",\"urlTemplate\":\"https:\/\/www.pm.pb.gov.br\/portal\/?s={search_term_string}\"},\"query-input\":\"required name=search_term_string\"}],\"inLanguage\":\"pt-BR\"},{\"@type\":\"Organization\",\"@id\":\"https:\/\/www.pm.pb.gov.br\/portal\/#organization\",\"name\":\"Pol\u00edcia Militar da Para\u00edba\",\"url\":\"https:\/\/www.pm.pb.gov.br\/portal\/\",\"logo\":{\"@type\":\"ImageObject\",\"inLanguage\":\"pt-BR\",\"@id\":\"https:\/\/www.pm.pb.gov.br\/portal\/#\/schema\/logo\/image\/\",\"url\":\"https:\/\/www.pm.pb.gov.br\/portal\/wp-content\/uploads\/2025\/03\/cropped-logo-site-mag2-1.png\",\"contentUrl\":\"https:\/\/www.pm.pb.gov.br\/portal\/wp-content\/uploads\/2025\/03\/cropped-logo-site-mag2-1.png\",\"width\":320,\"height\":90,\"caption\":\"Pol\u00edcia Militar da Para\u00edba\"},\"image\":{\"@id\":\"https:\/\/www.pm.pb.gov.br\/portal\/#\/schema\/logo\/image\/\"}},{\"@type\":\"Person\",\"@id\":\"https:\/\/www.pm.pb.gov.br\/portal\/#\/schema\/person\/e8454f46651c3ecf0e1ba3c1666d9947\",\"name\":\"Assessoria de Imprensa da PMPB\",\"image\":{\"@type\":\"ImageObject\",\"inLanguage\":\"pt-BR\",\"@id\":\"https:\/\/www.pm.pb.gov.br\/portal\/#\/schema\/person\/image\/\",\"url\":\"https:\/\/secure.gravatar.com\/avatar\/2efe197438265d1e90bd98c4c8e1acf8?s=96&d=mm&r=g\",\"contentUrl\":\"https:\/\/secure.gravatar.com\/avatar\/2efe197438265d1e90bd98c4c8e1acf8?s=96&d=mm&r=g\",\"caption\":\"Assessoria de Imprensa da PMPB\"},\"url\":\"https:\/\/www.pm.pb.gov.br\/portal\/author\/assessoria\/\"}]}<\/script>\n<!-- \/ Yoast SEO plugin. -->","yoast_head_json":{"title":"Governo refor\u00e7a policiamento em \u00e1reas ind\u00edgenas - Pol\u00edcia Militar da Para\u00edba","robots":{"index":"index","follow":"follow","max-snippet":"max-snippet:-1","max-image-preview":"max-image-preview:large","max-video-preview":"max-video-preview:-1"},"canonical":"https:\/\/www.pm.pb.gov.br\/portal\/2012\/08\/23\/governo_reforca_policiamento_em_areas_indigenas\/","og_locale":"pt_BR","og_type":"article","og_title":"Governo refor\u00e7a policiamento em \u00e1reas ind\u00edgenas - Pol\u00edcia Militar da Para\u00edba","og_description":"Representantes do Governo do Estado se reuniram na tarde desta quarta-feira (22) com caciques de 32 aldeias paraibanas para garantir","og_url":"https:\/\/www.pm.pb.gov.br\/portal\/2012\/08\/23\/governo_reforca_policiamento_em_areas_indigenas\/","og_site_name":"Pol\u00edcia Militar da Para\u00edba","article_published_time":"2012-08-23T14:08:01+00:00","og_image":[{"width":620,"height":411,"url":"https:\/\/www.pm.pb.gov.br\/portal\/wp-content\/uploads\/2012\/09\/foto_brasao-2.jpg","type":"image\/jpeg"}],"author":"Assessoria de Imprensa da PMPB","twitter_card":"summary_large_image","twitter_misc":{"Escrito por":"Assessoria de Imprensa da PMPB","Est. tempo de leitura":"2 minutos"},"schema":{"@context":"https:\/\/schema.org","@graph":[{"@type":"Article","@id":"https:\/\/www.pm.pb.gov.br\/portal\/2012\/08\/23\/governo_reforca_policiamento_em_areas_indigenas\/#article","isPartOf":{"@id":"https:\/\/www.pm.pb.gov.br\/portal\/2012\/08\/23\/governo_reforca_policiamento_em_areas_indigenas\/"},"author":{"name":"Assessoria de Imprensa da PMPB","@id":"https:\/\/www.pm.pb.gov.br\/portal\/#\/schema\/person\/e8454f46651c3ecf0e1ba3c1666d9947"},"headline":"Governo refor\u00e7a policiamento em \u00e1reas ind\u00edgenas","datePublished":"2012-08-23T14:08:01+00:00","dateModified":"2012-08-23T14:08:01+00:00","mainEntityOfPage":{"@id":"https:\/\/www.pm.pb.gov.br\/portal\/2012\/08\/23\/governo_reforca_policiamento_em_areas_indigenas\/"},"wordCount":409,"publisher":{"@id":"https:\/\/www.pm.pb.gov.br\/portal\/#organization"},"articleSection":["A\u00e7\u00f5es Policiais"],"inLanguage":"pt-BR"},{"@type":"WebPage","@id":"https:\/\/www.pm.pb.gov.br\/portal\/2012\/08\/23\/governo_reforca_policiamento_em_areas_indigenas\/","url":"https:\/\/www.pm.pb.gov.br\/portal\/2012\/08\/23\/governo_reforca_policiamento_em_areas_indigenas\/","name":"Governo refor\u00e7a policiamento em \u00e1reas ind\u00edgenas - Pol\u00edcia Militar da Para\u00edba","isPartOf":{"@id":"https:\/\/www.pm.pb.gov.br\/portal\/#website"},"datePublished":"2012-08-23T14:08:01+00:00","dateModified":"2012-08-23T14:08:01+00:00","breadcrumb":{"@id":"https:\/\/www.pm.pb.gov.br\/portal\/2012\/08\/23\/governo_reforca_policiamento_em_areas_indigenas\/#breadcrumb"},"inLanguage":"pt-BR","potentialAction":[{"@type":"ReadAction","target":["https:\/\/www.pm.pb.gov.br\/portal\/2012\/08\/23\/governo_reforca_policiamento_em_areas_indigenas\/"]}]},{"@type":"BreadcrumbList","@id":"https:\/\/www.pm.pb.gov.br\/portal\/2012\/08\/23\/governo_reforca_policiamento_em_areas_indigenas\/#breadcrumb","itemListElement":[{"@type":"ListItem","position":1,"name":"In\u00edcio","item":"https:\/\/www.pm.pb.gov.br\/portal\/"},{"@type":"ListItem","position":2,"name":"Governo refor\u00e7a policiamento em \u00e1reas ind\u00edgenas"}]},{"@type":"WebSite","@id":"https:\/\/www.pm.pb.gov.br\/portal\/#website","url":"https:\/\/www.pm.pb.gov.br\/portal\/","name":"Pol\u00edcia Militar da Para\u00edba","description":"","publisher":{"@id":"https:\/\/www.pm.pb.gov.br\/portal\/#organization"},"potentialAction":[{"@type":"SearchAction","target":{"@type":"EntryPoint","urlTemplate":"https:\/\/www.pm.pb.gov.br\/portal\/?s={search_term_string}"},"query-input":"required name=search_term_string"}],"inLanguage":"pt-BR"},{"@type":"Organization","@id":"https:\/\/www.pm.pb.gov.br\/portal\/#organization","name":"Pol\u00edcia Militar da Para\u00edba","url":"https:\/\/www.pm.pb.gov.br\/portal\/","logo":{"@type":"ImageObject","inLanguage":"pt-BR","@id":"https:\/\/www.pm.pb.gov.br\/portal\/#\/schema\/logo\/image\/","url":"https:\/\/www.pm.pb.gov.br\/portal\/wp-content\/uploads\/2025\/03\/cropped-logo-site-mag2-1.png","contentUrl":"https:\/\/www.pm.pb.gov.br\/portal\/wp-content\/uploads\/2025\/03\/cropped-logo-site-mag2-1.png","width":320,"height":90,"caption":"Pol\u00edcia Militar da Para\u00edba"},"image":{"@id":"https:\/\/www.pm.pb.gov.br\/portal\/#\/schema\/logo\/image\/"}},{"@type":"Person","@id":"https:\/\/www.pm.pb.gov.br\/portal\/#\/schema\/person\/e8454f46651c3ecf0e1ba3c1666d9947","name":"Assessoria de Imprensa da PMPB","image":{"@type":"ImageObject","inLanguage":"pt-BR","@id":"https:\/\/www.pm.pb.gov.br\/portal\/#\/schema\/person\/image\/","url":"https:\/\/secure.gravatar.com\/avatar\/2efe197438265d1e90bd98c4c8e1acf8?s=96&d=mm&r=g","contentUrl":"https:\/\/secure.gravatar.com\/avatar\/2efe197438265d1e90bd98c4c8e1acf8?s=96&d=mm&r=g","caption":"Assessoria de Imprensa da PMPB"},"url":"https:\/\/www.pm.pb.gov.br\/portal\/author\/assessoria\/"}]}},"_links":{"self":[{"href":"https:\/\/www.pm.pb.gov.br\/portal\/wp-json\/wp\/v2\/posts\/7015"}],"collection":[{"href":"https:\/\/www.pm.pb.gov.br\/portal\/wp-json\/wp\/v2\/posts"}],"about":[{"href":"https:\/\/www.pm.pb.gov.br\/portal\/wp-json\/wp\/v2\/types\/post"}],"author":[{"embeddable":true,"href":"https:\/\/www.pm.pb.gov.br\/portal\/wp-json\/wp\/v2\/users\/5"}],"replies":[{"embeddable":true,"href":"https:\/\/www.pm.pb.gov.br\/portal\/wp-json\/wp\/v2\/comments?post=7015"}],"version-history":[{"count":0,"href":"https:\/\/www.pm.pb.gov.br\/portal\/wp-json\/wp\/v2\/posts\/7015\/revisions"}],"wp:featuredmedia":[{"embeddable":true,"href":"https:\/\/www.pm.pb.gov.br\/portal\/wp-json\/wp\/v2\/media\/891333"}],"wp:attachment":[{"href":"https:\/\/www.pm.pb.gov.br\/portal\/wp-json\/wp\/v2\/media?parent=7015"}],"wp:term":[{"taxonomy":"category","embeddable":true,"href":"https:\/\/www.pm.pb.gov.br\/portal\/wp-json\/wp\/v2\/categories?post=7015"},{"taxonomy":"post_tag","embeddable":true,"href":"https:\/\/www.pm.pb.gov.br\/portal\/wp-json\/wp\/v2\/tags?post=7015"}],"curies":[{"name":"wp","href":"https:\/\/api.w.org\/{rel}","templated":true}]}}