{"id":6980,"date":"2012-08-16T09:08:26","date_gmt":"2012-08-16T12:08:26","guid":{"rendered":"http:\/\/www.pm.pb.gov.br\/portal\/2012\/08\/1_batalhao_prende_homem_foragido_da_justica\/"},"modified":"2012-08-16T09:08:26","modified_gmt":"2012-08-16T12:08:26","slug":"1_batalhao_prende_homem_foragido_da_justica","status":"publish","type":"post","link":"https:\/\/www.pm.pb.gov.br\/portal\/2012\/08\/16\/1_batalhao_prende_homem_foragido_da_justica\/","title":{"rendered":"1\u00ba Batalh\u00e3o prende homem foragido da Justi\u00e7a"},"content":{"rendered":"<div style=\"text-align: justify;\">\n<p>Uma viatura do 1\u00ba Batalh\u00e3o da Pol\u00edcia Militar conseguiu capturar um homem que foi condenado \u00e0 pris\u00e3o e estava sendo procurado pela justi\u00e7a. Jas\u00e9 da Silva Souza, de 44 anos, foi preso na tarde dessa quarta-feira (15), no bairro de Jaguaribe, em Jo\u00e3o Pessoa. Ele foi condenado em 2010 pelo crime de homic\u00eddio e estava sendo procurado.<\/p>\n<p>A pris\u00e3o aconteceu ap\u00f3s um popular reconhecer Jas\u00e9 como sendo o homem que havia cometido o crime h\u00e1 dez anos. Ele ligou para o Centro Integrado de Opera\u00e7\u00f5es (CIOP), que enviou uma viatura para fazer rondas pelo bairro. Com a ajuda da popula\u00e7\u00e3o, os policiais conseguiram localizar o rapaz. Com ele n\u00e3o foi encontrado nada, mas ao fazer a consulta dos dados foi confirmada a den\u00fancia da popula\u00e7\u00e3o.<\/p>\n<p>Os policiais apresentaram o preso ao Juiz do 2\u00ba Tribunal do J\u00fari, Jos\u00e9 Aur\u00e9lio da Cruz, que encaminhou o preso para o pres\u00eddio de Seguran\u00e7a M\u00e1xima Geraldo Beltr\u00e3o, em Mangabeira. Segundo a justi\u00e7a, Jas\u00e9 da Silva matou um homem em 2002 com uma faca de serra por um motivo f\u00fatil.<\/p>\n<p>Os policiais que efetuaram a pris\u00e3o ressaltaram a colabora\u00e7\u00e3o da comunidade durante a ocorr\u00eancia. \u0093Quando a popula\u00e7\u00e3o colabora com a pol\u00edcia sempre conseguimos \u00eaxito. Fica bem mais vi\u00e1vel promover a seguran\u00e7a p\u00fablica quando a popula\u00e7\u00e3o participa\u0094, declarou o Cabo Kleber, do 1\u00ba BPM. <\/p>\n<div class=\"row\" align=\"center\"><\/div>\n<\/div>\n","protected":false},"excerpt":{"rendered":"<p>Uma viatura do 1\u00ba Batalh\u00e3o da Pol\u00edcia Militar conseguiu capturar um homem que foi condenado \u00e0 pris\u00e3o e estava sendo<\/p>\n","protected":false},"author":5,"featured_media":891333,"comment_status":"closed","ping_status":"closed","sticky":false,"template":"","format":"standard","meta":{"_exactmetrics_skip_tracking":false,"_exactmetrics_sitenote_active":false,"_exactmetrics_sitenote_note":"","_exactmetrics_sitenote_category":0,"footnotes":""},"categories":[4],"tags":[],"yoast_head":"<!-- This site is optimized with the Yoast SEO plugin v22.0 - https:\/\/yoast.com\/wordpress\/plugins\/seo\/ -->\n<title>1\u00ba Batalh\u00e3o prende homem foragido da Justi\u00e7a - Pol\u00edcia Militar da Para\u00edba<\/title>\n<meta name=\"robots\" content=\"index, follow, max-snippet:-1, max-image-preview:large, max-video-preview:-1\" \/>\n<link rel=\"canonical\" href=\"https:\/\/www.pm.pb.gov.br\/portal\/2012\/08\/16\/1_batalhao_prende_homem_foragido_da_justica\/\" \/>\n<meta property=\"og:locale\" content=\"pt_BR\" \/>\n<meta property=\"og:type\" content=\"article\" \/>\n<meta property=\"og:title\" content=\"1\u00ba Batalh\u00e3o prende homem foragido da Justi\u00e7a - Pol\u00edcia Militar da Para\u00edba\" \/>\n<meta property=\"og:description\" content=\"Uma viatura do 1\u00ba Batalh\u00e3o da Pol\u00edcia Militar conseguiu capturar um homem que foi condenado \u00e0 pris\u00e3o e estava sendo\" \/>\n<meta property=\"og:url\" content=\"https:\/\/www.pm.pb.gov.br\/portal\/2012\/08\/16\/1_batalhao_prende_homem_foragido_da_justica\/\" \/>\n<meta property=\"og:site_name\" content=\"Pol\u00edcia Militar da Para\u00edba\" \/>\n<meta property=\"article:published_time\" content=\"2012-08-16T12:08:26+00:00\" \/>\n<meta property=\"og:image\" content=\"https:\/\/www.pm.pb.gov.br\/portal\/wp-content\/uploads\/2012\/09\/foto_brasao-2.jpg\" \/>\n\t<meta property=\"og:image:width\" content=\"620\" \/>\n\t<meta property=\"og:image:height\" content=\"411\" \/>\n\t<meta property=\"og:image:type\" content=\"image\/jpeg\" \/>\n<meta name=\"author\" content=\"Assessoria de Imprensa da PMPB\" \/>\n<meta name=\"twitter:card\" content=\"summary_large_image\" \/>\n<meta name=\"twitter:label1\" content=\"Escrito por\" \/>\n\t<meta name=\"twitter:data1\" content=\"Assessoria de Imprensa da PMPB\" \/>\n\t<meta name=\"twitter:label2\" content=\"Est. tempo de leitura\" \/>\n\t<meta name=\"twitter:data2\" content=\"1 minuto\" \/>\n<script type=\"application\/ld+json\" class=\"yoast-schema-graph\">{\"@context\":\"https:\/\/schema.org\",\"@graph\":[{\"@type\":\"Article\",\"@id\":\"https:\/\/www.pm.pb.gov.br\/portal\/2012\/08\/16\/1_batalhao_prende_homem_foragido_da_justica\/#article\",\"isPartOf\":{\"@id\":\"https:\/\/www.pm.pb.gov.br\/portal\/2012\/08\/16\/1_batalhao_prende_homem_foragido_da_justica\/\"},\"author\":{\"name\":\"Assessoria de Imprensa da PMPB\",\"@id\":\"https:\/\/www.pm.pb.gov.br\/portal\/#\/schema\/person\/e8454f46651c3ecf0e1ba3c1666d9947\"},\"headline\":\"1\u00ba Batalh\u00e3o prende homem foragido da Justi\u00e7a\",\"datePublished\":\"2012-08-16T12:08:26+00:00\",\"dateModified\":\"2012-08-16T12:08:26+00:00\",\"mainEntityOfPage\":{\"@id\":\"https:\/\/www.pm.pb.gov.br\/portal\/2012\/08\/16\/1_batalhao_prende_homem_foragido_da_justica\/\"},\"wordCount\":248,\"publisher\":{\"@id\":\"https:\/\/www.pm.pb.gov.br\/portal\/#organization\"},\"articleSection\":[\"A\u00e7\u00f5es Policiais\"],\"inLanguage\":\"pt-BR\"},{\"@type\":\"WebPage\",\"@id\":\"https:\/\/www.pm.pb.gov.br\/portal\/2012\/08\/16\/1_batalhao_prende_homem_foragido_da_justica\/\",\"url\":\"https:\/\/www.pm.pb.gov.br\/portal\/2012\/08\/16\/1_batalhao_prende_homem_foragido_da_justica\/\",\"name\":\"1\u00ba Batalh\u00e3o prende homem foragido da Justi\u00e7a - Pol\u00edcia Militar da Para\u00edba\",\"isPartOf\":{\"@id\":\"https:\/\/www.pm.pb.gov.br\/portal\/#website\"},\"datePublished\":\"2012-08-16T12:08:26+00:00\",\"dateModified\":\"2012-08-16T12:08:26+00:00\",\"breadcrumb\":{\"@id\":\"https:\/\/www.pm.pb.gov.br\/portal\/2012\/08\/16\/1_batalhao_prende_homem_foragido_da_justica\/#breadcrumb\"},\"inLanguage\":\"pt-BR\",\"potentialAction\":[{\"@type\":\"ReadAction\",\"target\":[\"https:\/\/www.pm.pb.gov.br\/portal\/2012\/08\/16\/1_batalhao_prende_homem_foragido_da_justica\/\"]}]},{\"@type\":\"BreadcrumbList\",\"@id\":\"https:\/\/www.pm.pb.gov.br\/portal\/2012\/08\/16\/1_batalhao_prende_homem_foragido_da_justica\/#breadcrumb\",\"itemListElement\":[{\"@type\":\"ListItem\",\"position\":1,\"name\":\"In\u00edcio\",\"item\":\"https:\/\/www.pm.pb.gov.br\/portal\/\"},{\"@type\":\"ListItem\",\"position\":2,\"name\":\"1\u00ba Batalh\u00e3o prende homem foragido da Justi\u00e7a\"}]},{\"@type\":\"WebSite\",\"@id\":\"https:\/\/www.pm.pb.gov.br\/portal\/#website\",\"url\":\"https:\/\/www.pm.pb.gov.br\/portal\/\",\"name\":\"Pol\u00edcia Militar da Para\u00edba\",\"description\":\"\",\"publisher\":{\"@id\":\"https:\/\/www.pm.pb.gov.br\/portal\/#organization\"},\"potentialAction\":[{\"@type\":\"SearchAction\",\"target\":{\"@type\":\"EntryPoint\",\"urlTemplate\":\"https:\/\/www.pm.pb.gov.br\/portal\/?s={search_term_string}\"},\"query-input\":\"required name=search_term_string\"}],\"inLanguage\":\"pt-BR\"},{\"@type\":\"Organization\",\"@id\":\"https:\/\/www.pm.pb.gov.br\/portal\/#organization\",\"name\":\"Pol\u00edcia Militar da Para\u00edba\",\"url\":\"https:\/\/www.pm.pb.gov.br\/portal\/\",\"logo\":{\"@type\":\"ImageObject\",\"inLanguage\":\"pt-BR\",\"@id\":\"https:\/\/www.pm.pb.gov.br\/portal\/#\/schema\/logo\/image\/\",\"url\":\"https:\/\/www.pm.pb.gov.br\/portal\/wp-content\/uploads\/2025\/03\/cropped-logo-site-mag2-1.png\",\"contentUrl\":\"https:\/\/www.pm.pb.gov.br\/portal\/wp-content\/uploads\/2025\/03\/cropped-logo-site-mag2-1.png\",\"width\":320,\"height\":90,\"caption\":\"Pol\u00edcia Militar da Para\u00edba\"},\"image\":{\"@id\":\"https:\/\/www.pm.pb.gov.br\/portal\/#\/schema\/logo\/image\/\"}},{\"@type\":\"Person\",\"@id\":\"https:\/\/www.pm.pb.gov.br\/portal\/#\/schema\/person\/e8454f46651c3ecf0e1ba3c1666d9947\",\"name\":\"Assessoria de Imprensa da PMPB\",\"image\":{\"@type\":\"ImageObject\",\"inLanguage\":\"pt-BR\",\"@id\":\"https:\/\/www.pm.pb.gov.br\/portal\/#\/schema\/person\/image\/\",\"url\":\"https:\/\/secure.gravatar.com\/avatar\/2efe197438265d1e90bd98c4c8e1acf8?s=96&d=mm&r=g\",\"contentUrl\":\"https:\/\/secure.gravatar.com\/avatar\/2efe197438265d1e90bd98c4c8e1acf8?s=96&d=mm&r=g\",\"caption\":\"Assessoria de Imprensa da PMPB\"},\"url\":\"https:\/\/www.pm.pb.gov.br\/portal\/author\/assessoria\/\"}]}<\/script>\n<!-- \/ Yoast SEO plugin. -->","yoast_head_json":{"title":"1\u00ba Batalh\u00e3o prende homem foragido da Justi\u00e7a - Pol\u00edcia Militar da Para\u00edba","robots":{"index":"index","follow":"follow","max-snippet":"max-snippet:-1","max-image-preview":"max-image-preview:large","max-video-preview":"max-video-preview:-1"},"canonical":"https:\/\/www.pm.pb.gov.br\/portal\/2012\/08\/16\/1_batalhao_prende_homem_foragido_da_justica\/","og_locale":"pt_BR","og_type":"article","og_title":"1\u00ba Batalh\u00e3o prende homem foragido da Justi\u00e7a - Pol\u00edcia Militar da Para\u00edba","og_description":"Uma viatura do 1\u00ba Batalh\u00e3o da Pol\u00edcia Militar conseguiu capturar um homem que foi condenado \u00e0 pris\u00e3o e estava sendo","og_url":"https:\/\/www.pm.pb.gov.br\/portal\/2012\/08\/16\/1_batalhao_prende_homem_foragido_da_justica\/","og_site_name":"Pol\u00edcia Militar da Para\u00edba","article_published_time":"2012-08-16T12:08:26+00:00","og_image":[{"width":620,"height":411,"url":"https:\/\/www.pm.pb.gov.br\/portal\/wp-content\/uploads\/2012\/09\/foto_brasao-2.jpg","type":"image\/jpeg"}],"author":"Assessoria de Imprensa da PMPB","twitter_card":"summary_large_image","twitter_misc":{"Escrito por":"Assessoria de Imprensa da PMPB","Est. tempo de leitura":"1 minuto"},"schema":{"@context":"https:\/\/schema.org","@graph":[{"@type":"Article","@id":"https:\/\/www.pm.pb.gov.br\/portal\/2012\/08\/16\/1_batalhao_prende_homem_foragido_da_justica\/#article","isPartOf":{"@id":"https:\/\/www.pm.pb.gov.br\/portal\/2012\/08\/16\/1_batalhao_prende_homem_foragido_da_justica\/"},"author":{"name":"Assessoria de Imprensa da PMPB","@id":"https:\/\/www.pm.pb.gov.br\/portal\/#\/schema\/person\/e8454f46651c3ecf0e1ba3c1666d9947"},"headline":"1\u00ba Batalh\u00e3o prende homem foragido da Justi\u00e7a","datePublished":"2012-08-16T12:08:26+00:00","dateModified":"2012-08-16T12:08:26+00:00","mainEntityOfPage":{"@id":"https:\/\/www.pm.pb.gov.br\/portal\/2012\/08\/16\/1_batalhao_prende_homem_foragido_da_justica\/"},"wordCount":248,"publisher":{"@id":"https:\/\/www.pm.pb.gov.br\/portal\/#organization"},"articleSection":["A\u00e7\u00f5es Policiais"],"inLanguage":"pt-BR"},{"@type":"WebPage","@id":"https:\/\/www.pm.pb.gov.br\/portal\/2012\/08\/16\/1_batalhao_prende_homem_foragido_da_justica\/","url":"https:\/\/www.pm.pb.gov.br\/portal\/2012\/08\/16\/1_batalhao_prende_homem_foragido_da_justica\/","name":"1\u00ba Batalh\u00e3o prende homem foragido da Justi\u00e7a - Pol\u00edcia Militar da Para\u00edba","isPartOf":{"@id":"https:\/\/www.pm.pb.gov.br\/portal\/#website"},"datePublished":"2012-08-16T12:08:26+00:00","dateModified":"2012-08-16T12:08:26+00:00","breadcrumb":{"@id":"https:\/\/www.pm.pb.gov.br\/portal\/2012\/08\/16\/1_batalhao_prende_homem_foragido_da_justica\/#breadcrumb"},"inLanguage":"pt-BR","potentialAction":[{"@type":"ReadAction","target":["https:\/\/www.pm.pb.gov.br\/portal\/2012\/08\/16\/1_batalhao_prende_homem_foragido_da_justica\/"]}]},{"@type":"BreadcrumbList","@id":"https:\/\/www.pm.pb.gov.br\/portal\/2012\/08\/16\/1_batalhao_prende_homem_foragido_da_justica\/#breadcrumb","itemListElement":[{"@type":"ListItem","position":1,"name":"In\u00edcio","item":"https:\/\/www.pm.pb.gov.br\/portal\/"},{"@type":"ListItem","position":2,"name":"1\u00ba Batalh\u00e3o prende homem foragido da Justi\u00e7a"}]},{"@type":"WebSite","@id":"https:\/\/www.pm.pb.gov.br\/portal\/#website","url":"https:\/\/www.pm.pb.gov.br\/portal\/","name":"Pol\u00edcia Militar da Para\u00edba","description":"","publisher":{"@id":"https:\/\/www.pm.pb.gov.br\/portal\/#organization"},"potentialAction":[{"@type":"SearchAction","target":{"@type":"EntryPoint","urlTemplate":"https:\/\/www.pm.pb.gov.br\/portal\/?s={search_term_string}"},"query-input":"required name=search_term_string"}],"inLanguage":"pt-BR"},{"@type":"Organization","@id":"https:\/\/www.pm.pb.gov.br\/portal\/#organization","name":"Pol\u00edcia Militar da Para\u00edba","url":"https:\/\/www.pm.pb.gov.br\/portal\/","logo":{"@type":"ImageObject","inLanguage":"pt-BR","@id":"https:\/\/www.pm.pb.gov.br\/portal\/#\/schema\/logo\/image\/","url":"https:\/\/www.pm.pb.gov.br\/portal\/wp-content\/uploads\/2025\/03\/cropped-logo-site-mag2-1.png","contentUrl":"https:\/\/www.pm.pb.gov.br\/portal\/wp-content\/uploads\/2025\/03\/cropped-logo-site-mag2-1.png","width":320,"height":90,"caption":"Pol\u00edcia Militar da Para\u00edba"},"image":{"@id":"https:\/\/www.pm.pb.gov.br\/portal\/#\/schema\/logo\/image\/"}},{"@type":"Person","@id":"https:\/\/www.pm.pb.gov.br\/portal\/#\/schema\/person\/e8454f46651c3ecf0e1ba3c1666d9947","name":"Assessoria de Imprensa da PMPB","image":{"@type":"ImageObject","inLanguage":"pt-BR","@id":"https:\/\/www.pm.pb.gov.br\/portal\/#\/schema\/person\/image\/","url":"https:\/\/secure.gravatar.com\/avatar\/2efe197438265d1e90bd98c4c8e1acf8?s=96&d=mm&r=g","contentUrl":"https:\/\/secure.gravatar.com\/avatar\/2efe197438265d1e90bd98c4c8e1acf8?s=96&d=mm&r=g","caption":"Assessoria de Imprensa da PMPB"},"url":"https:\/\/www.pm.pb.gov.br\/portal\/author\/assessoria\/"}]}},"_links":{"self":[{"href":"https:\/\/www.pm.pb.gov.br\/portal\/wp-json\/wp\/v2\/posts\/6980"}],"collection":[{"href":"https:\/\/www.pm.pb.gov.br\/portal\/wp-json\/wp\/v2\/posts"}],"about":[{"href":"https:\/\/www.pm.pb.gov.br\/portal\/wp-json\/wp\/v2\/types\/post"}],"author":[{"embeddable":true,"href":"https:\/\/www.pm.pb.gov.br\/portal\/wp-json\/wp\/v2\/users\/5"}],"replies":[{"embeddable":true,"href":"https:\/\/www.pm.pb.gov.br\/portal\/wp-json\/wp\/v2\/comments?post=6980"}],"version-history":[{"count":0,"href":"https:\/\/www.pm.pb.gov.br\/portal\/wp-json\/wp\/v2\/posts\/6980\/revisions"}],"wp:featuredmedia":[{"embeddable":true,"href":"https:\/\/www.pm.pb.gov.br\/portal\/wp-json\/wp\/v2\/media\/891333"}],"wp:attachment":[{"href":"https:\/\/www.pm.pb.gov.br\/portal\/wp-json\/wp\/v2\/media?parent=6980"}],"wp:term":[{"taxonomy":"category","embeddable":true,"href":"https:\/\/www.pm.pb.gov.br\/portal\/wp-json\/wp\/v2\/categories?post=6980"},{"taxonomy":"post_tag","embeddable":true,"href":"https:\/\/www.pm.pb.gov.br\/portal\/wp-json\/wp\/v2\/tags?post=6980"}],"curies":[{"name":"wp","href":"https:\/\/api.w.org\/{rel}","templated":true}]}}