{"id":6829,"date":"2012-07-12T10:07:28","date_gmt":"2012-07-12T13:07:28","guid":{"rendered":"http:\/\/www.pm.pb.gov.br\/portal\/2012\/07\/pm_apreende_droga_em_bayeux_cabedelo_de_santa_rita\/"},"modified":"2012-07-12T10:07:28","modified_gmt":"2012-07-12T13:07:28","slug":"pm_apreende_droga_em_bayeux_cabedelo_de_santa_rita","status":"publish","type":"post","link":"https:\/\/www.pm.pb.gov.br\/portal\/2012\/07\/12\/pm_apreende_droga_em_bayeux_cabedelo_de_santa_rita\/","title":{"rendered":"PM apreende droga em Bayeux, Cabedelo de Santa Rita"},"content":{"rendered":"<div style=\"text-align: justify;\">\n<p>O tr\u00e1fico de droga vem sofrendo constantes abalos na regi\u00e3o<br \/>\nmetropolitana de Jo\u00e3o Pessoa. Em menos de seis horas guarni\u00e7\u00f5es da Pol\u00edcia Militar apreenderam maconha, coca\u00edna e crack nas cidades de Cabedelo, Bayeux e Santa Rita, prenderam nove pessoas, um adolescente foi detido e ainda duas armas foram apreendidas.<\/p>\n<p>Durante as abordagens foram apreendidas nas tr\u00eas cidades, 58 pedras de crack, 40 gramas de coca\u00edna, 550 gramas de maconha e mais 49 papelotes da droga.<\/p>\n<p>A primeira a\u00e7\u00e3o dos policiais aconteceu no in\u00edcio da noite de anteontem na Rua Siqueira Campos, Centro de Cabedelo, onde foi presa Patr\u00edcia dos Santos Carvalho, 32 anos e apreendidos dois adolescentes, de 16 e 17 anos. Com o trio foi apreendido um rev\u00f3lver taurus, 550 gramas de maconha e 40 gramas de crack.<\/p>\n<p>Na cidade de Bayeux foram detidas cinco pessoas quando estavam com uma quantidade de droga. Apontados como consumidores todos foram levados para a 5\u00aaDelegacia Distrital, onde foram apresentados a delegada Deyby Ismael.<\/p>\n<p>No in\u00edcio da madrugada de ontem, uma guarni\u00e7\u00e3o da For\u00e7a T\u00e1tica do 7\u00ba Batalh\u00e3o, prendeu Gilderl\u00e2nio Martins de Oliveira, de 37 anos, filho de um vereador do munic\u00edpio de Santa Rita. No momento da pris\u00e3o ele estava com Maria Helena da Silva, 35 anos, sendo apreendida uma pistola de<br \/>\nmarca JB, cal 7,65 com o casal.<\/p>\n<p>Gilderl\u00e2nio, segundo a pol\u00edcia, j\u00e1 cumpriu dez anos de pris\u00e3o por tr\u00e1fico de droga, passando pelos pres\u00eddios do Roger, M\u00e1xima e S\u00edlvio Porto, todos em Jo\u00e3o Pessoa. No celular de Maria Helena estavam v\u00e1rias fotos fazendo<br \/>\ndemonstra\u00e7\u00f5es com a pistola.<\/p>\n<p>O tenente coronel Walterlins Dutra, da Assessoria de Comunica\u00e7\u00e3o da Pol\u00edcia Militar, disse que o combate ao tr\u00e1fico de drogas faz parte do trabalho constante da PM. Comandantes dos batalh\u00f5es, tanto da Regi\u00e3o Metropolitana de Jo\u00e3o Pessoa como de outras regi\u00f5es do Estado realizam<br \/>\nconstantes opera\u00e7\u00f5es com o objetivo de coibir essa pr\u00e1tica.<\/p>\n<div class=\"row\" align=\"center\"><\/div>\n<\/div>\n","protected":false},"excerpt":{"rendered":"<p>O tr\u00e1fico de droga vem sofrendo constantes abalos na regi\u00e3o metropolitana de Jo\u00e3o Pessoa. Em menos de seis horas guarni\u00e7\u00f5es<\/p>\n","protected":false},"author":5,"featured_media":891230,"comment_status":"closed","ping_status":"closed","sticky":false,"template":"","format":"standard","meta":{"_exactmetrics_skip_tracking":false,"_exactmetrics_sitenote_active":false,"_exactmetrics_sitenote_note":"","_exactmetrics_sitenote_category":0,"footnotes":""},"categories":[4],"tags":[],"yoast_head":"<!-- This site is optimized with the Yoast SEO plugin v22.0 - https:\/\/yoast.com\/wordpress\/plugins\/seo\/ -->\n<title>PM apreende droga em Bayeux, Cabedelo de Santa Rita - Pol\u00edcia Militar da Para\u00edba<\/title>\n<meta name=\"robots\" content=\"index, follow, max-snippet:-1, max-image-preview:large, max-video-preview:-1\" \/>\n<link rel=\"canonical\" href=\"https:\/\/www.pm.pb.gov.br\/portal\/2012\/07\/12\/pm_apreende_droga_em_bayeux_cabedelo_de_santa_rita\/\" \/>\n<meta property=\"og:locale\" content=\"pt_BR\" \/>\n<meta property=\"og:type\" content=\"article\" \/>\n<meta property=\"og:title\" content=\"PM apreende droga em Bayeux, Cabedelo de Santa Rita - Pol\u00edcia Militar da Para\u00edba\" \/>\n<meta property=\"og:description\" content=\"O tr\u00e1fico de droga vem sofrendo constantes abalos na regi\u00e3o metropolitana de Jo\u00e3o Pessoa. Em menos de seis horas guarni\u00e7\u00f5es\" \/>\n<meta property=\"og:url\" content=\"https:\/\/www.pm.pb.gov.br\/portal\/2012\/07\/12\/pm_apreende_droga_em_bayeux_cabedelo_de_santa_rita\/\" \/>\n<meta property=\"og:site_name\" content=\"Pol\u00edcia Militar da Para\u00edba\" \/>\n<meta property=\"article:published_time\" content=\"2012-07-12T13:07:28+00:00\" \/>\n<meta property=\"og:image\" content=\"https:\/\/www.pm.pb.gov.br\/portal\/wp-content\/uploads\/2012\/08\/foto_brasao-13.jpg\" \/>\n\t<meta property=\"og:image:width\" content=\"620\" \/>\n\t<meta property=\"og:image:height\" content=\"411\" \/>\n\t<meta property=\"og:image:type\" content=\"image\/jpeg\" \/>\n<meta name=\"author\" content=\"Assessoria de Imprensa da PMPB\" \/>\n<meta name=\"twitter:card\" content=\"summary_large_image\" \/>\n<meta name=\"twitter:label1\" content=\"Escrito por\" \/>\n\t<meta name=\"twitter:data1\" content=\"Assessoria de Imprensa da PMPB\" \/>\n\t<meta name=\"twitter:label2\" content=\"Est. tempo de leitura\" \/>\n\t<meta name=\"twitter:data2\" content=\"2 minutos\" \/>\n<script type=\"application\/ld+json\" class=\"yoast-schema-graph\">{\"@context\":\"https:\/\/schema.org\",\"@graph\":[{\"@type\":\"Article\",\"@id\":\"https:\/\/www.pm.pb.gov.br\/portal\/2012\/07\/12\/pm_apreende_droga_em_bayeux_cabedelo_de_santa_rita\/#article\",\"isPartOf\":{\"@id\":\"https:\/\/www.pm.pb.gov.br\/portal\/2012\/07\/12\/pm_apreende_droga_em_bayeux_cabedelo_de_santa_rita\/\"},\"author\":{\"name\":\"Assessoria de Imprensa da PMPB\",\"@id\":\"https:\/\/www.pm.pb.gov.br\/portal\/#\/schema\/person\/e8454f46651c3ecf0e1ba3c1666d9947\"},\"headline\":\"PM apreende droga em Bayeux, Cabedelo de Santa Rita\",\"datePublished\":\"2012-07-12T13:07:28+00:00\",\"dateModified\":\"2012-07-12T13:07:28+00:00\",\"mainEntityOfPage\":{\"@id\":\"https:\/\/www.pm.pb.gov.br\/portal\/2012\/07\/12\/pm_apreende_droga_em_bayeux_cabedelo_de_santa_rita\/\"},\"wordCount\":345,\"publisher\":{\"@id\":\"https:\/\/www.pm.pb.gov.br\/portal\/#organization\"},\"articleSection\":[\"A\u00e7\u00f5es Policiais\"],\"inLanguage\":\"pt-BR\"},{\"@type\":\"WebPage\",\"@id\":\"https:\/\/www.pm.pb.gov.br\/portal\/2012\/07\/12\/pm_apreende_droga_em_bayeux_cabedelo_de_santa_rita\/\",\"url\":\"https:\/\/www.pm.pb.gov.br\/portal\/2012\/07\/12\/pm_apreende_droga_em_bayeux_cabedelo_de_santa_rita\/\",\"name\":\"PM apreende droga em Bayeux, Cabedelo de Santa Rita - Pol\u00edcia Militar da Para\u00edba\",\"isPartOf\":{\"@id\":\"https:\/\/www.pm.pb.gov.br\/portal\/#website\"},\"datePublished\":\"2012-07-12T13:07:28+00:00\",\"dateModified\":\"2012-07-12T13:07:28+00:00\",\"breadcrumb\":{\"@id\":\"https:\/\/www.pm.pb.gov.br\/portal\/2012\/07\/12\/pm_apreende_droga_em_bayeux_cabedelo_de_santa_rita\/#breadcrumb\"},\"inLanguage\":\"pt-BR\",\"potentialAction\":[{\"@type\":\"ReadAction\",\"target\":[\"https:\/\/www.pm.pb.gov.br\/portal\/2012\/07\/12\/pm_apreende_droga_em_bayeux_cabedelo_de_santa_rita\/\"]}]},{\"@type\":\"BreadcrumbList\",\"@id\":\"https:\/\/www.pm.pb.gov.br\/portal\/2012\/07\/12\/pm_apreende_droga_em_bayeux_cabedelo_de_santa_rita\/#breadcrumb\",\"itemListElement\":[{\"@type\":\"ListItem\",\"position\":1,\"name\":\"In\u00edcio\",\"item\":\"https:\/\/www.pm.pb.gov.br\/portal\/\"},{\"@type\":\"ListItem\",\"position\":2,\"name\":\"PM apreende droga em Bayeux, Cabedelo de Santa Rita\"}]},{\"@type\":\"WebSite\",\"@id\":\"https:\/\/www.pm.pb.gov.br\/portal\/#website\",\"url\":\"https:\/\/www.pm.pb.gov.br\/portal\/\",\"name\":\"Pol\u00edcia Militar da Para\u00edba\",\"description\":\"\",\"publisher\":{\"@id\":\"https:\/\/www.pm.pb.gov.br\/portal\/#organization\"},\"potentialAction\":[{\"@type\":\"SearchAction\",\"target\":{\"@type\":\"EntryPoint\",\"urlTemplate\":\"https:\/\/www.pm.pb.gov.br\/portal\/?s={search_term_string}\"},\"query-input\":\"required name=search_term_string\"}],\"inLanguage\":\"pt-BR\"},{\"@type\":\"Organization\",\"@id\":\"https:\/\/www.pm.pb.gov.br\/portal\/#organization\",\"name\":\"Pol\u00edcia Militar da Para\u00edba\",\"url\":\"https:\/\/www.pm.pb.gov.br\/portal\/\",\"logo\":{\"@type\":\"ImageObject\",\"inLanguage\":\"pt-BR\",\"@id\":\"https:\/\/www.pm.pb.gov.br\/portal\/#\/schema\/logo\/image\/\",\"url\":\"https:\/\/www.pm.pb.gov.br\/portal\/wp-content\/uploads\/2025\/03\/cropped-logo-site-mag2-1.png\",\"contentUrl\":\"https:\/\/www.pm.pb.gov.br\/portal\/wp-content\/uploads\/2025\/03\/cropped-logo-site-mag2-1.png\",\"width\":320,\"height\":90,\"caption\":\"Pol\u00edcia Militar da Para\u00edba\"},\"image\":{\"@id\":\"https:\/\/www.pm.pb.gov.br\/portal\/#\/schema\/logo\/image\/\"}},{\"@type\":\"Person\",\"@id\":\"https:\/\/www.pm.pb.gov.br\/portal\/#\/schema\/person\/e8454f46651c3ecf0e1ba3c1666d9947\",\"name\":\"Assessoria de Imprensa da PMPB\",\"image\":{\"@type\":\"ImageObject\",\"inLanguage\":\"pt-BR\",\"@id\":\"https:\/\/www.pm.pb.gov.br\/portal\/#\/schema\/person\/image\/\",\"url\":\"https:\/\/secure.gravatar.com\/avatar\/2efe197438265d1e90bd98c4c8e1acf8?s=96&d=mm&r=g\",\"contentUrl\":\"https:\/\/secure.gravatar.com\/avatar\/2efe197438265d1e90bd98c4c8e1acf8?s=96&d=mm&r=g\",\"caption\":\"Assessoria de Imprensa da PMPB\"},\"url\":\"https:\/\/www.pm.pb.gov.br\/portal\/author\/assessoria\/\"}]}<\/script>\n<!-- \/ Yoast SEO plugin. -->","yoast_head_json":{"title":"PM apreende droga em Bayeux, Cabedelo de Santa Rita - Pol\u00edcia Militar da Para\u00edba","robots":{"index":"index","follow":"follow","max-snippet":"max-snippet:-1","max-image-preview":"max-image-preview:large","max-video-preview":"max-video-preview:-1"},"canonical":"https:\/\/www.pm.pb.gov.br\/portal\/2012\/07\/12\/pm_apreende_droga_em_bayeux_cabedelo_de_santa_rita\/","og_locale":"pt_BR","og_type":"article","og_title":"PM apreende droga em Bayeux, Cabedelo de Santa Rita - Pol\u00edcia Militar da Para\u00edba","og_description":"O tr\u00e1fico de droga vem sofrendo constantes abalos na regi\u00e3o metropolitana de Jo\u00e3o Pessoa. Em menos de seis horas guarni\u00e7\u00f5es","og_url":"https:\/\/www.pm.pb.gov.br\/portal\/2012\/07\/12\/pm_apreende_droga_em_bayeux_cabedelo_de_santa_rita\/","og_site_name":"Pol\u00edcia Militar da Para\u00edba","article_published_time":"2012-07-12T13:07:28+00:00","og_image":[{"width":620,"height":411,"url":"https:\/\/www.pm.pb.gov.br\/portal\/wp-content\/uploads\/2012\/08\/foto_brasao-13.jpg","type":"image\/jpeg"}],"author":"Assessoria de Imprensa da PMPB","twitter_card":"summary_large_image","twitter_misc":{"Escrito por":"Assessoria de Imprensa da PMPB","Est. tempo de leitura":"2 minutos"},"schema":{"@context":"https:\/\/schema.org","@graph":[{"@type":"Article","@id":"https:\/\/www.pm.pb.gov.br\/portal\/2012\/07\/12\/pm_apreende_droga_em_bayeux_cabedelo_de_santa_rita\/#article","isPartOf":{"@id":"https:\/\/www.pm.pb.gov.br\/portal\/2012\/07\/12\/pm_apreende_droga_em_bayeux_cabedelo_de_santa_rita\/"},"author":{"name":"Assessoria de Imprensa da PMPB","@id":"https:\/\/www.pm.pb.gov.br\/portal\/#\/schema\/person\/e8454f46651c3ecf0e1ba3c1666d9947"},"headline":"PM apreende droga em Bayeux, Cabedelo de Santa Rita","datePublished":"2012-07-12T13:07:28+00:00","dateModified":"2012-07-12T13:07:28+00:00","mainEntityOfPage":{"@id":"https:\/\/www.pm.pb.gov.br\/portal\/2012\/07\/12\/pm_apreende_droga_em_bayeux_cabedelo_de_santa_rita\/"},"wordCount":345,"publisher":{"@id":"https:\/\/www.pm.pb.gov.br\/portal\/#organization"},"articleSection":["A\u00e7\u00f5es Policiais"],"inLanguage":"pt-BR"},{"@type":"WebPage","@id":"https:\/\/www.pm.pb.gov.br\/portal\/2012\/07\/12\/pm_apreende_droga_em_bayeux_cabedelo_de_santa_rita\/","url":"https:\/\/www.pm.pb.gov.br\/portal\/2012\/07\/12\/pm_apreende_droga_em_bayeux_cabedelo_de_santa_rita\/","name":"PM apreende droga em Bayeux, Cabedelo de Santa Rita - Pol\u00edcia Militar da Para\u00edba","isPartOf":{"@id":"https:\/\/www.pm.pb.gov.br\/portal\/#website"},"datePublished":"2012-07-12T13:07:28+00:00","dateModified":"2012-07-12T13:07:28+00:00","breadcrumb":{"@id":"https:\/\/www.pm.pb.gov.br\/portal\/2012\/07\/12\/pm_apreende_droga_em_bayeux_cabedelo_de_santa_rita\/#breadcrumb"},"inLanguage":"pt-BR","potentialAction":[{"@type":"ReadAction","target":["https:\/\/www.pm.pb.gov.br\/portal\/2012\/07\/12\/pm_apreende_droga_em_bayeux_cabedelo_de_santa_rita\/"]}]},{"@type":"BreadcrumbList","@id":"https:\/\/www.pm.pb.gov.br\/portal\/2012\/07\/12\/pm_apreende_droga_em_bayeux_cabedelo_de_santa_rita\/#breadcrumb","itemListElement":[{"@type":"ListItem","position":1,"name":"In\u00edcio","item":"https:\/\/www.pm.pb.gov.br\/portal\/"},{"@type":"ListItem","position":2,"name":"PM apreende droga em Bayeux, Cabedelo de Santa Rita"}]},{"@type":"WebSite","@id":"https:\/\/www.pm.pb.gov.br\/portal\/#website","url":"https:\/\/www.pm.pb.gov.br\/portal\/","name":"Pol\u00edcia Militar da Para\u00edba","description":"","publisher":{"@id":"https:\/\/www.pm.pb.gov.br\/portal\/#organization"},"potentialAction":[{"@type":"SearchAction","target":{"@type":"EntryPoint","urlTemplate":"https:\/\/www.pm.pb.gov.br\/portal\/?s={search_term_string}"},"query-input":"required name=search_term_string"}],"inLanguage":"pt-BR"},{"@type":"Organization","@id":"https:\/\/www.pm.pb.gov.br\/portal\/#organization","name":"Pol\u00edcia Militar da Para\u00edba","url":"https:\/\/www.pm.pb.gov.br\/portal\/","logo":{"@type":"ImageObject","inLanguage":"pt-BR","@id":"https:\/\/www.pm.pb.gov.br\/portal\/#\/schema\/logo\/image\/","url":"https:\/\/www.pm.pb.gov.br\/portal\/wp-content\/uploads\/2025\/03\/cropped-logo-site-mag2-1.png","contentUrl":"https:\/\/www.pm.pb.gov.br\/portal\/wp-content\/uploads\/2025\/03\/cropped-logo-site-mag2-1.png","width":320,"height":90,"caption":"Pol\u00edcia Militar da Para\u00edba"},"image":{"@id":"https:\/\/www.pm.pb.gov.br\/portal\/#\/schema\/logo\/image\/"}},{"@type":"Person","@id":"https:\/\/www.pm.pb.gov.br\/portal\/#\/schema\/person\/e8454f46651c3ecf0e1ba3c1666d9947","name":"Assessoria de Imprensa da PMPB","image":{"@type":"ImageObject","inLanguage":"pt-BR","@id":"https:\/\/www.pm.pb.gov.br\/portal\/#\/schema\/person\/image\/","url":"https:\/\/secure.gravatar.com\/avatar\/2efe197438265d1e90bd98c4c8e1acf8?s=96&d=mm&r=g","contentUrl":"https:\/\/secure.gravatar.com\/avatar\/2efe197438265d1e90bd98c4c8e1acf8?s=96&d=mm&r=g","caption":"Assessoria de Imprensa da PMPB"},"url":"https:\/\/www.pm.pb.gov.br\/portal\/author\/assessoria\/"}]}},"_links":{"self":[{"href":"https:\/\/www.pm.pb.gov.br\/portal\/wp-json\/wp\/v2\/posts\/6829"}],"collection":[{"href":"https:\/\/www.pm.pb.gov.br\/portal\/wp-json\/wp\/v2\/posts"}],"about":[{"href":"https:\/\/www.pm.pb.gov.br\/portal\/wp-json\/wp\/v2\/types\/post"}],"author":[{"embeddable":true,"href":"https:\/\/www.pm.pb.gov.br\/portal\/wp-json\/wp\/v2\/users\/5"}],"replies":[{"embeddable":true,"href":"https:\/\/www.pm.pb.gov.br\/portal\/wp-json\/wp\/v2\/comments?post=6829"}],"version-history":[{"count":0,"href":"https:\/\/www.pm.pb.gov.br\/portal\/wp-json\/wp\/v2\/posts\/6829\/revisions"}],"wp:featuredmedia":[{"embeddable":true,"href":"https:\/\/www.pm.pb.gov.br\/portal\/wp-json\/wp\/v2\/media\/891230"}],"wp:attachment":[{"href":"https:\/\/www.pm.pb.gov.br\/portal\/wp-json\/wp\/v2\/media?parent=6829"}],"wp:term":[{"taxonomy":"category","embeddable":true,"href":"https:\/\/www.pm.pb.gov.br\/portal\/wp-json\/wp\/v2\/categories?post=6829"},{"taxonomy":"post_tag","embeddable":true,"href":"https:\/\/www.pm.pb.gov.br\/portal\/wp-json\/wp\/v2\/tags?post=6829"}],"curies":[{"name":"wp","href":"https:\/\/api.w.org\/{rel}","templated":true}]}}