{"id":6828,"date":"2012-07-11T13:07:00","date_gmt":"2012-07-11T16:07:00","guid":{"rendered":"http:\/\/www.pm.pb.gov.br\/portal\/2012\/07\/9_bpm_garante_seguranca_no_super_cross_de_cubati\/"},"modified":"2012-07-11T13:07:00","modified_gmt":"2012-07-11T16:07:00","slug":"9_bpm_garante_seguranca_no_super_cross_de_cubati","status":"publish","type":"post","link":"https:\/\/www.pm.pb.gov.br\/portal\/2012\/07\/11\/9_bpm_garante_seguranca_no_super_cross_de_cubati\/","title":{"rendered":"9\u00b0 BPM garante seguran\u00e7a no Super Cross de Cubati"},"content":{"rendered":"<div style=\"text-align: justify;\">\nCumprindo determina\u00e7\u00e3o do Comandante do 9\u00b0 Batalh\u00e3o de Pol\u00edcia Militar, Major PM Galv\u00e3o, policiais militares pertencentes ao 9\u00b0 BPM garantiram a seguran\u00e7a na edi\u00e7\u00e3o 2012 do Super Cross do munic\u00edpio de Cubati-PB que aconteceu nos \u00faltimos dias 6, 7 e 8 deste m\u00eas.<\/p>\n<p>J\u00e1 tradicional e realizado anualmente, o evento recebe \u0096 em m\u00e9dia \u0096 um p\u00fablico de 40 mil pessoas que se deslocam de diversos munic\u00edpios paraibanos e de estados vizinhos para acompanhar de perto as manobras dos pilotos que participam da disputa; al\u00e9m de poder assistir aos shows de bandas regionais.<\/p>\n<p>O Super Cross acontece anualmente e faz parte do calend\u00e1rio de festividades alusivas ao anivers\u00e1rio de emancipa\u00e7\u00e3o pol\u00edtica do munic\u00edpio. Visando garantir a seguran\u00e7a dos que prestigiaram o evento, um contingente especial foi deslocado ao munic\u00edpio de Cubati.<\/p>\n<p>Viaturas, patrulhamento a p\u00e9 e a presen\u00e7a de policiais da ROTAM do 9\u00b0 BPM se fizeram presentes e, com toda log\u00edstica e planejamento, garantiram um clima de paz social.<\/p>\n<p>\u0093Por se tratar de um evento que comporta um grande p\u00fablico, montamos um esquema especial de seguran\u00e7a. Foi um evento pac\u00edfico onde todos puderam se confraternizar em um clima de seguran\u00e7a\u0094, garantiu o Tenente PM, F. Dantas.<\/p>\n<div class=\"row\" align=\"center\"><\/div>\n<\/div>\n","protected":false},"excerpt":{"rendered":"<p>Cumprindo determina\u00e7\u00e3o do Comandante do 9\u00b0 Batalh\u00e3o de Pol\u00edcia Militar, Major PM Galv\u00e3o, policiais militares pertencentes ao 9\u00b0 BPM garantiram<\/p>\n","protected":false},"author":5,"featured_media":891230,"comment_status":"closed","ping_status":"closed","sticky":false,"template":"","format":"standard","meta":{"_exactmetrics_skip_tracking":false,"_exactmetrics_sitenote_active":false,"_exactmetrics_sitenote_note":"","_exactmetrics_sitenote_category":0,"footnotes":""},"categories":[4],"tags":[],"yoast_head":"<!-- This site is optimized with the Yoast SEO plugin v22.0 - https:\/\/yoast.com\/wordpress\/plugins\/seo\/ -->\n<title>9\u00b0 BPM garante seguran\u00e7a no Super Cross de Cubati - Pol\u00edcia Militar da Para\u00edba<\/title>\n<meta name=\"robots\" content=\"index, follow, max-snippet:-1, max-image-preview:large, max-video-preview:-1\" \/>\n<link rel=\"canonical\" href=\"https:\/\/www.pm.pb.gov.br\/portal\/2012\/07\/11\/9_bpm_garante_seguranca_no_super_cross_de_cubati\/\" \/>\n<meta property=\"og:locale\" content=\"pt_BR\" \/>\n<meta property=\"og:type\" content=\"article\" \/>\n<meta property=\"og:title\" content=\"9\u00b0 BPM garante seguran\u00e7a no Super Cross de Cubati - Pol\u00edcia Militar da Para\u00edba\" \/>\n<meta property=\"og:description\" content=\"Cumprindo determina\u00e7\u00e3o do Comandante do 9\u00b0 Batalh\u00e3o de Pol\u00edcia Militar, Major PM Galv\u00e3o, policiais militares pertencentes ao 9\u00b0 BPM garantiram\" \/>\n<meta property=\"og:url\" content=\"https:\/\/www.pm.pb.gov.br\/portal\/2012\/07\/11\/9_bpm_garante_seguranca_no_super_cross_de_cubati\/\" \/>\n<meta property=\"og:site_name\" content=\"Pol\u00edcia Militar da Para\u00edba\" \/>\n<meta property=\"article:published_time\" content=\"2012-07-11T16:07:00+00:00\" \/>\n<meta property=\"og:image\" content=\"https:\/\/www.pm.pb.gov.br\/portal\/wp-content\/uploads\/2012\/08\/foto_brasao-13.jpg\" \/>\n\t<meta property=\"og:image:width\" content=\"620\" \/>\n\t<meta property=\"og:image:height\" content=\"411\" \/>\n\t<meta property=\"og:image:type\" content=\"image\/jpeg\" \/>\n<meta name=\"author\" content=\"Assessoria de Imprensa da PMPB\" \/>\n<meta name=\"twitter:card\" content=\"summary_large_image\" \/>\n<meta name=\"twitter:label1\" content=\"Escrito por\" \/>\n\t<meta name=\"twitter:data1\" content=\"Assessoria de Imprensa da PMPB\" \/>\n\t<meta name=\"twitter:label2\" content=\"Est. tempo de leitura\" \/>\n\t<meta name=\"twitter:data2\" content=\"1 minuto\" \/>\n<script type=\"application\/ld+json\" class=\"yoast-schema-graph\">{\"@context\":\"https:\/\/schema.org\",\"@graph\":[{\"@type\":\"Article\",\"@id\":\"https:\/\/www.pm.pb.gov.br\/portal\/2012\/07\/11\/9_bpm_garante_seguranca_no_super_cross_de_cubati\/#article\",\"isPartOf\":{\"@id\":\"https:\/\/www.pm.pb.gov.br\/portal\/2012\/07\/11\/9_bpm_garante_seguranca_no_super_cross_de_cubati\/\"},\"author\":{\"name\":\"Assessoria de Imprensa da PMPB\",\"@id\":\"https:\/\/www.pm.pb.gov.br\/portal\/#\/schema\/person\/e8454f46651c3ecf0e1ba3c1666d9947\"},\"headline\":\"9\u00b0 BPM garante seguran\u00e7a no Super Cross de Cubati\",\"datePublished\":\"2012-07-11T16:07:00+00:00\",\"dateModified\":\"2012-07-11T16:07:00+00:00\",\"mainEntityOfPage\":{\"@id\":\"https:\/\/www.pm.pb.gov.br\/portal\/2012\/07\/11\/9_bpm_garante_seguranca_no_super_cross_de_cubati\/\"},\"wordCount\":221,\"publisher\":{\"@id\":\"https:\/\/www.pm.pb.gov.br\/portal\/#organization\"},\"articleSection\":[\"A\u00e7\u00f5es Policiais\"],\"inLanguage\":\"pt-BR\"},{\"@type\":\"WebPage\",\"@id\":\"https:\/\/www.pm.pb.gov.br\/portal\/2012\/07\/11\/9_bpm_garante_seguranca_no_super_cross_de_cubati\/\",\"url\":\"https:\/\/www.pm.pb.gov.br\/portal\/2012\/07\/11\/9_bpm_garante_seguranca_no_super_cross_de_cubati\/\",\"name\":\"9\u00b0 BPM garante seguran\u00e7a no Super Cross de Cubati - Pol\u00edcia Militar da Para\u00edba\",\"isPartOf\":{\"@id\":\"https:\/\/www.pm.pb.gov.br\/portal\/#website\"},\"datePublished\":\"2012-07-11T16:07:00+00:00\",\"dateModified\":\"2012-07-11T16:07:00+00:00\",\"breadcrumb\":{\"@id\":\"https:\/\/www.pm.pb.gov.br\/portal\/2012\/07\/11\/9_bpm_garante_seguranca_no_super_cross_de_cubati\/#breadcrumb\"},\"inLanguage\":\"pt-BR\",\"potentialAction\":[{\"@type\":\"ReadAction\",\"target\":[\"https:\/\/www.pm.pb.gov.br\/portal\/2012\/07\/11\/9_bpm_garante_seguranca_no_super_cross_de_cubati\/\"]}]},{\"@type\":\"BreadcrumbList\",\"@id\":\"https:\/\/www.pm.pb.gov.br\/portal\/2012\/07\/11\/9_bpm_garante_seguranca_no_super_cross_de_cubati\/#breadcrumb\",\"itemListElement\":[{\"@type\":\"ListItem\",\"position\":1,\"name\":\"In\u00edcio\",\"item\":\"https:\/\/www.pm.pb.gov.br\/portal\/\"},{\"@type\":\"ListItem\",\"position\":2,\"name\":\"9\u00b0 BPM garante seguran\u00e7a no Super Cross de Cubati\"}]},{\"@type\":\"WebSite\",\"@id\":\"https:\/\/www.pm.pb.gov.br\/portal\/#website\",\"url\":\"https:\/\/www.pm.pb.gov.br\/portal\/\",\"name\":\"Pol\u00edcia Militar da Para\u00edba\",\"description\":\"\",\"publisher\":{\"@id\":\"https:\/\/www.pm.pb.gov.br\/portal\/#organization\"},\"potentialAction\":[{\"@type\":\"SearchAction\",\"target\":{\"@type\":\"EntryPoint\",\"urlTemplate\":\"https:\/\/www.pm.pb.gov.br\/portal\/?s={search_term_string}\"},\"query-input\":\"required name=search_term_string\"}],\"inLanguage\":\"pt-BR\"},{\"@type\":\"Organization\",\"@id\":\"https:\/\/www.pm.pb.gov.br\/portal\/#organization\",\"name\":\"Pol\u00edcia Militar da Para\u00edba\",\"url\":\"https:\/\/www.pm.pb.gov.br\/portal\/\",\"logo\":{\"@type\":\"ImageObject\",\"inLanguage\":\"pt-BR\",\"@id\":\"https:\/\/www.pm.pb.gov.br\/portal\/#\/schema\/logo\/image\/\",\"url\":\"https:\/\/www.pm.pb.gov.br\/portal\/wp-content\/uploads\/2025\/03\/cropped-logo-site-mag2-1.png\",\"contentUrl\":\"https:\/\/www.pm.pb.gov.br\/portal\/wp-content\/uploads\/2025\/03\/cropped-logo-site-mag2-1.png\",\"width\":320,\"height\":90,\"caption\":\"Pol\u00edcia Militar da Para\u00edba\"},\"image\":{\"@id\":\"https:\/\/www.pm.pb.gov.br\/portal\/#\/schema\/logo\/image\/\"}},{\"@type\":\"Person\",\"@id\":\"https:\/\/www.pm.pb.gov.br\/portal\/#\/schema\/person\/e8454f46651c3ecf0e1ba3c1666d9947\",\"name\":\"Assessoria de Imprensa da PMPB\",\"image\":{\"@type\":\"ImageObject\",\"inLanguage\":\"pt-BR\",\"@id\":\"https:\/\/www.pm.pb.gov.br\/portal\/#\/schema\/person\/image\/\",\"url\":\"https:\/\/secure.gravatar.com\/avatar\/2efe197438265d1e90bd98c4c8e1acf8?s=96&d=mm&r=g\",\"contentUrl\":\"https:\/\/secure.gravatar.com\/avatar\/2efe197438265d1e90bd98c4c8e1acf8?s=96&d=mm&r=g\",\"caption\":\"Assessoria de Imprensa da PMPB\"},\"url\":\"https:\/\/www.pm.pb.gov.br\/portal\/author\/assessoria\/\"}]}<\/script>\n<!-- \/ Yoast SEO plugin. -->","yoast_head_json":{"title":"9\u00b0 BPM garante seguran\u00e7a no Super Cross de Cubati - Pol\u00edcia Militar da Para\u00edba","robots":{"index":"index","follow":"follow","max-snippet":"max-snippet:-1","max-image-preview":"max-image-preview:large","max-video-preview":"max-video-preview:-1"},"canonical":"https:\/\/www.pm.pb.gov.br\/portal\/2012\/07\/11\/9_bpm_garante_seguranca_no_super_cross_de_cubati\/","og_locale":"pt_BR","og_type":"article","og_title":"9\u00b0 BPM garante seguran\u00e7a no Super Cross de Cubati - Pol\u00edcia Militar da Para\u00edba","og_description":"Cumprindo determina\u00e7\u00e3o do Comandante do 9\u00b0 Batalh\u00e3o de Pol\u00edcia Militar, Major PM Galv\u00e3o, policiais militares pertencentes ao 9\u00b0 BPM garantiram","og_url":"https:\/\/www.pm.pb.gov.br\/portal\/2012\/07\/11\/9_bpm_garante_seguranca_no_super_cross_de_cubati\/","og_site_name":"Pol\u00edcia Militar da Para\u00edba","article_published_time":"2012-07-11T16:07:00+00:00","og_image":[{"width":620,"height":411,"url":"https:\/\/www.pm.pb.gov.br\/portal\/wp-content\/uploads\/2012\/08\/foto_brasao-13.jpg","type":"image\/jpeg"}],"author":"Assessoria de Imprensa da PMPB","twitter_card":"summary_large_image","twitter_misc":{"Escrito por":"Assessoria de Imprensa da PMPB","Est. tempo de leitura":"1 minuto"},"schema":{"@context":"https:\/\/schema.org","@graph":[{"@type":"Article","@id":"https:\/\/www.pm.pb.gov.br\/portal\/2012\/07\/11\/9_bpm_garante_seguranca_no_super_cross_de_cubati\/#article","isPartOf":{"@id":"https:\/\/www.pm.pb.gov.br\/portal\/2012\/07\/11\/9_bpm_garante_seguranca_no_super_cross_de_cubati\/"},"author":{"name":"Assessoria de Imprensa da PMPB","@id":"https:\/\/www.pm.pb.gov.br\/portal\/#\/schema\/person\/e8454f46651c3ecf0e1ba3c1666d9947"},"headline":"9\u00b0 BPM garante seguran\u00e7a no Super Cross de Cubati","datePublished":"2012-07-11T16:07:00+00:00","dateModified":"2012-07-11T16:07:00+00:00","mainEntityOfPage":{"@id":"https:\/\/www.pm.pb.gov.br\/portal\/2012\/07\/11\/9_bpm_garante_seguranca_no_super_cross_de_cubati\/"},"wordCount":221,"publisher":{"@id":"https:\/\/www.pm.pb.gov.br\/portal\/#organization"},"articleSection":["A\u00e7\u00f5es Policiais"],"inLanguage":"pt-BR"},{"@type":"WebPage","@id":"https:\/\/www.pm.pb.gov.br\/portal\/2012\/07\/11\/9_bpm_garante_seguranca_no_super_cross_de_cubati\/","url":"https:\/\/www.pm.pb.gov.br\/portal\/2012\/07\/11\/9_bpm_garante_seguranca_no_super_cross_de_cubati\/","name":"9\u00b0 BPM garante seguran\u00e7a no Super Cross de Cubati - Pol\u00edcia Militar da Para\u00edba","isPartOf":{"@id":"https:\/\/www.pm.pb.gov.br\/portal\/#website"},"datePublished":"2012-07-11T16:07:00+00:00","dateModified":"2012-07-11T16:07:00+00:00","breadcrumb":{"@id":"https:\/\/www.pm.pb.gov.br\/portal\/2012\/07\/11\/9_bpm_garante_seguranca_no_super_cross_de_cubati\/#breadcrumb"},"inLanguage":"pt-BR","potentialAction":[{"@type":"ReadAction","target":["https:\/\/www.pm.pb.gov.br\/portal\/2012\/07\/11\/9_bpm_garante_seguranca_no_super_cross_de_cubati\/"]}]},{"@type":"BreadcrumbList","@id":"https:\/\/www.pm.pb.gov.br\/portal\/2012\/07\/11\/9_bpm_garante_seguranca_no_super_cross_de_cubati\/#breadcrumb","itemListElement":[{"@type":"ListItem","position":1,"name":"In\u00edcio","item":"https:\/\/www.pm.pb.gov.br\/portal\/"},{"@type":"ListItem","position":2,"name":"9\u00b0 BPM garante seguran\u00e7a no Super Cross de Cubati"}]},{"@type":"WebSite","@id":"https:\/\/www.pm.pb.gov.br\/portal\/#website","url":"https:\/\/www.pm.pb.gov.br\/portal\/","name":"Pol\u00edcia Militar da Para\u00edba","description":"","publisher":{"@id":"https:\/\/www.pm.pb.gov.br\/portal\/#organization"},"potentialAction":[{"@type":"SearchAction","target":{"@type":"EntryPoint","urlTemplate":"https:\/\/www.pm.pb.gov.br\/portal\/?s={search_term_string}"},"query-input":"required name=search_term_string"}],"inLanguage":"pt-BR"},{"@type":"Organization","@id":"https:\/\/www.pm.pb.gov.br\/portal\/#organization","name":"Pol\u00edcia Militar da Para\u00edba","url":"https:\/\/www.pm.pb.gov.br\/portal\/","logo":{"@type":"ImageObject","inLanguage":"pt-BR","@id":"https:\/\/www.pm.pb.gov.br\/portal\/#\/schema\/logo\/image\/","url":"https:\/\/www.pm.pb.gov.br\/portal\/wp-content\/uploads\/2025\/03\/cropped-logo-site-mag2-1.png","contentUrl":"https:\/\/www.pm.pb.gov.br\/portal\/wp-content\/uploads\/2025\/03\/cropped-logo-site-mag2-1.png","width":320,"height":90,"caption":"Pol\u00edcia Militar da Para\u00edba"},"image":{"@id":"https:\/\/www.pm.pb.gov.br\/portal\/#\/schema\/logo\/image\/"}},{"@type":"Person","@id":"https:\/\/www.pm.pb.gov.br\/portal\/#\/schema\/person\/e8454f46651c3ecf0e1ba3c1666d9947","name":"Assessoria de Imprensa da PMPB","image":{"@type":"ImageObject","inLanguage":"pt-BR","@id":"https:\/\/www.pm.pb.gov.br\/portal\/#\/schema\/person\/image\/","url":"https:\/\/secure.gravatar.com\/avatar\/2efe197438265d1e90bd98c4c8e1acf8?s=96&d=mm&r=g","contentUrl":"https:\/\/secure.gravatar.com\/avatar\/2efe197438265d1e90bd98c4c8e1acf8?s=96&d=mm&r=g","caption":"Assessoria de Imprensa da PMPB"},"url":"https:\/\/www.pm.pb.gov.br\/portal\/author\/assessoria\/"}]}},"_links":{"self":[{"href":"https:\/\/www.pm.pb.gov.br\/portal\/wp-json\/wp\/v2\/posts\/6828"}],"collection":[{"href":"https:\/\/www.pm.pb.gov.br\/portal\/wp-json\/wp\/v2\/posts"}],"about":[{"href":"https:\/\/www.pm.pb.gov.br\/portal\/wp-json\/wp\/v2\/types\/post"}],"author":[{"embeddable":true,"href":"https:\/\/www.pm.pb.gov.br\/portal\/wp-json\/wp\/v2\/users\/5"}],"replies":[{"embeddable":true,"href":"https:\/\/www.pm.pb.gov.br\/portal\/wp-json\/wp\/v2\/comments?post=6828"}],"version-history":[{"count":0,"href":"https:\/\/www.pm.pb.gov.br\/portal\/wp-json\/wp\/v2\/posts\/6828\/revisions"}],"wp:featuredmedia":[{"embeddable":true,"href":"https:\/\/www.pm.pb.gov.br\/portal\/wp-json\/wp\/v2\/media\/891230"}],"wp:attachment":[{"href":"https:\/\/www.pm.pb.gov.br\/portal\/wp-json\/wp\/v2\/media?parent=6828"}],"wp:term":[{"taxonomy":"category","embeddable":true,"href":"https:\/\/www.pm.pb.gov.br\/portal\/wp-json\/wp\/v2\/categories?post=6828"},{"taxonomy":"post_tag","embeddable":true,"href":"https:\/\/www.pm.pb.gov.br\/portal\/wp-json\/wp\/v2\/tags?post=6828"}],"curies":[{"name":"wp","href":"https:\/\/api.w.org\/{rel}","templated":true}]}}